{"id":4431,"date":"2015-01-06T15:27:00","date_gmt":"2015-01-06T14:27:00","guid":{"rendered":"https:\/\/www.inovallee.com\/?p=4431"},"modified":"2015-01-06T15:27:00","modified_gmt":"2015-01-06T14:27:00","slug":"205-me-de-ca-58-me-de-fonds-leves-et-105-emplois-crees-une-belle-annee-pour-le-tarmac","status":"publish","type":"post","link":"https:\/\/www.inovallee.com\/en\/205-me-de-ca-58-me-de-fonds-leves-et-105-emplois-crees-une-belle-annee-pour-le-tarmac\/","title":{"rendered":"2,05 M\u20ac de CA, 5,8 M\u20ac de fonds lev\u00e9s et 105 emplois cr\u00e9\u00e9s : une belle ann\u00e9e pour le Tarmac !"},"content":{"rendered":"<p><a href=\"http:\/\/2.bp.blogspot.com\/-aMXaisXEaxw\/VnLE6ymMWpI\/AAAAAAAAWzA\/yAiR9_gRPHQ\/s1600\/IMG_8341.JPG\" data-blogger-escaped-style=\"clear: left; float: left; margin-bottom: 1em; margin-right: 1em;\"><img fetchpriority=\"high\" decoding=\"async\" class=\"alignleft\" src=\"https:\/\/2.bp.blogspot.com\/-aMXaisXEaxw\/VnLE6ymMWpI\/AAAAAAAAWzA\/yAiR9_gRPHQ\/s320\/IMG_8341.JPG\" alt=\"\" width=\"320\" height=\"213\" border=\"0\" \/><\/a><span style=\"font-family: 'verdana',sans-serif;\" data-blogger-escaped-style=\"font-family: Verdana,sans-serif;\">Depuis son lancement en juin 2013, et l&rsquo;ouverture de sa premi\u00e8re piste d&rsquo;acc\u00e9l\u00e9ration \u00e0 Meylan en janvier 2014 (puis l&rsquo;ouverture de la seconde \u00e0 Montbonnot en avril 2015), ce sont plus de 93 cr\u00e9ateurs qui sont pass\u00e9s par le Tarmac.\u00a0 Sur les 60 qui ont pitch\u00e9 leur projet devant le comit\u00e9 de s\u00e9lection, 40 ont \u00e9t\u00e9 s\u00e9lectionn\u00e9s et 38 ont int\u00e9gr\u00e9 le Tarmac. Elles sont aujourd&rsquo;hui 29 start-up \u00e0 faire partie de l&rsquo;aventure, certaines pour quelques semaines encore avant de d\u00e9coller en janvier prochain, repr\u00e9sentant plus de 105 emplois cr\u00e9\u00e9s, dont 66 recrutements rien que sur l&rsquo;ann\u00e9e 2015. Au total, sur les 54 bureaux en p\u00e9pini\u00e8re (soit plus de 1800 m\u00b2 de surface \u00e9conomique d\u00e9di\u00e9e \u00e0 la cr\u00e9ation d&rsquo;entreprise), 9 sont encore disponibles, sachant qu&rsquo;en janvier, 7 nouveaux projets tenteront leur chance !<\/span><br \/>\n<span style=\"font-family: 'verdana',sans-serif;\" data-blogger-escaped-style=\"font-family: Verdana,sans-serif;\">Et le succ\u00e8s du Tarmac ne se mesure pas tant \u00e0 son attractivit\u00e9 et son taux de remplissage qu&rsquo;\u00e0 son bilan \u00e9conomique prometteur. En 2015, 68% de ses start-up ont r\u00e9alis\u00e9 du chiffre d&rsquo;affaires (l<\/span><span style=\"font-family: 'verdana',sans-serif;\" data-blogger-escaped-style=\"font-family: Verdana,sans-serif;\"><span style=\"font-family: 'verdana',sans-serif;\" data-blogger-escaped-style=\"font-family: Verdana,sans-serif;\">es autres finalisent encore leur R&amp;D avant de pouvoir v\u00e9ritablement acc\u00e9der au march\u00e9)<\/span>, pour un montant total de plus de 2,05 M\u20ac (5,5 M\u20ac esp\u00e9r\u00e9s en 2016) ! Au top 6 des success stories en terme de CA : Irlynx, Nexxled, Eumetrys, Webmarketing Booster, Neovision et Minimento, qui font toutes entre 110 et 300 K\u20ac. <\/span><br \/>\n<span style=\"font-family: 'verdana',sans-serif;\" data-blogger-escaped-style=\"font-family: Verdana,sans-serif;\">Surtout, ce sont plus de 5,8 M\u20ac de fonds qui ont pu \u00eatre lev\u00e9s en 2015, (contre 1,45 M\u20ac en 2014), et 8 M\u20ac qui sont attendus en 2016.\u00a0<\/span><br \/>\n<span style=\"font-family: 'verdana',sans-serif;\" data-blogger-escaped-style=\"font-family: Verdana,sans-serif;\">La moiti\u00e9 des entreprises a particip\u00e9 \u00e0 de grands salons internationaux en 2015 et les deux tiers le feront en 2016, dont une d\u00e9l\u00e9gation au CES de Las Vegas.<\/span><br \/>\n<a href=\"http:\/\/1.bp.blogspot.com\/-4QFHflBemLg\/VT81R07AALI\/AAAAAAAAQb4\/pRRFDiZU2Lo\/s1600\/IMG_7394.JPG\" data-blogger-escaped-style=\"clear: right; float: right; margin-bottom: 1em; margin-left: 1em;\"><img decoding=\"async\" class=\"alignright\" src=\"https:\/\/1.bp.blogspot.com\/-4QFHflBemLg\/VT81R07AALI\/AAAAAAAAQb4\/pRRFDiZU2Lo\/s320\/IMG_7394.JPG\" alt=\"\" width=\"320\" height=\"213\" border=\"0\" \/><\/a><span style=\"font-family: 'verdana',sans-serif;\" data-blogger-escaped-style=\"font-family: Verdana,sans-serif;\">C\u00f4t\u00e9 accompagnement, outre l&rsquo;implication permanente de 14 mentors, et d&rsquo;un r\u00e9seau actif de 130 chefs d&rsquo;entreprises et experts b\u00e9n\u00e9voles qui animent chaque mois permanences conseil, ateliers et conf\u00e9rences, ce sont plus de 80 \u00e9v\u00e9nements qui ont \u00e9t\u00e9 organis\u00e9s au Tarmac pour favoriser les \u00e9changes, renforcer la communaut\u00e9 autour du partage d&rsquo;exp\u00e9rience, d\u00e9velopper le r\u00e9seau professionnel (gr\u00e2ce auquel certaines start-up ont pu r\u00e9aliser jusqu&rsquo;\u00e0 60% de leurs premiers CA &#8230;), r\u00e9unissant quelques 1350 participants. Une ann\u00e9e bien remplie donc, qui a vu la p\u00e9pini\u00e8re se r\u00e9-organiser autour d&rsquo;une implication encore plus forte de ses entrepreneurs dans la vie du Tarmac, pour devenir co-acteurs de l&rsquo;accompagnement individuel et collectif dont ils ont besoin. Et un vrai challenge qui s&rsquo;ouvre pour 2016 : faire encore mieux, \u00e9videmment !<\/span><\/p>","protected":false},"excerpt":{"rendered":"<p>Depuis son lancement en juin 2013, et l&rsquo;ouverture de sa premi\u00e8re piste d&rsquo;acc\u00e9l\u00e9ration \u00e0 Meylan en janvier 2014 (puis l&rsquo;ouverture de la seconde \u00e0 Montbonnot en avril 2015), ce sont plus de 93 cr\u00e9ateurs qui sont pass\u00e9s par le Tarmac.\u00a0 Sur les 60 qui ont pitch\u00e9 leur projet devant le comit\u00e9 de s\u00e9lection, 40 ont [&hellip;]<\/p>\n","protected":false},"author":6,"featured_media":4432,"comment_status":"closed","ping_status":"open","sticky":false,"template":"","format":"standard","meta":{"footnotes":""},"categories":[47,43,44],"tags":[],"class_list":["post-4431","post","type-post","status-publish","format-standard","has-post-thumbnail","hentry","category-dossiers-innovation-prospective","category-tarmac-incubator-international","category-tarmac-incubator"],"yoast_head":"<!-- This site is optimized with the Yoast SEO plugin v27.4 - https:\/\/yoast.com\/product\/yoast-seo-wordpress\/ -->\n<title>2,05 M\u20ac de CA, 5,8 M\u20ac de fonds lev\u00e9s et 105 emplois cr\u00e9\u00e9s : une belle ann\u00e9e pour le Tarmac ! - inovall\u00e9e<\/title>\n<meta name=\"robots\" content=\"index, follow, max-snippet:-1, max-image-preview:large, max-video-preview:-1\" \/>\n<link rel=\"canonical\" href=\"https:\/\/www.inovallee.com\/en\/205-me-de-ca-58-me-de-fonds-leves-et-105-emplois-crees-une-belle-annee-pour-le-tarmac\/\" \/>\n<meta property=\"og:locale\" content=\"en_GB\" \/>\n<meta property=\"og:type\" content=\"article\" \/>\n<meta property=\"og:title\" content=\"2,05 M\u20ac de CA, 5,8 M\u20ac de fonds lev\u00e9s et 105 emplois cr\u00e9\u00e9s : une belle ann\u00e9e pour le Tarmac ! - inovall\u00e9e\" \/>\n<meta property=\"og:description\" content=\"Depuis son lancement en juin 2013, et l&rsquo;ouverture de sa premi\u00e8re piste d&rsquo;acc\u00e9l\u00e9ration \u00e0 Meylan en janvier 2014 (puis l&rsquo;ouverture de la seconde \u00e0 Montbonnot en avril 2015), ce sont plus de 93 cr\u00e9ateurs qui sont pass\u00e9s par le Tarmac.\u00a0 Sur les 60 qui ont pitch\u00e9 leur projet devant le comit\u00e9 de s\u00e9lection, 40 ont [&hellip;]\" \/>\n<meta property=\"og:url\" content=\"https:\/\/www.inovallee.com\/en\/205-me-de-ca-58-me-de-fonds-leves-et-105-emplois-crees-une-belle-annee-pour-le-tarmac\/\" \/>\n<meta property=\"og:site_name\" content=\"inovall\u00e9e\" \/>\n<meta property=\"article:publisher\" content=\"https:\/\/www.facebook.com\/technopoleinovallee\/\" \/>\n<meta property=\"article:published_time\" content=\"2015-01-06T14:27:00+00:00\" \/>\n<meta property=\"og:image\" content=\"https:\/\/www.inovallee.com\/wp-content\/uploads\/2015\/12\/IMG_8341.jpg\" \/>\n\t<meta property=\"og:image:width\" content=\"2048\" \/>\n\t<meta property=\"og:image:height\" content=\"1365\" \/>\n\t<meta property=\"og:image:type\" content=\"image\/jpeg\" \/>\n<meta name=\"author\" content=\"Inovallee\" \/>\n<meta name=\"twitter:card\" content=\"summary_large_image\" \/>\n<meta name=\"twitter:creator\" content=\"@inovallee\" \/>\n<meta name=\"twitter:site\" content=\"@inovallee\" \/>\n<meta name=\"twitter:label1\" content=\"Written by\" \/>\n\t<meta name=\"twitter:data1\" content=\"Inovallee\" \/>\n\t<meta name=\"twitter:label2\" content=\"Estimated reading time\" \/>\n\t<meta name=\"twitter:data2\" content=\"2 minutes\" \/>\n<script type=\"application\/ld+json\" class=\"yoast-schema-graph\">{\"@context\":\"https:\\\/\\\/schema.org\",\"@graph\":[{\"@type\":\"Article\",\"@id\":\"https:\\\/\\\/www.inovallee.com\\\/205-me-de-ca-58-me-de-fonds-leves-et-105-emplois-crees-une-belle-annee-pour-le-tarmac\\\/#article\",\"isPartOf\":{\"@id\":\"https:\\\/\\\/www.inovallee.com\\\/205-me-de-ca-58-me-de-fonds-leves-et-105-emplois-crees-une-belle-annee-pour-le-tarmac\\\/\"},\"author\":{\"name\":\"Inovallee\",\"@id\":\"https:\\\/\\\/www.inovallee.com\\\/#\\\/schema\\\/person\\\/a45b15518aad3111b2d61d257a3e023b\"},\"headline\":\"2,05 M\u20ac de CA, 5,8 M\u20ac de fonds lev\u00e9s et 105 emplois cr\u00e9\u00e9s : une belle ann\u00e9e pour le Tarmac !\",\"datePublished\":\"2015-01-06T14:27:00+00:00\",\"mainEntityOfPage\":{\"@id\":\"https:\\\/\\\/www.inovallee.com\\\/205-me-de-ca-58-me-de-fonds-leves-et-105-emplois-crees-une-belle-annee-pour-le-tarmac\\\/\"},\"wordCount\":438,\"publisher\":{\"@id\":\"https:\\\/\\\/www.inovallee.com\\\/#organization\"},\"image\":{\"@id\":\"https:\\\/\\\/www.inovallee.com\\\/205-me-de-ca-58-me-de-fonds-leves-et-105-emplois-crees-une-belle-annee-pour-le-tarmac\\\/#primaryimage\"},\"thumbnailUrl\":\"https:\\\/\\\/www.inovallee.com\\\/wp-content\\\/uploads\\\/2015\\\/12\\\/IMG_8341.jpg\",\"articleSection\":[\"Dossiers innovation \\\/ prospective\",\"Le Tarmac et l'international\",\"Tarmac incubator\"],\"inLanguage\":\"en-GB\"},{\"@type\":\"WebPage\",\"@id\":\"https:\\\/\\\/www.inovallee.com\\\/205-me-de-ca-58-me-de-fonds-leves-et-105-emplois-crees-une-belle-annee-pour-le-tarmac\\\/\",\"url\":\"https:\\\/\\\/www.inovallee.com\\\/205-me-de-ca-58-me-de-fonds-leves-et-105-emplois-crees-une-belle-annee-pour-le-tarmac\\\/\",\"name\":\"2,05 M\u20ac de CA, 5,8 M\u20ac de fonds lev\u00e9s et 105 emplois cr\u00e9\u00e9s : une belle ann\u00e9e pour le Tarmac ! - inovall\u00e9e\",\"isPartOf\":{\"@id\":\"https:\\\/\\\/www.inovallee.com\\\/#website\"},\"primaryImageOfPage\":{\"@id\":\"https:\\\/\\\/www.inovallee.com\\\/205-me-de-ca-58-me-de-fonds-leves-et-105-emplois-crees-une-belle-annee-pour-le-tarmac\\\/#primaryimage\"},\"image\":{\"@id\":\"https:\\\/\\\/www.inovallee.com\\\/205-me-de-ca-58-me-de-fonds-leves-et-105-emplois-crees-une-belle-annee-pour-le-tarmac\\\/#primaryimage\"},\"thumbnailUrl\":\"https:\\\/\\\/www.inovallee.com\\\/wp-content\\\/uploads\\\/2015\\\/12\\\/IMG_8341.jpg\",\"datePublished\":\"2015-01-06T14:27:00+00:00\",\"breadcrumb\":{\"@id\":\"https:\\\/\\\/www.inovallee.com\\\/205-me-de-ca-58-me-de-fonds-leves-et-105-emplois-crees-une-belle-annee-pour-le-tarmac\\\/#breadcrumb\"},\"inLanguage\":\"en-GB\",\"potentialAction\":[{\"@type\":\"ReadAction\",\"target\":[\"https:\\\/\\\/www.inovallee.com\\\/205-me-de-ca-58-me-de-fonds-leves-et-105-emplois-crees-une-belle-annee-pour-le-tarmac\\\/\"]}]},{\"@type\":\"ImageObject\",\"inLanguage\":\"en-GB\",\"@id\":\"https:\\\/\\\/www.inovallee.com\\\/205-me-de-ca-58-me-de-fonds-leves-et-105-emplois-crees-une-belle-annee-pour-le-tarmac\\\/#primaryimage\",\"url\":\"https:\\\/\\\/www.inovallee.com\\\/wp-content\\\/uploads\\\/2015\\\/12\\\/IMG_8341.jpg\",\"contentUrl\":\"https:\\\/\\\/www.inovallee.com\\\/wp-content\\\/uploads\\\/2015\\\/12\\\/IMG_8341.jpg\",\"width\":2048,\"height\":1365,\"caption\":\"Les cr\u00e9ateurs du Tarmac : heureux !\"},{\"@type\":\"BreadcrumbList\",\"@id\":\"https:\\\/\\\/www.inovallee.com\\\/205-me-de-ca-58-me-de-fonds-leves-et-105-emplois-crees-une-belle-annee-pour-le-tarmac\\\/#breadcrumb\",\"itemListElement\":[{\"@type\":\"ListItem\",\"position\":1,\"name\":\"Accueil\",\"item\":\"https:\\\/\\\/www.inovallee.com\\\/\"},{\"@type\":\"ListItem\",\"position\":2,\"name\":\"2,05 M\u20ac de CA, 5,8 M\u20ac de fonds lev\u00e9s et 105 emplois cr\u00e9\u00e9s : une belle ann\u00e9e pour le Tarmac !\"}]},{\"@type\":\"WebSite\",\"@id\":\"https:\\\/\\\/www.inovallee.com\\\/#website\",\"url\":\"https:\\\/\\\/www.inovallee.com\\\/\",\"name\":\"inovall\u00e9e technopole, Home to software & smart technologies\",\"description\":\"Home to software &amp; smart technologies\",\"publisher\":{\"@id\":\"https:\\\/\\\/www.inovallee.com\\\/#organization\"},\"potentialAction\":[{\"@type\":\"SearchAction\",\"target\":{\"@type\":\"EntryPoint\",\"urlTemplate\":\"https:\\\/\\\/www.inovallee.com\\\/?s={search_term_string}\"},\"query-input\":{\"@type\":\"PropertyValueSpecification\",\"valueRequired\":true,\"valueName\":\"search_term_string\"}}],\"inLanguage\":\"en-GB\"},{\"@type\":\"Organization\",\"@id\":\"https:\\\/\\\/www.inovallee.com\\\/#organization\",\"name\":\"inovall\u00e9e\",\"url\":\"https:\\\/\\\/www.inovallee.com\\\/\",\"logo\":{\"@type\":\"ImageObject\",\"inLanguage\":\"en-GB\",\"@id\":\"https:\\\/\\\/www.inovallee.com\\\/#\\\/schema\\\/logo\\\/image\\\/\",\"url\":\"https:\\\/\\\/www.inovallee.com\\\/wp-content\\\/uploads\\\/2023\\\/08\\\/inovallee_2022_GrenobleAlpes.png\",\"contentUrl\":\"https:\\\/\\\/www.inovallee.com\\\/wp-content\\\/uploads\\\/2023\\\/08\\\/inovallee_2022_GrenobleAlpes.png\",\"width\":945,\"height\":369,\"caption\":\"inovall\u00e9e\"},\"image\":{\"@id\":\"https:\\\/\\\/www.inovallee.com\\\/#\\\/schema\\\/logo\\\/image\\\/\"},\"sameAs\":[\"https:\\\/\\\/www.facebook.com\\\/technopoleinovallee\\\/\",\"https:\\\/\\\/x.com\\\/inovallee\",\"https:\\\/\\\/www.linkedin.com\\\/company\\\/inovall-e\\\/\",\"https:\\\/\\\/www.youtube.com\\\/user\\\/inovallee?reload=9\"]},{\"@type\":\"Person\",\"@id\":\"https:\\\/\\\/www.inovallee.com\\\/#\\\/schema\\\/person\\\/a45b15518aad3111b2d61d257a3e023b\",\"name\":\"Inovallee\"}]}<\/script>\n<!-- \/ Yoast SEO plugin. -->","yoast_head_json":{"title":"2,05 M\u20ac de CA, 5,8 M\u20ac de fonds lev\u00e9s et 105 emplois cr\u00e9\u00e9s : une belle ann\u00e9e pour le Tarmac ! - inovall\u00e9e","robots":{"index":"index","follow":"follow","max-snippet":"max-snippet:-1","max-image-preview":"max-image-preview:large","max-video-preview":"max-video-preview:-1"},"canonical":"https:\/\/www.inovallee.com\/en\/205-me-de-ca-58-me-de-fonds-leves-et-105-emplois-crees-une-belle-annee-pour-le-tarmac\/","og_locale":"en_GB","og_type":"article","og_title":"2,05 M\u20ac de CA, 5,8 M\u20ac de fonds lev\u00e9s et 105 emplois cr\u00e9\u00e9s : une belle ann\u00e9e pour le Tarmac ! - inovall\u00e9e","og_description":"Depuis son lancement en juin 2013, et l&rsquo;ouverture de sa premi\u00e8re piste d&rsquo;acc\u00e9l\u00e9ration \u00e0 Meylan en janvier 2014 (puis l&rsquo;ouverture de la seconde \u00e0 Montbonnot en avril 2015), ce sont plus de 93 cr\u00e9ateurs qui sont pass\u00e9s par le Tarmac.\u00a0 Sur les 60 qui ont pitch\u00e9 leur projet devant le comit\u00e9 de s\u00e9lection, 40 ont [&hellip;]","og_url":"https:\/\/www.inovallee.com\/en\/205-me-de-ca-58-me-de-fonds-leves-et-105-emplois-crees-une-belle-annee-pour-le-tarmac\/","og_site_name":"inovall\u00e9e","article_publisher":"https:\/\/www.facebook.com\/technopoleinovallee\/","article_published_time":"2015-01-06T14:27:00+00:00","og_image":[{"width":2048,"height":1365,"url":"https:\/\/www.inovallee.com\/wp-content\/uploads\/2015\/12\/IMG_8341.jpg","type":"image\/jpeg"}],"author":"Inovallee","twitter_card":"summary_large_image","twitter_creator":"@inovallee","twitter_site":"@inovallee","twitter_misc":{"Written by":"Inovallee","Estimated reading time":"2 minutes"},"schema":{"@context":"https:\/\/schema.org","@graph":[{"@type":"Article","@id":"https:\/\/www.inovallee.com\/205-me-de-ca-58-me-de-fonds-leves-et-105-emplois-crees-une-belle-annee-pour-le-tarmac\/#article","isPartOf":{"@id":"https:\/\/www.inovallee.com\/205-me-de-ca-58-me-de-fonds-leves-et-105-emplois-crees-une-belle-annee-pour-le-tarmac\/"},"author":{"name":"Inovallee","@id":"https:\/\/www.inovallee.com\/#\/schema\/person\/a45b15518aad3111b2d61d257a3e023b"},"headline":"2,05 M\u20ac de CA, 5,8 M\u20ac de fonds lev\u00e9s et 105 emplois cr\u00e9\u00e9s : une belle ann\u00e9e pour le Tarmac !","datePublished":"2015-01-06T14:27:00+00:00","mainEntityOfPage":{"@id":"https:\/\/www.inovallee.com\/205-me-de-ca-58-me-de-fonds-leves-et-105-emplois-crees-une-belle-annee-pour-le-tarmac\/"},"wordCount":438,"publisher":{"@id":"https:\/\/www.inovallee.com\/#organization"},"image":{"@id":"https:\/\/www.inovallee.com\/205-me-de-ca-58-me-de-fonds-leves-et-105-emplois-crees-une-belle-annee-pour-le-tarmac\/#primaryimage"},"thumbnailUrl":"https:\/\/www.inovallee.com\/wp-content\/uploads\/2015\/12\/IMG_8341.jpg","articleSection":["Dossiers innovation \/ prospective","Le Tarmac et l'international","Tarmac incubator"],"inLanguage":"en-GB"},{"@type":"WebPage","@id":"https:\/\/www.inovallee.com\/205-me-de-ca-58-me-de-fonds-leves-et-105-emplois-crees-une-belle-annee-pour-le-tarmac\/","url":"https:\/\/www.inovallee.com\/205-me-de-ca-58-me-de-fonds-leves-et-105-emplois-crees-une-belle-annee-pour-le-tarmac\/","name":"2,05 M\u20ac de CA, 5,8 M\u20ac de fonds lev\u00e9s et 105 emplois cr\u00e9\u00e9s : une belle ann\u00e9e pour le Tarmac ! - inovall\u00e9e","isPartOf":{"@id":"https:\/\/www.inovallee.com\/#website"},"primaryImageOfPage":{"@id":"https:\/\/www.inovallee.com\/205-me-de-ca-58-me-de-fonds-leves-et-105-emplois-crees-une-belle-annee-pour-le-tarmac\/#primaryimage"},"image":{"@id":"https:\/\/www.inovallee.com\/205-me-de-ca-58-me-de-fonds-leves-et-105-emplois-crees-une-belle-annee-pour-le-tarmac\/#primaryimage"},"thumbnailUrl":"https:\/\/www.inovallee.com\/wp-content\/uploads\/2015\/12\/IMG_8341.jpg","datePublished":"2015-01-06T14:27:00+00:00","breadcrumb":{"@id":"https:\/\/www.inovallee.com\/205-me-de-ca-58-me-de-fonds-leves-et-105-emplois-crees-une-belle-annee-pour-le-tarmac\/#breadcrumb"},"inLanguage":"en-GB","potentialAction":[{"@type":"ReadAction","target":["https:\/\/www.inovallee.com\/205-me-de-ca-58-me-de-fonds-leves-et-105-emplois-crees-une-belle-annee-pour-le-tarmac\/"]}]},{"@type":"ImageObject","inLanguage":"en-GB","@id":"https:\/\/www.inovallee.com\/205-me-de-ca-58-me-de-fonds-leves-et-105-emplois-crees-une-belle-annee-pour-le-tarmac\/#primaryimage","url":"https:\/\/www.inovallee.com\/wp-content\/uploads\/2015\/12\/IMG_8341.jpg","contentUrl":"https:\/\/www.inovallee.com\/wp-content\/uploads\/2015\/12\/IMG_8341.jpg","width":2048,"height":1365,"caption":"Les cr\u00e9ateurs du Tarmac : heureux !"},{"@type":"BreadcrumbList","@id":"https:\/\/www.inovallee.com\/205-me-de-ca-58-me-de-fonds-leves-et-105-emplois-crees-une-belle-annee-pour-le-tarmac\/#breadcrumb","itemListElement":[{"@type":"ListItem","position":1,"name":"Accueil","item":"https:\/\/www.inovallee.com\/"},{"@type":"ListItem","position":2,"name":"2,05 M\u20ac de CA, 5,8 M\u20ac de fonds lev\u00e9s et 105 emplois cr\u00e9\u00e9s : une belle ann\u00e9e pour le Tarmac !"}]},{"@type":"WebSite","@id":"https:\/\/www.inovallee.com\/#website","url":"https:\/\/www.inovallee.com\/","name":"inovall\u00e9e technopole, Home to software & smart technologies","description":"Home to software &amp; smart technologies","publisher":{"@id":"https:\/\/www.inovallee.com\/#organization"},"potentialAction":[{"@type":"SearchAction","target":{"@type":"EntryPoint","urlTemplate":"https:\/\/www.inovallee.com\/?s={search_term_string}"},"query-input":{"@type":"PropertyValueSpecification","valueRequired":true,"valueName":"search_term_string"}}],"inLanguage":"en-GB"},{"@type":"Organization","@id":"https:\/\/www.inovallee.com\/#organization","name":"inovall\u00e9e","url":"https:\/\/www.inovallee.com\/","logo":{"@type":"ImageObject","inLanguage":"en-GB","@id":"https:\/\/www.inovallee.com\/#\/schema\/logo\/image\/","url":"https:\/\/www.inovallee.com\/wp-content\/uploads\/2023\/08\/inovallee_2022_GrenobleAlpes.png","contentUrl":"https:\/\/www.inovallee.com\/wp-content\/uploads\/2023\/08\/inovallee_2022_GrenobleAlpes.png","width":945,"height":369,"caption":"inovall\u00e9e"},"image":{"@id":"https:\/\/www.inovallee.com\/#\/schema\/logo\/image\/"},"sameAs":["https:\/\/www.facebook.com\/technopoleinovallee\/","https:\/\/x.com\/inovallee","https:\/\/www.linkedin.com\/company\/inovall-e\/","https:\/\/www.youtube.com\/user\/inovallee?reload=9"]},{"@type":"Person","@id":"https:\/\/www.inovallee.com\/#\/schema\/person\/a45b15518aad3111b2d61d257a3e023b","name":"Inovallee"}]}},"_links":{"self":[{"href":"https:\/\/www.inovallee.com\/en\/wp-json\/wp\/v2\/posts\/4431","targetHints":{"allow":["GET"]}}],"collection":[{"href":"https:\/\/www.inovallee.com\/en\/wp-json\/wp\/v2\/posts"}],"about":[{"href":"https:\/\/www.inovallee.com\/en\/wp-json\/wp\/v2\/types\/post"}],"author":[{"embeddable":true,"href":"https:\/\/www.inovallee.com\/en\/wp-json\/wp\/v2\/users\/6"}],"replies":[{"embeddable":true,"href":"https:\/\/www.inovallee.com\/en\/wp-json\/wp\/v2\/comments?post=4431"}],"version-history":[{"count":0,"href":"https:\/\/www.inovallee.com\/en\/wp-json\/wp\/v2\/posts\/4431\/revisions"}],"wp:featuredmedia":[{"embeddable":true,"href":"https:\/\/www.inovallee.com\/en\/wp-json\/wp\/v2\/media\/4432"}],"wp:attachment":[{"href":"https:\/\/www.inovallee.com\/en\/wp-json\/wp\/v2\/media?parent=4431"}],"wp:term":[{"taxonomy":"category","embeddable":true,"href":"https:\/\/www.inovallee.com\/en\/wp-json\/wp\/v2\/categories?post=4431"},{"taxonomy":"post_tag","embeddable":true,"href":"https:\/\/www.inovallee.com\/en\/wp-json\/wp\/v2\/tags?post=4431"}],"curies":[{"name":"wp","href":"https:\/\/api.w.org\/{rel}","templated":true}]}}