{"id":46490,"date":"2023-05-03T10:39:22","date_gmt":"2023-05-03T08:39:22","guid":{"rendered":"https:\/\/www.inovallee.com\/?p=46490"},"modified":"2023-05-10T10:05:32","modified_gmt":"2023-05-10T08:05:32","slug":"renouvelement-urbain-dinovallee-cap-sur-la-verticalisation-la-productique-et-les-amenagements-resilients-dans-un-campus-ville-parc-preserve","status":"publish","type":"post","link":"https:\/\/www.inovallee.com\/en\/renouvelement-urbain-dinovallee-cap-sur-la-verticalisation-la-productique-et-les-amenagements-resilients-dans-un-campus-ville-parc-preserve\/","title":{"rendered":"Renouvellement urbain d\u2019inovall\u00e9e\u00a0: cap sur la verticalisation, la productique et les am\u00e9nagements r\u00e9silients\u00a0dans un campus ville parc pr\u00e9serv\u00e9 !"},"content":{"rendered":"<h3 class=\"wp-block-heading\">Un renouvellement en cours avec pr\u00e8s de 60\u00a0000 m\u00b2 de programmes neufs ou r\u00e9habilit\u00e9s\u00a0pour r\u00e9pondre aux besoins des entreprises<\/h3>\n\n\n\n<p>Renouveler des locaux \u00e9conomiques vieillissants et densifier par la verticalisation \u00e9tait l\u2019un des enjeux majeurs d\u2019inovall\u00e9e, qui vient de f\u00eater son cinquanti\u00e8me anniversaire, et donc celui de certains de ses t\u00e8nements&nbsp;!<\/p>\n\n\n\n<p>Ce renouvellement en profondeur de l\u2019offre immobili\u00e8re est bel et bien \u00e0 l\u2019\u0153uvre, puisque ce sont plus de 34\u00a0000 m\u00b2 de bureaux neufs et 5000 m\u00b2 de locaux d\u2019activit\u00e9 neufs qui ont d\u2019ores et d\u00e9j\u00e0 \u00e9t\u00e9 livr\u00e9s avec un r\u00e9el succ\u00e8s aupr\u00e8s des entreprises. En effet, de la tour Signal \u00e0 Arteparc \u00e0 Meylan en passant par le Pr\u00e9lude ou les Terrasses \u00e0 Montbonnot, les programmes neufs ont rapidement trouv\u00e9 preneurs et conquis les entreprises\u00a0!<\/p>\n\n\n\n<p>31&nbsp;000 m\u00b2 de bureaux et 4&nbsp;000 m\u00b2 de locaux productiques suppl\u00e9mentaires sont en construction ou d\u00e9pos\u00e9s, pour r\u00e9pondre \u00e0 la demande et aux besoins des entreprises, dans un contexte o\u00f9, et le bilan annuel de la FNAIM l\u2019a largement confirm\u00e9&nbsp;:<\/p>\n\n\n\n<ul class=\"wp-block-list\">\n<li>Le foncier \u00e9conomique se rar\u00e9fie sur l\u2019ensemble du territoire (Voironnais, M\u00e9tropole, Gr\u00e9sivaudan)<\/li>\n\n\n\n<li>La demande reste tr\u00e8s forte, avec un stock qui se r\u00e9duit drastiquement, notamment du c\u00f4t\u00e9 des locaux d\u2019activit\u00e9, indispensables pour soutenir les ambitions de r\u00e9industrialisation et de souverainet\u00e9 fran\u00e7aises<\/li>\n\n\n\n<li>Les contraintes r\u00e9glementaires (dont la loi ZAN et les enjeux climatiques), nous obligent \u00e0 repenser les zones d\u2019activit\u00e9<\/li>\n\n\n\n<li>Le t\u00e9l\u00e9travail et la tension croissante en mati\u00e8re de recrutement ont cr\u00e9\u00e9 de nouvelles attentes de la part des collaborateurs sur la qualit\u00e9 de vie au travail et les agencements des espaces<\/li>\n\n\n\n<li>Et o\u00f9 enfin, les hausses de l\u2019\u00e9nergie et le d\u00e9cret tertiaire renforcent l\u2019app\u00e9tence pour le neuf et ses normes \u00e9nerg\u00e9tiques et environnementales.<\/li>\n<\/ul>\n\n\n\n<p>Les nouveaux programmes \u00e0 venir devraient permettre de r\u00e9pondre \u00e0 une partie des besoins, notamment de bureaux, avec un v\u00e9ritable enjeu pour l\u2019avenir sur les locaux d\u2019activit\u00e9 et les programmes mixtes, indispensables aux startups technologiques de l\u2019\u00e9cosyst\u00e8me dont 30% ont des enjeux industriels.<\/p>\n\n\n\n<h2 class=\"wp-block-heading\">Et un projet de densification verticale et productique r\u00e9silient \u00e0 moyen \/ long terme dans le cadre du dossier de demande de Zone d\u2019Exception pour inovall\u00e9e<\/h2>\n\n\n\n<p>Le frein majeur \u00e0 la poursuite du renouvellement urbain est r\u00e9glementaire puisqu\u2019une grande partie d\u2019inovall\u00e9e, notamment sur Meylan, est depuis longtemps en zone violette du PPRI (Plan de Protection des Risques d\u2019Inondation), et donc soumise \u00e0 une impossibilit\u00e9 juridique de modifier quoi que ce soit sur les t\u00e8nements concern\u00e9s, si ce n\u2019est une r\u00e9habilitation \u00e0 l\u2019identique, qui permet de r\u00e9pondre aux enjeux du d\u00e9cret tertiaire, mais pas de densifier.<\/p>\n\n\n\n<p>Les collectivit\u00e9s (Grenoble Alpes M\u00e9tropole et le Gr\u00e9sivaudan), particuli\u00e8rement consciente du probl\u00e8me comme des enjeux, ont donc entam\u00e9 avec l\u2019AURG (Agence d\u2019Urbanisme de la R\u00e9gion Grenobloise) et inovall\u00e9e, l\u2019\u00e9laboration d\u2019un dossier de demande de zone d\u2019exception, qui sera soumis d\u2019ici la fin de l\u2019ann\u00e9e aux services de l\u2019Etat.<\/p>\n\n\n\n<p>Ce dossier, s\u2019il est accept\u00e9, permettra de lever l\u2019inconstructibilit\u00e9 sur certains secteurs et sous certaines conditions, en particulier celle de d\u00e9velopper <strong>des projets r\u00e9silients face au risque<\/strong>.<\/p>\n\n\n\n<p>Pour cela, l\u2019Agence \u00e9labore des <strong>scenarios d\u2019\u00e9volution possible de ces secteurs sur le long terme<\/strong>, int\u00e9grant \u00e0 la fois cet enjeu de r\u00e9silience ainsi que les orientations d\u00e9finies pour l\u2019\u00e9volution d\u2019Inovall\u00e9e, en particulier le d\u00e9veloppement de nouveaux locaux d\u2019activit\u00e9 associant \u00ab&nbsp;production&nbsp;\u00bb, \u00ab&nbsp;recherche&nbsp;\u00bb et \u00ab&nbsp;bureaux&nbsp;\u00bb en r\u00e9ponse aux besoins d\u2019extension et de d\u00e9veloppement des entreprises et fili\u00e8res technologiques.<\/p>\n\n\n\n<p>Ces sc\u00e9narios devront prendre en compte les contraintes r\u00e9glementaires\u00a0:<\/p>\n\n\n\n<ul class=\"wp-block-list\">\n<li>loi ZAN (Z\u00e9ro Artificialisation Nette)<\/li>\n\n\n\n<li>PPRI et PPRN<\/li>\n\n\n\n<li>PLUI \/ PLU<\/li>\n\n\n\n<li>OAP paysage de la ville de Meylan<\/li>\n\n\n\n<li>etc<\/li>\n<\/ul>\n\n\n\n<p>Et reposeront sur plusieurs principes cl\u00e9s de la r\u00e9silience :<\/p>\n\n\n\n<ul class=\"wp-block-list\">\n<li><strong>S\u2019appuyer sur \u00ab&nbsp;l\u2019armature verte et bleue&nbsp;\u00bb existante et la d\u00e9ployer <\/strong>pour favoriser l\u2019\u00e9coulement de l\u2019eau<ul><li>transparence hydraulique le long des axes de ruissellement nord\/sud<\/li><\/ul><ul><li>cr\u00e9ation de nouvelles perm\u00e9abilit\u00e9s pour favoriser l\u2019\u00e9talement des eaux est\/ouest<\/li><\/ul>\n<ul class=\"wp-block-list\">\n<li>cr\u00e9ation de cheminement pi\u00e9ton hors d\u2019eau<\/li>\n<\/ul>\n<\/li>\n\n\n\n<li><strong>Valoriser les secteurs non b\u00e2ti\/inconstructibles<\/strong> (zone d\u2019expansion \/ d\u2019\u00e9talement des eaux)<\/li>\n\n\n\n<li><strong>D\u00e9construire\/d\u00e9simperm\u00e9abiliser\/renaturer l\u00e0 ou c\u2019est possible et strat\u00e9gique (<\/strong>frange autoroute\/Chantourne, abords des torrents, secteur d\u2019inondation en pied de versant, etc.)<\/li>\n\n\n\n<li><strong>Optimiser les espaces d\u00e9j\u00e0 imperm\u00e9abilis\u00e9s<\/strong><ul><li>Rehaussement des b\u00e2ti existants (verticalisation des activit\u00e9s)<\/li><\/ul><ul><li>Adaptation des principes de construction aux risques<\/li><\/ul><ul><li>Extension\/densification sur les stationnements de surface<\/li><\/ul>\n<ul class=\"wp-block-list\">\n<li>Mutualisation des acc\u00e8s, etc.<\/li>\n<\/ul>\n<\/li>\n\n\n\n<li><strong>Recr\u00e9er un rapport \u00e0 l\u2019eau \u00ab&nbsp;quotidien&nbsp;\u00bb <\/strong>dans une optique de d\u00e9ploiement d\u2019une <strong>culture du risque<\/strong>, en s\u2019appuyant sur les <strong>r\u00e9seaux de noues\/canaux existants et en<\/strong><\/li>\n\n\n\n<li><strong>Pr\u00e9server l\u2019ambiance paysag\u00e8re \u00ab&nbsp;ville parc<\/strong>&nbsp;\u00bb&nbsp;:<ul><li>Assurer les continuit\u00e9s v\u00e9g\u00e9tales<\/li><\/ul><ul><li>Conforter l\u2019existant en d\u00e9veloppant la biodiversit\u00e9<\/li><\/ul><ul><li>Int\u00e9grer les stationnements et les cheminements dans la trame v\u00e9g\u00e9tale<\/li><\/ul>\n<ul class=\"wp-block-list\">\n<li>etc<\/li>\n<\/ul>\n<\/li>\n<\/ul>","protected":false},"excerpt":{"rendered":"<p>Un renouvellement en cours avec pr\u00e8s de 60\u00a0000 m\u00b2 de programmes neufs ou r\u00e9habilit\u00e9s\u00a0pour r\u00e9pondre aux besoins des entreprises Renouveler des locaux \u00e9conomiques vieillissants et densifier par la verticalisation \u00e9tait l\u2019un des enjeux majeurs d\u2019inovall\u00e9e, qui vient de f\u00eater son cinquanti\u00e8me anniversaire, et donc celui de certains de ses t\u00e8nements&nbsp;! Ce renouvellement en profondeur de [&hellip;]<\/p>\n","protected":false},"author":4,"featured_media":46491,"comment_status":"closed","ping_status":"open","sticky":false,"template":"","format":"standard","meta":{"footnotes":""},"categories":[1],"tags":[],"class_list":["post-46490","post","type-post","status-publish","format-standard","has-post-thumbnail","hentry","category-non-classe"],"yoast_head":"<!-- This site is optimized with the Yoast SEO plugin v27.4 - https:\/\/yoast.com\/product\/yoast-seo-wordpress\/ -->\n<title>Renouvellement urbain d\u2019inovall\u00e9e\u00a0: cap sur la verticalisation, la productique et les am\u00e9nagements r\u00e9silients\u00a0dans un campus ville parc pr\u00e9serv\u00e9 ! - inovall\u00e9e<\/title>\n<meta name=\"robots\" content=\"index, follow, max-snippet:-1, max-image-preview:large, max-video-preview:-1\" \/>\n<link rel=\"canonical\" href=\"https:\/\/www.inovallee.com\/en\/renouvelement-urbain-dinovallee-cap-sur-la-verticalisation-la-productique-et-les-amenagements-resilients-dans-un-campus-ville-parc-preserve\/\" \/>\n<meta property=\"og:locale\" content=\"en_GB\" \/>\n<meta property=\"og:type\" content=\"article\" \/>\n<meta property=\"og:title\" content=\"Renouvellement urbain d\u2019inovall\u00e9e\u00a0: cap sur la verticalisation, la productique et les am\u00e9nagements r\u00e9silients\u00a0dans un campus ville parc pr\u00e9serv\u00e9 ! - inovall\u00e9e\" \/>\n<meta property=\"og:description\" content=\"Un renouvellement en cours avec pr\u00e8s de 60\u00a0000 m\u00b2 de programmes neufs ou r\u00e9habilit\u00e9s\u00a0pour r\u00e9pondre aux besoins des entreprises Renouveler des locaux \u00e9conomiques vieillissants et densifier par la verticalisation \u00e9tait l\u2019un des enjeux majeurs d\u2019inovall\u00e9e, qui vient de f\u00eater son cinquanti\u00e8me anniversaire, et donc celui de certains de ses t\u00e8nements&nbsp;! Ce renouvellement en profondeur de [&hellip;]\" \/>\n<meta property=\"og:url\" content=\"https:\/\/www.inovallee.com\/en\/renouvelement-urbain-dinovallee-cap-sur-la-verticalisation-la-productique-et-les-amenagements-resilients-dans-un-campus-ville-parc-preserve\/\" \/>\n<meta property=\"og:site_name\" content=\"inovall\u00e9e\" \/>\n<meta property=\"article:publisher\" content=\"https:\/\/www.facebook.com\/technopoleinovallee\/\" \/>\n<meta property=\"article:published_time\" content=\"2023-05-03T08:39:22+00:00\" \/>\n<meta property=\"article:modified_time\" content=\"2023-05-10T08:05:32+00:00\" \/>\n<meta property=\"og:image\" content=\"https:\/\/www.inovallee.com\/wp-content\/uploads\/2023\/05\/pole-service-scaled-1-scaled.jpg\" \/>\n\t<meta property=\"og:image:width\" content=\"2048\" \/>\n\t<meta property=\"og:image:height\" content=\"1229\" \/>\n\t<meta property=\"og:image:type\" content=\"image\/jpeg\" \/>\n<meta name=\"author\" content=\"Claire Chanterelle\" \/>\n<meta name=\"twitter:card\" content=\"summary_large_image\" \/>\n<meta name=\"twitter:creator\" content=\"@inovallee\" \/>\n<meta name=\"twitter:site\" content=\"@inovallee\" \/>\n<meta name=\"twitter:label1\" content=\"Written by\" \/>\n\t<meta name=\"twitter:data1\" content=\"Claire Chanterelle\" \/>\n\t<meta name=\"twitter:label2\" content=\"Estimated reading time\" \/>\n\t<meta name=\"twitter:data2\" content=\"4 minutes\" \/>\n<script type=\"application\/ld+json\" class=\"yoast-schema-graph\">{\"@context\":\"https:\\\/\\\/schema.org\",\"@graph\":[{\"@type\":\"Article\",\"@id\":\"https:\\\/\\\/www.inovallee.com\\\/renouvelement-urbain-dinovallee-cap-sur-la-verticalisation-la-productique-et-les-amenagements-resilients-dans-un-campus-ville-parc-preserve\\\/#article\",\"isPartOf\":{\"@id\":\"https:\\\/\\\/www.inovallee.com\\\/renouvelement-urbain-dinovallee-cap-sur-la-verticalisation-la-productique-et-les-amenagements-resilients-dans-un-campus-ville-parc-preserve\\\/\"},\"author\":{\"name\":\"Claire Chanterelle\",\"@id\":\"https:\\\/\\\/www.inovallee.com\\\/#\\\/schema\\\/person\\\/6cdcf0ed58ac3e1ef08041bdf7815902\"},\"headline\":\"Renouvellement urbain d\u2019inovall\u00e9e\u00a0: cap sur la verticalisation, la productique et les am\u00e9nagements r\u00e9silients\u00a0dans un campus ville parc pr\u00e9serv\u00e9 !\",\"datePublished\":\"2023-05-03T08:39:22+00:00\",\"dateModified\":\"2023-05-10T08:05:32+00:00\",\"mainEntityOfPage\":{\"@id\":\"https:\\\/\\\/www.inovallee.com\\\/renouvelement-urbain-dinovallee-cap-sur-la-verticalisation-la-productique-et-les-amenagements-resilients-dans-un-campus-ville-parc-preserve\\\/\"},\"wordCount\":912,\"publisher\":{\"@id\":\"https:\\\/\\\/www.inovallee.com\\\/#organization\"},\"image\":{\"@id\":\"https:\\\/\\\/www.inovallee.com\\\/renouvelement-urbain-dinovallee-cap-sur-la-verticalisation-la-productique-et-les-amenagements-resilients-dans-un-campus-ville-parc-preserve\\\/#primaryimage\"},\"thumbnailUrl\":\"https:\\\/\\\/www.inovallee.com\\\/wp-content\\\/uploads\\\/2023\\\/05\\\/pole-service-scaled-1-scaled.jpg\",\"articleSection\":[\"Non class\u00e9\"],\"inLanguage\":\"en-GB\"},{\"@type\":\"WebPage\",\"@id\":\"https:\\\/\\\/www.inovallee.com\\\/renouvelement-urbain-dinovallee-cap-sur-la-verticalisation-la-productique-et-les-amenagements-resilients-dans-un-campus-ville-parc-preserve\\\/\",\"url\":\"https:\\\/\\\/www.inovallee.com\\\/renouvelement-urbain-dinovallee-cap-sur-la-verticalisation-la-productique-et-les-amenagements-resilients-dans-un-campus-ville-parc-preserve\\\/\",\"name\":\"Renouvellement urbain d\u2019inovall\u00e9e\u00a0: cap sur la verticalisation, la productique et les am\u00e9nagements r\u00e9silients\u00a0dans un campus ville parc pr\u00e9serv\u00e9 ! - inovall\u00e9e\",\"isPartOf\":{\"@id\":\"https:\\\/\\\/www.inovallee.com\\\/#website\"},\"primaryImageOfPage\":{\"@id\":\"https:\\\/\\\/www.inovallee.com\\\/renouvelement-urbain-dinovallee-cap-sur-la-verticalisation-la-productique-et-les-amenagements-resilients-dans-un-campus-ville-parc-preserve\\\/#primaryimage\"},\"image\":{\"@id\":\"https:\\\/\\\/www.inovallee.com\\\/renouvelement-urbain-dinovallee-cap-sur-la-verticalisation-la-productique-et-les-amenagements-resilients-dans-un-campus-ville-parc-preserve\\\/#primaryimage\"},\"thumbnailUrl\":\"https:\\\/\\\/www.inovallee.com\\\/wp-content\\\/uploads\\\/2023\\\/05\\\/pole-service-scaled-1-scaled.jpg\",\"datePublished\":\"2023-05-03T08:39:22+00:00\",\"dateModified\":\"2023-05-10T08:05:32+00:00\",\"breadcrumb\":{\"@id\":\"https:\\\/\\\/www.inovallee.com\\\/renouvelement-urbain-dinovallee-cap-sur-la-verticalisation-la-productique-et-les-amenagements-resilients-dans-un-campus-ville-parc-preserve\\\/#breadcrumb\"},\"inLanguage\":\"en-GB\",\"potentialAction\":[{\"@type\":\"ReadAction\",\"target\":[\"https:\\\/\\\/www.inovallee.com\\\/renouvelement-urbain-dinovallee-cap-sur-la-verticalisation-la-productique-et-les-amenagements-resilients-dans-un-campus-ville-parc-preserve\\\/\"]}]},{\"@type\":\"ImageObject\",\"inLanguage\":\"en-GB\",\"@id\":\"https:\\\/\\\/www.inovallee.com\\\/renouvelement-urbain-dinovallee-cap-sur-la-verticalisation-la-productique-et-les-amenagements-resilients-dans-un-campus-ville-parc-preserve\\\/#primaryimage\",\"url\":\"https:\\\/\\\/www.inovallee.com\\\/wp-content\\\/uploads\\\/2023\\\/05\\\/pole-service-scaled-1-scaled.jpg\",\"contentUrl\":\"https:\\\/\\\/www.inovallee.com\\\/wp-content\\\/uploads\\\/2023\\\/05\\\/pole-service-scaled-1-scaled.jpg\",\"width\":2048,\"height\":1229,\"caption\":\"DECOUVRIR LA TECHNOPOLE\"},{\"@type\":\"BreadcrumbList\",\"@id\":\"https:\\\/\\\/www.inovallee.com\\\/renouvelement-urbain-dinovallee-cap-sur-la-verticalisation-la-productique-et-les-amenagements-resilients-dans-un-campus-ville-parc-preserve\\\/#breadcrumb\",\"itemListElement\":[{\"@type\":\"ListItem\",\"position\":1,\"name\":\"Accueil\",\"item\":\"https:\\\/\\\/www.inovallee.com\\\/\"},{\"@type\":\"ListItem\",\"position\":2,\"name\":\"Renouvellement urbain d\u2019inovall\u00e9e\u00a0: cap sur la verticalisation, la productique et les am\u00e9nagements r\u00e9silients\u00a0dans un campus ville parc pr\u00e9serv\u00e9 !\"}]},{\"@type\":\"WebSite\",\"@id\":\"https:\\\/\\\/www.inovallee.com\\\/#website\",\"url\":\"https:\\\/\\\/www.inovallee.com\\\/\",\"name\":\"inovall\u00e9e technopole, Home to software & smart technologies\",\"description\":\"Home to software &amp; smart technologies\",\"publisher\":{\"@id\":\"https:\\\/\\\/www.inovallee.com\\\/#organization\"},\"potentialAction\":[{\"@type\":\"SearchAction\",\"target\":{\"@type\":\"EntryPoint\",\"urlTemplate\":\"https:\\\/\\\/www.inovallee.com\\\/?s={search_term_string}\"},\"query-input\":{\"@type\":\"PropertyValueSpecification\",\"valueRequired\":true,\"valueName\":\"search_term_string\"}}],\"inLanguage\":\"en-GB\"},{\"@type\":\"Organization\",\"@id\":\"https:\\\/\\\/www.inovallee.com\\\/#organization\",\"name\":\"inovall\u00e9e\",\"url\":\"https:\\\/\\\/www.inovallee.com\\\/\",\"logo\":{\"@type\":\"ImageObject\",\"inLanguage\":\"en-GB\",\"@id\":\"https:\\\/\\\/www.inovallee.com\\\/#\\\/schema\\\/logo\\\/image\\\/\",\"url\":\"https:\\\/\\\/www.inovallee.com\\\/wp-content\\\/uploads\\\/2023\\\/08\\\/inovallee_2022_GrenobleAlpes.png\",\"contentUrl\":\"https:\\\/\\\/www.inovallee.com\\\/wp-content\\\/uploads\\\/2023\\\/08\\\/inovallee_2022_GrenobleAlpes.png\",\"width\":945,\"height\":369,\"caption\":\"inovall\u00e9e\"},\"image\":{\"@id\":\"https:\\\/\\\/www.inovallee.com\\\/#\\\/schema\\\/logo\\\/image\\\/\"},\"sameAs\":[\"https:\\\/\\\/www.facebook.com\\\/technopoleinovallee\\\/\",\"https:\\\/\\\/x.com\\\/inovallee\",\"https:\\\/\\\/www.linkedin.com\\\/company\\\/inovall-e\\\/\",\"https:\\\/\\\/www.youtube.com\\\/user\\\/inovallee?reload=9\"]},{\"@type\":\"Person\",\"@id\":\"https:\\\/\\\/www.inovallee.com\\\/#\\\/schema\\\/person\\\/6cdcf0ed58ac3e1ef08041bdf7815902\",\"name\":\"Claire Chanterelle\"}]}<\/script>\n<!-- \/ Yoast SEO plugin. -->","yoast_head_json":{"title":"Renouvellement urbain d\u2019inovall\u00e9e\u00a0: cap sur la verticalisation, la productique et les am\u00e9nagements r\u00e9silients\u00a0dans un campus ville parc pr\u00e9serv\u00e9 ! - inovall\u00e9e","robots":{"index":"index","follow":"follow","max-snippet":"max-snippet:-1","max-image-preview":"max-image-preview:large","max-video-preview":"max-video-preview:-1"},"canonical":"https:\/\/www.inovallee.com\/en\/renouvelement-urbain-dinovallee-cap-sur-la-verticalisation-la-productique-et-les-amenagements-resilients-dans-un-campus-ville-parc-preserve\/","og_locale":"en_GB","og_type":"article","og_title":"Renouvellement urbain d\u2019inovall\u00e9e\u00a0: cap sur la verticalisation, la productique et les am\u00e9nagements r\u00e9silients\u00a0dans un campus ville parc pr\u00e9serv\u00e9 ! - inovall\u00e9e","og_description":"Un renouvellement en cours avec pr\u00e8s de 60\u00a0000 m\u00b2 de programmes neufs ou r\u00e9habilit\u00e9s\u00a0pour r\u00e9pondre aux besoins des entreprises Renouveler des locaux \u00e9conomiques vieillissants et densifier par la verticalisation \u00e9tait l\u2019un des enjeux majeurs d\u2019inovall\u00e9e, qui vient de f\u00eater son cinquanti\u00e8me anniversaire, et donc celui de certains de ses t\u00e8nements&nbsp;! Ce renouvellement en profondeur de [&hellip;]","og_url":"https:\/\/www.inovallee.com\/en\/renouvelement-urbain-dinovallee-cap-sur-la-verticalisation-la-productique-et-les-amenagements-resilients-dans-un-campus-ville-parc-preserve\/","og_site_name":"inovall\u00e9e","article_publisher":"https:\/\/www.facebook.com\/technopoleinovallee\/","article_published_time":"2023-05-03T08:39:22+00:00","article_modified_time":"2023-05-10T08:05:32+00:00","og_image":[{"width":2048,"height":1229,"url":"https:\/\/www.inovallee.com\/wp-content\/uploads\/2023\/05\/pole-service-scaled-1-scaled.jpg","type":"image\/jpeg"}],"author":"Claire Chanterelle","twitter_card":"summary_large_image","twitter_creator":"@inovallee","twitter_site":"@inovallee","twitter_misc":{"Written by":"Claire Chanterelle","Estimated reading time":"4 minutes"},"schema":{"@context":"https:\/\/schema.org","@graph":[{"@type":"Article","@id":"https:\/\/www.inovallee.com\/renouvelement-urbain-dinovallee-cap-sur-la-verticalisation-la-productique-et-les-amenagements-resilients-dans-un-campus-ville-parc-preserve\/#article","isPartOf":{"@id":"https:\/\/www.inovallee.com\/renouvelement-urbain-dinovallee-cap-sur-la-verticalisation-la-productique-et-les-amenagements-resilients-dans-un-campus-ville-parc-preserve\/"},"author":{"name":"Claire Chanterelle","@id":"https:\/\/www.inovallee.com\/#\/schema\/person\/6cdcf0ed58ac3e1ef08041bdf7815902"},"headline":"Renouvellement urbain d\u2019inovall\u00e9e\u00a0: cap sur la verticalisation, la productique et les am\u00e9nagements r\u00e9silients\u00a0dans un campus ville parc pr\u00e9serv\u00e9 !","datePublished":"2023-05-03T08:39:22+00:00","dateModified":"2023-05-10T08:05:32+00:00","mainEntityOfPage":{"@id":"https:\/\/www.inovallee.com\/renouvelement-urbain-dinovallee-cap-sur-la-verticalisation-la-productique-et-les-amenagements-resilients-dans-un-campus-ville-parc-preserve\/"},"wordCount":912,"publisher":{"@id":"https:\/\/www.inovallee.com\/#organization"},"image":{"@id":"https:\/\/www.inovallee.com\/renouvelement-urbain-dinovallee-cap-sur-la-verticalisation-la-productique-et-les-amenagements-resilients-dans-un-campus-ville-parc-preserve\/#primaryimage"},"thumbnailUrl":"https:\/\/www.inovallee.com\/wp-content\/uploads\/2023\/05\/pole-service-scaled-1-scaled.jpg","articleSection":["Non class\u00e9"],"inLanguage":"en-GB"},{"@type":"WebPage","@id":"https:\/\/www.inovallee.com\/renouvelement-urbain-dinovallee-cap-sur-la-verticalisation-la-productique-et-les-amenagements-resilients-dans-un-campus-ville-parc-preserve\/","url":"https:\/\/www.inovallee.com\/renouvelement-urbain-dinovallee-cap-sur-la-verticalisation-la-productique-et-les-amenagements-resilients-dans-un-campus-ville-parc-preserve\/","name":"Renouvellement urbain d\u2019inovall\u00e9e\u00a0: cap sur la verticalisation, la productique et les am\u00e9nagements r\u00e9silients\u00a0dans un campus ville parc pr\u00e9serv\u00e9 ! - inovall\u00e9e","isPartOf":{"@id":"https:\/\/www.inovallee.com\/#website"},"primaryImageOfPage":{"@id":"https:\/\/www.inovallee.com\/renouvelement-urbain-dinovallee-cap-sur-la-verticalisation-la-productique-et-les-amenagements-resilients-dans-un-campus-ville-parc-preserve\/#primaryimage"},"image":{"@id":"https:\/\/www.inovallee.com\/renouvelement-urbain-dinovallee-cap-sur-la-verticalisation-la-productique-et-les-amenagements-resilients-dans-un-campus-ville-parc-preserve\/#primaryimage"},"thumbnailUrl":"https:\/\/www.inovallee.com\/wp-content\/uploads\/2023\/05\/pole-service-scaled-1-scaled.jpg","datePublished":"2023-05-03T08:39:22+00:00","dateModified":"2023-05-10T08:05:32+00:00","breadcrumb":{"@id":"https:\/\/www.inovallee.com\/renouvelement-urbain-dinovallee-cap-sur-la-verticalisation-la-productique-et-les-amenagements-resilients-dans-un-campus-ville-parc-preserve\/#breadcrumb"},"inLanguage":"en-GB","potentialAction":[{"@type":"ReadAction","target":["https:\/\/www.inovallee.com\/renouvelement-urbain-dinovallee-cap-sur-la-verticalisation-la-productique-et-les-amenagements-resilients-dans-un-campus-ville-parc-preserve\/"]}]},{"@type":"ImageObject","inLanguage":"en-GB","@id":"https:\/\/www.inovallee.com\/renouvelement-urbain-dinovallee-cap-sur-la-verticalisation-la-productique-et-les-amenagements-resilients-dans-un-campus-ville-parc-preserve\/#primaryimage","url":"https:\/\/www.inovallee.com\/wp-content\/uploads\/2023\/05\/pole-service-scaled-1-scaled.jpg","contentUrl":"https:\/\/www.inovallee.com\/wp-content\/uploads\/2023\/05\/pole-service-scaled-1-scaled.jpg","width":2048,"height":1229,"caption":"DECOUVRIR LA TECHNOPOLE"},{"@type":"BreadcrumbList","@id":"https:\/\/www.inovallee.com\/renouvelement-urbain-dinovallee-cap-sur-la-verticalisation-la-productique-et-les-amenagements-resilients-dans-un-campus-ville-parc-preserve\/#breadcrumb","itemListElement":[{"@type":"ListItem","position":1,"name":"Accueil","item":"https:\/\/www.inovallee.com\/"},{"@type":"ListItem","position":2,"name":"Renouvellement urbain d\u2019inovall\u00e9e\u00a0: cap sur la verticalisation, la productique et les am\u00e9nagements r\u00e9silients\u00a0dans un campus ville parc pr\u00e9serv\u00e9 !"}]},{"@type":"WebSite","@id":"https:\/\/www.inovallee.com\/#website","url":"https:\/\/www.inovallee.com\/","name":"inovall\u00e9e technopole, Home to software & smart technologies","description":"Home to software &amp; smart technologies","publisher":{"@id":"https:\/\/www.inovallee.com\/#organization"},"potentialAction":[{"@type":"SearchAction","target":{"@type":"EntryPoint","urlTemplate":"https:\/\/www.inovallee.com\/?s={search_term_string}"},"query-input":{"@type":"PropertyValueSpecification","valueRequired":true,"valueName":"search_term_string"}}],"inLanguage":"en-GB"},{"@type":"Organization","@id":"https:\/\/www.inovallee.com\/#organization","name":"inovall\u00e9e","url":"https:\/\/www.inovallee.com\/","logo":{"@type":"ImageObject","inLanguage":"en-GB","@id":"https:\/\/www.inovallee.com\/#\/schema\/logo\/image\/","url":"https:\/\/www.inovallee.com\/wp-content\/uploads\/2023\/08\/inovallee_2022_GrenobleAlpes.png","contentUrl":"https:\/\/www.inovallee.com\/wp-content\/uploads\/2023\/08\/inovallee_2022_GrenobleAlpes.png","width":945,"height":369,"caption":"inovall\u00e9e"},"image":{"@id":"https:\/\/www.inovallee.com\/#\/schema\/logo\/image\/"},"sameAs":["https:\/\/www.facebook.com\/technopoleinovallee\/","https:\/\/x.com\/inovallee","https:\/\/www.linkedin.com\/company\/inovall-e\/","https:\/\/www.youtube.com\/user\/inovallee?reload=9"]},{"@type":"Person","@id":"https:\/\/www.inovallee.com\/#\/schema\/person\/6cdcf0ed58ac3e1ef08041bdf7815902","name":"Claire Chanterelle"}]}},"_links":{"self":[{"href":"https:\/\/www.inovallee.com\/en\/wp-json\/wp\/v2\/posts\/46490","targetHints":{"allow":["GET"]}}],"collection":[{"href":"https:\/\/www.inovallee.com\/en\/wp-json\/wp\/v2\/posts"}],"about":[{"href":"https:\/\/www.inovallee.com\/en\/wp-json\/wp\/v2\/types\/post"}],"author":[{"embeddable":true,"href":"https:\/\/www.inovallee.com\/en\/wp-json\/wp\/v2\/users\/4"}],"replies":[{"embeddable":true,"href":"https:\/\/www.inovallee.com\/en\/wp-json\/wp\/v2\/comments?post=46490"}],"version-history":[{"count":0,"href":"https:\/\/www.inovallee.com\/en\/wp-json\/wp\/v2\/posts\/46490\/revisions"}],"wp:featuredmedia":[{"embeddable":true,"href":"https:\/\/www.inovallee.com\/en\/wp-json\/wp\/v2\/media\/46491"}],"wp:attachment":[{"href":"https:\/\/www.inovallee.com\/en\/wp-json\/wp\/v2\/media?parent=46490"}],"wp:term":[{"taxonomy":"category","embeddable":true,"href":"https:\/\/www.inovallee.com\/en\/wp-json\/wp\/v2\/categories?post=46490"},{"taxonomy":"post_tag","embeddable":true,"href":"https:\/\/www.inovallee.com\/en\/wp-json\/wp\/v2\/tags?post=46490"}],"curies":[{"name":"wp","href":"https:\/\/api.w.org\/{rel}","templated":true}]}}