{"id":46556,"date":"2023-05-09T09:01:49","date_gmt":"2023-05-09T07:01:49","guid":{"rendered":"https:\/\/www.inovallee.com\/?p=46556"},"modified":"2023-05-09T09:01:51","modified_gmt":"2023-05-09T07:01:51","slug":"le-copal-un-batiment-mixte-de-2890-m%c2%b2-dont-430m%c2%b2-datelier-productique-avec-rooftop-disponible-a-la-vente-ou-la-location-livraisons-premier-semestre-2025","status":"publish","type":"post","link":"https:\/\/www.inovallee.com\/en\/le-copal-un-batiment-mixte-de-2890-m%c2%b2-dont-430m%c2%b2-datelier-productique-avec-rooftop-disponible-a-la-vente-ou-la-location-livraisons-premier-semestre-2025\/","title":{"rendered":"Le Copal\u00a0: Un b\u00e2timent mixte de 2890 m\u00b2 dont 430m\u00b2 d\u2019atelier productique avec rooftop \u2013 Disponible \u00e0 la vente ou la location \u2013 Livraisons premier semestre 2025"},"content":{"rendered":"<p>C\u2019est sur l\u2019ancien site de Dianeige, situ\u00e9 en plein c\u0153ur d\u2019inovall\u00e9e \u00e0 Meylan, \u00e0 50 m\u00e8tres du restaurant inter-entreprises O-Ch\u00eane qu\u2019ALTIPROM lance son nouveau programme de b\u00e2timent mixte propos\u00e9 \u00e0 la vente ou \u00e0 la location. Mixte car le RDC, d\u2019une hauteur de 3,3 m avec une charge au sol de 1 tonne, est destin\u00e9 \u00e0 un usage productique (atelier ou labo pouvant accueillir des machines lourdes), sur une surface totale de 430m\u00b2, divisibles en 2 lots de 304 et 133 m\u00b2 avec des portes sectionnelles.<\/p>\n\n\n\n<p>Au-dessus, 4 \u00e9tages de bureaux de 530 m\u00b2 par niveau, pouvant \u00eatre d\u00e9coup\u00e9s en 3 lots chacun de 153, 168 et 227m\u00b2. Le tout agr\u00e9ment\u00e9 d\u2019un rooftop avec ombri\u00e8res \u00e9quip\u00e9es de panneaux photovolta\u00efques utilis\u00e9s en auto-consommation dans le b\u00e2timent.<\/p>\n\n\n\n<figure class=\"wp-block-image size-large\"><img fetchpriority=\"high\" decoding=\"async\" width=\"1024\" height=\"596\" src=\"https:\/\/www.inovallee.com\/wp-content\/uploads\/2023\/05\/copal_rooftop-1024x596.png\" alt=\"\" class=\"wp-image-46559\" srcset=\"https:\/\/www.inovallee.com\/wp-content\/uploads\/2023\/05\/copal_rooftop-1024x596.png 1024w, https:\/\/www.inovallee.com\/wp-content\/uploads\/2023\/05\/copal_rooftop-300x175.png 300w, https:\/\/www.inovallee.com\/wp-content\/uploads\/2023\/05\/copal_rooftop-768x447.png 768w, https:\/\/www.inovallee.com\/wp-content\/uploads\/2023\/05\/copal_rooftop.png 1092w\" sizes=\"(max-width: 1024px) 100vw, 1024px\" \/><\/figure>\n\n\n\n<p>Des attentes pour les douches ont \u00e9t\u00e9 pr\u00e9vues sur chacun des niveaux, et un escalier vitr\u00e9 permet aux plus sportifs d\u2019acc\u00e9der aux \u00e9tages en profitant de la vue.<\/p>\n\n\n\n<p>35 places de parking sont pr\u00e9vues au sous-sol plus 10 places en ext\u00e9rieur, avec des pr\u00e9dispositions techniques pour faciliter l\u2019installation de bornes de recharge. Les garages \u00e0 v\u00e9los seront quant \u00e0 eux \u00e9quip\u00e9s de prises \u00e9lectriques pour les recharges de batteries.<\/p>\n\n\n\n<p>Le b\u00e2timent, premier du genre aux normes RE 2020, devrait sortir de terre fin 2023 pour des premi\u00e8res livraisons au troisi\u00e8me trimestre 2025.<\/p>\n\n\n\n<p>Les lots sont propos\u00e9s \u00e0 la location  mais aussi \u00e0 la vente. <\/p>\n\n\n\n<p>La commercialisation est assur\u00e9e par Axite CBRE&nbsp;: 04 76 46 47 00 \u2013 <a href=\"mailto:grenoble@axite.fr\">grenoble@axite.fr<\/a><\/p>\n\n\n\n<p>T\u00e9l\u00e9charger la <a href=\"https:\/\/www.inovallee.com\/wp-content\/uploads\/2023\/05\/DOSSIER_COPAL_AXITE.pdf\">plaquette<\/a><\/p>","protected":false},"excerpt":{"rendered":"<p>C\u2019est sur l\u2019ancien site de Dianeige, situ\u00e9 en plein c\u0153ur d\u2019inovall\u00e9e \u00e0 Meylan, \u00e0 50 m\u00e8tres du restaurant inter-entreprises O-Ch\u00eane qu\u2019ALTIPROM lance son nouveau programme de b\u00e2timent mixte propos\u00e9 \u00e0 la vente ou \u00e0 la location. Mixte car le RDC, d\u2019une hauteur de 3,3 m avec une charge au sol de 1 tonne, est destin\u00e9 [&hellip;]<\/p>\n","protected":false},"author":4,"featured_media":46558,"comment_status":"closed","ping_status":"open","sticky":false,"template":"","format":"standard","meta":{"footnotes":""},"categories":[29,31],"tags":[],"class_list":["post-46556","post","type-post","status-publish","format-standard","has-post-thumbnail","hentry","category-evenements","category-vie-technopole-inovallee"],"yoast_head":"<!-- This site is optimized with the Yoast SEO plugin v27.4 - https:\/\/yoast.com\/product\/yoast-seo-wordpress\/ -->\n<title>Le Copal\u00a0: Un b\u00e2timent mixte de 2890 m\u00b2 dont 430m\u00b2 d\u2019atelier productique avec rooftop \u2013 Disponible \u00e0 la vente ou la location \u2013 Livraisons premier semestre 2025 - inovall\u00e9e<\/title>\n<meta name=\"robots\" content=\"index, follow, max-snippet:-1, max-image-preview:large, max-video-preview:-1\" \/>\n<link rel=\"canonical\" href=\"https:\/\/www.inovallee.com\/en\/le-copal-un-batiment-mixte-de-2890-m\u00b2-dont-430m\u00b2-datelier-productique-avec-rooftop-disponible-a-la-vente-ou-la-location-livraisons-premier-semestre-2025\/\" \/>\n<meta property=\"og:locale\" content=\"en_GB\" \/>\n<meta property=\"og:type\" content=\"article\" \/>\n<meta property=\"og:title\" content=\"Le Copal\u00a0: Un b\u00e2timent mixte de 2890 m\u00b2 dont 430m\u00b2 d\u2019atelier productique avec rooftop \u2013 Disponible \u00e0 la vente ou la location \u2013 Livraisons premier semestre 2025 - inovall\u00e9e\" \/>\n<meta property=\"og:description\" content=\"C\u2019est sur l\u2019ancien site de Dianeige, situ\u00e9 en plein c\u0153ur d\u2019inovall\u00e9e \u00e0 Meylan, \u00e0 50 m\u00e8tres du restaurant inter-entreprises O-Ch\u00eane qu\u2019ALTIPROM lance son nouveau programme de b\u00e2timent mixte propos\u00e9 \u00e0 la vente ou \u00e0 la location. Mixte car le RDC, d\u2019une hauteur de 3,3 m avec une charge au sol de 1 tonne, est destin\u00e9 [&hellip;]\" \/>\n<meta property=\"og:url\" content=\"https:\/\/www.inovallee.com\/en\/le-copal-un-batiment-mixte-de-2890-m\u00b2-dont-430m\u00b2-datelier-productique-avec-rooftop-disponible-a-la-vente-ou-la-location-livraisons-premier-semestre-2025\/\" \/>\n<meta property=\"og:site_name\" content=\"inovall\u00e9e\" \/>\n<meta property=\"article:publisher\" content=\"https:\/\/www.facebook.com\/technopoleinovallee\/\" \/>\n<meta property=\"article:published_time\" content=\"2023-05-09T07:01:49+00:00\" \/>\n<meta property=\"article:modified_time\" content=\"2023-05-09T07:01:51+00:00\" \/>\n<meta property=\"og:image\" content=\"https:\/\/www.inovallee.com\/wp-content\/uploads\/2023\/05\/copal_ext.png\" \/>\n\t<meta property=\"og:image:width\" content=\"1263\" \/>\n\t<meta property=\"og:image:height\" content=\"606\" \/>\n\t<meta property=\"og:image:type\" content=\"image\/png\" \/>\n<meta name=\"author\" content=\"Claire Chanterelle\" \/>\n<meta name=\"twitter:card\" content=\"summary_large_image\" \/>\n<meta name=\"twitter:creator\" content=\"@inovallee\" \/>\n<meta name=\"twitter:site\" content=\"@inovallee\" \/>\n<meta name=\"twitter:label1\" content=\"Written by\" \/>\n\t<meta name=\"twitter:data1\" content=\"Claire Chanterelle\" \/>\n\t<meta name=\"twitter:label2\" content=\"Estimated reading time\" \/>\n\t<meta name=\"twitter:data2\" content=\"2 minutes\" \/>\n<script type=\"application\/ld+json\" class=\"yoast-schema-graph\">{\"@context\":\"https:\\\/\\\/schema.org\",\"@graph\":[{\"@type\":\"Article\",\"@id\":\"https:\\\/\\\/www.inovallee.com\\\/le-copal-un-batiment-mixte-de-2890-m%c2%b2-dont-430m%c2%b2-datelier-productique-avec-rooftop-disponible-a-la-vente-ou-la-location-livraisons-premier-semestre-2025\\\/#article\",\"isPartOf\":{\"@id\":\"https:\\\/\\\/www.inovallee.com\\\/le-copal-un-batiment-mixte-de-2890-m%c2%b2-dont-430m%c2%b2-datelier-productique-avec-rooftop-disponible-a-la-vente-ou-la-location-livraisons-premier-semestre-2025\\\/\"},\"author\":{\"name\":\"Claire Chanterelle\",\"@id\":\"https:\\\/\\\/www.inovallee.com\\\/#\\\/schema\\\/person\\\/6cdcf0ed58ac3e1ef08041bdf7815902\"},\"headline\":\"Le Copal\u00a0: Un b\u00e2timent mixte de 2890 m\u00b2 dont 430m\u00b2 d\u2019atelier productique avec rooftop \u2013 Disponible \u00e0 la vente ou la location \u2013 Livraisons premier semestre 2025\",\"datePublished\":\"2023-05-09T07:01:49+00:00\",\"dateModified\":\"2023-05-09T07:01:51+00:00\",\"mainEntityOfPage\":{\"@id\":\"https:\\\/\\\/www.inovallee.com\\\/le-copal-un-batiment-mixte-de-2890-m%c2%b2-dont-430m%c2%b2-datelier-productique-avec-rooftop-disponible-a-la-vente-ou-la-location-livraisons-premier-semestre-2025\\\/\"},\"wordCount\":277,\"publisher\":{\"@id\":\"https:\\\/\\\/www.inovallee.com\\\/#organization\"},\"image\":{\"@id\":\"https:\\\/\\\/www.inovallee.com\\\/le-copal-un-batiment-mixte-de-2890-m%c2%b2-dont-430m%c2%b2-datelier-productique-avec-rooftop-disponible-a-la-vente-ou-la-location-livraisons-premier-semestre-2025\\\/#primaryimage\"},\"thumbnailUrl\":\"https:\\\/\\\/www.inovallee.com\\\/wp-content\\\/uploads\\\/2023\\\/05\\\/copal_ext.png\",\"articleSection\":[\"Technopole inovall\u00e9e\",\"Vie de la technopole inovall\u00e9e\"],\"inLanguage\":\"en-GB\"},{\"@type\":\"WebPage\",\"@id\":\"https:\\\/\\\/www.inovallee.com\\\/le-copal-un-batiment-mixte-de-2890-m%c2%b2-dont-430m%c2%b2-datelier-productique-avec-rooftop-disponible-a-la-vente-ou-la-location-livraisons-premier-semestre-2025\\\/\",\"url\":\"https:\\\/\\\/www.inovallee.com\\\/le-copal-un-batiment-mixte-de-2890-m%c2%b2-dont-430m%c2%b2-datelier-productique-avec-rooftop-disponible-a-la-vente-ou-la-location-livraisons-premier-semestre-2025\\\/\",\"name\":\"Le Copal\u00a0: Un b\u00e2timent mixte de 2890 m\u00b2 dont 430m\u00b2 d\u2019atelier productique avec rooftop \u2013 Disponible \u00e0 la vente ou la location \u2013 Livraisons premier semestre 2025 - inovall\u00e9e\",\"isPartOf\":{\"@id\":\"https:\\\/\\\/www.inovallee.com\\\/#website\"},\"primaryImageOfPage\":{\"@id\":\"https:\\\/\\\/www.inovallee.com\\\/le-copal-un-batiment-mixte-de-2890-m%c2%b2-dont-430m%c2%b2-datelier-productique-avec-rooftop-disponible-a-la-vente-ou-la-location-livraisons-premier-semestre-2025\\\/#primaryimage\"},\"image\":{\"@id\":\"https:\\\/\\\/www.inovallee.com\\\/le-copal-un-batiment-mixte-de-2890-m%c2%b2-dont-430m%c2%b2-datelier-productique-avec-rooftop-disponible-a-la-vente-ou-la-location-livraisons-premier-semestre-2025\\\/#primaryimage\"},\"thumbnailUrl\":\"https:\\\/\\\/www.inovallee.com\\\/wp-content\\\/uploads\\\/2023\\\/05\\\/copal_ext.png\",\"datePublished\":\"2023-05-09T07:01:49+00:00\",\"dateModified\":\"2023-05-09T07:01:51+00:00\",\"breadcrumb\":{\"@id\":\"https:\\\/\\\/www.inovallee.com\\\/le-copal-un-batiment-mixte-de-2890-m%c2%b2-dont-430m%c2%b2-datelier-productique-avec-rooftop-disponible-a-la-vente-ou-la-location-livraisons-premier-semestre-2025\\\/#breadcrumb\"},\"inLanguage\":\"en-GB\",\"potentialAction\":[{\"@type\":\"ReadAction\",\"target\":[\"https:\\\/\\\/www.inovallee.com\\\/le-copal-un-batiment-mixte-de-2890-m%c2%b2-dont-430m%c2%b2-datelier-productique-avec-rooftop-disponible-a-la-vente-ou-la-location-livraisons-premier-semestre-2025\\\/\"]}]},{\"@type\":\"ImageObject\",\"inLanguage\":\"en-GB\",\"@id\":\"https:\\\/\\\/www.inovallee.com\\\/le-copal-un-batiment-mixte-de-2890-m%c2%b2-dont-430m%c2%b2-datelier-productique-avec-rooftop-disponible-a-la-vente-ou-la-location-livraisons-premier-semestre-2025\\\/#primaryimage\",\"url\":\"https:\\\/\\\/www.inovallee.com\\\/wp-content\\\/uploads\\\/2023\\\/05\\\/copal_ext.png\",\"contentUrl\":\"https:\\\/\\\/www.inovallee.com\\\/wp-content\\\/uploads\\\/2023\\\/05\\\/copal_ext.png\",\"width\":1263,\"height\":606},{\"@type\":\"BreadcrumbList\",\"@id\":\"https:\\\/\\\/www.inovallee.com\\\/le-copal-un-batiment-mixte-de-2890-m%c2%b2-dont-430m%c2%b2-datelier-productique-avec-rooftop-disponible-a-la-vente-ou-la-location-livraisons-premier-semestre-2025\\\/#breadcrumb\",\"itemListElement\":[{\"@type\":\"ListItem\",\"position\":1,\"name\":\"Accueil\",\"item\":\"https:\\\/\\\/www.inovallee.com\\\/\"},{\"@type\":\"ListItem\",\"position\":2,\"name\":\"Le Copal\u00a0: Un b\u00e2timent mixte de 2890 m\u00b2 dont 430m\u00b2 d\u2019atelier productique avec rooftop \u2013 Disponible \u00e0 la vente ou la location \u2013 Livraisons premier semestre 2025\"}]},{\"@type\":\"WebSite\",\"@id\":\"https:\\\/\\\/www.inovallee.com\\\/#website\",\"url\":\"https:\\\/\\\/www.inovallee.com\\\/\",\"name\":\"inovall\u00e9e technopole, Home to software & smart technologies\",\"description\":\"Home to software &amp; smart technologies\",\"publisher\":{\"@id\":\"https:\\\/\\\/www.inovallee.com\\\/#organization\"},\"potentialAction\":[{\"@type\":\"SearchAction\",\"target\":{\"@type\":\"EntryPoint\",\"urlTemplate\":\"https:\\\/\\\/www.inovallee.com\\\/?s={search_term_string}\"},\"query-input\":{\"@type\":\"PropertyValueSpecification\",\"valueRequired\":true,\"valueName\":\"search_term_string\"}}],\"inLanguage\":\"en-GB\"},{\"@type\":\"Organization\",\"@id\":\"https:\\\/\\\/www.inovallee.com\\\/#organization\",\"name\":\"inovall\u00e9e\",\"url\":\"https:\\\/\\\/www.inovallee.com\\\/\",\"logo\":{\"@type\":\"ImageObject\",\"inLanguage\":\"en-GB\",\"@id\":\"https:\\\/\\\/www.inovallee.com\\\/#\\\/schema\\\/logo\\\/image\\\/\",\"url\":\"https:\\\/\\\/www.inovallee.com\\\/wp-content\\\/uploads\\\/2023\\\/08\\\/inovallee_2022_GrenobleAlpes.png\",\"contentUrl\":\"https:\\\/\\\/www.inovallee.com\\\/wp-content\\\/uploads\\\/2023\\\/08\\\/inovallee_2022_GrenobleAlpes.png\",\"width\":945,\"height\":369,\"caption\":\"inovall\u00e9e\"},\"image\":{\"@id\":\"https:\\\/\\\/www.inovallee.com\\\/#\\\/schema\\\/logo\\\/image\\\/\"},\"sameAs\":[\"https:\\\/\\\/www.facebook.com\\\/technopoleinovallee\\\/\",\"https:\\\/\\\/x.com\\\/inovallee\",\"https:\\\/\\\/www.linkedin.com\\\/company\\\/inovall-e\\\/\",\"https:\\\/\\\/www.youtube.com\\\/user\\\/inovallee?reload=9\"]},{\"@type\":\"Person\",\"@id\":\"https:\\\/\\\/www.inovallee.com\\\/#\\\/schema\\\/person\\\/6cdcf0ed58ac3e1ef08041bdf7815902\",\"name\":\"Claire Chanterelle\"}]}<\/script>\n<!-- \/ Yoast SEO plugin. -->","yoast_head_json":{"title":"Le Copal\u00a0: Un b\u00e2timent mixte de 2890 m\u00b2 dont 430m\u00b2 d\u2019atelier productique avec rooftop \u2013 Disponible \u00e0 la vente ou la location \u2013 Livraisons premier semestre 2025 - inovall\u00e9e","robots":{"index":"index","follow":"follow","max-snippet":"max-snippet:-1","max-image-preview":"max-image-preview:large","max-video-preview":"max-video-preview:-1"},"canonical":"https:\/\/www.inovallee.com\/en\/le-copal-un-batiment-mixte-de-2890-m\u00b2-dont-430m\u00b2-datelier-productique-avec-rooftop-disponible-a-la-vente-ou-la-location-livraisons-premier-semestre-2025\/","og_locale":"en_GB","og_type":"article","og_title":"Le Copal\u00a0: Un b\u00e2timent mixte de 2890 m\u00b2 dont 430m\u00b2 d\u2019atelier productique avec rooftop \u2013 Disponible \u00e0 la vente ou la location \u2013 Livraisons premier semestre 2025 - inovall\u00e9e","og_description":"C\u2019est sur l\u2019ancien site de Dianeige, situ\u00e9 en plein c\u0153ur d\u2019inovall\u00e9e \u00e0 Meylan, \u00e0 50 m\u00e8tres du restaurant inter-entreprises O-Ch\u00eane qu\u2019ALTIPROM lance son nouveau programme de b\u00e2timent mixte propos\u00e9 \u00e0 la vente ou \u00e0 la location. Mixte car le RDC, d\u2019une hauteur de 3,3 m avec une charge au sol de 1 tonne, est destin\u00e9 [&hellip;]","og_url":"https:\/\/www.inovallee.com\/en\/le-copal-un-batiment-mixte-de-2890-m\u00b2-dont-430m\u00b2-datelier-productique-avec-rooftop-disponible-a-la-vente-ou-la-location-livraisons-premier-semestre-2025\/","og_site_name":"inovall\u00e9e","article_publisher":"https:\/\/www.facebook.com\/technopoleinovallee\/","article_published_time":"2023-05-09T07:01:49+00:00","article_modified_time":"2023-05-09T07:01:51+00:00","og_image":[{"width":1263,"height":606,"url":"https:\/\/www.inovallee.com\/wp-content\/uploads\/2023\/05\/copal_ext.png","type":"image\/png"}],"author":"Claire Chanterelle","twitter_card":"summary_large_image","twitter_creator":"@inovallee","twitter_site":"@inovallee","twitter_misc":{"Written by":"Claire Chanterelle","Estimated reading time":"2 minutes"},"schema":{"@context":"https:\/\/schema.org","@graph":[{"@type":"Article","@id":"https:\/\/www.inovallee.com\/le-copal-un-batiment-mixte-de-2890-m%c2%b2-dont-430m%c2%b2-datelier-productique-avec-rooftop-disponible-a-la-vente-ou-la-location-livraisons-premier-semestre-2025\/#article","isPartOf":{"@id":"https:\/\/www.inovallee.com\/le-copal-un-batiment-mixte-de-2890-m%c2%b2-dont-430m%c2%b2-datelier-productique-avec-rooftop-disponible-a-la-vente-ou-la-location-livraisons-premier-semestre-2025\/"},"author":{"name":"Claire Chanterelle","@id":"https:\/\/www.inovallee.com\/#\/schema\/person\/6cdcf0ed58ac3e1ef08041bdf7815902"},"headline":"Le Copal\u00a0: Un b\u00e2timent mixte de 2890 m\u00b2 dont 430m\u00b2 d\u2019atelier productique avec rooftop \u2013 Disponible \u00e0 la vente ou la location \u2013 Livraisons premier semestre 2025","datePublished":"2023-05-09T07:01:49+00:00","dateModified":"2023-05-09T07:01:51+00:00","mainEntityOfPage":{"@id":"https:\/\/www.inovallee.com\/le-copal-un-batiment-mixte-de-2890-m%c2%b2-dont-430m%c2%b2-datelier-productique-avec-rooftop-disponible-a-la-vente-ou-la-location-livraisons-premier-semestre-2025\/"},"wordCount":277,"publisher":{"@id":"https:\/\/www.inovallee.com\/#organization"},"image":{"@id":"https:\/\/www.inovallee.com\/le-copal-un-batiment-mixte-de-2890-m%c2%b2-dont-430m%c2%b2-datelier-productique-avec-rooftop-disponible-a-la-vente-ou-la-location-livraisons-premier-semestre-2025\/#primaryimage"},"thumbnailUrl":"https:\/\/www.inovallee.com\/wp-content\/uploads\/2023\/05\/copal_ext.png","articleSection":["Technopole inovall\u00e9e","Vie de la technopole inovall\u00e9e"],"inLanguage":"en-GB"},{"@type":"WebPage","@id":"https:\/\/www.inovallee.com\/le-copal-un-batiment-mixte-de-2890-m%c2%b2-dont-430m%c2%b2-datelier-productique-avec-rooftop-disponible-a-la-vente-ou-la-location-livraisons-premier-semestre-2025\/","url":"https:\/\/www.inovallee.com\/le-copal-un-batiment-mixte-de-2890-m%c2%b2-dont-430m%c2%b2-datelier-productique-avec-rooftop-disponible-a-la-vente-ou-la-location-livraisons-premier-semestre-2025\/","name":"Le Copal\u00a0: Un b\u00e2timent mixte de 2890 m\u00b2 dont 430m\u00b2 d\u2019atelier productique avec rooftop \u2013 Disponible \u00e0 la vente ou la location \u2013 Livraisons premier semestre 2025 - inovall\u00e9e","isPartOf":{"@id":"https:\/\/www.inovallee.com\/#website"},"primaryImageOfPage":{"@id":"https:\/\/www.inovallee.com\/le-copal-un-batiment-mixte-de-2890-m%c2%b2-dont-430m%c2%b2-datelier-productique-avec-rooftop-disponible-a-la-vente-ou-la-location-livraisons-premier-semestre-2025\/#primaryimage"},"image":{"@id":"https:\/\/www.inovallee.com\/le-copal-un-batiment-mixte-de-2890-m%c2%b2-dont-430m%c2%b2-datelier-productique-avec-rooftop-disponible-a-la-vente-ou-la-location-livraisons-premier-semestre-2025\/#primaryimage"},"thumbnailUrl":"https:\/\/www.inovallee.com\/wp-content\/uploads\/2023\/05\/copal_ext.png","datePublished":"2023-05-09T07:01:49+00:00","dateModified":"2023-05-09T07:01:51+00:00","breadcrumb":{"@id":"https:\/\/www.inovallee.com\/le-copal-un-batiment-mixte-de-2890-m%c2%b2-dont-430m%c2%b2-datelier-productique-avec-rooftop-disponible-a-la-vente-ou-la-location-livraisons-premier-semestre-2025\/#breadcrumb"},"inLanguage":"en-GB","potentialAction":[{"@type":"ReadAction","target":["https:\/\/www.inovallee.com\/le-copal-un-batiment-mixte-de-2890-m%c2%b2-dont-430m%c2%b2-datelier-productique-avec-rooftop-disponible-a-la-vente-ou-la-location-livraisons-premier-semestre-2025\/"]}]},{"@type":"ImageObject","inLanguage":"en-GB","@id":"https:\/\/www.inovallee.com\/le-copal-un-batiment-mixte-de-2890-m%c2%b2-dont-430m%c2%b2-datelier-productique-avec-rooftop-disponible-a-la-vente-ou-la-location-livraisons-premier-semestre-2025\/#primaryimage","url":"https:\/\/www.inovallee.com\/wp-content\/uploads\/2023\/05\/copal_ext.png","contentUrl":"https:\/\/www.inovallee.com\/wp-content\/uploads\/2023\/05\/copal_ext.png","width":1263,"height":606},{"@type":"BreadcrumbList","@id":"https:\/\/www.inovallee.com\/le-copal-un-batiment-mixte-de-2890-m%c2%b2-dont-430m%c2%b2-datelier-productique-avec-rooftop-disponible-a-la-vente-ou-la-location-livraisons-premier-semestre-2025\/#breadcrumb","itemListElement":[{"@type":"ListItem","position":1,"name":"Accueil","item":"https:\/\/www.inovallee.com\/"},{"@type":"ListItem","position":2,"name":"Le Copal\u00a0: Un b\u00e2timent mixte de 2890 m\u00b2 dont 430m\u00b2 d\u2019atelier productique avec rooftop \u2013 Disponible \u00e0 la vente ou la location \u2013 Livraisons premier semestre 2025"}]},{"@type":"WebSite","@id":"https:\/\/www.inovallee.com\/#website","url":"https:\/\/www.inovallee.com\/","name":"inovall\u00e9e technopole, Home to software & smart technologies","description":"Home to software &amp; smart technologies","publisher":{"@id":"https:\/\/www.inovallee.com\/#organization"},"potentialAction":[{"@type":"SearchAction","target":{"@type":"EntryPoint","urlTemplate":"https:\/\/www.inovallee.com\/?s={search_term_string}"},"query-input":{"@type":"PropertyValueSpecification","valueRequired":true,"valueName":"search_term_string"}}],"inLanguage":"en-GB"},{"@type":"Organization","@id":"https:\/\/www.inovallee.com\/#organization","name":"inovall\u00e9e","url":"https:\/\/www.inovallee.com\/","logo":{"@type":"ImageObject","inLanguage":"en-GB","@id":"https:\/\/www.inovallee.com\/#\/schema\/logo\/image\/","url":"https:\/\/www.inovallee.com\/wp-content\/uploads\/2023\/08\/inovallee_2022_GrenobleAlpes.png","contentUrl":"https:\/\/www.inovallee.com\/wp-content\/uploads\/2023\/08\/inovallee_2022_GrenobleAlpes.png","width":945,"height":369,"caption":"inovall\u00e9e"},"image":{"@id":"https:\/\/www.inovallee.com\/#\/schema\/logo\/image\/"},"sameAs":["https:\/\/www.facebook.com\/technopoleinovallee\/","https:\/\/x.com\/inovallee","https:\/\/www.linkedin.com\/company\/inovall-e\/","https:\/\/www.youtube.com\/user\/inovallee?reload=9"]},{"@type":"Person","@id":"https:\/\/www.inovallee.com\/#\/schema\/person\/6cdcf0ed58ac3e1ef08041bdf7815902","name":"Claire Chanterelle"}]}},"_links":{"self":[{"href":"https:\/\/www.inovallee.com\/en\/wp-json\/wp\/v2\/posts\/46556","targetHints":{"allow":["GET"]}}],"collection":[{"href":"https:\/\/www.inovallee.com\/en\/wp-json\/wp\/v2\/posts"}],"about":[{"href":"https:\/\/www.inovallee.com\/en\/wp-json\/wp\/v2\/types\/post"}],"author":[{"embeddable":true,"href":"https:\/\/www.inovallee.com\/en\/wp-json\/wp\/v2\/users\/4"}],"replies":[{"embeddable":true,"href":"https:\/\/www.inovallee.com\/en\/wp-json\/wp\/v2\/comments?post=46556"}],"version-history":[{"count":0,"href":"https:\/\/www.inovallee.com\/en\/wp-json\/wp\/v2\/posts\/46556\/revisions"}],"wp:featuredmedia":[{"embeddable":true,"href":"https:\/\/www.inovallee.com\/en\/wp-json\/wp\/v2\/media\/46558"}],"wp:attachment":[{"href":"https:\/\/www.inovallee.com\/en\/wp-json\/wp\/v2\/media?parent=46556"}],"wp:term":[{"taxonomy":"category","embeddable":true,"href":"https:\/\/www.inovallee.com\/en\/wp-json\/wp\/v2\/categories?post=46556"},{"taxonomy":"post_tag","embeddable":true,"href":"https:\/\/www.inovallee.com\/en\/wp-json\/wp\/v2\/tags?post=46556"}],"curies":[{"name":"wp","href":"https:\/\/api.w.org\/{rel}","templated":true}]}}