{"id":48866,"date":"2023-09-15T17:17:52","date_gmt":"2023-09-15T15:17:52","guid":{"rendered":"https:\/\/www.inovallee.com\/?p=48866"},"modified":"2023-09-15T17:17:55","modified_gmt":"2023-09-15T15:17:55","slug":"digigram-acquiert-auvitran-et-renforce-ainsi-sa-position-sur-le-marche-de-laudio-professionnel-mais-aussi-des-communications-critiques-nouveau-levier-de-croissance-qui-represente-deja-35-du","status":"publish","type":"post","link":"https:\/\/www.inovallee.com\/en\/digigram-acquiert-auvitran-et-renforce-ainsi-sa-position-sur-le-marche-de-laudio-professionnel-mais-aussi-des-communications-critiques-nouveau-levier-de-croissance-qui-represente-deja-35-du\/","title":{"rendered":"Digigram acquiert AuviTran, et renforce ainsi sa position sur le march\u00e9 de l\u2019audio professionnel mais aussi des communications critiques, nouveau levier de croissance qui repr\u00e9sente d\u00e9j\u00e0 35% du chiffre d\u2019affaires 2023, dont 85% \u00e0 l\u2019international"},"content":{"rendered":"<h3 class=\"wp-block-heading\">Une op\u00e9ration de croissance externe qui rassemble deux pionniers inovalliens de l\u2019audio professionnelle<\/h3>\n\n\n\n<p><a href=\"https:\/\/www.digigram.com\/\">Digigram<\/a>, fournisseur pionnier de solutions de transport audio sur IP cr\u00e9\u00e9e sur inovall\u00e9e en 1985 (chiffre d&rsquo;affaires 2022 de 4,5 millions d&rsquo;euros, dont 85 % \u00e0 l&rsquo;exportation) vient de r\u00e9aliser une op\u00e9ration de croissance externe en rachetant sa petite s\u0153ur <a href=\"https:\/\/www.auvitran.com\/fr\/accueil\/\">AuviTran<\/a>, n\u00e9e il y a 20 ans elle aussi sur inovall\u00e9e et sp\u00e9cialis\u00e9e dans les solutions audio sur r\u00e9seau (chiffre d&rsquo;affaires 2022 de 1,3 million d&rsquo;euros, +30 %).<\/p>\n\n\n\n<p>Digigram est pr\u00e9sent sur le march\u00e9 des communications critiques et de la diffusion avec ses cartes son, ses codecs et ses solutions audio num\u00e9riques. Ses clients comprennent les grandes radios publiques et commerciales en France et \u00e0 l&rsquo;\u00e9tranger, ainsi que les principaux acteurs de l&rsquo;a\u00e9rospatial, de la d\u00e9fense et de la s\u00e9curit\u00e9 publique. Les \u00e9quipements et solutions de Digigram sont en effet r\u00e9put\u00e9s pour leur fiabilit\u00e9 \u00e0 toute \u00e9preuve, leur qualit\u00e9 audio irr\u00e9prochable et leur l\u00e9gendaire facilit\u00e9 d&rsquo;utilisation.<\/p>\n\n\n\n<p>Quant \u00e0 AuviTran, elle d\u00e9veloppe et commercialise des solutions audio pour les march\u00e9s de l&rsquo;installation, de la sonorisation des lieux publics et du spectacle vivant. D\u00e9velopp\u00e9es sur inovall\u00e9e et produites en Europe, les solutions phares d&rsquo;AuviTran interconnectent la majorit\u00e9 des protocoles audio en r\u00e9seau et sont utilis\u00e9es dans des lieux tels que l&rsquo;Op\u00e9ra de Sydney, le Madison Square Garden \u00e0 New York et le Stade de France. En tant qu&rsquo;acteur cl\u00e9 du monde de l&rsquo;audio professionnel, AuviTran contribue de mani\u00e8re significative \u00e0 l&rsquo;\u00e9volution de l&rsquo;audio sur r\u00e9seau en d\u00e9veloppant et en fabriquant ses solutions innovantes, soit en tant qu&rsquo;OEM pour ses clients int\u00e9grateurs.<\/p>\n\n\n\n<p>La fusion a pris effet imm\u00e9diatement et rassemble environ trente employ\u00e9s bas\u00e9s \u00e0 Montbonnot et dans la filiale de Singapour.<\/p>\n\n\n\n<p>Yves Ansade, fondateur d&rsquo;AuviTran, dirigera la direction technique de cette nouvelle entit\u00e9. Il faut dire que la R&amp;D de Digigram et d&rsquo;AuviTran repr\u00e9sente 40 % de l&rsquo;effectif combin\u00e9&nbsp;! &nbsp;\u00ab&nbsp;Bien que nos deux entit\u00e9s conservent leurs marques et leurs clients respectifs, cette fusion nous permet de renforcer notre pr\u00e9sence sur les march\u00e9s de l&rsquo;audio commercial, du spectacle vivant et de la diffusion, en proposant une gamme plus large de solutions audio sur le march\u00e9 des communications critiques\u00a0\u00bb, souligne Yves.<\/p>\n\n\n\n<h3 class=\"wp-block-heading\">Une expertise technique qui permet \u00e0 Digigram de consolider sa position sur le march\u00e9 des communications critiques, nouveau levier de croissance pour l\u2019entreprise qui vise 6M\u20ac de CA en 2023, doubl\u00e9 \u00e0 horizon 3 ans\u00a0!<\/h3>\n\n\n\n<p>Si cette fusion renforce la position de Digigram sur le march\u00e9 de l&rsquo;audio professionnel, elle marque aussi et surtout le d\u00e9but d&rsquo;une nouvelle phase de d\u00e9veloppement ax\u00e9e sur le march\u00e9 des communications critiques, o\u00f9 la technologie a fait cette ann\u00e9e la preuve de sa pertinence.<\/p>\n\n\n\n<p>\u00ab\u00a0Nous g\u00e9n\u00e9rons d\u00e9j\u00e0 35 % de notre chiffre d&rsquo;affaires avec des clients identifi\u00e9s comme des acteurs des communications critiques, et l&rsquo;acquisition d&rsquo;AuviTran nous permet d&rsquo;am\u00e9liorer notre pr\u00e9sence sur ce march\u00e9 \u00e9largi\u00a0\u00bb, d\u00e9clare ainsi J\u00e9r\u00e9mie Weber, pr\u00e9sident de Digigram.<\/p>\n\n\n\n<p>Et Xavier Allanic, directeur g\u00e9n\u00e9ral de Digigram de poursuivre&nbsp;: &nbsp;\u00ab\u00a0Qu&rsquo;il s&rsquo;agisse de Digigram ou d&rsquo;AuviTran, nos march\u00e9s historiques du son live et de la diffusion font partie du march\u00e9 des communications critiques. Chaque fois que la transmission d&rsquo;un message audio est vitale, nous sommes en pr\u00e9sence d&rsquo;audio critique. Cela s&rsquo;applique \u00e0 la diffusion mais aussi aux syst\u00e8mes de sonorisation d&rsquo;\u00e9vacuation, aux services d&rsquo;urgence ou aux communications entre un avion et une tour de contr\u00f4le, par exemple.\u00a0\u00bb<\/p>\n\n\n\n<p>Digigram vise ainsi un chiffre d&rsquo;affaires de 6 millions d&rsquo;euros en 2023 et ambitionne de doubler ce chiffre d&rsquo;ici trois ans.<\/p>\n\n\n\n<p>Et J\u00e9r\u00e9mie Weber de conclure&nbsp;: \u00ab\u00a0Nous continuons \u00e0 d\u00e9velopper des solutions audio haut de gamme adapt\u00e9es aux situations exigeantes et aux contextes d&rsquo;audio critiques, que ce soit en diffusion ou en s\u00e9curit\u00e9. L&rsquo;int\u00e9gration d&rsquo;AuviTran n&rsquo;est que la premi\u00e8re \u00e9tape de cette politique de croissance\u2026\u00a0\u00bb<\/p>","protected":false},"excerpt":{"rendered":"<p>Une op\u00e9ration de croissance externe qui rassemble deux pionniers inovalliens de l\u2019audio professionnelle Digigram, fournisseur pionnier de solutions de transport audio sur IP cr\u00e9\u00e9e sur inovall\u00e9e en 1985 (chiffre d&rsquo;affaires 2022 de 4,5 millions d&rsquo;euros, dont 85 % \u00e0 l&rsquo;exportation) vient de r\u00e9aliser une op\u00e9ration de croissance externe en rachetant sa petite s\u0153ur AuviTran, n\u00e9e [&hellip;]<\/p>\n","protected":false},"author":4,"featured_media":48867,"comment_status":"closed","ping_status":"open","sticky":false,"template":"","format":"standard","meta":{"footnotes":""},"categories":[28,29],"tags":[441,409,1806,1807,1805],"class_list":["post-48866","post","type-post","status-publish","format-standard","has-post-thumbnail","hentry","category-actus-entreprises","category-evenements","tag-audio","tag-auvitran","tag-communications-critiques","tag-digigram","tag-smart-device"],"yoast_head":"<!-- This site is optimized with the Yoast SEO plugin v27.4 - https:\/\/yoast.com\/product\/yoast-seo-wordpress\/ -->\n<title>Digigram acquiert AuviTran, et renforce ainsi sa position sur le march\u00e9 de l\u2019audio professionnel mais aussi des communications critiques, nouveau levier de croissance qui repr\u00e9sente d\u00e9j\u00e0 35% du chiffre d\u2019affaires 2023, dont 85% \u00e0 l\u2019international - inovall\u00e9e<\/title>\n<meta name=\"description\" content=\"La fusion de Digigram et d&#039;AuviTran marque une nouvelle \u00e9tape de croissance sur le march\u00e9 en plein essor des communications critiques\" \/>\n<meta name=\"robots\" content=\"index, follow, max-snippet:-1, max-image-preview:large, max-video-preview:-1\" \/>\n<link rel=\"canonical\" href=\"https:\/\/www.inovallee.com\/en\/digigram-acquiert-auvitran-et-renforce-ainsi-sa-position-sur-le-marche-de-laudio-professionnel-mais-aussi-des-communications-critiques-nouveau-levier-de-croissance-qui-represente-deja-35-du\/\" \/>\n<meta property=\"og:locale\" content=\"en_GB\" \/>\n<meta property=\"og:type\" content=\"article\" \/>\n<meta property=\"og:title\" content=\"Digigram acquiert AuviTran, et renforce ainsi sa position sur le march\u00e9 de l\u2019audio professionnel mais aussi des communications critiques, nouveau levier de croissance qui repr\u00e9sente d\u00e9j\u00e0 35% du chiffre d\u2019affaires 2023, dont 85% \u00e0 l\u2019international - inovall\u00e9e\" \/>\n<meta property=\"og:description\" content=\"La fusion de Digigram et d&#039;AuviTran marque une nouvelle \u00e9tape de croissance sur le march\u00e9 en plein essor des communications critiques\" \/>\n<meta property=\"og:url\" content=\"https:\/\/www.inovallee.com\/en\/digigram-acquiert-auvitran-et-renforce-ainsi-sa-position-sur-le-marche-de-laudio-professionnel-mais-aussi-des-communications-critiques-nouveau-levier-de-croissance-qui-represente-deja-35-du\/\" \/>\n<meta property=\"og:site_name\" content=\"inovall\u00e9e\" \/>\n<meta property=\"article:publisher\" content=\"https:\/\/www.facebook.com\/technopoleinovallee\/\" \/>\n<meta property=\"article:published_time\" content=\"2023-09-15T15:17:52+00:00\" \/>\n<meta property=\"article:modified_time\" content=\"2023-09-15T15:17:55+00:00\" \/>\n<meta property=\"og:image\" content=\"https:\/\/www.inovallee.com\/wp-content\/uploads\/2023\/09\/Digigram_Auvitran.jpg\" \/>\n\t<meta property=\"og:image:width\" content=\"1968\" \/>\n\t<meta property=\"og:image:height\" content=\"1312\" \/>\n\t<meta property=\"og:image:type\" content=\"image\/jpeg\" \/>\n<meta name=\"author\" content=\"Claire Chanterelle\" \/>\n<meta name=\"twitter:card\" content=\"summary_large_image\" \/>\n<meta name=\"twitter:creator\" content=\"@inovallee\" \/>\n<meta name=\"twitter:site\" content=\"@inovallee\" \/>\n<meta name=\"twitter:label1\" content=\"Written by\" \/>\n\t<meta name=\"twitter:data1\" content=\"Claire Chanterelle\" \/>\n\t<meta name=\"twitter:label2\" content=\"Estimated reading time\" \/>\n\t<meta name=\"twitter:data2\" content=\"4 minutes\" \/>\n<script type=\"application\/ld+json\" class=\"yoast-schema-graph\">{\"@context\":\"https:\\\/\\\/schema.org\",\"@graph\":[{\"@type\":\"Article\",\"@id\":\"https:\\\/\\\/www.inovallee.com\\\/digigram-acquiert-auvitran-et-renforce-ainsi-sa-position-sur-le-marche-de-laudio-professionnel-mais-aussi-des-communications-critiques-nouveau-levier-de-croissance-qui-represente-deja-35-du\\\/#article\",\"isPartOf\":{\"@id\":\"https:\\\/\\\/www.inovallee.com\\\/digigram-acquiert-auvitran-et-renforce-ainsi-sa-position-sur-le-marche-de-laudio-professionnel-mais-aussi-des-communications-critiques-nouveau-levier-de-croissance-qui-represente-deja-35-du\\\/\"},\"author\":{\"name\":\"Claire Chanterelle\",\"@id\":\"https:\\\/\\\/www.inovallee.com\\\/#\\\/schema\\\/person\\\/6cdcf0ed58ac3e1ef08041bdf7815902\"},\"headline\":\"Digigram acquiert AuviTran, et renforce ainsi sa position sur le march\u00e9 de l\u2019audio professionnel mais aussi des communications critiques, nouveau levier de croissance qui repr\u00e9sente d\u00e9j\u00e0 35% du chiffre d\u2019affaires 2023, dont 85% \u00e0 l\u2019international\",\"datePublished\":\"2023-09-15T15:17:52+00:00\",\"dateModified\":\"2023-09-15T15:17:55+00:00\",\"mainEntityOfPage\":{\"@id\":\"https:\\\/\\\/www.inovallee.com\\\/digigram-acquiert-auvitran-et-renforce-ainsi-sa-position-sur-le-marche-de-laudio-professionnel-mais-aussi-des-communications-critiques-nouveau-levier-de-croissance-qui-represente-deja-35-du\\\/\"},\"wordCount\":743,\"publisher\":{\"@id\":\"https:\\\/\\\/www.inovallee.com\\\/#organization\"},\"image\":{\"@id\":\"https:\\\/\\\/www.inovallee.com\\\/digigram-acquiert-auvitran-et-renforce-ainsi-sa-position-sur-le-marche-de-laudio-professionnel-mais-aussi-des-communications-critiques-nouveau-levier-de-croissance-qui-represente-deja-35-du\\\/#primaryimage\"},\"thumbnailUrl\":\"https:\\\/\\\/www.inovallee.com\\\/wp-content\\\/uploads\\\/2023\\\/09\\\/Digigram_Auvitran.jpg\",\"keywords\":[\"audio\",\"AUVITRAN\",\"communications critiques\",\"Digigram\",\"smart device\"],\"articleSection\":[\"Sucess stories des entreprises d'inovall\u00e9e\",\"Technopole inovall\u00e9e\"],\"inLanguage\":\"en-GB\"},{\"@type\":\"WebPage\",\"@id\":\"https:\\\/\\\/www.inovallee.com\\\/digigram-acquiert-auvitran-et-renforce-ainsi-sa-position-sur-le-marche-de-laudio-professionnel-mais-aussi-des-communications-critiques-nouveau-levier-de-croissance-qui-represente-deja-35-du\\\/\",\"url\":\"https:\\\/\\\/www.inovallee.com\\\/digigram-acquiert-auvitran-et-renforce-ainsi-sa-position-sur-le-marche-de-laudio-professionnel-mais-aussi-des-communications-critiques-nouveau-levier-de-croissance-qui-represente-deja-35-du\\\/\",\"name\":\"Digigram acquiert AuviTran, et renforce ainsi sa position sur le march\u00e9 de l\u2019audio professionnel mais aussi des communications critiques, nouveau levier de croissance qui repr\u00e9sente d\u00e9j\u00e0 35% du chiffre d\u2019affaires 2023, dont 85% \u00e0 l\u2019international - inovall\u00e9e\",\"isPartOf\":{\"@id\":\"https:\\\/\\\/www.inovallee.com\\\/#website\"},\"primaryImageOfPage\":{\"@id\":\"https:\\\/\\\/www.inovallee.com\\\/digigram-acquiert-auvitran-et-renforce-ainsi-sa-position-sur-le-marche-de-laudio-professionnel-mais-aussi-des-communications-critiques-nouveau-levier-de-croissance-qui-represente-deja-35-du\\\/#primaryimage\"},\"image\":{\"@id\":\"https:\\\/\\\/www.inovallee.com\\\/digigram-acquiert-auvitran-et-renforce-ainsi-sa-position-sur-le-marche-de-laudio-professionnel-mais-aussi-des-communications-critiques-nouveau-levier-de-croissance-qui-represente-deja-35-du\\\/#primaryimage\"},\"thumbnailUrl\":\"https:\\\/\\\/www.inovallee.com\\\/wp-content\\\/uploads\\\/2023\\\/09\\\/Digigram_Auvitran.jpg\",\"datePublished\":\"2023-09-15T15:17:52+00:00\",\"dateModified\":\"2023-09-15T15:17:55+00:00\",\"description\":\"La fusion de Digigram et d'AuviTran marque une nouvelle \u00e9tape de croissance sur le march\u00e9 en plein essor des communications critiques\",\"breadcrumb\":{\"@id\":\"https:\\\/\\\/www.inovallee.com\\\/digigram-acquiert-auvitran-et-renforce-ainsi-sa-position-sur-le-marche-de-laudio-professionnel-mais-aussi-des-communications-critiques-nouveau-levier-de-croissance-qui-represente-deja-35-du\\\/#breadcrumb\"},\"inLanguage\":\"en-GB\",\"potentialAction\":[{\"@type\":\"ReadAction\",\"target\":[\"https:\\\/\\\/www.inovallee.com\\\/digigram-acquiert-auvitran-et-renforce-ainsi-sa-position-sur-le-marche-de-laudio-professionnel-mais-aussi-des-communications-critiques-nouveau-levier-de-croissance-qui-represente-deja-35-du\\\/\"]}]},{\"@type\":\"ImageObject\",\"inLanguage\":\"en-GB\",\"@id\":\"https:\\\/\\\/www.inovallee.com\\\/digigram-acquiert-auvitran-et-renforce-ainsi-sa-position-sur-le-marche-de-laudio-professionnel-mais-aussi-des-communications-critiques-nouveau-levier-de-croissance-qui-represente-deja-35-du\\\/#primaryimage\",\"url\":\"https:\\\/\\\/www.inovallee.com\\\/wp-content\\\/uploads\\\/2023\\\/09\\\/Digigram_Auvitran.jpg\",\"contentUrl\":\"https:\\\/\\\/www.inovallee.com\\\/wp-content\\\/uploads\\\/2023\\\/09\\\/Digigram_Auvitran.jpg\",\"width\":1968,\"height\":1312},{\"@type\":\"BreadcrumbList\",\"@id\":\"https:\\\/\\\/www.inovallee.com\\\/digigram-acquiert-auvitran-et-renforce-ainsi-sa-position-sur-le-marche-de-laudio-professionnel-mais-aussi-des-communications-critiques-nouveau-levier-de-croissance-qui-represente-deja-35-du\\\/#breadcrumb\",\"itemListElement\":[{\"@type\":\"ListItem\",\"position\":1,\"name\":\"Accueil\",\"item\":\"https:\\\/\\\/www.inovallee.com\\\/\"},{\"@type\":\"ListItem\",\"position\":2,\"name\":\"Digigram acquiert AuviTran, et renforce ainsi sa position sur le march\u00e9 de l\u2019audio professionnel mais aussi des communications critiques, nouveau levier de croissance qui repr\u00e9sente d\u00e9j\u00e0 35% du chiffre d\u2019affaires 2023, dont 85% \u00e0 l\u2019international\"}]},{\"@type\":\"WebSite\",\"@id\":\"https:\\\/\\\/www.inovallee.com\\\/#website\",\"url\":\"https:\\\/\\\/www.inovallee.com\\\/\",\"name\":\"inovall\u00e9e technopole, Home to software & smart technologies\",\"description\":\"Home to software &amp; smart technologies\",\"publisher\":{\"@id\":\"https:\\\/\\\/www.inovallee.com\\\/#organization\"},\"potentialAction\":[{\"@type\":\"SearchAction\",\"target\":{\"@type\":\"EntryPoint\",\"urlTemplate\":\"https:\\\/\\\/www.inovallee.com\\\/?s={search_term_string}\"},\"query-input\":{\"@type\":\"PropertyValueSpecification\",\"valueRequired\":true,\"valueName\":\"search_term_string\"}}],\"inLanguage\":\"en-GB\"},{\"@type\":\"Organization\",\"@id\":\"https:\\\/\\\/www.inovallee.com\\\/#organization\",\"name\":\"inovall\u00e9e\",\"url\":\"https:\\\/\\\/www.inovallee.com\\\/\",\"logo\":{\"@type\":\"ImageObject\",\"inLanguage\":\"en-GB\",\"@id\":\"https:\\\/\\\/www.inovallee.com\\\/#\\\/schema\\\/logo\\\/image\\\/\",\"url\":\"https:\\\/\\\/www.inovallee.com\\\/wp-content\\\/uploads\\\/2023\\\/08\\\/inovallee_2022_GrenobleAlpes.png\",\"contentUrl\":\"https:\\\/\\\/www.inovallee.com\\\/wp-content\\\/uploads\\\/2023\\\/08\\\/inovallee_2022_GrenobleAlpes.png\",\"width\":945,\"height\":369,\"caption\":\"inovall\u00e9e\"},\"image\":{\"@id\":\"https:\\\/\\\/www.inovallee.com\\\/#\\\/schema\\\/logo\\\/image\\\/\"},\"sameAs\":[\"https:\\\/\\\/www.facebook.com\\\/technopoleinovallee\\\/\",\"https:\\\/\\\/x.com\\\/inovallee\",\"https:\\\/\\\/www.linkedin.com\\\/company\\\/inovall-e\\\/\",\"https:\\\/\\\/www.youtube.com\\\/user\\\/inovallee?reload=9\"]},{\"@type\":\"Person\",\"@id\":\"https:\\\/\\\/www.inovallee.com\\\/#\\\/schema\\\/person\\\/6cdcf0ed58ac3e1ef08041bdf7815902\",\"name\":\"Claire Chanterelle\"}]}<\/script>\n<!-- \/ Yoast SEO plugin. -->","yoast_head_json":{"title":"Digigram acquiert AuviTran, et renforce ainsi sa position sur le march\u00e9 de l\u2019audio professionnel mais aussi des communications critiques, nouveau levier de croissance qui repr\u00e9sente d\u00e9j\u00e0 35% du chiffre d\u2019affaires 2023, dont 85% \u00e0 l\u2019international - inovall\u00e9e","description":"La fusion de Digigram et d'AuviTran marque une nouvelle \u00e9tape de croissance sur le march\u00e9 en plein essor des communications critiques","robots":{"index":"index","follow":"follow","max-snippet":"max-snippet:-1","max-image-preview":"max-image-preview:large","max-video-preview":"max-video-preview:-1"},"canonical":"https:\/\/www.inovallee.com\/en\/digigram-acquiert-auvitran-et-renforce-ainsi-sa-position-sur-le-marche-de-laudio-professionnel-mais-aussi-des-communications-critiques-nouveau-levier-de-croissance-qui-represente-deja-35-du\/","og_locale":"en_GB","og_type":"article","og_title":"Digigram acquiert AuviTran, et renforce ainsi sa position sur le march\u00e9 de l\u2019audio professionnel mais aussi des communications critiques, nouveau levier de croissance qui repr\u00e9sente d\u00e9j\u00e0 35% du chiffre d\u2019affaires 2023, dont 85% \u00e0 l\u2019international - inovall\u00e9e","og_description":"La fusion de Digigram et d'AuviTran marque une nouvelle \u00e9tape de croissance sur le march\u00e9 en plein essor des communications critiques","og_url":"https:\/\/www.inovallee.com\/en\/digigram-acquiert-auvitran-et-renforce-ainsi-sa-position-sur-le-marche-de-laudio-professionnel-mais-aussi-des-communications-critiques-nouveau-levier-de-croissance-qui-represente-deja-35-du\/","og_site_name":"inovall\u00e9e","article_publisher":"https:\/\/www.facebook.com\/technopoleinovallee\/","article_published_time":"2023-09-15T15:17:52+00:00","article_modified_time":"2023-09-15T15:17:55+00:00","og_image":[{"width":1968,"height":1312,"url":"https:\/\/www.inovallee.com\/wp-content\/uploads\/2023\/09\/Digigram_Auvitran.jpg","type":"image\/jpeg"}],"author":"Claire Chanterelle","twitter_card":"summary_large_image","twitter_creator":"@inovallee","twitter_site":"@inovallee","twitter_misc":{"Written by":"Claire Chanterelle","Estimated reading time":"4 minutes"},"schema":{"@context":"https:\/\/schema.org","@graph":[{"@type":"Article","@id":"https:\/\/www.inovallee.com\/digigram-acquiert-auvitran-et-renforce-ainsi-sa-position-sur-le-marche-de-laudio-professionnel-mais-aussi-des-communications-critiques-nouveau-levier-de-croissance-qui-represente-deja-35-du\/#article","isPartOf":{"@id":"https:\/\/www.inovallee.com\/digigram-acquiert-auvitran-et-renforce-ainsi-sa-position-sur-le-marche-de-laudio-professionnel-mais-aussi-des-communications-critiques-nouveau-levier-de-croissance-qui-represente-deja-35-du\/"},"author":{"name":"Claire Chanterelle","@id":"https:\/\/www.inovallee.com\/#\/schema\/person\/6cdcf0ed58ac3e1ef08041bdf7815902"},"headline":"Digigram acquiert AuviTran, et renforce ainsi sa position sur le march\u00e9 de l\u2019audio professionnel mais aussi des communications critiques, nouveau levier de croissance qui repr\u00e9sente d\u00e9j\u00e0 35% du chiffre d\u2019affaires 2023, dont 85% \u00e0 l\u2019international","datePublished":"2023-09-15T15:17:52+00:00","dateModified":"2023-09-15T15:17:55+00:00","mainEntityOfPage":{"@id":"https:\/\/www.inovallee.com\/digigram-acquiert-auvitran-et-renforce-ainsi-sa-position-sur-le-marche-de-laudio-professionnel-mais-aussi-des-communications-critiques-nouveau-levier-de-croissance-qui-represente-deja-35-du\/"},"wordCount":743,"publisher":{"@id":"https:\/\/www.inovallee.com\/#organization"},"image":{"@id":"https:\/\/www.inovallee.com\/digigram-acquiert-auvitran-et-renforce-ainsi-sa-position-sur-le-marche-de-laudio-professionnel-mais-aussi-des-communications-critiques-nouveau-levier-de-croissance-qui-represente-deja-35-du\/#primaryimage"},"thumbnailUrl":"https:\/\/www.inovallee.com\/wp-content\/uploads\/2023\/09\/Digigram_Auvitran.jpg","keywords":["audio","AUVITRAN","communications critiques","Digigram","smart device"],"articleSection":["Sucess stories des entreprises d'inovall\u00e9e","Technopole inovall\u00e9e"],"inLanguage":"en-GB"},{"@type":"WebPage","@id":"https:\/\/www.inovallee.com\/digigram-acquiert-auvitran-et-renforce-ainsi-sa-position-sur-le-marche-de-laudio-professionnel-mais-aussi-des-communications-critiques-nouveau-levier-de-croissance-qui-represente-deja-35-du\/","url":"https:\/\/www.inovallee.com\/digigram-acquiert-auvitran-et-renforce-ainsi-sa-position-sur-le-marche-de-laudio-professionnel-mais-aussi-des-communications-critiques-nouveau-levier-de-croissance-qui-represente-deja-35-du\/","name":"Digigram acquiert AuviTran, et renforce ainsi sa position sur le march\u00e9 de l\u2019audio professionnel mais aussi des communications critiques, nouveau levier de croissance qui repr\u00e9sente d\u00e9j\u00e0 35% du chiffre d\u2019affaires 2023, dont 85% \u00e0 l\u2019international - inovall\u00e9e","isPartOf":{"@id":"https:\/\/www.inovallee.com\/#website"},"primaryImageOfPage":{"@id":"https:\/\/www.inovallee.com\/digigram-acquiert-auvitran-et-renforce-ainsi-sa-position-sur-le-marche-de-laudio-professionnel-mais-aussi-des-communications-critiques-nouveau-levier-de-croissance-qui-represente-deja-35-du\/#primaryimage"},"image":{"@id":"https:\/\/www.inovallee.com\/digigram-acquiert-auvitran-et-renforce-ainsi-sa-position-sur-le-marche-de-laudio-professionnel-mais-aussi-des-communications-critiques-nouveau-levier-de-croissance-qui-represente-deja-35-du\/#primaryimage"},"thumbnailUrl":"https:\/\/www.inovallee.com\/wp-content\/uploads\/2023\/09\/Digigram_Auvitran.jpg","datePublished":"2023-09-15T15:17:52+00:00","dateModified":"2023-09-15T15:17:55+00:00","description":"La fusion de Digigram et d'AuviTran marque une nouvelle \u00e9tape de croissance sur le march\u00e9 en plein essor des communications critiques","breadcrumb":{"@id":"https:\/\/www.inovallee.com\/digigram-acquiert-auvitran-et-renforce-ainsi-sa-position-sur-le-marche-de-laudio-professionnel-mais-aussi-des-communications-critiques-nouveau-levier-de-croissance-qui-represente-deja-35-du\/#breadcrumb"},"inLanguage":"en-GB","potentialAction":[{"@type":"ReadAction","target":["https:\/\/www.inovallee.com\/digigram-acquiert-auvitran-et-renforce-ainsi-sa-position-sur-le-marche-de-laudio-professionnel-mais-aussi-des-communications-critiques-nouveau-levier-de-croissance-qui-represente-deja-35-du\/"]}]},{"@type":"ImageObject","inLanguage":"en-GB","@id":"https:\/\/www.inovallee.com\/digigram-acquiert-auvitran-et-renforce-ainsi-sa-position-sur-le-marche-de-laudio-professionnel-mais-aussi-des-communications-critiques-nouveau-levier-de-croissance-qui-represente-deja-35-du\/#primaryimage","url":"https:\/\/www.inovallee.com\/wp-content\/uploads\/2023\/09\/Digigram_Auvitran.jpg","contentUrl":"https:\/\/www.inovallee.com\/wp-content\/uploads\/2023\/09\/Digigram_Auvitran.jpg","width":1968,"height":1312},{"@type":"BreadcrumbList","@id":"https:\/\/www.inovallee.com\/digigram-acquiert-auvitran-et-renforce-ainsi-sa-position-sur-le-marche-de-laudio-professionnel-mais-aussi-des-communications-critiques-nouveau-levier-de-croissance-qui-represente-deja-35-du\/#breadcrumb","itemListElement":[{"@type":"ListItem","position":1,"name":"Accueil","item":"https:\/\/www.inovallee.com\/"},{"@type":"ListItem","position":2,"name":"Digigram acquiert AuviTran, et renforce ainsi sa position sur le march\u00e9 de l\u2019audio professionnel mais aussi des communications critiques, nouveau levier de croissance qui repr\u00e9sente d\u00e9j\u00e0 35% du chiffre d\u2019affaires 2023, dont 85% \u00e0 l\u2019international"}]},{"@type":"WebSite","@id":"https:\/\/www.inovallee.com\/#website","url":"https:\/\/www.inovallee.com\/","name":"inovall\u00e9e technopole, Home to software & smart technologies","description":"Home to software &amp; smart technologies","publisher":{"@id":"https:\/\/www.inovallee.com\/#organization"},"potentialAction":[{"@type":"SearchAction","target":{"@type":"EntryPoint","urlTemplate":"https:\/\/www.inovallee.com\/?s={search_term_string}"},"query-input":{"@type":"PropertyValueSpecification","valueRequired":true,"valueName":"search_term_string"}}],"inLanguage":"en-GB"},{"@type":"Organization","@id":"https:\/\/www.inovallee.com\/#organization","name":"inovall\u00e9e","url":"https:\/\/www.inovallee.com\/","logo":{"@type":"ImageObject","inLanguage":"en-GB","@id":"https:\/\/www.inovallee.com\/#\/schema\/logo\/image\/","url":"https:\/\/www.inovallee.com\/wp-content\/uploads\/2023\/08\/inovallee_2022_GrenobleAlpes.png","contentUrl":"https:\/\/www.inovallee.com\/wp-content\/uploads\/2023\/08\/inovallee_2022_GrenobleAlpes.png","width":945,"height":369,"caption":"inovall\u00e9e"},"image":{"@id":"https:\/\/www.inovallee.com\/#\/schema\/logo\/image\/"},"sameAs":["https:\/\/www.facebook.com\/technopoleinovallee\/","https:\/\/x.com\/inovallee","https:\/\/www.linkedin.com\/company\/inovall-e\/","https:\/\/www.youtube.com\/user\/inovallee?reload=9"]},{"@type":"Person","@id":"https:\/\/www.inovallee.com\/#\/schema\/person\/6cdcf0ed58ac3e1ef08041bdf7815902","name":"Claire Chanterelle"}]}},"_links":{"self":[{"href":"https:\/\/www.inovallee.com\/en\/wp-json\/wp\/v2\/posts\/48866","targetHints":{"allow":["GET"]}}],"collection":[{"href":"https:\/\/www.inovallee.com\/en\/wp-json\/wp\/v2\/posts"}],"about":[{"href":"https:\/\/www.inovallee.com\/en\/wp-json\/wp\/v2\/types\/post"}],"author":[{"embeddable":true,"href":"https:\/\/www.inovallee.com\/en\/wp-json\/wp\/v2\/users\/4"}],"replies":[{"embeddable":true,"href":"https:\/\/www.inovallee.com\/en\/wp-json\/wp\/v2\/comments?post=48866"}],"version-history":[{"count":1,"href":"https:\/\/www.inovallee.com\/en\/wp-json\/wp\/v2\/posts\/48866\/revisions"}],"predecessor-version":[{"id":48868,"href":"https:\/\/www.inovallee.com\/en\/wp-json\/wp\/v2\/posts\/48866\/revisions\/48868"}],"wp:featuredmedia":[{"embeddable":true,"href":"https:\/\/www.inovallee.com\/en\/wp-json\/wp\/v2\/media\/48867"}],"wp:attachment":[{"href":"https:\/\/www.inovallee.com\/en\/wp-json\/wp\/v2\/media?parent=48866"}],"wp:term":[{"taxonomy":"category","embeddable":true,"href":"https:\/\/www.inovallee.com\/en\/wp-json\/wp\/v2\/categories?post=48866"},{"taxonomy":"post_tag","embeddable":true,"href":"https:\/\/www.inovallee.com\/en\/wp-json\/wp\/v2\/tags?post=48866"}],"curies":[{"name":"wp","href":"https:\/\/api.w.org\/{rel}","templated":true}]}}