{"id":51044,"date":"2024-03-11T11:26:20","date_gmt":"2024-03-11T10:26:20","guid":{"rendered":"https:\/\/www.inovallee.com\/?p=51044"},"modified":"2024-03-11T11:26:58","modified_gmt":"2024-03-11T10:26:58","slug":"inovallee-implique-ses-entreprises-dans-le-developpement-de-sa-centrale-dachat-en-vue-delargir-son-offre-dachat-de-produits-et-de-services-a-prix-negocies","status":"publish","type":"post","link":"https:\/\/www.inovallee.com\/en\/inovallee-implique-ses-entreprises-dans-le-developpement-de-sa-centrale-dachat-en-vue-delargir-son-offre-dachat-de-produits-et-de-services-a-prix-negocies\/","title":{"rendered":"Inovall\u00e9e implique ses entreprises dans le d\u00e9veloppement de sa centrale d\u2019achat en vue d\u2019\u00e9largir son offre d\u2019achat de produits et de services \u00e0 prix n\u00e9goci\u00e9s"},"content":{"rendered":"<p>inovall\u00e9e a toujours eu \u00e0 coeur d&rsquo;accompagner ses dirigeants et ses entreprises dans leurs challenges. C\u2019est l\u2019une des raisons pour laquelle elle a mis en place une offre de services mutualis\u00e9s pour faciliter le quotidien des petites et moyennes entreprises, le tout \u00e0 des tarifs n\u00e9goci\u00e9s pour ses adh\u00e9rents&nbsp;: locations de salles pour les \u00e9v\u00e9nements, mise \u00e0 disposition d\u2019un stockage pour les archives dormantes, un service de petits travaux avec l\u2019intervention d\u2019un factotum, la collecte de mat\u00e9riels informatiques, le gardiennage pour garantir leur s\u00e9curit\u00e9 sur la technopole\u2026<\/p>\n\n\n\n<p>Parmi ces services, inovall\u00e9e a aussi cr\u00e9\u00e9 sa centrale d\u2019achats et n\u00e9goci\u00e9 des tarifs pr\u00e9f\u00e9rentiels pour ses adh\u00e9rents afin de permettre aux plus petites entreprises de b\u00e9n\u00e9ficier des m\u00eames tarifs que les grands groupes. De l\u2019achat des fournitures, en passant par le mobilier de bureau, les produits de rangement ou de stockage, les produits technologiques jusqu\u2019aux \u00e9quipements informatique, la centrale d\u2019achats inovall\u00e9e r\u00e9pond \u00e0 tous vos besoins.<\/p>\n\n\n\n<h4 class=\"wp-block-heading\"><strong>Aujourd\u2019hui, l\u2019association souhaite permettre aux entreprises de b\u00e9n\u00e9ficier de davantage de tarifs n\u00e9goci\u00e9s sur une plus large offre de services et produits. &nbsp;<\/strong><\/h4>\n\n\n\n<p>Pour ce faire, inovall\u00e9e avait organis\u00e9 en juin dernier une premi\u00e8re r\u00e9union avec les entreprises pour r\u00e9fl\u00e9chir \u00e0 l&rsquo;\u00e9largissement de la centrale d&rsquo;achats \u00e0 de nouvelles familles. Apr\u00e8s ce premier rendez-vous, l\u2019association a fait appel au consultant acheteur Fr\u00e9d\u00e9ric Drzewieckiqui a travaill\u00e9 pendant plusieurs semaines sur ce grand projet. Il a ainsi&nbsp; s\u00e9lectionn\u00e9 les premi\u00e8res familles en fonction des retours qui avaient \u00e9t\u00e9 r\u00e9alis\u00e9s, consult\u00e9 de nouveaux fournisseurs pour \u00e9tudier leurs offres, et mis en \u0153uvre des crit\u00e8res de notation pour le cahier des charges des consultations et permettre la s\u00e9lection des finalistes.<\/p>\n\n\n\n<p>Fr\u00e9d\u00e9ric Drzewiecki a r\u00e9alis\u00e9 une enqu\u00eate \u00ab&nbsp;achats&nbsp;\u00bb pour ensuite affiner les familles et \u00e9valuer les volumes au sein des entreprises.<\/p>\n\n\n\n<h4 class=\"wp-block-heading\"><strong>Rejoignez le groupe de projet ACHAT pour la deuxi\u00e8me r\u00e9union le jeudi 21 mars<\/strong><\/h4>\n\n\n\n<p>Ce long et m\u00e9ticuleux travail sera prochainement pr\u00e9sent\u00e9 lors d\u2019un second rendez-vous pour les entreprises ayant un int\u00e9r\u00eat \u00e0 cette mutualisation de certains postes de d\u00e9penses entre les entreprises d&rsquo;inovall\u00e9e pour b\u00e9n\u00e9ficier d&rsquo;un pouvoir de n\u00e9gociation plus important sur les prix.<\/p>\n\n\n\n<p><strong>La deuxi\u00e8me r\u00e9union de ce groupe de projet ACHAT aura lieu<\/strong> : <br>JEUDI 21 Mars de 12h \u00e0 14h \u00e0 inovall\u00e9e &#8211; 29 chemin du Vieux Ch\u00eane.<\/p>\n\n\n\n<h5 class=\"wp-block-heading\"><strong><a href=\"https:\/\/inovallee.assoconnect.com\/collect\/description\/405004-y-21-mars-groupe-de-travail-achat-2de-reunion-etape-1-du-plan-d-action\" target=\"_blank\" rel=\"noreferrer noopener\">Je m&rsquo;inscris !<\/a><\/strong><\/h5>","protected":false},"excerpt":{"rendered":"<p>inovall\u00e9e a toujours eu \u00e0 coeur d&rsquo;accompagner ses dirigeants et ses entreprises dans leurs challenges. C\u2019est l\u2019une des raisons pour laquelle elle a mis en place une offre de services mutualis\u00e9s pour faciliter le quotidien des petites et moyennes entreprises, le tout \u00e0 des tarifs n\u00e9goci\u00e9s pour ses adh\u00e9rents&nbsp;: locations de salles pour les \u00e9v\u00e9nements, [&hellip;]<\/p>\n","protected":false},"author":18,"featured_media":51045,"comment_status":"closed","ping_status":"open","sticky":false,"template":"","format":"standard","meta":{"footnotes":""},"categories":[57],"tags":[1188],"class_list":["post-51044","post","type-post","status-publish","format-standard","has-post-thumbnail","hentry","category-services-mutualises","tag-centrale-dachats"],"yoast_head":"<!-- This site is optimized with the Yoast SEO plugin v27.4 - https:\/\/yoast.com\/product\/yoast-seo-wordpress\/ -->\n<title>Inovall\u00e9e implique ses entreprises dans le d\u00e9veloppement de sa centrale d\u2019achat en vue d\u2019\u00e9largir son offre d\u2019achat de produits et de services \u00e0 prix n\u00e9goci\u00e9s - inovall\u00e9e<\/title>\n<meta name=\"description\" content=\"inovall\u00e9e propose \u00e0 ses entreprises des tarifs n\u00e9goci\u00e9s sur des services et produits avec sa centrale d&#039;achats qu&#039;elle continue de d\u00e9velopper\" \/>\n<meta name=\"robots\" content=\"index, follow, max-snippet:-1, max-image-preview:large, max-video-preview:-1\" \/>\n<link rel=\"canonical\" href=\"https:\/\/www.inovallee.com\/en\/inovallee-implique-ses-entreprises-dans-le-developpement-de-sa-centrale-dachat-en-vue-delargir-son-offre-dachat-de-produits-et-de-services-a-prix-negocies\/\" \/>\n<meta property=\"og:locale\" content=\"en_GB\" \/>\n<meta property=\"og:type\" content=\"article\" \/>\n<meta property=\"og:title\" content=\"Inovall\u00e9e implique ses entreprises dans le d\u00e9veloppement de sa centrale d\u2019achat en vue d\u2019\u00e9largir son offre d\u2019achat de produits et de services \u00e0 prix n\u00e9goci\u00e9s - inovall\u00e9e\" \/>\n<meta property=\"og:description\" content=\"inovall\u00e9e propose \u00e0 ses entreprises des tarifs n\u00e9goci\u00e9s sur des services et produits avec sa centrale d&#039;achats qu&#039;elle continue de d\u00e9velopper\" \/>\n<meta property=\"og:url\" content=\"https:\/\/www.inovallee.com\/en\/inovallee-implique-ses-entreprises-dans-le-developpement-de-sa-centrale-dachat-en-vue-delargir-son-offre-dachat-de-produits-et-de-services-a-prix-negocies\/\" \/>\n<meta property=\"og:site_name\" content=\"inovall\u00e9e\" \/>\n<meta property=\"article:publisher\" content=\"https:\/\/www.facebook.com\/technopoleinovallee\/\" \/>\n<meta property=\"article:published_time\" content=\"2024-03-11T10:26:20+00:00\" \/>\n<meta property=\"article:modified_time\" content=\"2024-03-11T10:26:58+00:00\" \/>\n<meta property=\"og:image\" content=\"https:\/\/www.inovallee.com\/wp-content\/uploads\/2024\/03\/groupe-de-travail-achat.png\" \/>\n\t<meta property=\"og:image:width\" content=\"1200\" \/>\n\t<meta property=\"og:image:height\" content=\"628\" \/>\n\t<meta property=\"og:image:type\" content=\"image\/png\" \/>\n<meta name=\"author\" content=\"Margaux De la Fuente\" \/>\n<meta name=\"twitter:card\" content=\"summary_large_image\" \/>\n<meta name=\"twitter:creator\" content=\"@inovallee\" \/>\n<meta name=\"twitter:site\" content=\"@inovallee\" \/>\n<meta name=\"twitter:label1\" content=\"Written by\" \/>\n\t<meta name=\"twitter:data1\" content=\"Margaux De la Fuente\" \/>\n\t<meta name=\"twitter:label2\" content=\"Estimated reading time\" \/>\n\t<meta name=\"twitter:data2\" content=\"3 minutes\" \/>\n<script type=\"application\/ld+json\" class=\"yoast-schema-graph\">{\"@context\":\"https:\\\/\\\/schema.org\",\"@graph\":[{\"@type\":\"Article\",\"@id\":\"https:\\\/\\\/www.inovallee.com\\\/inovallee-implique-ses-entreprises-dans-le-developpement-de-sa-centrale-dachat-en-vue-delargir-son-offre-dachat-de-produits-et-de-services-a-prix-negocies\\\/#article\",\"isPartOf\":{\"@id\":\"https:\\\/\\\/www.inovallee.com\\\/inovallee-implique-ses-entreprises-dans-le-developpement-de-sa-centrale-dachat-en-vue-delargir-son-offre-dachat-de-produits-et-de-services-a-prix-negocies\\\/\"},\"author\":{\"name\":\"Margaux De la Fuente\",\"@id\":\"https:\\\/\\\/www.inovallee.com\\\/#\\\/schema\\\/person\\\/92dc7fd313568f5cc54aba72aba732fe\"},\"headline\":\"Inovall\u00e9e implique ses entreprises dans le d\u00e9veloppement de sa centrale d\u2019achat en vue d\u2019\u00e9largir son offre d\u2019achat de produits et de services \u00e0 prix n\u00e9goci\u00e9s\",\"datePublished\":\"2024-03-11T10:26:20+00:00\",\"dateModified\":\"2024-03-11T10:26:58+00:00\",\"mainEntityOfPage\":{\"@id\":\"https:\\\/\\\/www.inovallee.com\\\/inovallee-implique-ses-entreprises-dans-le-developpement-de-sa-centrale-dachat-en-vue-delargir-son-offre-dachat-de-produits-et-de-services-a-prix-negocies\\\/\"},\"wordCount\":470,\"publisher\":{\"@id\":\"https:\\\/\\\/www.inovallee.com\\\/#organization\"},\"image\":{\"@id\":\"https:\\\/\\\/www.inovallee.com\\\/inovallee-implique-ses-entreprises-dans-le-developpement-de-sa-centrale-dachat-en-vue-delargir-son-offre-dachat-de-produits-et-de-services-a-prix-negocies\\\/#primaryimage\"},\"thumbnailUrl\":\"https:\\\/\\\/www.inovallee.com\\\/wp-content\\\/uploads\\\/2024\\\/03\\\/groupe-de-travail-achat.png\",\"keywords\":[\"centrale d'achats\"],\"articleSection\":[\"Achats et services mutualis\u00e9s\"],\"inLanguage\":\"en-GB\"},{\"@type\":\"WebPage\",\"@id\":\"https:\\\/\\\/www.inovallee.com\\\/inovallee-implique-ses-entreprises-dans-le-developpement-de-sa-centrale-dachat-en-vue-delargir-son-offre-dachat-de-produits-et-de-services-a-prix-negocies\\\/\",\"url\":\"https:\\\/\\\/www.inovallee.com\\\/inovallee-implique-ses-entreprises-dans-le-developpement-de-sa-centrale-dachat-en-vue-delargir-son-offre-dachat-de-produits-et-de-services-a-prix-negocies\\\/\",\"name\":\"Inovall\u00e9e implique ses entreprises dans le d\u00e9veloppement de sa centrale d\u2019achat en vue d\u2019\u00e9largir son offre d\u2019achat de produits et de services \u00e0 prix n\u00e9goci\u00e9s - inovall\u00e9e\",\"isPartOf\":{\"@id\":\"https:\\\/\\\/www.inovallee.com\\\/#website\"},\"primaryImageOfPage\":{\"@id\":\"https:\\\/\\\/www.inovallee.com\\\/inovallee-implique-ses-entreprises-dans-le-developpement-de-sa-centrale-dachat-en-vue-delargir-son-offre-dachat-de-produits-et-de-services-a-prix-negocies\\\/#primaryimage\"},\"image\":{\"@id\":\"https:\\\/\\\/www.inovallee.com\\\/inovallee-implique-ses-entreprises-dans-le-developpement-de-sa-centrale-dachat-en-vue-delargir-son-offre-dachat-de-produits-et-de-services-a-prix-negocies\\\/#primaryimage\"},\"thumbnailUrl\":\"https:\\\/\\\/www.inovallee.com\\\/wp-content\\\/uploads\\\/2024\\\/03\\\/groupe-de-travail-achat.png\",\"datePublished\":\"2024-03-11T10:26:20+00:00\",\"dateModified\":\"2024-03-11T10:26:58+00:00\",\"description\":\"inovall\u00e9e propose \u00e0 ses entreprises des tarifs n\u00e9goci\u00e9s sur des services et produits avec sa centrale d'achats qu'elle continue de d\u00e9velopper\",\"breadcrumb\":{\"@id\":\"https:\\\/\\\/www.inovallee.com\\\/inovallee-implique-ses-entreprises-dans-le-developpement-de-sa-centrale-dachat-en-vue-delargir-son-offre-dachat-de-produits-et-de-services-a-prix-negocies\\\/#breadcrumb\"},\"inLanguage\":\"en-GB\",\"potentialAction\":[{\"@type\":\"ReadAction\",\"target\":[\"https:\\\/\\\/www.inovallee.com\\\/inovallee-implique-ses-entreprises-dans-le-developpement-de-sa-centrale-dachat-en-vue-delargir-son-offre-dachat-de-produits-et-de-services-a-prix-negocies\\\/\"]}]},{\"@type\":\"ImageObject\",\"inLanguage\":\"en-GB\",\"@id\":\"https:\\\/\\\/www.inovallee.com\\\/inovallee-implique-ses-entreprises-dans-le-developpement-de-sa-centrale-dachat-en-vue-delargir-son-offre-dachat-de-produits-et-de-services-a-prix-negocies\\\/#primaryimage\",\"url\":\"https:\\\/\\\/www.inovallee.com\\\/wp-content\\\/uploads\\\/2024\\\/03\\\/groupe-de-travail-achat.png\",\"contentUrl\":\"https:\\\/\\\/www.inovallee.com\\\/wp-content\\\/uploads\\\/2024\\\/03\\\/groupe-de-travail-achat.png\",\"width\":1200,\"height\":628},{\"@type\":\"BreadcrumbList\",\"@id\":\"https:\\\/\\\/www.inovallee.com\\\/inovallee-implique-ses-entreprises-dans-le-developpement-de-sa-centrale-dachat-en-vue-delargir-son-offre-dachat-de-produits-et-de-services-a-prix-negocies\\\/#breadcrumb\",\"itemListElement\":[{\"@type\":\"ListItem\",\"position\":1,\"name\":\"Accueil\",\"item\":\"https:\\\/\\\/www.inovallee.com\\\/\"},{\"@type\":\"ListItem\",\"position\":2,\"name\":\"Inovall\u00e9e implique ses entreprises dans le d\u00e9veloppement de sa centrale d\u2019achat en vue d\u2019\u00e9largir son offre d\u2019achat de produits et de services \u00e0 prix n\u00e9goci\u00e9s\"}]},{\"@type\":\"WebSite\",\"@id\":\"https:\\\/\\\/www.inovallee.com\\\/#website\",\"url\":\"https:\\\/\\\/www.inovallee.com\\\/\",\"name\":\"inovall\u00e9e technopole, Home to software & smart technologies\",\"description\":\"Home to software &amp; smart technologies\",\"publisher\":{\"@id\":\"https:\\\/\\\/www.inovallee.com\\\/#organization\"},\"potentialAction\":[{\"@type\":\"SearchAction\",\"target\":{\"@type\":\"EntryPoint\",\"urlTemplate\":\"https:\\\/\\\/www.inovallee.com\\\/?s={search_term_string}\"},\"query-input\":{\"@type\":\"PropertyValueSpecification\",\"valueRequired\":true,\"valueName\":\"search_term_string\"}}],\"inLanguage\":\"en-GB\"},{\"@type\":\"Organization\",\"@id\":\"https:\\\/\\\/www.inovallee.com\\\/#organization\",\"name\":\"inovall\u00e9e\",\"url\":\"https:\\\/\\\/www.inovallee.com\\\/\",\"logo\":{\"@type\":\"ImageObject\",\"inLanguage\":\"en-GB\",\"@id\":\"https:\\\/\\\/www.inovallee.com\\\/#\\\/schema\\\/logo\\\/image\\\/\",\"url\":\"https:\\\/\\\/www.inovallee.com\\\/wp-content\\\/uploads\\\/2023\\\/08\\\/inovallee_2022_GrenobleAlpes.png\",\"contentUrl\":\"https:\\\/\\\/www.inovallee.com\\\/wp-content\\\/uploads\\\/2023\\\/08\\\/inovallee_2022_GrenobleAlpes.png\",\"width\":945,\"height\":369,\"caption\":\"inovall\u00e9e\"},\"image\":{\"@id\":\"https:\\\/\\\/www.inovallee.com\\\/#\\\/schema\\\/logo\\\/image\\\/\"},\"sameAs\":[\"https:\\\/\\\/www.facebook.com\\\/technopoleinovallee\\\/\",\"https:\\\/\\\/x.com\\\/inovallee\",\"https:\\\/\\\/www.linkedin.com\\\/company\\\/inovall-e\\\/\",\"https:\\\/\\\/www.youtube.com\\\/user\\\/inovallee?reload=9\"]},{\"@type\":\"Person\",\"@id\":\"https:\\\/\\\/www.inovallee.com\\\/#\\\/schema\\\/person\\\/92dc7fd313568f5cc54aba72aba732fe\",\"name\":\"Margaux De la Fuente\"}]}<\/script>\n<!-- \/ Yoast SEO plugin. -->","yoast_head_json":{"title":"Inovall\u00e9e implique ses entreprises dans le d\u00e9veloppement de sa centrale d\u2019achat en vue d\u2019\u00e9largir son offre d\u2019achat de produits et de services \u00e0 prix n\u00e9goci\u00e9s - inovall\u00e9e","description":"inovall\u00e9e propose \u00e0 ses entreprises des tarifs n\u00e9goci\u00e9s sur des services et produits avec sa centrale d'achats qu'elle continue de d\u00e9velopper","robots":{"index":"index","follow":"follow","max-snippet":"max-snippet:-1","max-image-preview":"max-image-preview:large","max-video-preview":"max-video-preview:-1"},"canonical":"https:\/\/www.inovallee.com\/en\/inovallee-implique-ses-entreprises-dans-le-developpement-de-sa-centrale-dachat-en-vue-delargir-son-offre-dachat-de-produits-et-de-services-a-prix-negocies\/","og_locale":"en_GB","og_type":"article","og_title":"Inovall\u00e9e implique ses entreprises dans le d\u00e9veloppement de sa centrale d\u2019achat en vue d\u2019\u00e9largir son offre d\u2019achat de produits et de services \u00e0 prix n\u00e9goci\u00e9s - inovall\u00e9e","og_description":"inovall\u00e9e propose \u00e0 ses entreprises des tarifs n\u00e9goci\u00e9s sur des services et produits avec sa centrale d'achats qu'elle continue de d\u00e9velopper","og_url":"https:\/\/www.inovallee.com\/en\/inovallee-implique-ses-entreprises-dans-le-developpement-de-sa-centrale-dachat-en-vue-delargir-son-offre-dachat-de-produits-et-de-services-a-prix-negocies\/","og_site_name":"inovall\u00e9e","article_publisher":"https:\/\/www.facebook.com\/technopoleinovallee\/","article_published_time":"2024-03-11T10:26:20+00:00","article_modified_time":"2024-03-11T10:26:58+00:00","og_image":[{"width":1200,"height":628,"url":"https:\/\/www.inovallee.com\/wp-content\/uploads\/2024\/03\/groupe-de-travail-achat.png","type":"image\/png"}],"author":"Margaux De la Fuente","twitter_card":"summary_large_image","twitter_creator":"@inovallee","twitter_site":"@inovallee","twitter_misc":{"Written by":"Margaux De la Fuente","Estimated reading time":"3 minutes"},"schema":{"@context":"https:\/\/schema.org","@graph":[{"@type":"Article","@id":"https:\/\/www.inovallee.com\/inovallee-implique-ses-entreprises-dans-le-developpement-de-sa-centrale-dachat-en-vue-delargir-son-offre-dachat-de-produits-et-de-services-a-prix-negocies\/#article","isPartOf":{"@id":"https:\/\/www.inovallee.com\/inovallee-implique-ses-entreprises-dans-le-developpement-de-sa-centrale-dachat-en-vue-delargir-son-offre-dachat-de-produits-et-de-services-a-prix-negocies\/"},"author":{"name":"Margaux De la Fuente","@id":"https:\/\/www.inovallee.com\/#\/schema\/person\/92dc7fd313568f5cc54aba72aba732fe"},"headline":"Inovall\u00e9e implique ses entreprises dans le d\u00e9veloppement de sa centrale d\u2019achat en vue d\u2019\u00e9largir son offre d\u2019achat de produits et de services \u00e0 prix n\u00e9goci\u00e9s","datePublished":"2024-03-11T10:26:20+00:00","dateModified":"2024-03-11T10:26:58+00:00","mainEntityOfPage":{"@id":"https:\/\/www.inovallee.com\/inovallee-implique-ses-entreprises-dans-le-developpement-de-sa-centrale-dachat-en-vue-delargir-son-offre-dachat-de-produits-et-de-services-a-prix-negocies\/"},"wordCount":470,"publisher":{"@id":"https:\/\/www.inovallee.com\/#organization"},"image":{"@id":"https:\/\/www.inovallee.com\/inovallee-implique-ses-entreprises-dans-le-developpement-de-sa-centrale-dachat-en-vue-delargir-son-offre-dachat-de-produits-et-de-services-a-prix-negocies\/#primaryimage"},"thumbnailUrl":"https:\/\/www.inovallee.com\/wp-content\/uploads\/2024\/03\/groupe-de-travail-achat.png","keywords":["centrale d'achats"],"articleSection":["Achats et services mutualis\u00e9s"],"inLanguage":"en-GB"},{"@type":"WebPage","@id":"https:\/\/www.inovallee.com\/inovallee-implique-ses-entreprises-dans-le-developpement-de-sa-centrale-dachat-en-vue-delargir-son-offre-dachat-de-produits-et-de-services-a-prix-negocies\/","url":"https:\/\/www.inovallee.com\/inovallee-implique-ses-entreprises-dans-le-developpement-de-sa-centrale-dachat-en-vue-delargir-son-offre-dachat-de-produits-et-de-services-a-prix-negocies\/","name":"Inovall\u00e9e implique ses entreprises dans le d\u00e9veloppement de sa centrale d\u2019achat en vue d\u2019\u00e9largir son offre d\u2019achat de produits et de services \u00e0 prix n\u00e9goci\u00e9s - inovall\u00e9e","isPartOf":{"@id":"https:\/\/www.inovallee.com\/#website"},"primaryImageOfPage":{"@id":"https:\/\/www.inovallee.com\/inovallee-implique-ses-entreprises-dans-le-developpement-de-sa-centrale-dachat-en-vue-delargir-son-offre-dachat-de-produits-et-de-services-a-prix-negocies\/#primaryimage"},"image":{"@id":"https:\/\/www.inovallee.com\/inovallee-implique-ses-entreprises-dans-le-developpement-de-sa-centrale-dachat-en-vue-delargir-son-offre-dachat-de-produits-et-de-services-a-prix-negocies\/#primaryimage"},"thumbnailUrl":"https:\/\/www.inovallee.com\/wp-content\/uploads\/2024\/03\/groupe-de-travail-achat.png","datePublished":"2024-03-11T10:26:20+00:00","dateModified":"2024-03-11T10:26:58+00:00","description":"inovall\u00e9e propose \u00e0 ses entreprises des tarifs n\u00e9goci\u00e9s sur des services et produits avec sa centrale d'achats qu'elle continue de d\u00e9velopper","breadcrumb":{"@id":"https:\/\/www.inovallee.com\/inovallee-implique-ses-entreprises-dans-le-developpement-de-sa-centrale-dachat-en-vue-delargir-son-offre-dachat-de-produits-et-de-services-a-prix-negocies\/#breadcrumb"},"inLanguage":"en-GB","potentialAction":[{"@type":"ReadAction","target":["https:\/\/www.inovallee.com\/inovallee-implique-ses-entreprises-dans-le-developpement-de-sa-centrale-dachat-en-vue-delargir-son-offre-dachat-de-produits-et-de-services-a-prix-negocies\/"]}]},{"@type":"ImageObject","inLanguage":"en-GB","@id":"https:\/\/www.inovallee.com\/inovallee-implique-ses-entreprises-dans-le-developpement-de-sa-centrale-dachat-en-vue-delargir-son-offre-dachat-de-produits-et-de-services-a-prix-negocies\/#primaryimage","url":"https:\/\/www.inovallee.com\/wp-content\/uploads\/2024\/03\/groupe-de-travail-achat.png","contentUrl":"https:\/\/www.inovallee.com\/wp-content\/uploads\/2024\/03\/groupe-de-travail-achat.png","width":1200,"height":628},{"@type":"BreadcrumbList","@id":"https:\/\/www.inovallee.com\/inovallee-implique-ses-entreprises-dans-le-developpement-de-sa-centrale-dachat-en-vue-delargir-son-offre-dachat-de-produits-et-de-services-a-prix-negocies\/#breadcrumb","itemListElement":[{"@type":"ListItem","position":1,"name":"Accueil","item":"https:\/\/www.inovallee.com\/"},{"@type":"ListItem","position":2,"name":"Inovall\u00e9e implique ses entreprises dans le d\u00e9veloppement de sa centrale d\u2019achat en vue d\u2019\u00e9largir son offre d\u2019achat de produits et de services \u00e0 prix n\u00e9goci\u00e9s"}]},{"@type":"WebSite","@id":"https:\/\/www.inovallee.com\/#website","url":"https:\/\/www.inovallee.com\/","name":"inovall\u00e9e technopole, Home to software & smart technologies","description":"Home to software &amp; smart technologies","publisher":{"@id":"https:\/\/www.inovallee.com\/#organization"},"potentialAction":[{"@type":"SearchAction","target":{"@type":"EntryPoint","urlTemplate":"https:\/\/www.inovallee.com\/?s={search_term_string}"},"query-input":{"@type":"PropertyValueSpecification","valueRequired":true,"valueName":"search_term_string"}}],"inLanguage":"en-GB"},{"@type":"Organization","@id":"https:\/\/www.inovallee.com\/#organization","name":"inovall\u00e9e","url":"https:\/\/www.inovallee.com\/","logo":{"@type":"ImageObject","inLanguage":"en-GB","@id":"https:\/\/www.inovallee.com\/#\/schema\/logo\/image\/","url":"https:\/\/www.inovallee.com\/wp-content\/uploads\/2023\/08\/inovallee_2022_GrenobleAlpes.png","contentUrl":"https:\/\/www.inovallee.com\/wp-content\/uploads\/2023\/08\/inovallee_2022_GrenobleAlpes.png","width":945,"height":369,"caption":"inovall\u00e9e"},"image":{"@id":"https:\/\/www.inovallee.com\/#\/schema\/logo\/image\/"},"sameAs":["https:\/\/www.facebook.com\/technopoleinovallee\/","https:\/\/x.com\/inovallee","https:\/\/www.linkedin.com\/company\/inovall-e\/","https:\/\/www.youtube.com\/user\/inovallee?reload=9"]},{"@type":"Person","@id":"https:\/\/www.inovallee.com\/#\/schema\/person\/92dc7fd313568f5cc54aba72aba732fe","name":"Margaux De la Fuente"}]}},"_links":{"self":[{"href":"https:\/\/www.inovallee.com\/en\/wp-json\/wp\/v2\/posts\/51044","targetHints":{"allow":["GET"]}}],"collection":[{"href":"https:\/\/www.inovallee.com\/en\/wp-json\/wp\/v2\/posts"}],"about":[{"href":"https:\/\/www.inovallee.com\/en\/wp-json\/wp\/v2\/types\/post"}],"author":[{"embeddable":true,"href":"https:\/\/www.inovallee.com\/en\/wp-json\/wp\/v2\/users\/18"}],"replies":[{"embeddable":true,"href":"https:\/\/www.inovallee.com\/en\/wp-json\/wp\/v2\/comments?post=51044"}],"version-history":[{"count":1,"href":"https:\/\/www.inovallee.com\/en\/wp-json\/wp\/v2\/posts\/51044\/revisions"}],"predecessor-version":[{"id":51046,"href":"https:\/\/www.inovallee.com\/en\/wp-json\/wp\/v2\/posts\/51044\/revisions\/51046"}],"wp:featuredmedia":[{"embeddable":true,"href":"https:\/\/www.inovallee.com\/en\/wp-json\/wp\/v2\/media\/51045"}],"wp:attachment":[{"href":"https:\/\/www.inovallee.com\/en\/wp-json\/wp\/v2\/media?parent=51044"}],"wp:term":[{"taxonomy":"category","embeddable":true,"href":"https:\/\/www.inovallee.com\/en\/wp-json\/wp\/v2\/categories?post=51044"},{"taxonomy":"post_tag","embeddable":true,"href":"https:\/\/www.inovallee.com\/en\/wp-json\/wp\/v2\/tags?post=51044"}],"curies":[{"name":"wp","href":"https:\/\/api.w.org\/{rel}","templated":true}]}}