{"id":51994,"date":"2024-04-11T09:01:16","date_gmt":"2024-04-11T07:01:16","guid":{"rendered":"https:\/\/www.inovallee.com\/?p=51994"},"modified":"2024-04-11T09:36:59","modified_gmt":"2024-04-11T07:36:59","slug":"le-tarmac-un-collectif-engage-zoom-sur-les-hommes-et-femmes-qui-en-sont-ladn","status":"publish","type":"post","link":"https:\/\/www.inovallee.com\/en\/le-tarmac-un-collectif-engage-zoom-sur-les-hommes-et-femmes-qui-en-sont-ladn\/","title":{"rendered":"Le Tarmac, un collectif engag\u00e9\u00a0: zoom sur les hommes et femmes qui en sont l\u2019ADN"},"content":{"rendered":"<h3 class=\"wp-block-heading\">Le Tarmac, pas une entit\u00e9 juridique, mais une aventure humaine et collective<\/h3>\n\n\n\n<p>On f\u00eate cette ann\u00e9e les 10 ans du Tarmac&nbsp;et pourtant \u2026 le Tarmac n\u2019existe pas&nbsp;! Pas en tant que structure juridique en tout cas.<\/p>\n\n\n\n<p>Le Tarmac est le fruit de l\u2019intelligence collective et d\u2019un partenariat public \/ priv\u00e9 entre l\u2019association inovall\u00e9e et les collectivit\u00e9s&nbsp;:<\/p>\n\n\n\n<ul class=\"wp-block-list\">\n<li>L\u2019association qui forte de ses 50 ans d\u2019exp\u00e9rience en d\u00e9veloppement \u00e9co par l\u2019innovation, anime l\u2019incubateur et accompagne les entrepreneurs<\/li>\n\n\n\n<li>Les collectivit\u00e9s qui ont investi dans les outils immobiliers, en assurent la gestion, portent le risque locatif ET soutiennent financi\u00e8rement inovall\u00e9e pour ses missions&nbsp; d\u2019accompagnement.<\/li>\n\n\n\n<li>Et les 150 partenaires de l\u2019\u00e9cosyst\u00e8me qui soutiennent par leur expertise l\u2019\u00e9quipe dans ses actions quotidiennes d\u2019accompagnement.<\/li>\n<\/ul>\n\n\n\n<p>F\u00eater les 10 ans du Tarmac, c\u2019\u00e9tait donc f\u00eater une r\u00e9ussite collective en se souvenant du r\u00f4le central qu\u2019on jou\u00e9, jouet et joueront les collectivit\u00e9s publiques dans le dispositif d\u2019incubation.<\/p>\n\n\n\n<p>Et derri\u00e8re le Tarmac, il y a d\u2019abord et surtout, des hommes et femmes engag\u00e9es au quotidien dans l\u2019aventure. La parole leur revient&nbsp;:<\/p>\n\n\n\n<h2 class=\"wp-block-heading\">Les \u00e9lus<\/h2>\n\n\n\n<figure class=\"wp-block-image size-large\"><img fetchpriority=\"high\" decoding=\"async\" width=\"1024\" height=\"681\" src=\"https:\/\/www.inovallee.com\/wp-content\/uploads\/2024\/04\/elus_tarmac-1024x681.jpg\" alt=\"\" class=\"wp-image-52001\" srcset=\"https:\/\/www.inovallee.com\/wp-content\/uploads\/2024\/04\/elus_tarmac-1024x681.jpg 1024w, https:\/\/www.inovallee.com\/wp-content\/uploads\/2024\/04\/elus_tarmac-300x200.jpg 300w, https:\/\/www.inovallee.com\/wp-content\/uploads\/2024\/04\/elus_tarmac-768x511.jpg 768w, https:\/\/www.inovallee.com\/wp-content\/uploads\/2024\/04\/elus_tarmac-1536x1022.jpg 1536w, https:\/\/www.inovallee.com\/wp-content\/uploads\/2024\/04\/elus_tarmac-scaled.jpg 2048w, https:\/\/www.inovallee.com\/wp-content\/uploads\/2024\/04\/elus_tarmac-1320x878.jpg 1320w\" sizes=\"(max-width: 1024px) 100vw, 1024px\" \/><\/figure>\n\n\n\n<h3 class=\"wp-block-heading\">Guy Jullien, Vice Pr\u00e9sident \u00e0 l\u2019\u00e9conomie, Grenoble Alpes M\u00e9tropole<\/h3>\n\n\n\n<p>\u00ab La m\u00e9tropole a historiquement toujours \u00e9t\u00e9 tr\u00e8s active dans le soutien \u00e0 la cr\u00e9ation d\u2019activit\u00e9 (cf Cr\u00e9afil, site je cr\u00e9e ma boite,&nbsp;soutien aux structures d\u2019accompagnement comme la Pousada \u2026). Avec un territoire reconnu comme l\u2019un des 5 plus innovants au monde selon Forbes, il \u00e9tait n\u00e9cessaire de se doter d\u2019outils sp\u00e9cifiques \u00e0 l\u2019accueil et l\u2019accompagnement de startups techs, qui sont l\u2019ADN grenoblois. C\u2019est la Ville de Meylan qui avait initialement fait le choix d\u2019investir dans le Tarmac M, et d\u2019en confier la gestion \u00e0 un outil d\u00e9di\u00e9, la SPL Inovaction, dont je suis le Pr\u00e9sident. Apr\u00e8s la loi Notre, c\u2019est donc tout naturellement que la m\u00e9tropole a repris le b\u00e2timent, et a fait d\u2019Inovaction (devenue une SEM), un outil global de soutien au d\u00e9veloppement d\u2019activit\u00e9.<\/p>\n\n\n\n<p>&nbsp;En une d\u00e9cennie, le Tarmac a su devenir un acteur incontournable de notre \u00e9cosyst\u00e8me d\u2019innovation et est embl\u00e9matique de la r\u00e9ussite de notre territoire class\u00e9 5e plus innovants au monde selon Forbes. La p\u00e9pini\u00e8re a ainsi permis l\u2019\u00e9closion de start-ups au succ\u00e8s retentissant, comme le fabricant de biogaz Waga Energy et sa lev\u00e9e de fonds de 124 millions d\u2019euros.<\/p>\n\n\n\n<p>Ce succ\u00e8s ne tient pas uniquement \u00e0 son offre d\u2019accompagnement de qualit\u00e9 qui sait r\u00e9pondre aux besoins des entrepreneurs de notre territoire. Mais par l\u2019\u00e9tat d\u2019esprit qui y r\u00e8gne, de mettre l\u2019humain au centre de toutes les innovations, et l\u2019assurance pour les entrepreneurs d\u2019int\u00e9grer une communaut\u00e9 entrepreneuriale, avec quelques 150 \u00e9v\u00e9nements par an.<\/p>\n\n\n\n<p>Le Tarmac est surtout le fruit d\u2019une collaboration r\u00e9ussie entre Grenoble Alpes M\u00e9tropole, le Gr\u00e9sivaudan, l\u2019association Inovall\u00e9e et la SEM Inovaction. En cela, il nous prouve que les acteurs publics de plusieurs territoires peuvent s\u2019engager efficacement ensemble pour mieux accompagner.<\/p>\n\n\n\n<p>De nouveaux d\u00e9fis se pr\u00e9sentent sur le Tarmac. D\u2019abord une requali\u00adfication du b\u00e2timent meylanais qui n\u2019est plus aux normes en termes de confort thermique, phonique et vis-\u00e0-vis des enjeux \u00e9cologiques. Accompagn\u00e9 par Grenoble Alpes M\u00e9tropole, ce chantier sera aussi l\u2019occasion de rendre le site plus at\u00adtractif et plus chaleureux. Le Tarmac accueille de nombreux projets deeptechs en phase tr\u00e8s amont, dont certains ont des perspectives industrielles qui contribueront sans aucun doute aux enjeux de souverainet\u00e9 et de r\u00e9industrialisation. La m\u00e9tropole a \u00e0 c\u0153ur de pouvoir les accueillir sur inovall\u00e9e Meylan en sortie d\u2019incubation dans de nouveaux programmes mixtes ateliers \/ labos \/ bureaux pour de la petite industrie smart technologies, qui est l\u2019ADN historique d\u2019inovall\u00e9e.&nbsp;\u00bb<\/p>\n\n\n\n<h3 class=\"wp-block-heading\">Jean-Fran\u00e7ois Clappaz, Vice Pr\u00e9sident \u00e0 l\u2019\u00e9conomie, Le Gr\u00e9sivaudan<\/h3>\n\n\n\n<p>Bien avant la naissance de la communaut\u00e9 de communes Le Gr\u00e9sivaudan en 2009, des collectivit\u00e9s ont \u0153uvr\u00e9 pour aider les jeunes pousses dans la cr\u00e9ation de leur entreprise par le biais d\u2019achat et d\u2019am\u00e9nagement de locaux situ\u00e9s sur des friches industrielles.<\/p>\n\n\n\n<p>Ainsi ce sont 2 p\u00e9pini\u00e8res et ateliers relais qui maillent le territoire du Gr\u00e9sivaudan.<\/p>\n\n\n\n<p>Le d\u00e9veloppement \u00e9conomique du territoire, associ\u00e9 \u00e0 une forte volont\u00e9 politique a favoris\u00e9 l\u2019ascension d\u2019entreprises qui font rayonner le Gr\u00e9sivaudan : Atral qui a d\u00e9but\u00e9 dans des ateliers-relais sur Crolles, KAENA qui a investi la p\u00e9pini\u00e8re Eurekalp \u00e0 St Vincent de Mercuze , Escadrone qui a d\u00e9marr\u00e9 son activit\u00e9 sur la commune de Villard-Bonnot \u00e0 la p\u00e9pini\u00e8re Berg\u00e8s\u2026<\/p>\n\n\n\n<p>Aussi, lorsqu\u2019en 2015, l\u2019INP-ENSIMAG a laiss\u00e9 ses locaux vacant, Le Gr\u00e9sivaudan a fait le choix de les acqu\u00e9rir pour en faire l\u2019atelier num\u00e9rique Andr\u00e9 Eymery en plein c\u0153ur d\u2019Inovall\u00e9e.<\/p>\n\n\n\n<p>La communaut\u00e9 de communes a investi pr\u00e8s de 2,7M\u20ac dans ce b\u00e2timent (2,5M\u20ac pour l\u2019acquisition et 200 000\u20ac pour les travaux).<\/p>\n\n\n\n<p>L\u2019atelier num\u00e9rique est l\u2019un des atouts du territoire qui a \u00e9t\u00e9 mis en avant \u00e0 l\u2019occasion de la candidature de Digital Grenoble \u00e0 la labellisation French Tech. Ce b\u00e2timent d\u00e9di\u00e9, visible, accessible et rassemblant un grand nombre d\u2019acteurs de l\u2019activit\u00e9 \u00ab logicielle \u00bb, participe grandement \u00e0 l\u2019attractivit\u00e9 \u00e9conomique du territoire.&nbsp; Le Tarmac est la seule p\u00e9pini\u00e8re technologique du Gr\u00e9sivaudan, avec des enjeux propres \u00e0 l\u2019entrepreneuriat dans l\u2019innovation (PI, temps d\u2019acc\u00e8s au march\u00e9, roadmap du financement sp\u00e9cifique \u2026), des opportunit\u00e9s et des risques plus \u00e9lev\u00e9s. C\u2019est pourquoi c\u2019est la seule qui b\u00e9n\u00e9ficie d\u2019un accompagnement entrepreneurial pouss\u00e9 assur\u00e9 par inovall\u00e9e, en compl\u00e9ment de l\u2019accompagnement par le service \u00e9co du Gr\u00e9sivaudan et IGI.<\/p>\n\n\n\n<p>L&rsquo;atelier num\u00e9rique pr\u00e9sente une surface utile de 1609m\u00b2, et re\u00adgroupe un auditorium, des salles de r\u00e9union, et 1200m\u00b2 de bureaux d\u00e9\u00addi\u00e9s \u00e0 l&rsquo;incubation des startups du Tarmac G mais aussi d&rsquo;entreprises num\u00e9riques en h\u00f4tel d&rsquo;entreprise. Outre les smart technologies, la fili\u00e8re logicielle est en effet l\u2019un des piliers technologiques d\u2019inovall\u00e9e, avec des enjeux nationaux de souverainet\u00e9 num\u00e9rique, notamment autour de l\u2019IA, qui donnent au Tarmac G toute sa pertinence pour construire l\u2019avenir du territoire.<\/p>\n\n\n\n<p>Afin de rendre l\u2019\u00e9quipement plus at\u00adtractif, des travaux sont en cours et se poursuivront jusqu\u2019en 2025 pour un montant total de 2 064 000 \u20ac.<\/p>\n\n\n\n<p>Le Gr\u00e9sivaudan est plus que jamais aux c\u00f4t\u00e9s des entreprises et ce quel que soit leur domaine d\u2019activit\u00e9s. La communaut\u00e9 de communes fait partie des partenaires financiers et historiques de la plateforme lo\u00adcale Initiative Gr\u00e9sivaudan Is\u00e8re qui octroie des pr\u00eats d\u2019honneur \u00e0 taux 0 aux cr\u00e9ateurs et repreneurs d\u2019entreprise. Elle abonde financi\u00e8\u00adrement au fonds d\u2019investissement Coopventure, mais \u00e9galement aux p\u00f4les d\u2019attractivit\u00e9 Minalogic et Tenerdis, et dispose d\u2019enveloppes financi\u00e8res \u00e0 r\u00e9partir lors des fonds de revitalisation \u00ab ORACLE \u00bb.<\/p>\n\n\n\n<p>Et parce que derri\u00e8re les \u00e9lus, c\u2019est toute une \u00e9quipe op\u00e9rationnelle aux commandes&nbsp;<\/p>\n\n\n\n<h2 class=\"wp-block-heading\">The teams<\/h2>\n\n\n\n<figure class=\"wp-block-image size-large\"><img decoding=\"async\" width=\"1024\" height=\"918\" src=\"https:\/\/www.inovallee.com\/wp-content\/uploads\/2024\/04\/montage_team_tarmac-1024x918.png\" alt=\"\" class=\"wp-image-52002\" srcset=\"https:\/\/www.inovallee.com\/wp-content\/uploads\/2024\/04\/montage_team_tarmac-1024x918.png 1024w, https:\/\/www.inovallee.com\/wp-content\/uploads\/2024\/04\/montage_team_tarmac-300x269.png 300w, https:\/\/www.inovallee.com\/wp-content\/uploads\/2024\/04\/montage_team_tarmac-768x689.png 768w, https:\/\/www.inovallee.com\/wp-content\/uploads\/2024\/04\/montage_team_tarmac-1536x1377.png 1536w, https:\/\/www.inovallee.com\/wp-content\/uploads\/2024\/04\/montage_team_tarmac-1320x1183.png 1320w\" sizes=\"(max-width: 1024px) 100vw, 1024px\" \/><\/figure>\n\n\n\n<h3 class=\"wp-block-heading\">Claire Chanterelle, DG d\u2019inovall\u00e9e<\/h3>\n\n\n\n<p>\u00ab La r\u00e9ussite du Tarmac est d\u2019abord et surtout celle de tout un \u00e9co\u00adsyst\u00e8me solidaire et engag\u00e9 pour soutenir les entrepreneurs dans leurs d\u00e9fis. Sans tous les partenaires publics et priv\u00e9s enga\u00adg\u00e9s \u00e0 nos c\u00f4t\u00e9s dans une aventure qui est d\u2019abord une aventure humaine, rien de tout cela n\u2019aurait \u00e9t\u00e9 possible. Le Tarmac est la preuve qu\u2019on peut r\u00e9ussir un vrai projet collectif sans avoir be\u00adsoin de cr\u00e9er de structure ad-hoc. De nombreux incubateurs \/ acc\u00e9l\u00e9rateurs ont vu le jour en 10 ans, mais au-del\u00e0 des structures, ce sont les hommes et les femmes qui font la diff\u00e9rence, en interne au sein de l\u2019\u00e9quipe comme en externe. La force du Tarmac r\u00e9side dans sa capacit\u00e9 \u00e0 f\u00e9d\u00e9rer les \u00e9ner\u00adgies et les comp\u00e9tences autour d\u2019un projet commun pour l\u2019int\u00e9r\u00eat g\u00e9n\u00e9ral du territoire et de ses entrepreneurs. \u00bb<\/p>\n\n\n\n<h3 class=\"wp-block-heading\">J\u00e9r\u00e9my Touffut, responsable du Tarmac<\/h3>\n\n\n\n<p>\u00ab D\u2019un c\u00f4t\u00e9, de nombreux incubateurs voient le jour puis disparaissent ; de l\u2019autre, le startuper doit plus que jamais \u00eatre \u00e0 la fois agile et tenace face \u00e0 un contexte \u00e9conomique complexe. Le Tarmac continue d\u2019afficher une belle dynamique \u00e9conomique, avec un programme complet et pro\u00adfessionnalis\u00e9, s\u2019appuyant sur des experts partenaires de qualit\u00e9. C\u2019est tout simplement la preuve que la proximit\u00e9 et l\u2019accompagnement per\u00adsonnalis\u00e9 entre individuel et collectif restent la cl\u00e9 de r\u00e9ussite. \u00bb<\/p>\n\n\n\n<h3 class=\"wp-block-heading\">Guillaume Spirhanzl, directeur de la SEM Inovaction<\/h3>\n\n\n\n<p>Le Tarmac associe la force des services \u00e9conomiques des EPCIs pour le support financier \u00e0 la cr\u00e9ation d\u2019activit\u00e9, de l\u2019association inovall\u00e9e pour l\u2019animation et l\u2019accompagnement, et de la SEM Inovaction en mati\u00e8re de gestion locative. Une gestion loca\u00adtive soutenue par des moyens et outils publics qui permet une souplesse in\u00e9gal\u00e9e pour s\u2019adapter \u00e0 la situation des entreprises (croissance ou difficult\u00e9s), avec un vrai service de proximit\u00e9 sup\u00adport\u00e9 par des professionnels du m\u00e9tier. En effet, les \u00e9quipes de la SEM sont install\u00e9es au coeur du Tarmac pour r\u00e9pondre au mieux aux attentes des locataires et contribuer, aux c\u00f4t\u00e9s d\u2019inovall\u00e9e, \u00e0 faire du Tarmac un lieu d\u2019\u00e9changes et de convivialit\u00e9 propice \u00e0 la r\u00e9ussite entrepreneuriale et l\u2019\u00e9change entre pairs.r<\/p>\n\n\n\n<h3 class=\"wp-block-heading\">Julien Paramucchio, directeur du service \u00e9conomique du Gr\u00e9sivaudan<\/h3>\n\n\n\n<p>\u00ab\u00a0Le Gresivaudan est propri\u00e9taire de l&rsquo;atelier num\u00e9rique Andr\u00e9 Ey\u00admery et \u00e0 ce titre, la direction du Deveco le g\u00e8re au quotidien, en \u00e9troite collaboration avec la technopole. Consacr\u00e9 au num\u00e9rique, ce site repr\u00e9sente bien la volont\u00e9 locale historique d\u2019accompagner les entrepreneurs d\u00e8s leur d\u00e9marrage au Tarmac G. Nous sommes ravis de participer \u00e0 ce dynamisme collectif d\u00e9di\u00e9 aux jeunes en\u00adtreprises, qui b\u00e9n\u00e9ficient ainsi d\u2019un maximum de services\u2026. Dont celui, essentiel, de pr\u00e9parer leur sortie. Au-del\u00e0 de la veille clas\u00adsique sur le march\u00e9 priv\u00e9, nous pouvons leur proposer quelques ann\u00e9es suppl\u00e9mentaires ici, puisqu\u2019un \u00e9tage est consacr\u00e9 \u00e0 un \u00ab h\u00f4tel d\u2019entreprises \u00bb avec une grande flexibilit\u00e9.\u00a0\u00bb<\/p>","protected":false},"excerpt":{"rendered":"<p>Le Tarmac, pas une entit\u00e9 juridique, mais une aventure humaine et collective On f\u00eate cette ann\u00e9e les 10 ans du Tarmac&nbsp;et pourtant \u2026 le Tarmac n\u2019existe pas&nbsp;! Pas en tant que structure juridique en tout cas. Le Tarmac est le fruit de l\u2019intelligence collective et d\u2019un partenariat public \/ priv\u00e9 entre l\u2019association inovall\u00e9e et les [&hellip;]<\/p>\n","protected":false},"author":4,"featured_media":52000,"comment_status":"closed","ping_status":"open","sticky":false,"template":"","format":"standard","meta":{"footnotes":""},"categories":[46,1,44],"tags":[],"class_list":["post-51994","post","type-post","status-publish","format-standard","has-post-thumbnail","hentry","category-vie-du-tarmac","category-non-classe","category-tarmac-incubator"],"yoast_head":"<!-- This site is optimized with the Yoast SEO plugin v27.4 - https:\/\/yoast.com\/product\/yoast-seo-wordpress\/ -->\n<title>Le Tarmac, un collectif engag\u00e9\u00a0: zoom sur les hommes et femmes qui en sont l\u2019ADN - inovall\u00e9e<\/title>\n<meta name=\"robots\" content=\"index, follow, max-snippet:-1, max-image-preview:large, max-video-preview:-1\" \/>\n<link rel=\"canonical\" href=\"https:\/\/www.inovallee.com\/en\/le-tarmac-un-collectif-engage-zoom-sur-les-hommes-et-femmes-qui-en-sont-ladn\/\" \/>\n<meta property=\"og:locale\" content=\"en_GB\" \/>\n<meta property=\"og:type\" content=\"article\" \/>\n<meta property=\"og:title\" content=\"Le Tarmac, un collectif engag\u00e9\u00a0: zoom sur les hommes et femmes qui en sont l\u2019ADN - inovall\u00e9e\" \/>\n<meta property=\"og:description\" content=\"Le Tarmac, pas une entit\u00e9 juridique, mais une aventure humaine et collective On f\u00eate cette ann\u00e9e les 10 ans du Tarmac&nbsp;et pourtant \u2026 le Tarmac n\u2019existe pas&nbsp;! Pas en tant que structure juridique en tout cas. Le Tarmac est le fruit de l\u2019intelligence collective et d\u2019un partenariat public \/ priv\u00e9 entre l\u2019association inovall\u00e9e et les [&hellip;]\" \/>\n<meta property=\"og:url\" content=\"https:\/\/www.inovallee.com\/en\/le-tarmac-un-collectif-engage-zoom-sur-les-hommes-et-femmes-qui-en-sont-ladn\/\" \/>\n<meta property=\"og:site_name\" content=\"inovall\u00e9e\" \/>\n<meta property=\"article:publisher\" content=\"https:\/\/www.facebook.com\/technopoleinovallee\/\" \/>\n<meta property=\"article:published_time\" content=\"2024-04-11T07:01:16+00:00\" \/>\n<meta property=\"article:modified_time\" content=\"2024-04-11T07:36:59+00:00\" \/>\n<meta property=\"og:image\" content=\"https:\/\/www.inovallee.com\/wp-content\/uploads\/2024\/04\/collectif_Tarmac.png\" \/>\n\t<meta property=\"og:image:width\" content=\"1135\" \/>\n\t<meta property=\"og:image:height\" content=\"518\" \/>\n\t<meta property=\"og:image:type\" content=\"image\/png\" \/>\n<meta name=\"author\" content=\"Claire Chanterelle\" \/>\n<meta name=\"twitter:card\" content=\"summary_large_image\" \/>\n<meta name=\"twitter:creator\" content=\"@inovallee\" \/>\n<meta name=\"twitter:site\" content=\"@inovallee\" \/>\n<meta name=\"twitter:label1\" content=\"Written by\" \/>\n\t<meta name=\"twitter:data1\" content=\"Claire Chanterelle\" \/>\n\t<meta name=\"twitter:label2\" content=\"Estimated reading time\" \/>\n\t<meta name=\"twitter:data2\" content=\"9 minutes\" \/>\n<script type=\"application\/ld+json\" class=\"yoast-schema-graph\">{\"@context\":\"https:\\\/\\\/schema.org\",\"@graph\":[{\"@type\":\"Article\",\"@id\":\"https:\\\/\\\/www.inovallee.com\\\/le-tarmac-un-collectif-engage-zoom-sur-les-hommes-et-femmes-qui-en-sont-ladn\\\/#article\",\"isPartOf\":{\"@id\":\"https:\\\/\\\/www.inovallee.com\\\/le-tarmac-un-collectif-engage-zoom-sur-les-hommes-et-femmes-qui-en-sont-ladn\\\/\"},\"author\":{\"name\":\"Claire Chanterelle\",\"@id\":\"https:\\\/\\\/www.inovallee.com\\\/#\\\/schema\\\/person\\\/6cdcf0ed58ac3e1ef08041bdf7815902\"},\"headline\":\"Le Tarmac, un collectif engag\u00e9\u00a0: zoom sur les hommes et femmes qui en sont l\u2019ADN\",\"datePublished\":\"2024-04-11T07:01:16+00:00\",\"dateModified\":\"2024-04-11T07:36:59+00:00\",\"mainEntityOfPage\":{\"@id\":\"https:\\\/\\\/www.inovallee.com\\\/le-tarmac-un-collectif-engage-zoom-sur-les-hommes-et-femmes-qui-en-sont-ladn\\\/\"},\"wordCount\":1776,\"publisher\":{\"@id\":\"https:\\\/\\\/www.inovallee.com\\\/#organization\"},\"image\":{\"@id\":\"https:\\\/\\\/www.inovallee.com\\\/le-tarmac-un-collectif-engage-zoom-sur-les-hommes-et-femmes-qui-en-sont-ladn\\\/#primaryimage\"},\"thumbnailUrl\":\"https:\\\/\\\/www.inovallee.com\\\/wp-content\\\/uploads\\\/2024\\\/04\\\/collectif_Tarmac.png\",\"articleSection\":[\"La vie du Tarmac\",\"Non class\u00e9\",\"Tarmac incubator\"],\"inLanguage\":\"en-GB\"},{\"@type\":\"WebPage\",\"@id\":\"https:\\\/\\\/www.inovallee.com\\\/le-tarmac-un-collectif-engage-zoom-sur-les-hommes-et-femmes-qui-en-sont-ladn\\\/\",\"url\":\"https:\\\/\\\/www.inovallee.com\\\/le-tarmac-un-collectif-engage-zoom-sur-les-hommes-et-femmes-qui-en-sont-ladn\\\/\",\"name\":\"Le Tarmac, un collectif engag\u00e9\u00a0: zoom sur les hommes et femmes qui en sont l\u2019ADN - inovall\u00e9e\",\"isPartOf\":{\"@id\":\"https:\\\/\\\/www.inovallee.com\\\/#website\"},\"primaryImageOfPage\":{\"@id\":\"https:\\\/\\\/www.inovallee.com\\\/le-tarmac-un-collectif-engage-zoom-sur-les-hommes-et-femmes-qui-en-sont-ladn\\\/#primaryimage\"},\"image\":{\"@id\":\"https:\\\/\\\/www.inovallee.com\\\/le-tarmac-un-collectif-engage-zoom-sur-les-hommes-et-femmes-qui-en-sont-ladn\\\/#primaryimage\"},\"thumbnailUrl\":\"https:\\\/\\\/www.inovallee.com\\\/wp-content\\\/uploads\\\/2024\\\/04\\\/collectif_Tarmac.png\",\"datePublished\":\"2024-04-11T07:01:16+00:00\",\"dateModified\":\"2024-04-11T07:36:59+00:00\",\"breadcrumb\":{\"@id\":\"https:\\\/\\\/www.inovallee.com\\\/le-tarmac-un-collectif-engage-zoom-sur-les-hommes-et-femmes-qui-en-sont-ladn\\\/#breadcrumb\"},\"inLanguage\":\"en-GB\",\"potentialAction\":[{\"@type\":\"ReadAction\",\"target\":[\"https:\\\/\\\/www.inovallee.com\\\/le-tarmac-un-collectif-engage-zoom-sur-les-hommes-et-femmes-qui-en-sont-ladn\\\/\"]}]},{\"@type\":\"ImageObject\",\"inLanguage\":\"en-GB\",\"@id\":\"https:\\\/\\\/www.inovallee.com\\\/le-tarmac-un-collectif-engage-zoom-sur-les-hommes-et-femmes-qui-en-sont-ladn\\\/#primaryimage\",\"url\":\"https:\\\/\\\/www.inovallee.com\\\/wp-content\\\/uploads\\\/2024\\\/04\\\/collectif_Tarmac.png\",\"contentUrl\":\"https:\\\/\\\/www.inovallee.com\\\/wp-content\\\/uploads\\\/2024\\\/04\\\/collectif_Tarmac.png\",\"width\":1135,\"height\":518},{\"@type\":\"BreadcrumbList\",\"@id\":\"https:\\\/\\\/www.inovallee.com\\\/le-tarmac-un-collectif-engage-zoom-sur-les-hommes-et-femmes-qui-en-sont-ladn\\\/#breadcrumb\",\"itemListElement\":[{\"@type\":\"ListItem\",\"position\":1,\"name\":\"Accueil\",\"item\":\"https:\\\/\\\/www.inovallee.com\\\/\"},{\"@type\":\"ListItem\",\"position\":2,\"name\":\"Le Tarmac, un collectif engag\u00e9\u00a0: zoom sur les hommes et femmes qui en sont l\u2019ADN\"}]},{\"@type\":\"WebSite\",\"@id\":\"https:\\\/\\\/www.inovallee.com\\\/#website\",\"url\":\"https:\\\/\\\/www.inovallee.com\\\/\",\"name\":\"inovall\u00e9e technopole, Home to software & smart technologies\",\"description\":\"Home to software &amp; smart technologies\",\"publisher\":{\"@id\":\"https:\\\/\\\/www.inovallee.com\\\/#organization\"},\"potentialAction\":[{\"@type\":\"SearchAction\",\"target\":{\"@type\":\"EntryPoint\",\"urlTemplate\":\"https:\\\/\\\/www.inovallee.com\\\/?s={search_term_string}\"},\"query-input\":{\"@type\":\"PropertyValueSpecification\",\"valueRequired\":true,\"valueName\":\"search_term_string\"}}],\"inLanguage\":\"en-GB\"},{\"@type\":\"Organization\",\"@id\":\"https:\\\/\\\/www.inovallee.com\\\/#organization\",\"name\":\"inovall\u00e9e\",\"url\":\"https:\\\/\\\/www.inovallee.com\\\/\",\"logo\":{\"@type\":\"ImageObject\",\"inLanguage\":\"en-GB\",\"@id\":\"https:\\\/\\\/www.inovallee.com\\\/#\\\/schema\\\/logo\\\/image\\\/\",\"url\":\"https:\\\/\\\/www.inovallee.com\\\/wp-content\\\/uploads\\\/2023\\\/08\\\/inovallee_2022_GrenobleAlpes.png\",\"contentUrl\":\"https:\\\/\\\/www.inovallee.com\\\/wp-content\\\/uploads\\\/2023\\\/08\\\/inovallee_2022_GrenobleAlpes.png\",\"width\":945,\"height\":369,\"caption\":\"inovall\u00e9e\"},\"image\":{\"@id\":\"https:\\\/\\\/www.inovallee.com\\\/#\\\/schema\\\/logo\\\/image\\\/\"},\"sameAs\":[\"https:\\\/\\\/www.facebook.com\\\/technopoleinovallee\\\/\",\"https:\\\/\\\/x.com\\\/inovallee\",\"https:\\\/\\\/www.linkedin.com\\\/company\\\/inovall-e\\\/\",\"https:\\\/\\\/www.youtube.com\\\/user\\\/inovallee?reload=9\"]},{\"@type\":\"Person\",\"@id\":\"https:\\\/\\\/www.inovallee.com\\\/#\\\/schema\\\/person\\\/6cdcf0ed58ac3e1ef08041bdf7815902\",\"name\":\"Claire Chanterelle\"}]}<\/script>\n<!-- \/ Yoast SEO plugin. -->","yoast_head_json":{"title":"Le Tarmac, un collectif engag\u00e9\u00a0: zoom sur les hommes et femmes qui en sont l\u2019ADN - inovall\u00e9e","robots":{"index":"index","follow":"follow","max-snippet":"max-snippet:-1","max-image-preview":"max-image-preview:large","max-video-preview":"max-video-preview:-1"},"canonical":"https:\/\/www.inovallee.com\/en\/le-tarmac-un-collectif-engage-zoom-sur-les-hommes-et-femmes-qui-en-sont-ladn\/","og_locale":"en_GB","og_type":"article","og_title":"Le Tarmac, un collectif engag\u00e9\u00a0: zoom sur les hommes et femmes qui en sont l\u2019ADN - inovall\u00e9e","og_description":"Le Tarmac, pas une entit\u00e9 juridique, mais une aventure humaine et collective On f\u00eate cette ann\u00e9e les 10 ans du Tarmac&nbsp;et pourtant \u2026 le Tarmac n\u2019existe pas&nbsp;! Pas en tant que structure juridique en tout cas. Le Tarmac est le fruit de l\u2019intelligence collective et d\u2019un partenariat public \/ priv\u00e9 entre l\u2019association inovall\u00e9e et les [&hellip;]","og_url":"https:\/\/www.inovallee.com\/en\/le-tarmac-un-collectif-engage-zoom-sur-les-hommes-et-femmes-qui-en-sont-ladn\/","og_site_name":"inovall\u00e9e","article_publisher":"https:\/\/www.facebook.com\/technopoleinovallee\/","article_published_time":"2024-04-11T07:01:16+00:00","article_modified_time":"2024-04-11T07:36:59+00:00","og_image":[{"width":1135,"height":518,"url":"https:\/\/www.inovallee.com\/wp-content\/uploads\/2024\/04\/collectif_Tarmac.png","type":"image\/png"}],"author":"Claire Chanterelle","twitter_card":"summary_large_image","twitter_creator":"@inovallee","twitter_site":"@inovallee","twitter_misc":{"Written by":"Claire Chanterelle","Estimated reading time":"9 minutes"},"schema":{"@context":"https:\/\/schema.org","@graph":[{"@type":"Article","@id":"https:\/\/www.inovallee.com\/le-tarmac-un-collectif-engage-zoom-sur-les-hommes-et-femmes-qui-en-sont-ladn\/#article","isPartOf":{"@id":"https:\/\/www.inovallee.com\/le-tarmac-un-collectif-engage-zoom-sur-les-hommes-et-femmes-qui-en-sont-ladn\/"},"author":{"name":"Claire Chanterelle","@id":"https:\/\/www.inovallee.com\/#\/schema\/person\/6cdcf0ed58ac3e1ef08041bdf7815902"},"headline":"Le Tarmac, un collectif engag\u00e9\u00a0: zoom sur les hommes et femmes qui en sont l\u2019ADN","datePublished":"2024-04-11T07:01:16+00:00","dateModified":"2024-04-11T07:36:59+00:00","mainEntityOfPage":{"@id":"https:\/\/www.inovallee.com\/le-tarmac-un-collectif-engage-zoom-sur-les-hommes-et-femmes-qui-en-sont-ladn\/"},"wordCount":1776,"publisher":{"@id":"https:\/\/www.inovallee.com\/#organization"},"image":{"@id":"https:\/\/www.inovallee.com\/le-tarmac-un-collectif-engage-zoom-sur-les-hommes-et-femmes-qui-en-sont-ladn\/#primaryimage"},"thumbnailUrl":"https:\/\/www.inovallee.com\/wp-content\/uploads\/2024\/04\/collectif_Tarmac.png","articleSection":["La vie du Tarmac","Non class\u00e9","Tarmac incubator"],"inLanguage":"en-GB"},{"@type":"WebPage","@id":"https:\/\/www.inovallee.com\/le-tarmac-un-collectif-engage-zoom-sur-les-hommes-et-femmes-qui-en-sont-ladn\/","url":"https:\/\/www.inovallee.com\/le-tarmac-un-collectif-engage-zoom-sur-les-hommes-et-femmes-qui-en-sont-ladn\/","name":"Le Tarmac, un collectif engag\u00e9\u00a0: zoom sur les hommes et femmes qui en sont l\u2019ADN - inovall\u00e9e","isPartOf":{"@id":"https:\/\/www.inovallee.com\/#website"},"primaryImageOfPage":{"@id":"https:\/\/www.inovallee.com\/le-tarmac-un-collectif-engage-zoom-sur-les-hommes-et-femmes-qui-en-sont-ladn\/#primaryimage"},"image":{"@id":"https:\/\/www.inovallee.com\/le-tarmac-un-collectif-engage-zoom-sur-les-hommes-et-femmes-qui-en-sont-ladn\/#primaryimage"},"thumbnailUrl":"https:\/\/www.inovallee.com\/wp-content\/uploads\/2024\/04\/collectif_Tarmac.png","datePublished":"2024-04-11T07:01:16+00:00","dateModified":"2024-04-11T07:36:59+00:00","breadcrumb":{"@id":"https:\/\/www.inovallee.com\/le-tarmac-un-collectif-engage-zoom-sur-les-hommes-et-femmes-qui-en-sont-ladn\/#breadcrumb"},"inLanguage":"en-GB","potentialAction":[{"@type":"ReadAction","target":["https:\/\/www.inovallee.com\/le-tarmac-un-collectif-engage-zoom-sur-les-hommes-et-femmes-qui-en-sont-ladn\/"]}]},{"@type":"ImageObject","inLanguage":"en-GB","@id":"https:\/\/www.inovallee.com\/le-tarmac-un-collectif-engage-zoom-sur-les-hommes-et-femmes-qui-en-sont-ladn\/#primaryimage","url":"https:\/\/www.inovallee.com\/wp-content\/uploads\/2024\/04\/collectif_Tarmac.png","contentUrl":"https:\/\/www.inovallee.com\/wp-content\/uploads\/2024\/04\/collectif_Tarmac.png","width":1135,"height":518},{"@type":"BreadcrumbList","@id":"https:\/\/www.inovallee.com\/le-tarmac-un-collectif-engage-zoom-sur-les-hommes-et-femmes-qui-en-sont-ladn\/#breadcrumb","itemListElement":[{"@type":"ListItem","position":1,"name":"Accueil","item":"https:\/\/www.inovallee.com\/"},{"@type":"ListItem","position":2,"name":"Le Tarmac, un collectif engag\u00e9\u00a0: zoom sur les hommes et femmes qui en sont l\u2019ADN"}]},{"@type":"WebSite","@id":"https:\/\/www.inovallee.com\/#website","url":"https:\/\/www.inovallee.com\/","name":"inovall\u00e9e technopole, Home to software & smart technologies","description":"Home to software &amp; smart technologies","publisher":{"@id":"https:\/\/www.inovallee.com\/#organization"},"potentialAction":[{"@type":"SearchAction","target":{"@type":"EntryPoint","urlTemplate":"https:\/\/www.inovallee.com\/?s={search_term_string}"},"query-input":{"@type":"PropertyValueSpecification","valueRequired":true,"valueName":"search_term_string"}}],"inLanguage":"en-GB"},{"@type":"Organization","@id":"https:\/\/www.inovallee.com\/#organization","name":"inovall\u00e9e","url":"https:\/\/www.inovallee.com\/","logo":{"@type":"ImageObject","inLanguage":"en-GB","@id":"https:\/\/www.inovallee.com\/#\/schema\/logo\/image\/","url":"https:\/\/www.inovallee.com\/wp-content\/uploads\/2023\/08\/inovallee_2022_GrenobleAlpes.png","contentUrl":"https:\/\/www.inovallee.com\/wp-content\/uploads\/2023\/08\/inovallee_2022_GrenobleAlpes.png","width":945,"height":369,"caption":"inovall\u00e9e"},"image":{"@id":"https:\/\/www.inovallee.com\/#\/schema\/logo\/image\/"},"sameAs":["https:\/\/www.facebook.com\/technopoleinovallee\/","https:\/\/x.com\/inovallee","https:\/\/www.linkedin.com\/company\/inovall-e\/","https:\/\/www.youtube.com\/user\/inovallee?reload=9"]},{"@type":"Person","@id":"https:\/\/www.inovallee.com\/#\/schema\/person\/6cdcf0ed58ac3e1ef08041bdf7815902","name":"Claire Chanterelle"}]}},"_links":{"self":[{"href":"https:\/\/www.inovallee.com\/en\/wp-json\/wp\/v2\/posts\/51994","targetHints":{"allow":["GET"]}}],"collection":[{"href":"https:\/\/www.inovallee.com\/en\/wp-json\/wp\/v2\/posts"}],"about":[{"href":"https:\/\/www.inovallee.com\/en\/wp-json\/wp\/v2\/types\/post"}],"author":[{"embeddable":true,"href":"https:\/\/www.inovallee.com\/en\/wp-json\/wp\/v2\/users\/4"}],"replies":[{"embeddable":true,"href":"https:\/\/www.inovallee.com\/en\/wp-json\/wp\/v2\/comments?post=51994"}],"version-history":[{"count":3,"href":"https:\/\/www.inovallee.com\/en\/wp-json\/wp\/v2\/posts\/51994\/revisions"}],"predecessor-version":[{"id":52011,"href":"https:\/\/www.inovallee.com\/en\/wp-json\/wp\/v2\/posts\/51994\/revisions\/52011"}],"wp:featuredmedia":[{"embeddable":true,"href":"https:\/\/www.inovallee.com\/en\/wp-json\/wp\/v2\/media\/52000"}],"wp:attachment":[{"href":"https:\/\/www.inovallee.com\/en\/wp-json\/wp\/v2\/media?parent=51994"}],"wp:term":[{"taxonomy":"category","embeddable":true,"href":"https:\/\/www.inovallee.com\/en\/wp-json\/wp\/v2\/categories?post=51994"},{"taxonomy":"post_tag","embeddable":true,"href":"https:\/\/www.inovallee.com\/en\/wp-json\/wp\/v2\/tags?post=51994"}],"curies":[{"name":"wp","href":"https:\/\/api.w.org\/{rel}","templated":true}]}}