{"id":52561,"date":"2024-04-30T11:47:39","date_gmt":"2024-04-30T09:47:39","guid":{"rendered":"https:\/\/www.inovallee.com\/?p=52561"},"modified":"2024-04-30T12:11:48","modified_gmt":"2024-04-30T10:11:48","slug":"inovallee-notre-association-met-en-place-le-tri-des-dechets-au-tarmac-a-meylan-avec-elise-une-demarche-sociale-et-environnementale","status":"publish","type":"post","link":"https:\/\/www.inovallee.com\/en\/inovallee-notre-association-met-en-place-le-tri-des-dechets-au-tarmac-a-meylan-avec-elise-une-demarche-sociale-et-environnementale\/","title":{"rendered":"inovall\u00e9e\u00a0: notre association met en place le tri des d\u00e9chets au Tarmac \u00e0 Meylan avec ELISE, une d\u00e9marche sociale et environnementale"},"content":{"rendered":"<p><strong>Le tri des d\u00e9chets sur inovall\u00e9e devient un sujet majeur, dont chacun doit se pr\u00e9occuper et s\u2019impliquer dans une d\u00e9marche responsable.<\/strong><\/p>\n\n\n\n<p>Sur les zones d\u2019activit\u00e9s telle que la n\u00f4tre, il faut savoir que les collectivit\u00e9s ne proc\u00e8dent pas au tri des d\u00e9chets standards. Nous avons des poubelles bleues pour le carton et le papier, et des poubelles grises pour les restes de nos d\u00e9chets.<\/p>\n\n\n\n<h4 class=\"wp-block-heading\"><strong>Mise en place d\u2019une solution de tri et collecte des d\u00e9chets \u00e0 inovall\u00e9e<\/strong><\/h4>\n\n\n\n<p>C\u2019est la raison pour laquelle, notre association qui si\u00e8ge au TARMAC M au 29 chemin du Vieux Ch\u00eane \u00e0 Meylan avec notre incubateur de startups, a mis en place une solution de tri des d\u00e9chets avec le r\u00e9seau <a href=\"https:\/\/www.elise.com.fr\/accueil.html\" target=\"_blank\" rel=\"noreferrer noopener\">ELISE<\/a>, qui participe activement \u00e0 la Protection de l\u2019Environnement tout en cr\u00e9ant des emplois p\u00e9rennes et locaux pour des personnes en difficult\u00e9 d\u2019insertion ou en situation de handicap. Une d\u00e9marche ainsi environnementale et sociale&nbsp;!<\/p>\n\n\n\n<p>Si cette d\u00e9marche fonctionne bien nous r\u00e9fl\u00e9chirons \u00e0 l\u2019\u00e9tendre \u00e0 l\u2019ensemble de la zone aupr\u00e8s des entreprises.<\/p>\n\n\n\n<h4 class=\"wp-block-heading\"><strong>Comment cela fonctionne&nbsp;? &nbsp;<\/strong><\/h4>\n\n\n\n<p>ELISE s\u2019occupe de tout&nbsp;!<\/p>\n\n\n\n<h6 class=\"wp-block-heading\"><strong>Installation des corbeilles de tri pour chaque d\u00e9chet<\/strong><\/h6>\n\n\n\n<p>En fonction de vos besoins ELISE met \u00e0 votre disposition des corbeilles de tri sp\u00e9cifiques, des caissons confidentiels, des bennes et des bacs de stockage.<\/p>\n\n\n\n<h6 class=\"wp-block-heading\"><strong>Sensibilisation des salari\u00e9s<\/strong><\/h6>\n\n\n\n<p>ELISE vous accompagne dans la communication interne pour sensibiliser vos collaborateurs et s&rsquo;assurer que le dispositif install\u00e9 fonctionne.<\/p>\n\n\n\n<h6 class=\"wp-block-heading\"><strong>Ajustement des collectes<\/strong><\/h6>\n\n\n\n<p>ELISE mutualise les collectes (multi-d\u00e9chet et multi-client) et adapte les fr\u00e9quences de collecte en fonction de votre production de d\u00e9chets et de vos contraintes de stockage, ELISE mutualise les collectes pour r\u00e9duire les co\u00fbts de transport.<\/p>\n\n\n\n<h6 class=\"wp-block-heading\"><strong>Enl\u00e8vements s\u00e9curis\u00e9s<\/strong><\/h6>\n\n\n\n<p>Gr\u00e2ce \u00e0 la g\u00e9olocalisation des camionnettes, ELISE assure la tra\u00e7abilit\u00e9 de chaque d\u00e9chet depuis l\u2019enl\u00e8vement dans vos locaux (des avis de passage sont sign\u00e9s \u00e0 chaque collecte), jusqu&rsquo;\u00e0 ses centres de traitement.<\/p>\n\n\n\n<h6 class=\"wp-block-heading\"><strong>Suivi des tonnages et reporting<\/strong><\/h6>\n\n\n\n<p>ELISE p\u00e8se chaque d\u00e9chet collect\u00e9 \u00e0 500gr pr\u00e8s sur ses sites et envoie des reportings de suivi (BSD, certificat de destruction, reporting des poids collect\u00e9s, bilan carbone et attestation de recyclage)<\/p>\n\n\n\n<h6 class=\"wp-block-heading\"><strong>Tri et destruction confidentielle<\/strong><\/h6>\n\n\n\n<p>ELISE tri manuellement afin de valoriser au maximum les d\u00e9chets et\/ ou broie les documents confidentiel<\/p>\n\n\n\n<h4 class=\"wp-block-heading\"><strong>Qui est ELISE&nbsp;?<\/strong><\/h4>\n\n\n\n<p>Engag\u00e9 dans une d\u00e9marche pionni\u00e8re et diff\u00e9rente depuis 1997 le r\u00e9seau ELISE participe activement \u00e0 la Protection de l\u2019Environnement tout en cr\u00e9ant des emplois p\u00e9rennes et locaux pour des personnes en difficult\u00e9 d\u2019insertion ou en situation de handicap.<\/p>\n\n\n\n<h5 class=\"wp-block-heading\"><strong>Une id\u00e9e innovante<\/strong><\/h5>\n\n\n\n<p>Fond\u00e9e en 1997, ELISE est n\u00e9e de la double id\u00e9e d\u2019assurer la collecte et le recyclage des papiers de bureau et de cr\u00e9er une activit\u00e9 visant \u00e0 assurer un emploi stable \u00e0 des personnes en difficult\u00e9s d\u2019insertion, notamment pour cause de handicap.<\/p>\n\n\n\n<p>ELISE est l\u2019acronyme d\u2019Entreprise Locale d\u2019Initiative au Service de l\u2019Environnement.<\/p>\n\n\n\n<h4 class=\"wp-block-heading\"><strong>Un d\u00e9fi \u00e9cologique et humain<\/strong><\/h4>\n\n\n\n<p>Lorsqu&rsquo;on adopte le recyclage au lieu de l\u2019incin\u00e9ration ou la mise en d\u00e9charge non seulement on participe activement \u00e0 la pr\u00e9servation de l\u2019environnement mais surtout on multiplie par 10 le nombre d\u2019emplois cr\u00e9\u00e9s. Depuis sa cr\u00e9ation en 1997, ELISE reste fid\u00e8le \u00e0 son engagement social : cr\u00e9er des emplois nouveaux et p\u00e9rennes \u00e0 destination de personnes en situation de handicap ou traversant des difficult\u00e9s d\u2019insertion.<\/p>\n\n\n\n<p>Aujourd&rsquo;hui 525 personnes travaillent sur les sites ELISE qui ont tous un agr\u00e9ment d\u2019entreprises adapt\u00e9es ou entreprises d\u2019insertion et poursuivent le m\u00eame objectif : mettre l\u2019humain au c\u0153ur de l\u2019activit\u00e9 au travers d\u2019une dynamique positive permettant \u00e0 chacun de s\u2019\u00e9panouir, de gagner en comp\u00e9tences et d\u2019acc\u00e9der \u00e0 un meilleur statut social.<\/p>\n\n\n\n<h4 class=\"wp-block-heading\"><strong>ELISE L\u2019expert multi-d\u00e9chets<\/strong><\/h4>\n\n\n\n<p>Si l\u2019activit\u00e9 d&rsquo;ELISE a d\u00e9marr\u00e9 en 1997, avec le recyclage du papier, le r\u00e9seau ELISE est aujourd&rsquo;hui l\u2019expert fran\u00e7ais de la collecte et du recyclage de l\u2019ensemble des d\u00e9chets de bureau. Les sites ELISE accompagnent les entreprises dans la mise en place du tri s\u00e9lectif de leurs d\u00e9chets de bureau. 16 types de d\u00e9chets diff\u00e9rents peuvent \u00eatre valoris\u00e9s :<\/p>\n\n\n\n<ul class=\"wp-block-list\">\n<li>&nbsp;&nbsp;&nbsp; Le papier et le carton<\/li>\n\n\n\n<li>&nbsp;&nbsp;&nbsp; Les bouteilles plastique,<\/li>\n\n\n\n<li>&nbsp;&nbsp;&nbsp; Les bouteilles en verre<\/li>\n\n\n\n<li>&nbsp;&nbsp;&nbsp; Les gobelets plastique<\/li>\n\n\n\n<li>&nbsp;&nbsp;&nbsp; Les gobelets en carton,<\/li>\n\n\n\n<li>&nbsp;&nbsp;&nbsp; Les canettes en fer ou en aluminium,<\/li>\n\n\n\n<li>&nbsp;&nbsp;&nbsp; Les piles,<\/li>\n\n\n\n<li>&nbsp;&nbsp;&nbsp; Les cartouches d\u2019encre d\u2019imprimantes et fax,<\/li>\n\n\n\n<li>&nbsp;&nbsp;&nbsp; Les DEEE (D\u00e9chets Electriques et Electroniques : mat\u00e9riel informatique),<\/li>\n\n\n\n<li>&nbsp;&nbsp;&nbsp; Les lampes, les tubes n\u00e9ons<\/li>\n\n\n\n<li>&nbsp;&nbsp;&nbsp; Le bois et le mobilier de bureau<\/li>\n\n\n\n<li>&nbsp;&nbsp;&nbsp; Les radiographies<\/li>\n\n\n\n<li>&nbsp;&nbsp;&nbsp; Les capsules caf\u00e9 en aluminium<\/li>\n\n\n\n<li>&nbsp;&nbsp;&nbsp; Masques jetables<\/li>\n\n\n\n<li>&nbsp;&nbsp;&nbsp; D\u00e9chets compostables<\/li>\n<\/ul>\n\n\n\n<p>En triant ces d\u00e9chets sur ses sites et en privil\u00e9giant les circuits de recyclage courts et de proximit\u00e9, ELISE garantit la valorisation maximale de ces gisements tout en respectant les fili\u00e8res \u00e9tablies par les \u00e9co-organismes.<\/p>\n\n\n\n<h4 class=\"wp-block-heading\"><strong>Le prestataire unique pour la gestion de tous les d\u00e9chets de bureau<\/strong><\/h4>\n\n\n\n<p>Chaque site ELISE met en \u0153uvre localement la totalit\u00e9 du proc\u00e9d\u00e9 ELISE :<\/p>\n\n\n\n<ul class=\"wp-block-list\">\n<li>&nbsp;&nbsp;&nbsp; la collecte et le tri de 16types de d\u00e9chets de bureau<\/li>\n\n\n\n<li>&nbsp;&nbsp;&nbsp; la destruction des documents confidentiels<\/li>\n\n\n\n<li>&nbsp;&nbsp;&nbsp; l\u2019organisation et r\u00e9alisation d\u2019op\u00e9ration de d\u00e9sarchivage au sein de vos locaux.<\/li>\n<\/ul>\n\n\n\n<p><strong>Chaque site ELISE contribue au d\u00e9veloppement local en privil\u00e9giant les circuits courts de recyclage et en favorisant la cr\u00e9ation d\u2019emploi pour des personnes en situation de handicap et en difficult\u00e9 d\u2019insertion.<\/strong><\/p>\n\n\n\n<p><a href=\"https:\/\/www.inovallee.com\/wp-content\/uploads\/2024\/04\/Guide-du-tri-elise.pdf\" target=\"_blank\" rel=\"noreferrer noopener\">Plus d&rsquo;infos ici<\/a><\/p>","protected":false},"excerpt":{"rendered":"<p>Le tri des d\u00e9chets sur inovall\u00e9e devient un sujet majeur, dont chacun doit se pr\u00e9occuper et s\u2019impliquer dans une d\u00e9marche responsable. Sur les zones d\u2019activit\u00e9s telle que la n\u00f4tre, il faut savoir que les collectivit\u00e9s ne proc\u00e8dent pas au tri des d\u00e9chets standards. Nous avons des poubelles bleues pour le carton et le papier, et [&hellip;]<\/p>\n","protected":false},"author":18,"featured_media":52563,"comment_status":"closed","ping_status":"open","sticky":false,"template":"","format":"standard","meta":{"footnotes":""},"categories":[34],"tags":[2203,2202],"class_list":["post-52561","post","type-post","status-publish","format-standard","has-post-thumbnail","hentry","category-territoire","tag-dechets","tag-tri"],"yoast_head":"<!-- This site is optimized with the Yoast SEO plugin v27.4 - https:\/\/yoast.com\/product\/yoast-seo-wordpress\/ -->\n<title>inovall\u00e9e\u00a0: notre association met en place le tri des d\u00e9chets au Tarmac \u00e0 Meylan avec ELISE, une d\u00e9marche sociale et environnementale - inovall\u00e9e<\/title>\n<meta name=\"description\" content=\"Mise en place d\u2019une solution de tri et collecte des d\u00e9chets \u00e0 inovall\u00e9e avec ELISE, une d\u00e9marche sociale et environnementale.\" \/>\n<meta name=\"robots\" content=\"index, follow, max-snippet:-1, max-image-preview:large, max-video-preview:-1\" \/>\n<link rel=\"canonical\" href=\"https:\/\/www.inovallee.com\/en\/inovallee-notre-association-met-en-place-le-tri-des-dechets-au-tarmac-a-meylan-avec-elise-une-demarche-sociale-et-environnementale\/\" \/>\n<meta property=\"og:locale\" content=\"en_GB\" \/>\n<meta property=\"og:type\" content=\"article\" \/>\n<meta property=\"og:title\" content=\"inovall\u00e9e\u00a0: notre association met en place le tri des d\u00e9chets au Tarmac \u00e0 Meylan avec ELISE, une d\u00e9marche sociale et environnementale - inovall\u00e9e\" \/>\n<meta property=\"og:description\" content=\"Mise en place d\u2019une solution de tri et collecte des d\u00e9chets \u00e0 inovall\u00e9e avec ELISE, une d\u00e9marche sociale et environnementale.\" \/>\n<meta property=\"og:url\" content=\"https:\/\/www.inovallee.com\/en\/inovallee-notre-association-met-en-place-le-tri-des-dechets-au-tarmac-a-meylan-avec-elise-une-demarche-sociale-et-environnementale\/\" \/>\n<meta property=\"og:site_name\" content=\"inovall\u00e9e\" \/>\n<meta property=\"article:publisher\" content=\"https:\/\/www.facebook.com\/technopoleinovallee\/\" \/>\n<meta property=\"article:published_time\" content=\"2024-04-30T09:47:39+00:00\" \/>\n<meta property=\"article:modified_time\" content=\"2024-04-30T10:11:48+00:00\" \/>\n<meta property=\"og:image\" content=\"https:\/\/www.inovallee.com\/wp-content\/uploads\/2024\/04\/poubelle-de-tri-elise-inovallee.jpg\" \/>\n\t<meta property=\"og:image:width\" content=\"1200\" \/>\n\t<meta property=\"og:image:height\" content=\"1600\" \/>\n\t<meta property=\"og:image:type\" content=\"image\/jpeg\" \/>\n<meta name=\"author\" content=\"Margaux De la Fuente\" \/>\n<meta name=\"twitter:card\" content=\"summary_large_image\" \/>\n<meta name=\"twitter:creator\" content=\"@inovallee\" \/>\n<meta name=\"twitter:site\" content=\"@inovallee\" \/>\n<meta name=\"twitter:label1\" content=\"Written by\" \/>\n\t<meta name=\"twitter:data1\" content=\"Margaux De la Fuente\" \/>\n\t<meta name=\"twitter:label2\" content=\"Estimated reading time\" \/>\n\t<meta name=\"twitter:data2\" content=\"5 minutes\" \/>\n<script type=\"application\/ld+json\" class=\"yoast-schema-graph\">{\"@context\":\"https:\\\/\\\/schema.org\",\"@graph\":[{\"@type\":\"Article\",\"@id\":\"https:\\\/\\\/www.inovallee.com\\\/inovallee-notre-association-met-en-place-le-tri-des-dechets-au-tarmac-a-meylan-avec-elise-une-demarche-sociale-et-environnementale\\\/#article\",\"isPartOf\":{\"@id\":\"https:\\\/\\\/www.inovallee.com\\\/inovallee-notre-association-met-en-place-le-tri-des-dechets-au-tarmac-a-meylan-avec-elise-une-demarche-sociale-et-environnementale\\\/\"},\"author\":{\"name\":\"Margaux De la Fuente\",\"@id\":\"https:\\\/\\\/www.inovallee.com\\\/#\\\/schema\\\/person\\\/92dc7fd313568f5cc54aba72aba732fe\"},\"headline\":\"inovall\u00e9e\u00a0: notre association met en place le tri des d\u00e9chets au Tarmac \u00e0 Meylan avec ELISE, une d\u00e9marche sociale et environnementale\",\"datePublished\":\"2024-04-30T09:47:39+00:00\",\"dateModified\":\"2024-04-30T10:11:48+00:00\",\"mainEntityOfPage\":{\"@id\":\"https:\\\/\\\/www.inovallee.com\\\/inovallee-notre-association-met-en-place-le-tri-des-dechets-au-tarmac-a-meylan-avec-elise-une-demarche-sociale-et-environnementale\\\/\"},\"wordCount\":1018,\"publisher\":{\"@id\":\"https:\\\/\\\/www.inovallee.com\\\/#organization\"},\"image\":{\"@id\":\"https:\\\/\\\/www.inovallee.com\\\/inovallee-notre-association-met-en-place-le-tri-des-dechets-au-tarmac-a-meylan-avec-elise-une-demarche-sociale-et-environnementale\\\/#primaryimage\"},\"thumbnailUrl\":\"https:\\\/\\\/www.inovallee.com\\\/wp-content\\\/uploads\\\/2024\\\/04\\\/poubelle-de-tri-elise-inovallee.jpg\",\"keywords\":[\"d\u00e9chets\",\"tri\"],\"articleSection\":[\"Territoire (fibre, s\u00e9curit\u00e9, gestion des d\u00e9chets...)\"],\"inLanguage\":\"en-GB\"},{\"@type\":\"WebPage\",\"@id\":\"https:\\\/\\\/www.inovallee.com\\\/inovallee-notre-association-met-en-place-le-tri-des-dechets-au-tarmac-a-meylan-avec-elise-une-demarche-sociale-et-environnementale\\\/\",\"url\":\"https:\\\/\\\/www.inovallee.com\\\/inovallee-notre-association-met-en-place-le-tri-des-dechets-au-tarmac-a-meylan-avec-elise-une-demarche-sociale-et-environnementale\\\/\",\"name\":\"inovall\u00e9e\u00a0: notre association met en place le tri des d\u00e9chets au Tarmac \u00e0 Meylan avec ELISE, une d\u00e9marche sociale et environnementale - inovall\u00e9e\",\"isPartOf\":{\"@id\":\"https:\\\/\\\/www.inovallee.com\\\/#website\"},\"primaryImageOfPage\":{\"@id\":\"https:\\\/\\\/www.inovallee.com\\\/inovallee-notre-association-met-en-place-le-tri-des-dechets-au-tarmac-a-meylan-avec-elise-une-demarche-sociale-et-environnementale\\\/#primaryimage\"},\"image\":{\"@id\":\"https:\\\/\\\/www.inovallee.com\\\/inovallee-notre-association-met-en-place-le-tri-des-dechets-au-tarmac-a-meylan-avec-elise-une-demarche-sociale-et-environnementale\\\/#primaryimage\"},\"thumbnailUrl\":\"https:\\\/\\\/www.inovallee.com\\\/wp-content\\\/uploads\\\/2024\\\/04\\\/poubelle-de-tri-elise-inovallee.jpg\",\"datePublished\":\"2024-04-30T09:47:39+00:00\",\"dateModified\":\"2024-04-30T10:11:48+00:00\",\"description\":\"Mise en place d\u2019une solution de tri et collecte des d\u00e9chets \u00e0 inovall\u00e9e avec ELISE, une d\u00e9marche sociale et environnementale.\",\"breadcrumb\":{\"@id\":\"https:\\\/\\\/www.inovallee.com\\\/inovallee-notre-association-met-en-place-le-tri-des-dechets-au-tarmac-a-meylan-avec-elise-une-demarche-sociale-et-environnementale\\\/#breadcrumb\"},\"inLanguage\":\"en-GB\",\"potentialAction\":[{\"@type\":\"ReadAction\",\"target\":[\"https:\\\/\\\/www.inovallee.com\\\/inovallee-notre-association-met-en-place-le-tri-des-dechets-au-tarmac-a-meylan-avec-elise-une-demarche-sociale-et-environnementale\\\/\"]}]},{\"@type\":\"ImageObject\",\"inLanguage\":\"en-GB\",\"@id\":\"https:\\\/\\\/www.inovallee.com\\\/inovallee-notre-association-met-en-place-le-tri-des-dechets-au-tarmac-a-meylan-avec-elise-une-demarche-sociale-et-environnementale\\\/#primaryimage\",\"url\":\"https:\\\/\\\/www.inovallee.com\\\/wp-content\\\/uploads\\\/2024\\\/04\\\/poubelle-de-tri-elise-inovallee.jpg\",\"contentUrl\":\"https:\\\/\\\/www.inovallee.com\\\/wp-content\\\/uploads\\\/2024\\\/04\\\/poubelle-de-tri-elise-inovallee.jpg\",\"width\":1200,\"height\":1600},{\"@type\":\"BreadcrumbList\",\"@id\":\"https:\\\/\\\/www.inovallee.com\\\/inovallee-notre-association-met-en-place-le-tri-des-dechets-au-tarmac-a-meylan-avec-elise-une-demarche-sociale-et-environnementale\\\/#breadcrumb\",\"itemListElement\":[{\"@type\":\"ListItem\",\"position\":1,\"name\":\"Accueil\",\"item\":\"https:\\\/\\\/www.inovallee.com\\\/\"},{\"@type\":\"ListItem\",\"position\":2,\"name\":\"inovall\u00e9e\u00a0: notre association met en place le tri des d\u00e9chets au Tarmac \u00e0 Meylan avec ELISE, une d\u00e9marche sociale et environnementale\"}]},{\"@type\":\"WebSite\",\"@id\":\"https:\\\/\\\/www.inovallee.com\\\/#website\",\"url\":\"https:\\\/\\\/www.inovallee.com\\\/\",\"name\":\"inovall\u00e9e technopole, Home to software & smart technologies\",\"description\":\"Home to software &amp; smart technologies\",\"publisher\":{\"@id\":\"https:\\\/\\\/www.inovallee.com\\\/#organization\"},\"potentialAction\":[{\"@type\":\"SearchAction\",\"target\":{\"@type\":\"EntryPoint\",\"urlTemplate\":\"https:\\\/\\\/www.inovallee.com\\\/?s={search_term_string}\"},\"query-input\":{\"@type\":\"PropertyValueSpecification\",\"valueRequired\":true,\"valueName\":\"search_term_string\"}}],\"inLanguage\":\"en-GB\"},{\"@type\":\"Organization\",\"@id\":\"https:\\\/\\\/www.inovallee.com\\\/#organization\",\"name\":\"inovall\u00e9e\",\"url\":\"https:\\\/\\\/www.inovallee.com\\\/\",\"logo\":{\"@type\":\"ImageObject\",\"inLanguage\":\"en-GB\",\"@id\":\"https:\\\/\\\/www.inovallee.com\\\/#\\\/schema\\\/logo\\\/image\\\/\",\"url\":\"https:\\\/\\\/www.inovallee.com\\\/wp-content\\\/uploads\\\/2023\\\/08\\\/inovallee_2022_GrenobleAlpes.png\",\"contentUrl\":\"https:\\\/\\\/www.inovallee.com\\\/wp-content\\\/uploads\\\/2023\\\/08\\\/inovallee_2022_GrenobleAlpes.png\",\"width\":945,\"height\":369,\"caption\":\"inovall\u00e9e\"},\"image\":{\"@id\":\"https:\\\/\\\/www.inovallee.com\\\/#\\\/schema\\\/logo\\\/image\\\/\"},\"sameAs\":[\"https:\\\/\\\/www.facebook.com\\\/technopoleinovallee\\\/\",\"https:\\\/\\\/x.com\\\/inovallee\",\"https:\\\/\\\/www.linkedin.com\\\/company\\\/inovall-e\\\/\",\"https:\\\/\\\/www.youtube.com\\\/user\\\/inovallee?reload=9\"]},{\"@type\":\"Person\",\"@id\":\"https:\\\/\\\/www.inovallee.com\\\/#\\\/schema\\\/person\\\/92dc7fd313568f5cc54aba72aba732fe\",\"name\":\"Margaux De la Fuente\"}]}<\/script>\n<!-- \/ Yoast SEO plugin. -->","yoast_head_json":{"title":"inovall\u00e9e\u00a0: notre association met en place le tri des d\u00e9chets au Tarmac \u00e0 Meylan avec ELISE, une d\u00e9marche sociale et environnementale - inovall\u00e9e","description":"Mise en place d\u2019une solution de tri et collecte des d\u00e9chets \u00e0 inovall\u00e9e avec ELISE, une d\u00e9marche sociale et environnementale.","robots":{"index":"index","follow":"follow","max-snippet":"max-snippet:-1","max-image-preview":"max-image-preview:large","max-video-preview":"max-video-preview:-1"},"canonical":"https:\/\/www.inovallee.com\/en\/inovallee-notre-association-met-en-place-le-tri-des-dechets-au-tarmac-a-meylan-avec-elise-une-demarche-sociale-et-environnementale\/","og_locale":"en_GB","og_type":"article","og_title":"inovall\u00e9e\u00a0: notre association met en place le tri des d\u00e9chets au Tarmac \u00e0 Meylan avec ELISE, une d\u00e9marche sociale et environnementale - inovall\u00e9e","og_description":"Mise en place d\u2019une solution de tri et collecte des d\u00e9chets \u00e0 inovall\u00e9e avec ELISE, une d\u00e9marche sociale et environnementale.","og_url":"https:\/\/www.inovallee.com\/en\/inovallee-notre-association-met-en-place-le-tri-des-dechets-au-tarmac-a-meylan-avec-elise-une-demarche-sociale-et-environnementale\/","og_site_name":"inovall\u00e9e","article_publisher":"https:\/\/www.facebook.com\/technopoleinovallee\/","article_published_time":"2024-04-30T09:47:39+00:00","article_modified_time":"2024-04-30T10:11:48+00:00","og_image":[{"width":1200,"height":1600,"url":"https:\/\/www.inovallee.com\/wp-content\/uploads\/2024\/04\/poubelle-de-tri-elise-inovallee.jpg","type":"image\/jpeg"}],"author":"Margaux De la Fuente","twitter_card":"summary_large_image","twitter_creator":"@inovallee","twitter_site":"@inovallee","twitter_misc":{"Written by":"Margaux De la Fuente","Estimated reading time":"5 minutes"},"schema":{"@context":"https:\/\/schema.org","@graph":[{"@type":"Article","@id":"https:\/\/www.inovallee.com\/inovallee-notre-association-met-en-place-le-tri-des-dechets-au-tarmac-a-meylan-avec-elise-une-demarche-sociale-et-environnementale\/#article","isPartOf":{"@id":"https:\/\/www.inovallee.com\/inovallee-notre-association-met-en-place-le-tri-des-dechets-au-tarmac-a-meylan-avec-elise-une-demarche-sociale-et-environnementale\/"},"author":{"name":"Margaux De la Fuente","@id":"https:\/\/www.inovallee.com\/#\/schema\/person\/92dc7fd313568f5cc54aba72aba732fe"},"headline":"inovall\u00e9e\u00a0: notre association met en place le tri des d\u00e9chets au Tarmac \u00e0 Meylan avec ELISE, une d\u00e9marche sociale et environnementale","datePublished":"2024-04-30T09:47:39+00:00","dateModified":"2024-04-30T10:11:48+00:00","mainEntityOfPage":{"@id":"https:\/\/www.inovallee.com\/inovallee-notre-association-met-en-place-le-tri-des-dechets-au-tarmac-a-meylan-avec-elise-une-demarche-sociale-et-environnementale\/"},"wordCount":1018,"publisher":{"@id":"https:\/\/www.inovallee.com\/#organization"},"image":{"@id":"https:\/\/www.inovallee.com\/inovallee-notre-association-met-en-place-le-tri-des-dechets-au-tarmac-a-meylan-avec-elise-une-demarche-sociale-et-environnementale\/#primaryimage"},"thumbnailUrl":"https:\/\/www.inovallee.com\/wp-content\/uploads\/2024\/04\/poubelle-de-tri-elise-inovallee.jpg","keywords":["d\u00e9chets","tri"],"articleSection":["Territoire (fibre, s\u00e9curit\u00e9, gestion des d\u00e9chets...)"],"inLanguage":"en-GB"},{"@type":"WebPage","@id":"https:\/\/www.inovallee.com\/inovallee-notre-association-met-en-place-le-tri-des-dechets-au-tarmac-a-meylan-avec-elise-une-demarche-sociale-et-environnementale\/","url":"https:\/\/www.inovallee.com\/inovallee-notre-association-met-en-place-le-tri-des-dechets-au-tarmac-a-meylan-avec-elise-une-demarche-sociale-et-environnementale\/","name":"inovall\u00e9e\u00a0: notre association met en place le tri des d\u00e9chets au Tarmac \u00e0 Meylan avec ELISE, une d\u00e9marche sociale et environnementale - inovall\u00e9e","isPartOf":{"@id":"https:\/\/www.inovallee.com\/#website"},"primaryImageOfPage":{"@id":"https:\/\/www.inovallee.com\/inovallee-notre-association-met-en-place-le-tri-des-dechets-au-tarmac-a-meylan-avec-elise-une-demarche-sociale-et-environnementale\/#primaryimage"},"image":{"@id":"https:\/\/www.inovallee.com\/inovallee-notre-association-met-en-place-le-tri-des-dechets-au-tarmac-a-meylan-avec-elise-une-demarche-sociale-et-environnementale\/#primaryimage"},"thumbnailUrl":"https:\/\/www.inovallee.com\/wp-content\/uploads\/2024\/04\/poubelle-de-tri-elise-inovallee.jpg","datePublished":"2024-04-30T09:47:39+00:00","dateModified":"2024-04-30T10:11:48+00:00","description":"Mise en place d\u2019une solution de tri et collecte des d\u00e9chets \u00e0 inovall\u00e9e avec ELISE, une d\u00e9marche sociale et environnementale.","breadcrumb":{"@id":"https:\/\/www.inovallee.com\/inovallee-notre-association-met-en-place-le-tri-des-dechets-au-tarmac-a-meylan-avec-elise-une-demarche-sociale-et-environnementale\/#breadcrumb"},"inLanguage":"en-GB","potentialAction":[{"@type":"ReadAction","target":["https:\/\/www.inovallee.com\/inovallee-notre-association-met-en-place-le-tri-des-dechets-au-tarmac-a-meylan-avec-elise-une-demarche-sociale-et-environnementale\/"]}]},{"@type":"ImageObject","inLanguage":"en-GB","@id":"https:\/\/www.inovallee.com\/inovallee-notre-association-met-en-place-le-tri-des-dechets-au-tarmac-a-meylan-avec-elise-une-demarche-sociale-et-environnementale\/#primaryimage","url":"https:\/\/www.inovallee.com\/wp-content\/uploads\/2024\/04\/poubelle-de-tri-elise-inovallee.jpg","contentUrl":"https:\/\/www.inovallee.com\/wp-content\/uploads\/2024\/04\/poubelle-de-tri-elise-inovallee.jpg","width":1200,"height":1600},{"@type":"BreadcrumbList","@id":"https:\/\/www.inovallee.com\/inovallee-notre-association-met-en-place-le-tri-des-dechets-au-tarmac-a-meylan-avec-elise-une-demarche-sociale-et-environnementale\/#breadcrumb","itemListElement":[{"@type":"ListItem","position":1,"name":"Accueil","item":"https:\/\/www.inovallee.com\/"},{"@type":"ListItem","position":2,"name":"inovall\u00e9e\u00a0: notre association met en place le tri des d\u00e9chets au Tarmac \u00e0 Meylan avec ELISE, une d\u00e9marche sociale et environnementale"}]},{"@type":"WebSite","@id":"https:\/\/www.inovallee.com\/#website","url":"https:\/\/www.inovallee.com\/","name":"inovall\u00e9e technopole, Home to software & smart technologies","description":"Home to software &amp; smart technologies","publisher":{"@id":"https:\/\/www.inovallee.com\/#organization"},"potentialAction":[{"@type":"SearchAction","target":{"@type":"EntryPoint","urlTemplate":"https:\/\/www.inovallee.com\/?s={search_term_string}"},"query-input":{"@type":"PropertyValueSpecification","valueRequired":true,"valueName":"search_term_string"}}],"inLanguage":"en-GB"},{"@type":"Organization","@id":"https:\/\/www.inovallee.com\/#organization","name":"inovall\u00e9e","url":"https:\/\/www.inovallee.com\/","logo":{"@type":"ImageObject","inLanguage":"en-GB","@id":"https:\/\/www.inovallee.com\/#\/schema\/logo\/image\/","url":"https:\/\/www.inovallee.com\/wp-content\/uploads\/2023\/08\/inovallee_2022_GrenobleAlpes.png","contentUrl":"https:\/\/www.inovallee.com\/wp-content\/uploads\/2023\/08\/inovallee_2022_GrenobleAlpes.png","width":945,"height":369,"caption":"inovall\u00e9e"},"image":{"@id":"https:\/\/www.inovallee.com\/#\/schema\/logo\/image\/"},"sameAs":["https:\/\/www.facebook.com\/technopoleinovallee\/","https:\/\/x.com\/inovallee","https:\/\/www.linkedin.com\/company\/inovall-e\/","https:\/\/www.youtube.com\/user\/inovallee?reload=9"]},{"@type":"Person","@id":"https:\/\/www.inovallee.com\/#\/schema\/person\/92dc7fd313568f5cc54aba72aba732fe","name":"Margaux De la Fuente"}]}},"_links":{"self":[{"href":"https:\/\/www.inovallee.com\/en\/wp-json\/wp\/v2\/posts\/52561","targetHints":{"allow":["GET"]}}],"collection":[{"href":"https:\/\/www.inovallee.com\/en\/wp-json\/wp\/v2\/posts"}],"about":[{"href":"https:\/\/www.inovallee.com\/en\/wp-json\/wp\/v2\/types\/post"}],"author":[{"embeddable":true,"href":"https:\/\/www.inovallee.com\/en\/wp-json\/wp\/v2\/users\/18"}],"replies":[{"embeddable":true,"href":"https:\/\/www.inovallee.com\/en\/wp-json\/wp\/v2\/comments?post=52561"}],"version-history":[{"count":6,"href":"https:\/\/www.inovallee.com\/en\/wp-json\/wp\/v2\/posts\/52561\/revisions"}],"predecessor-version":[{"id":52580,"href":"https:\/\/www.inovallee.com\/en\/wp-json\/wp\/v2\/posts\/52561\/revisions\/52580"}],"wp:featuredmedia":[{"embeddable":true,"href":"https:\/\/www.inovallee.com\/en\/wp-json\/wp\/v2\/media\/52563"}],"wp:attachment":[{"href":"https:\/\/www.inovallee.com\/en\/wp-json\/wp\/v2\/media?parent=52561"}],"wp:term":[{"taxonomy":"category","embeddable":true,"href":"https:\/\/www.inovallee.com\/en\/wp-json\/wp\/v2\/categories?post=52561"},{"taxonomy":"post_tag","embeddable":true,"href":"https:\/\/www.inovallee.com\/en\/wp-json\/wp\/v2\/tags?post=52561"}],"curies":[{"name":"wp","href":"https:\/\/api.w.org\/{rel}","templated":true}]}}