{"id":53041,"date":"2024-06-24T19:12:18","date_gmt":"2024-06-24T17:12:18","guid":{"rendered":"https:\/\/www.inovallee.com\/?p=53041"},"modified":"2024-06-24T19:12:19","modified_gmt":"2024-06-24T17:12:19","slug":"publireportage-rex-gregoire-saragoussi-agent-general-allianz-de-limportance-de-la-responsabilite-civile-des-dirigeants","status":"publish","type":"post","link":"https:\/\/www.inovallee.com\/en\/publireportage-rex-gregoire-saragoussi-agent-general-allianz-de-limportance-de-la-responsabilite-civile-des-dirigeants\/","title":{"rendered":"[Publireportage] REX Gr\u00e9goire Saragoussi, agent g\u00e9n\u00e9ral Allianz\u00a0: de l\u2019importance de la Responsabilit\u00e9 Civile des Dirigeants"},"content":{"rendered":"<p>Toutes les entreprises sont assur\u00e9es pour leur activit\u00e9 en Responsabilit\u00e9 Civile G\u00e9n\u00e9rale, mais comme le souligne Gr\u00e9goire Saragoussi, agent g\u00e9n\u00e9ral Allianz et partenaire d\u2019inovall\u00e9e \u00ab\u00a0tr\u00e8s peu d\u2019entre elles couvrent leurs dirigeants, de fait ou de droit, et ce alors que les dirigeants courent un certain nombre de risques civils (faute de gestion, violation des statuts, infraction r\u00e8glementaire \u2026) ou p\u00e9naux (fraude discale, infraction au droit, abus de bien social \u2026), dont les enjeux financiers sont importants\u00a0\u00bb.<\/p>\n\n\n\n<h3 class=\"wp-block-heading\"><strong>Quand la responsabilit\u00e9 personnelle peut-elle \u00eatre mise en cause\u00a0?<\/strong><\/h3>\n\n\n\n<p>La responsabilit\u00e9 personnelle du dirigeant peut \u00eatre mise en case par toutes les parties prenantes&nbsp;: actionnaires, clients, fournisseurs, salari\u00e9s \u2026<\/p>\n\n\n\n<p>Sont concern\u00e9s aussi bien les dirigeants de droit (g\u00e9rant, Pr\u00e9sident, administrateurs, DG, membres du Directoire et leur Pr\u00e9sident, membres du conseil de surveillance et leur Pr\u00e9sident, etc), que les dirigeants de fait. C\u2019est-\u00e0-dire, ceux qui par leur fonction exercent un contr\u00f4le effectif et constant de l\u2019entreprise en en d\u00e9finissent les orientations (embauche et licenciement des salari\u00e9s, signature des ch\u00e8ques, repr\u00e9sentation de l\u2019entreprise aupr\u00e8s des administrations, signature de bail, etc \u2026).<\/p>\n\n\n\n<p>Et le dirigeant peut \u00eatre mis en cause pour des modifs tr\u00e8s diff\u00e9rents&nbsp;en fonction des acteurs (la liste n\u2019est pas exhaustive&nbsp;!) :<\/p>\n\n\n\n<ul class=\"wp-block-list\">\n<li>Les pouvoirs publics pour non paiement des cotisations sociales ou ventes \u00e0 perte<\/li>\n\n\n\n<li>Les fournisseurs pour retard de paiement des factures<\/li>\n\n\n\n<li>Les concurrents pour pratiques commerciales anti-concurrentielles<\/li>\n\n\n\n<li>Les associ\u00e9s pour abus de bien social ou investissement non rentable<\/li>\n\n\n\n<li>Les cr\u00e9anciers pour poursuite d\u2019une activit\u00e9 d\u00e9ficitaire<\/li>\n\n\n\n<li>Les clients pour non respect des r\u00e8gles d\u2019hygi\u00e8ne<\/li>\n\n\n\n<li>Les actionnaires pour informations financi\u00e8res inexactes ou fautes de gestion<\/li>\n\n\n\n<li>Les employ\u00e9s pour non respect d\u2019une obligation de s\u00e9curit\u00e9 ou discrimination \u00e0 l\u2019embauche<\/li>\n<\/ul>\n\n\n\n<h3 class=\"wp-block-heading\"><strong>Un risque financier important pour les dirigeants<\/strong><\/h3>\n\n\n\n<p>Les dirigeants mis en cause doivent dans tous les cas engager des frais pour se d\u00e9fendre (qui peuvent aller de 5 ou 50&nbsp;000\u20ac), et en cas de condamnation, doivent r\u00e9gler des dommages et int\u00e9r\u00eats qui peuvent \u00eatre cons\u00e9quents et entamer leur patrimoine personnel, voire les endetter.<\/p>\n\n\n\n<p>A titre d\u2019exemples&nbsp;:<\/p>\n\n\n\n<ul class=\"wp-block-list\">\n<li>Assignation en responsabilit\u00e9 pour d\u00e9faut d\u2019actifs\u00a0: un expert nomm\u00e9 pour examiner les comptes d\u2019une entreprise en cessation de paiement constate une absence de fiabilit\u00e9 des comptes et \u00e9value l\u2019insuffisance d\u2019actif \u00e0 15M\u20ac. Il met en cause le dirigeant pour fautes de gestion (manque de contr\u00f4le sur la comptabilit\u00e9, maintien de march\u00e9s \u00e0 perte, poursuite d\u2019une activit\u00e9 d\u00e9ficitaire, d\u00e9claration tardive de la cessation de paiements). Le tribunal de commerce prononce la liquidation judiciaire et fixe la participation du dirigeant \u00e0 270 K\u20ac\u00a0+ 108 K\u20ac de dommages et int\u00e9r\u00eats (+ 45\u00a0500\u20ac de frais de d\u00e9fense)<\/li>\n\n\n\n<li>Assignation en responsabilit\u00e9 pour faute li\u00e9e \u00e0 l\u2019emploi\u00a0: un dirigeant est assign\u00e9 au Conseil de Prud\u2019homme par 2salari\u00e9s pour changement de contrat de travail et licenciement abusif. Il est condamn\u00e9 pour non respect de la proc\u00e9dure de licenciement et licenciements sans cause r\u00e9elle et s\u00e9rieuse \u00e0 47 K\u20ac de dommages et int\u00e9r\u00eats (+ 8200 \u20ac de frais de d\u00e9fense).<\/li>\n<\/ul>\n\n\n\n<h3 class=\"wp-block-heading\"><strong>La RC Dirigeants, un contrat simple pour prot\u00e9ger les dirigeants de fait comme de droit<\/strong><\/h3>\n\n\n\n<p>\u00ab&nbsp;La responsabilit\u00e9 civile des dirigeants est un contrat simple \u00e0 mettre en place, avec une prime forfaitaire d\u00e9finie par les capitaux garantis au contrat, qui qui couvre tous les dirigeants de fait comme de droit&nbsp;\u00bb, souligne Gr\u00e9goire Saragoussi.<\/p>\n\n\n\n<p>Ce type de contrat couvre la prise en charge de l\u2019int\u00e9gralit\u00e9 des frais de d\u00e9fense civile et p\u00e9nale si les dirigeants sont mis en cause dans l\u2019exercice de leurs fonctions, mais \u00e9galement de la prise en charge ou du remboursement des dommages et int\u00e9r\u00eat \u00e0 sa leur charge en cas de condamnation.<\/p>\n\n\n\n<p>Des garanties compl\u00e9mentaires sont \u00e9galement possibles comme la protection des ayant-droits, des fondateurs, de l\u2019image du dirigeant etc.<\/p>\n\n\n\n<p><strong>Pour plus d\u2019informations\u00a0:<\/strong><\/p>\n\n\n\n<p><strong>Gr\u00e9goire SARAGOUSSI Agent G\u00e9n\u00e9ral<\/strong><br><em>460, rue des\u00a0Sources &#8211; 38\u00a0920 Crolles<br>Tel. : +33 (0) 04 76 71 34 78\u00a0 Fax : +33 (0) 04 76 71 34 85<\/em> <br><em>E-mail : <\/em><a href=\"mailto:gregoire.saragoussi@allianz.fr\">gregoire.saragoussi@allianz.fr<\/a><\/p>","protected":false},"excerpt":{"rendered":"<p>Toutes les entreprises sont assur\u00e9es pour leur activit\u00e9 en Responsabilit\u00e9 Civile G\u00e9n\u00e9rale, mais comme le souligne Gr\u00e9goire Saragoussi, agent g\u00e9n\u00e9ral Allianz et partenaire d\u2019inovall\u00e9e \u00ab\u00a0tr\u00e8s peu d\u2019entre elles couvrent leurs dirigeants, de fait ou de droit, et ce alors que les dirigeants courent un certain nombre de risques civils (faute de gestion, violation des statuts, [&hellip;]<\/p>\n","protected":false},"author":37,"featured_media":53043,"comment_status":"closed","ping_status":"open","sticky":false,"template":"","format":"standard","meta":{"footnotes":""},"categories":[55],"tags":[],"class_list":["post-53041","post","type-post","status-publish","format-standard","has-post-thumbnail","hentry","category-reglementation-juridique-pi"],"yoast_head":"<!-- This site is optimized with the Yoast SEO plugin v27.4 - https:\/\/yoast.com\/product\/yoast-seo-wordpress\/ -->\n<title>[Publireportage] REX Gr\u00e9goire Saragoussi, agent g\u00e9n\u00e9ral Allianz\u00a0: de l\u2019importance de la Responsabilit\u00e9 Civile des Dirigeants - inovall\u00e9e<\/title>\n<meta name=\"description\" content=\"Publireportage\/Un professionnel nous d\u00e9crypte pourquoi il est important de souscrire une assurance responsabilit\u00e9 Civile pour le dirigeant.\" \/>\n<meta name=\"robots\" content=\"index, follow, max-snippet:-1, max-image-preview:large, max-video-preview:-1\" \/>\n<link rel=\"canonical\" href=\"https:\/\/www.inovallee.com\/en\/publireportage-rex-gregoire-saragoussi-agent-general-allianz-de-limportance-de-la-responsabilite-civile-des-dirigeants\/\" \/>\n<meta property=\"og:locale\" content=\"en_GB\" \/>\n<meta property=\"og:type\" content=\"article\" \/>\n<meta property=\"og:title\" content=\"[Publireportage] REX Gr\u00e9goire Saragoussi, agent g\u00e9n\u00e9ral Allianz\u00a0: de l\u2019importance de la Responsabilit\u00e9 Civile des Dirigeants - inovall\u00e9e\" \/>\n<meta property=\"og:description\" content=\"Publireportage\/Un professionnel nous d\u00e9crypte pourquoi il est important de souscrire une assurance responsabilit\u00e9 Civile pour le dirigeant.\" \/>\n<meta property=\"og:url\" content=\"https:\/\/www.inovallee.com\/en\/publireportage-rex-gregoire-saragoussi-agent-general-allianz-de-limportance-de-la-responsabilite-civile-des-dirigeants\/\" \/>\n<meta property=\"og:site_name\" content=\"inovall\u00e9e\" \/>\n<meta property=\"article:publisher\" content=\"https:\/\/www.facebook.com\/technopoleinovallee\/\" \/>\n<meta property=\"article:published_time\" content=\"2024-06-24T17:12:18+00:00\" \/>\n<meta property=\"article:modified_time\" content=\"2024-06-24T17:12:19+00:00\" \/>\n<meta property=\"og:image\" content=\"https:\/\/www.inovallee.com\/wp-content\/uploads\/2024\/06\/ASSURANCES_37-38-003.jpg\" \/>\n\t<meta property=\"og:image:width\" content=\"961\" \/>\n\t<meta property=\"og:image:height\" content=\"900\" \/>\n\t<meta property=\"og:image:type\" content=\"image\/jpeg\" \/>\n<meta name=\"author\" content=\"Emmanuelle Vouriot\" \/>\n<meta name=\"twitter:card\" content=\"summary_large_image\" \/>\n<meta name=\"twitter:creator\" content=\"@inovallee\" \/>\n<meta name=\"twitter:site\" content=\"@inovallee\" \/>\n<meta name=\"twitter:label1\" content=\"Written by\" \/>\n\t<meta name=\"twitter:data1\" content=\"Emmanuelle Vouriot\" \/>\n\t<meta name=\"twitter:label2\" content=\"Estimated reading time\" \/>\n\t<meta name=\"twitter:data2\" content=\"4 minutes\" \/>\n<script type=\"application\/ld+json\" class=\"yoast-schema-graph\">{\"@context\":\"https:\\\/\\\/schema.org\",\"@graph\":[{\"@type\":\"Article\",\"@id\":\"https:\\\/\\\/www.inovallee.com\\\/publireportage-rex-gregoire-saragoussi-agent-general-allianz-de-limportance-de-la-responsabilite-civile-des-dirigeants\\\/#article\",\"isPartOf\":{\"@id\":\"https:\\\/\\\/www.inovallee.com\\\/publireportage-rex-gregoire-saragoussi-agent-general-allianz-de-limportance-de-la-responsabilite-civile-des-dirigeants\\\/\"},\"author\":{\"name\":\"Emmanuelle Vouriot\",\"@id\":\"https:\\\/\\\/www.inovallee.com\\\/#\\\/schema\\\/person\\\/1e7259f9e965ec516d83fdc8ddebbe90\"},\"headline\":\"[Publireportage] REX Gr\u00e9goire Saragoussi, agent g\u00e9n\u00e9ral Allianz\u00a0: de l\u2019importance de la Responsabilit\u00e9 Civile des Dirigeants\",\"datePublished\":\"2024-06-24T17:12:18+00:00\",\"dateModified\":\"2024-06-24T17:12:19+00:00\",\"mainEntityOfPage\":{\"@id\":\"https:\\\/\\\/www.inovallee.com\\\/publireportage-rex-gregoire-saragoussi-agent-general-allianz-de-limportance-de-la-responsabilite-civile-des-dirigeants\\\/\"},\"wordCount\":713,\"publisher\":{\"@id\":\"https:\\\/\\\/www.inovallee.com\\\/#organization\"},\"image\":{\"@id\":\"https:\\\/\\\/www.inovallee.com\\\/publireportage-rex-gregoire-saragoussi-agent-general-allianz-de-limportance-de-la-responsabilite-civile-des-dirigeants\\\/#primaryimage\"},\"thumbnailUrl\":\"https:\\\/\\\/www.inovallee.com\\\/wp-content\\\/uploads\\\/2024\\\/06\\\/ASSURANCES_37-38-003.jpg\",\"articleSection\":[\"R\u00e9glementaire et Juridique \\\/ Propri\u00e9t\u00e9 Intellectuelle\"],\"inLanguage\":\"en-GB\"},{\"@type\":\"WebPage\",\"@id\":\"https:\\\/\\\/www.inovallee.com\\\/publireportage-rex-gregoire-saragoussi-agent-general-allianz-de-limportance-de-la-responsabilite-civile-des-dirigeants\\\/\",\"url\":\"https:\\\/\\\/www.inovallee.com\\\/publireportage-rex-gregoire-saragoussi-agent-general-allianz-de-limportance-de-la-responsabilite-civile-des-dirigeants\\\/\",\"name\":\"[Publireportage] REX Gr\u00e9goire Saragoussi, agent g\u00e9n\u00e9ral Allianz\u00a0: de l\u2019importance de la Responsabilit\u00e9 Civile des Dirigeants - inovall\u00e9e\",\"isPartOf\":{\"@id\":\"https:\\\/\\\/www.inovallee.com\\\/#website\"},\"primaryImageOfPage\":{\"@id\":\"https:\\\/\\\/www.inovallee.com\\\/publireportage-rex-gregoire-saragoussi-agent-general-allianz-de-limportance-de-la-responsabilite-civile-des-dirigeants\\\/#primaryimage\"},\"image\":{\"@id\":\"https:\\\/\\\/www.inovallee.com\\\/publireportage-rex-gregoire-saragoussi-agent-general-allianz-de-limportance-de-la-responsabilite-civile-des-dirigeants\\\/#primaryimage\"},\"thumbnailUrl\":\"https:\\\/\\\/www.inovallee.com\\\/wp-content\\\/uploads\\\/2024\\\/06\\\/ASSURANCES_37-38-003.jpg\",\"datePublished\":\"2024-06-24T17:12:18+00:00\",\"dateModified\":\"2024-06-24T17:12:19+00:00\",\"description\":\"Publireportage\\\/Un professionnel nous d\u00e9crypte pourquoi il est important de souscrire une assurance responsabilit\u00e9 Civile pour le dirigeant.\",\"breadcrumb\":{\"@id\":\"https:\\\/\\\/www.inovallee.com\\\/publireportage-rex-gregoire-saragoussi-agent-general-allianz-de-limportance-de-la-responsabilite-civile-des-dirigeants\\\/#breadcrumb\"},\"inLanguage\":\"en-GB\",\"potentialAction\":[{\"@type\":\"ReadAction\",\"target\":[\"https:\\\/\\\/www.inovallee.com\\\/publireportage-rex-gregoire-saragoussi-agent-general-allianz-de-limportance-de-la-responsabilite-civile-des-dirigeants\\\/\"]}]},{\"@type\":\"ImageObject\",\"inLanguage\":\"en-GB\",\"@id\":\"https:\\\/\\\/www.inovallee.com\\\/publireportage-rex-gregoire-saragoussi-agent-general-allianz-de-limportance-de-la-responsabilite-civile-des-dirigeants\\\/#primaryimage\",\"url\":\"https:\\\/\\\/www.inovallee.com\\\/wp-content\\\/uploads\\\/2024\\\/06\\\/ASSURANCES_37-38-003.jpg\",\"contentUrl\":\"https:\\\/\\\/www.inovallee.com\\\/wp-content\\\/uploads\\\/2024\\\/06\\\/ASSURANCES_37-38-003.jpg\",\"width\":961,\"height\":900},{\"@type\":\"BreadcrumbList\",\"@id\":\"https:\\\/\\\/www.inovallee.com\\\/publireportage-rex-gregoire-saragoussi-agent-general-allianz-de-limportance-de-la-responsabilite-civile-des-dirigeants\\\/#breadcrumb\",\"itemListElement\":[{\"@type\":\"ListItem\",\"position\":1,\"name\":\"Accueil\",\"item\":\"https:\\\/\\\/www.inovallee.com\\\/\"},{\"@type\":\"ListItem\",\"position\":2,\"name\":\"[Publireportage] REX Gr\u00e9goire Saragoussi, agent g\u00e9n\u00e9ral Allianz\u00a0: de l\u2019importance de la Responsabilit\u00e9 Civile des Dirigeants\"}]},{\"@type\":\"WebSite\",\"@id\":\"https:\\\/\\\/www.inovallee.com\\\/#website\",\"url\":\"https:\\\/\\\/www.inovallee.com\\\/\",\"name\":\"inovall\u00e9e technopole, Home to software & smart technologies\",\"description\":\"Home to software &amp; smart technologies\",\"publisher\":{\"@id\":\"https:\\\/\\\/www.inovallee.com\\\/#organization\"},\"potentialAction\":[{\"@type\":\"SearchAction\",\"target\":{\"@type\":\"EntryPoint\",\"urlTemplate\":\"https:\\\/\\\/www.inovallee.com\\\/?s={search_term_string}\"},\"query-input\":{\"@type\":\"PropertyValueSpecification\",\"valueRequired\":true,\"valueName\":\"search_term_string\"}}],\"inLanguage\":\"en-GB\"},{\"@type\":\"Organization\",\"@id\":\"https:\\\/\\\/www.inovallee.com\\\/#organization\",\"name\":\"inovall\u00e9e\",\"url\":\"https:\\\/\\\/www.inovallee.com\\\/\",\"logo\":{\"@type\":\"ImageObject\",\"inLanguage\":\"en-GB\",\"@id\":\"https:\\\/\\\/www.inovallee.com\\\/#\\\/schema\\\/logo\\\/image\\\/\",\"url\":\"https:\\\/\\\/www.inovallee.com\\\/wp-content\\\/uploads\\\/2023\\\/08\\\/inovallee_2022_GrenobleAlpes.png\",\"contentUrl\":\"https:\\\/\\\/www.inovallee.com\\\/wp-content\\\/uploads\\\/2023\\\/08\\\/inovallee_2022_GrenobleAlpes.png\",\"width\":945,\"height\":369,\"caption\":\"inovall\u00e9e\"},\"image\":{\"@id\":\"https:\\\/\\\/www.inovallee.com\\\/#\\\/schema\\\/logo\\\/image\\\/\"},\"sameAs\":[\"https:\\\/\\\/www.facebook.com\\\/technopoleinovallee\\\/\",\"https:\\\/\\\/x.com\\\/inovallee\",\"https:\\\/\\\/www.linkedin.com\\\/company\\\/inovall-e\\\/\",\"https:\\\/\\\/www.youtube.com\\\/user\\\/inovallee?reload=9\"]},{\"@type\":\"Person\",\"@id\":\"https:\\\/\\\/www.inovallee.com\\\/#\\\/schema\\\/person\\\/1e7259f9e965ec516d83fdc8ddebbe90\",\"name\":\"Emmanuelle Vouriot\"}]}<\/script>\n<!-- \/ Yoast SEO plugin. -->","yoast_head_json":{"title":"[Publireportage] REX Gr\u00e9goire Saragoussi, agent g\u00e9n\u00e9ral Allianz\u00a0: de l\u2019importance de la Responsabilit\u00e9 Civile des Dirigeants - inovall\u00e9e","description":"Publireportage\/Un professionnel nous d\u00e9crypte pourquoi il est important de souscrire une assurance responsabilit\u00e9 Civile pour le dirigeant.","robots":{"index":"index","follow":"follow","max-snippet":"max-snippet:-1","max-image-preview":"max-image-preview:large","max-video-preview":"max-video-preview:-1"},"canonical":"https:\/\/www.inovallee.com\/en\/publireportage-rex-gregoire-saragoussi-agent-general-allianz-de-limportance-de-la-responsabilite-civile-des-dirigeants\/","og_locale":"en_GB","og_type":"article","og_title":"[Publireportage] REX Gr\u00e9goire Saragoussi, agent g\u00e9n\u00e9ral Allianz\u00a0: de l\u2019importance de la Responsabilit\u00e9 Civile des Dirigeants - inovall\u00e9e","og_description":"Publireportage\/Un professionnel nous d\u00e9crypte pourquoi il est important de souscrire une assurance responsabilit\u00e9 Civile pour le dirigeant.","og_url":"https:\/\/www.inovallee.com\/en\/publireportage-rex-gregoire-saragoussi-agent-general-allianz-de-limportance-de-la-responsabilite-civile-des-dirigeants\/","og_site_name":"inovall\u00e9e","article_publisher":"https:\/\/www.facebook.com\/technopoleinovallee\/","article_published_time":"2024-06-24T17:12:18+00:00","article_modified_time":"2024-06-24T17:12:19+00:00","og_image":[{"width":961,"height":900,"url":"https:\/\/www.inovallee.com\/wp-content\/uploads\/2024\/06\/ASSURANCES_37-38-003.jpg","type":"image\/jpeg"}],"author":"Emmanuelle Vouriot","twitter_card":"summary_large_image","twitter_creator":"@inovallee","twitter_site":"@inovallee","twitter_misc":{"Written by":"Emmanuelle Vouriot","Estimated reading time":"4 minutes"},"schema":{"@context":"https:\/\/schema.org","@graph":[{"@type":"Article","@id":"https:\/\/www.inovallee.com\/publireportage-rex-gregoire-saragoussi-agent-general-allianz-de-limportance-de-la-responsabilite-civile-des-dirigeants\/#article","isPartOf":{"@id":"https:\/\/www.inovallee.com\/publireportage-rex-gregoire-saragoussi-agent-general-allianz-de-limportance-de-la-responsabilite-civile-des-dirigeants\/"},"author":{"name":"Emmanuelle Vouriot","@id":"https:\/\/www.inovallee.com\/#\/schema\/person\/1e7259f9e965ec516d83fdc8ddebbe90"},"headline":"[Publireportage] REX Gr\u00e9goire Saragoussi, agent g\u00e9n\u00e9ral Allianz\u00a0: de l\u2019importance de la Responsabilit\u00e9 Civile des Dirigeants","datePublished":"2024-06-24T17:12:18+00:00","dateModified":"2024-06-24T17:12:19+00:00","mainEntityOfPage":{"@id":"https:\/\/www.inovallee.com\/publireportage-rex-gregoire-saragoussi-agent-general-allianz-de-limportance-de-la-responsabilite-civile-des-dirigeants\/"},"wordCount":713,"publisher":{"@id":"https:\/\/www.inovallee.com\/#organization"},"image":{"@id":"https:\/\/www.inovallee.com\/publireportage-rex-gregoire-saragoussi-agent-general-allianz-de-limportance-de-la-responsabilite-civile-des-dirigeants\/#primaryimage"},"thumbnailUrl":"https:\/\/www.inovallee.com\/wp-content\/uploads\/2024\/06\/ASSURANCES_37-38-003.jpg","articleSection":["R\u00e9glementaire et Juridique \/ Propri\u00e9t\u00e9 Intellectuelle"],"inLanguage":"en-GB"},{"@type":"WebPage","@id":"https:\/\/www.inovallee.com\/publireportage-rex-gregoire-saragoussi-agent-general-allianz-de-limportance-de-la-responsabilite-civile-des-dirigeants\/","url":"https:\/\/www.inovallee.com\/publireportage-rex-gregoire-saragoussi-agent-general-allianz-de-limportance-de-la-responsabilite-civile-des-dirigeants\/","name":"[Publireportage] REX Gr\u00e9goire Saragoussi, agent g\u00e9n\u00e9ral Allianz\u00a0: de l\u2019importance de la Responsabilit\u00e9 Civile des Dirigeants - inovall\u00e9e","isPartOf":{"@id":"https:\/\/www.inovallee.com\/#website"},"primaryImageOfPage":{"@id":"https:\/\/www.inovallee.com\/publireportage-rex-gregoire-saragoussi-agent-general-allianz-de-limportance-de-la-responsabilite-civile-des-dirigeants\/#primaryimage"},"image":{"@id":"https:\/\/www.inovallee.com\/publireportage-rex-gregoire-saragoussi-agent-general-allianz-de-limportance-de-la-responsabilite-civile-des-dirigeants\/#primaryimage"},"thumbnailUrl":"https:\/\/www.inovallee.com\/wp-content\/uploads\/2024\/06\/ASSURANCES_37-38-003.jpg","datePublished":"2024-06-24T17:12:18+00:00","dateModified":"2024-06-24T17:12:19+00:00","description":"Publireportage\/Un professionnel nous d\u00e9crypte pourquoi il est important de souscrire une assurance responsabilit\u00e9 Civile pour le dirigeant.","breadcrumb":{"@id":"https:\/\/www.inovallee.com\/publireportage-rex-gregoire-saragoussi-agent-general-allianz-de-limportance-de-la-responsabilite-civile-des-dirigeants\/#breadcrumb"},"inLanguage":"en-GB","potentialAction":[{"@type":"ReadAction","target":["https:\/\/www.inovallee.com\/publireportage-rex-gregoire-saragoussi-agent-general-allianz-de-limportance-de-la-responsabilite-civile-des-dirigeants\/"]}]},{"@type":"ImageObject","inLanguage":"en-GB","@id":"https:\/\/www.inovallee.com\/publireportage-rex-gregoire-saragoussi-agent-general-allianz-de-limportance-de-la-responsabilite-civile-des-dirigeants\/#primaryimage","url":"https:\/\/www.inovallee.com\/wp-content\/uploads\/2024\/06\/ASSURANCES_37-38-003.jpg","contentUrl":"https:\/\/www.inovallee.com\/wp-content\/uploads\/2024\/06\/ASSURANCES_37-38-003.jpg","width":961,"height":900},{"@type":"BreadcrumbList","@id":"https:\/\/www.inovallee.com\/publireportage-rex-gregoire-saragoussi-agent-general-allianz-de-limportance-de-la-responsabilite-civile-des-dirigeants\/#breadcrumb","itemListElement":[{"@type":"ListItem","position":1,"name":"Accueil","item":"https:\/\/www.inovallee.com\/"},{"@type":"ListItem","position":2,"name":"[Publireportage] REX Gr\u00e9goire Saragoussi, agent g\u00e9n\u00e9ral Allianz\u00a0: de l\u2019importance de la Responsabilit\u00e9 Civile des Dirigeants"}]},{"@type":"WebSite","@id":"https:\/\/www.inovallee.com\/#website","url":"https:\/\/www.inovallee.com\/","name":"inovall\u00e9e technopole, Home to software & smart technologies","description":"Home to software &amp; smart technologies","publisher":{"@id":"https:\/\/www.inovallee.com\/#organization"},"potentialAction":[{"@type":"SearchAction","target":{"@type":"EntryPoint","urlTemplate":"https:\/\/www.inovallee.com\/?s={search_term_string}"},"query-input":{"@type":"PropertyValueSpecification","valueRequired":true,"valueName":"search_term_string"}}],"inLanguage":"en-GB"},{"@type":"Organization","@id":"https:\/\/www.inovallee.com\/#organization","name":"inovall\u00e9e","url":"https:\/\/www.inovallee.com\/","logo":{"@type":"ImageObject","inLanguage":"en-GB","@id":"https:\/\/www.inovallee.com\/#\/schema\/logo\/image\/","url":"https:\/\/www.inovallee.com\/wp-content\/uploads\/2023\/08\/inovallee_2022_GrenobleAlpes.png","contentUrl":"https:\/\/www.inovallee.com\/wp-content\/uploads\/2023\/08\/inovallee_2022_GrenobleAlpes.png","width":945,"height":369,"caption":"inovall\u00e9e"},"image":{"@id":"https:\/\/www.inovallee.com\/#\/schema\/logo\/image\/"},"sameAs":["https:\/\/www.facebook.com\/technopoleinovallee\/","https:\/\/x.com\/inovallee","https:\/\/www.linkedin.com\/company\/inovall-e\/","https:\/\/www.youtube.com\/user\/inovallee?reload=9"]},{"@type":"Person","@id":"https:\/\/www.inovallee.com\/#\/schema\/person\/1e7259f9e965ec516d83fdc8ddebbe90","name":"Emmanuelle Vouriot"}]}},"_links":{"self":[{"href":"https:\/\/www.inovallee.com\/en\/wp-json\/wp\/v2\/posts\/53041","targetHints":{"allow":["GET"]}}],"collection":[{"href":"https:\/\/www.inovallee.com\/en\/wp-json\/wp\/v2\/posts"}],"about":[{"href":"https:\/\/www.inovallee.com\/en\/wp-json\/wp\/v2\/types\/post"}],"author":[{"embeddable":true,"href":"https:\/\/www.inovallee.com\/en\/wp-json\/wp\/v2\/users\/37"}],"replies":[{"embeddable":true,"href":"https:\/\/www.inovallee.com\/en\/wp-json\/wp\/v2\/comments?post=53041"}],"version-history":[{"count":1,"href":"https:\/\/www.inovallee.com\/en\/wp-json\/wp\/v2\/posts\/53041\/revisions"}],"predecessor-version":[{"id":53044,"href":"https:\/\/www.inovallee.com\/en\/wp-json\/wp\/v2\/posts\/53041\/revisions\/53044"}],"wp:featuredmedia":[{"embeddable":true,"href":"https:\/\/www.inovallee.com\/en\/wp-json\/wp\/v2\/media\/53043"}],"wp:attachment":[{"href":"https:\/\/www.inovallee.com\/en\/wp-json\/wp\/v2\/media?parent=53041"}],"wp:term":[{"taxonomy":"category","embeddable":true,"href":"https:\/\/www.inovallee.com\/en\/wp-json\/wp\/v2\/categories?post=53041"},{"taxonomy":"post_tag","embeddable":true,"href":"https:\/\/www.inovallee.com\/en\/wp-json\/wp\/v2\/tags?post=53041"}],"curies":[{"name":"wp","href":"https:\/\/api.w.org\/{rel}","templated":true}]}}