{"id":5439,"date":"2016-02-15T15:28:54","date_gmt":"2016-02-15T14:28:54","guid":{"rendered":"https:\/\/www.inovallee.com\/?p=5439"},"modified":"2016-02-15T15:28:54","modified_gmt":"2016-02-15T14:28:54","slug":"une-station-dautopartage-citelib-inauguree-a-inovallee","status":"publish","type":"post","link":"https:\/\/www.inovallee.com\/en\/une-station-dautopartage-citelib-inauguree-a-inovallee\/","title":{"rendered":"Une station d&#039;autopartage Cit\u00e9lib inaugur\u00e9e \u00e0 inovall\u00e9e !"},"content":{"rendered":"<p><a href=\"https:\/\/www.inovallee.com\/wp-content\/uploads\/2016\/02\/DSC02839-2.jpg\"><img fetchpriority=\"high\" decoding=\"async\" class=\"alignleft size-thumbnail wp-image-5554\" src=\"https:\/\/www.inovallee.com\/wp-content\/uploads\/2016\/02\/DSC02839-2-300x187.jpg\" alt=\"\" width=\"300\" height=\"187\" srcset=\"https:\/\/www.inovallee.com\/wp-content\/uploads\/2016\/02\/DSC02839-2-300x187.jpg 300w, https:\/\/www.inovallee.com\/wp-content\/uploads\/2016\/02\/DSC02839-2.jpg 329w\" sizes=\"(max-width: 300px) 100vw, 300px\" \/><\/a>La premi\u00e8re station d\u2019autopartage Citelib meylanaise a \u00e9t\u00e9 inaugur\u00e9e ce lundi 8 f\u00e9vrier Place des Tuileaux\u00a0 en pr\u00e9sence du pr\u00e9sident d\u2019inovall\u00e9e, Christophe Mathevet, de nombreux \u00e9lus dont Christophe Ferrari, pr\u00e9sident de Grenoble-Alpes M\u00e9tropole, Damien Guiguet, maire de Meylan, Jean-Claude Peyrin, Vice pr\u00e9sident du conseil d\u00e9partemental, et de Maxime Tassin, Pr\u00e9sident de Cit\u00e9lib, Francis Pillot, Directeur collectivit\u00e9s territoriales EDF et Yutaka Matsumoto, Directeur de projet TOYOTA.<br \/>\n<strong>Cette station est \u00a0la 27<sup>\u00e8me<\/sup> et derni\u00e8re de l\u2019exp\u00e9rimentation Citelib by Ha:mo<\/strong> men\u00e9e sur l\u2019agglom\u00e9ration grenobloise et proposant une flotte de 70 v\u00e9hicules urbains ultra-compacts (i-ROADs et COMs) sur des stations aliment\u00e9es en \u00e9lectricit\u00e9 verte.<br \/>\nChristophe Mathevet a fait part de son enthousiasme de voir arriver cette station proposant un mode de d\u00e9placement innovant. Il a \u00e9galement rappel\u00e9 qu\u2019inovall\u00e9e s\u2019attache quotidiennement \u00e0 promouvoir les actions entreprises par les collectivit\u00e9s en mati\u00e8re de d\u00e9placement et plus largement de d\u00e9veloppement durable et de RSE. \u00a0En effet, que ce soit avec le lancement de la d\u00e9marche inovetic permettant d\u2019aider les entreprises \u00e0 valoriser leurs bonnes pratiques et \u00e0 leur donner les outils pour progresser, ou en participant aux \u00e9changes initi\u00e9s par le Gr\u00e9sivaudan et la M\u00e9tro sur la mise en place d\u2019un PDIE \u00e0 l\u2019\u00e9chelle d\u2019inovall\u00e9e, inovall\u00e9e s\u2019engage et soutient les initiatives permettant l\u2019\u00e9volution des mobilit\u00e9s urbaines.<br \/>\nDes discussions sont actuellement en cours avec Citelib pour implanter sur inovall\u00e9e Meylan et Montbonnot d\u2019autres stations d\u2019auto-partage, avec des v\u00e9hicules classiques cette fois. Les entreprises d\u2019inovall\u00e9e sont sensibilis\u00e9es et volontaires pour contribuer \u00e0 faire \u00e9voluer les pratiques en mati\u00e8re de d\u00e9placement et plusieurs d\u2019entre elles ont d\u2019ores et d\u00e9j\u00e0 manifest\u00e9 leur int\u00e9r\u00eat d\u2019utiliser l\u2019auto-partage . Elles sont par ailleurs de plus en plus nombreuses \u00e0 se lancer dans des d\u00e9marches de PDE et attendent avec impatience la mise en place d\u2019un PDIE \u00e0 l\u2019\u00e9chelle du territoire d\u2019inovall\u00e9e.<br \/>\n<strong>En savoir plus sur <em>Citelib by Ha:mo\u00a0:<\/em><\/strong><br \/>\nDestin\u00e9s \u00e0 des trajets courts, ces v\u00e9hicules petit format permettent de se d\u00e9placer facilement en ville et de favoriser l\u2019intermodalit\u00e9 avec le train, le tram ou le v\u00e9lo.<br \/>\nCe service a donc pour vocation de faciliter et d&rsquo;optimiser les d\u00e9placements aussi bien pour les particuliers que pour les professionnels en leur apportant gain de temps et \u00e9conomies tout en pr\u00e9servant l&rsquo;environnement. Les v\u00e9hicules sont disponibles 24H\/24 et accessibles via une carte d\u2019acc\u00e8s.<br \/>\nPour contacter Citelib\u00a0: 04 76 24 57 25 ou\u00a0<a href=\"http:\/\/www.citelibbyhamo.fr\/\" target=\"_blank\" rel=\"noopener noreferrer\">www.citelibbyhamo.fr<\/a><br \/>\n&nbsp;<\/p>","protected":false},"excerpt":{"rendered":"<p>La premi\u00e8re station d\u2019autopartage Citelib meylanaise a \u00e9t\u00e9 inaugur\u00e9e ce lundi 8 f\u00e9vrier Place des Tuileaux\u00a0 en pr\u00e9sence du pr\u00e9sident d\u2019inovall\u00e9e, Christophe Mathevet, de nombreux \u00e9lus dont Christophe Ferrari, pr\u00e9sident de Grenoble-Alpes M\u00e9tropole, Damien Guiguet, maire de Meylan, Jean-Claude Peyrin, Vice pr\u00e9sident du conseil d\u00e9partemental, et de Maxime Tassin, Pr\u00e9sident de Cit\u00e9lib, Francis Pillot, Directeur [&hellip;]<\/p>\n","protected":false},"author":6,"featured_media":5554,"comment_status":"closed","ping_status":"open","sticky":false,"template":"","format":"standard","meta":{"footnotes":""},"categories":[51,37,35],"tags":[],"class_list":["post-5439","post","type-post","status-publish","format-standard","has-post-thumbnail","hentry","category-ecosysteme-innovation","category-my-ino","category-sports-loisirs-culture-inovallee"],"yoast_head":"<!-- This site is optimized with the Yoast SEO plugin v27.4 - https:\/\/yoast.com\/product\/yoast-seo-wordpress\/ -->\n<title>Une station d&#039;autopartage Cit\u00e9lib inaugur\u00e9e \u00e0 inovall\u00e9e ! - inovall\u00e9e<\/title>\n<meta name=\"robots\" content=\"index, follow, max-snippet:-1, max-image-preview:large, max-video-preview:-1\" \/>\n<link rel=\"canonical\" href=\"https:\/\/www.inovallee.com\/en\/une-station-dautopartage-citelib-inauguree-a-inovallee\/\" \/>\n<meta property=\"og:locale\" content=\"en_GB\" \/>\n<meta property=\"og:type\" content=\"article\" \/>\n<meta property=\"og:title\" content=\"Une station d&#039;autopartage Cit\u00e9lib inaugur\u00e9e \u00e0 inovall\u00e9e ! - inovall\u00e9e\" \/>\n<meta property=\"og:description\" content=\"La premi\u00e8re station d\u2019autopartage Citelib meylanaise a \u00e9t\u00e9 inaugur\u00e9e ce lundi 8 f\u00e9vrier Place des Tuileaux\u00a0 en pr\u00e9sence du pr\u00e9sident d\u2019inovall\u00e9e, Christophe Mathevet, de nombreux \u00e9lus dont Christophe Ferrari, pr\u00e9sident de Grenoble-Alpes M\u00e9tropole, Damien Guiguet, maire de Meylan, Jean-Claude Peyrin, Vice pr\u00e9sident du conseil d\u00e9partemental, et de Maxime Tassin, Pr\u00e9sident de Cit\u00e9lib, Francis Pillot, Directeur [&hellip;]\" \/>\n<meta property=\"og:url\" content=\"https:\/\/www.inovallee.com\/en\/une-station-dautopartage-citelib-inauguree-a-inovallee\/\" \/>\n<meta property=\"og:site_name\" content=\"inovall\u00e9e\" \/>\n<meta property=\"article:publisher\" content=\"https:\/\/www.facebook.com\/technopoleinovallee\/\" \/>\n<meta property=\"article:published_time\" content=\"2016-02-15T14:28:54+00:00\" \/>\n<meta property=\"og:image\" content=\"https:\/\/www.inovallee.com\/wp-content\/uploads\/2016\/02\/DSC02839-2.jpg\" \/>\n\t<meta property=\"og:image:width\" content=\"329\" \/>\n\t<meta property=\"og:image:height\" content=\"205\" \/>\n\t<meta property=\"og:image:type\" content=\"image\/jpeg\" \/>\n<meta name=\"author\" content=\"Inovallee\" \/>\n<meta name=\"twitter:card\" content=\"summary_large_image\" \/>\n<meta name=\"twitter:creator\" content=\"@inovallee\" \/>\n<meta name=\"twitter:site\" content=\"@inovallee\" \/>\n<meta name=\"twitter:label1\" content=\"Written by\" \/>\n\t<meta name=\"twitter:data1\" content=\"Inovallee\" \/>\n\t<meta name=\"twitter:label2\" content=\"Estimated reading time\" \/>\n\t<meta name=\"twitter:data2\" content=\"2 minutes\" \/>\n<script type=\"application\/ld+json\" class=\"yoast-schema-graph\">{\"@context\":\"https:\\\/\\\/schema.org\",\"@graph\":[{\"@type\":\"Article\",\"@id\":\"https:\\\/\\\/www.inovallee.com\\\/une-station-dautopartage-citelib-inauguree-a-inovallee\\\/#article\",\"isPartOf\":{\"@id\":\"https:\\\/\\\/www.inovallee.com\\\/une-station-dautopartage-citelib-inauguree-a-inovallee\\\/\"},\"author\":{\"name\":\"Inovallee\",\"@id\":\"https:\\\/\\\/www.inovallee.com\\\/#\\\/schema\\\/person\\\/a45b15518aad3111b2d61d257a3e023b\"},\"headline\":\"Une station d&#039;autopartage Cit\u00e9lib inaugur\u00e9e \u00e0 inovall\u00e9e !\",\"datePublished\":\"2016-02-15T14:28:54+00:00\",\"mainEntityOfPage\":{\"@id\":\"https:\\\/\\\/www.inovallee.com\\\/une-station-dautopartage-citelib-inauguree-a-inovallee\\\/\"},\"wordCount\":462,\"publisher\":{\"@id\":\"https:\\\/\\\/www.inovallee.com\\\/#organization\"},\"image\":{\"@id\":\"https:\\\/\\\/www.inovallee.com\\\/une-station-dautopartage-citelib-inauguree-a-inovallee\\\/#primaryimage\"},\"thumbnailUrl\":\"https:\\\/\\\/www.inovallee.com\\\/wp-content\\\/uploads\\\/2016\\\/02\\\/DSC02839-2.jpg\",\"articleSection\":[\"Ecosyst\u00e8me de l'innovation\",\"My Ino : Vivre &amp; travailler sur inovall\u00e9e\",\"Sports &amp; Loisirs\"],\"inLanguage\":\"en-GB\"},{\"@type\":\"WebPage\",\"@id\":\"https:\\\/\\\/www.inovallee.com\\\/une-station-dautopartage-citelib-inauguree-a-inovallee\\\/\",\"url\":\"https:\\\/\\\/www.inovallee.com\\\/une-station-dautopartage-citelib-inauguree-a-inovallee\\\/\",\"name\":\"Une station d&#039;autopartage Cit\u00e9lib inaugur\u00e9e \u00e0 inovall\u00e9e ! - inovall\u00e9e\",\"isPartOf\":{\"@id\":\"https:\\\/\\\/www.inovallee.com\\\/#website\"},\"primaryImageOfPage\":{\"@id\":\"https:\\\/\\\/www.inovallee.com\\\/une-station-dautopartage-citelib-inauguree-a-inovallee\\\/#primaryimage\"},\"image\":{\"@id\":\"https:\\\/\\\/www.inovallee.com\\\/une-station-dautopartage-citelib-inauguree-a-inovallee\\\/#primaryimage\"},\"thumbnailUrl\":\"https:\\\/\\\/www.inovallee.com\\\/wp-content\\\/uploads\\\/2016\\\/02\\\/DSC02839-2.jpg\",\"datePublished\":\"2016-02-15T14:28:54+00:00\",\"breadcrumb\":{\"@id\":\"https:\\\/\\\/www.inovallee.com\\\/une-station-dautopartage-citelib-inauguree-a-inovallee\\\/#breadcrumb\"},\"inLanguage\":\"en-GB\",\"potentialAction\":[{\"@type\":\"ReadAction\",\"target\":[\"https:\\\/\\\/www.inovallee.com\\\/une-station-dautopartage-citelib-inauguree-a-inovallee\\\/\"]}]},{\"@type\":\"ImageObject\",\"inLanguage\":\"en-GB\",\"@id\":\"https:\\\/\\\/www.inovallee.com\\\/une-station-dautopartage-citelib-inauguree-a-inovallee\\\/#primaryimage\",\"url\":\"https:\\\/\\\/www.inovallee.com\\\/wp-content\\\/uploads\\\/2016\\\/02\\\/DSC02839-2.jpg\",\"contentUrl\":\"https:\\\/\\\/www.inovallee.com\\\/wp-content\\\/uploads\\\/2016\\\/02\\\/DSC02839-2.jpg\",\"width\":329,\"height\":205},{\"@type\":\"BreadcrumbList\",\"@id\":\"https:\\\/\\\/www.inovallee.com\\\/une-station-dautopartage-citelib-inauguree-a-inovallee\\\/#breadcrumb\",\"itemListElement\":[{\"@type\":\"ListItem\",\"position\":1,\"name\":\"Accueil\",\"item\":\"https:\\\/\\\/www.inovallee.com\\\/\"},{\"@type\":\"ListItem\",\"position\":2,\"name\":\"Une station d&#039;autopartage Cit\u00e9lib inaugur\u00e9e \u00e0 inovall\u00e9e !\"}]},{\"@type\":\"WebSite\",\"@id\":\"https:\\\/\\\/www.inovallee.com\\\/#website\",\"url\":\"https:\\\/\\\/www.inovallee.com\\\/\",\"name\":\"inovall\u00e9e technopole, Home to software & smart technologies\",\"description\":\"Home to software &amp; smart technologies\",\"publisher\":{\"@id\":\"https:\\\/\\\/www.inovallee.com\\\/#organization\"},\"potentialAction\":[{\"@type\":\"SearchAction\",\"target\":{\"@type\":\"EntryPoint\",\"urlTemplate\":\"https:\\\/\\\/www.inovallee.com\\\/?s={search_term_string}\"},\"query-input\":{\"@type\":\"PropertyValueSpecification\",\"valueRequired\":true,\"valueName\":\"search_term_string\"}}],\"inLanguage\":\"en-GB\"},{\"@type\":\"Organization\",\"@id\":\"https:\\\/\\\/www.inovallee.com\\\/#organization\",\"name\":\"inovall\u00e9e\",\"url\":\"https:\\\/\\\/www.inovallee.com\\\/\",\"logo\":{\"@type\":\"ImageObject\",\"inLanguage\":\"en-GB\",\"@id\":\"https:\\\/\\\/www.inovallee.com\\\/#\\\/schema\\\/logo\\\/image\\\/\",\"url\":\"https:\\\/\\\/www.inovallee.com\\\/wp-content\\\/uploads\\\/2023\\\/08\\\/inovallee_2022_GrenobleAlpes.png\",\"contentUrl\":\"https:\\\/\\\/www.inovallee.com\\\/wp-content\\\/uploads\\\/2023\\\/08\\\/inovallee_2022_GrenobleAlpes.png\",\"width\":945,\"height\":369,\"caption\":\"inovall\u00e9e\"},\"image\":{\"@id\":\"https:\\\/\\\/www.inovallee.com\\\/#\\\/schema\\\/logo\\\/image\\\/\"},\"sameAs\":[\"https:\\\/\\\/www.facebook.com\\\/technopoleinovallee\\\/\",\"https:\\\/\\\/x.com\\\/inovallee\",\"https:\\\/\\\/www.linkedin.com\\\/company\\\/inovall-e\\\/\",\"https:\\\/\\\/www.youtube.com\\\/user\\\/inovallee?reload=9\"]},{\"@type\":\"Person\",\"@id\":\"https:\\\/\\\/www.inovallee.com\\\/#\\\/schema\\\/person\\\/a45b15518aad3111b2d61d257a3e023b\",\"name\":\"Inovallee\"}]}<\/script>\n<!-- \/ Yoast SEO plugin. -->","yoast_head_json":{"title":"Une station d&#039;autopartage Cit\u00e9lib inaugur\u00e9e \u00e0 inovall\u00e9e ! - inovall\u00e9e","robots":{"index":"index","follow":"follow","max-snippet":"max-snippet:-1","max-image-preview":"max-image-preview:large","max-video-preview":"max-video-preview:-1"},"canonical":"https:\/\/www.inovallee.com\/en\/une-station-dautopartage-citelib-inauguree-a-inovallee\/","og_locale":"en_GB","og_type":"article","og_title":"Une station d&#039;autopartage Cit\u00e9lib inaugur\u00e9e \u00e0 inovall\u00e9e ! - inovall\u00e9e","og_description":"La premi\u00e8re station d\u2019autopartage Citelib meylanaise a \u00e9t\u00e9 inaugur\u00e9e ce lundi 8 f\u00e9vrier Place des Tuileaux\u00a0 en pr\u00e9sence du pr\u00e9sident d\u2019inovall\u00e9e, Christophe Mathevet, de nombreux \u00e9lus dont Christophe Ferrari, pr\u00e9sident de Grenoble-Alpes M\u00e9tropole, Damien Guiguet, maire de Meylan, Jean-Claude Peyrin, Vice pr\u00e9sident du conseil d\u00e9partemental, et de Maxime Tassin, Pr\u00e9sident de Cit\u00e9lib, Francis Pillot, Directeur [&hellip;]","og_url":"https:\/\/www.inovallee.com\/en\/une-station-dautopartage-citelib-inauguree-a-inovallee\/","og_site_name":"inovall\u00e9e","article_publisher":"https:\/\/www.facebook.com\/technopoleinovallee\/","article_published_time":"2016-02-15T14:28:54+00:00","og_image":[{"width":329,"height":205,"url":"https:\/\/www.inovallee.com\/wp-content\/uploads\/2016\/02\/DSC02839-2.jpg","type":"image\/jpeg"}],"author":"Inovallee","twitter_card":"summary_large_image","twitter_creator":"@inovallee","twitter_site":"@inovallee","twitter_misc":{"Written by":"Inovallee","Estimated reading time":"2 minutes"},"schema":{"@context":"https:\/\/schema.org","@graph":[{"@type":"Article","@id":"https:\/\/www.inovallee.com\/une-station-dautopartage-citelib-inauguree-a-inovallee\/#article","isPartOf":{"@id":"https:\/\/www.inovallee.com\/une-station-dautopartage-citelib-inauguree-a-inovallee\/"},"author":{"name":"Inovallee","@id":"https:\/\/www.inovallee.com\/#\/schema\/person\/a45b15518aad3111b2d61d257a3e023b"},"headline":"Une station d&#039;autopartage Cit\u00e9lib inaugur\u00e9e \u00e0 inovall\u00e9e !","datePublished":"2016-02-15T14:28:54+00:00","mainEntityOfPage":{"@id":"https:\/\/www.inovallee.com\/une-station-dautopartage-citelib-inauguree-a-inovallee\/"},"wordCount":462,"publisher":{"@id":"https:\/\/www.inovallee.com\/#organization"},"image":{"@id":"https:\/\/www.inovallee.com\/une-station-dautopartage-citelib-inauguree-a-inovallee\/#primaryimage"},"thumbnailUrl":"https:\/\/www.inovallee.com\/wp-content\/uploads\/2016\/02\/DSC02839-2.jpg","articleSection":["Ecosyst\u00e8me de l'innovation","My Ino : Vivre &amp; travailler sur inovall\u00e9e","Sports &amp; Loisirs"],"inLanguage":"en-GB"},{"@type":"WebPage","@id":"https:\/\/www.inovallee.com\/une-station-dautopartage-citelib-inauguree-a-inovallee\/","url":"https:\/\/www.inovallee.com\/une-station-dautopartage-citelib-inauguree-a-inovallee\/","name":"Une station d&#039;autopartage Cit\u00e9lib inaugur\u00e9e \u00e0 inovall\u00e9e ! - inovall\u00e9e","isPartOf":{"@id":"https:\/\/www.inovallee.com\/#website"},"primaryImageOfPage":{"@id":"https:\/\/www.inovallee.com\/une-station-dautopartage-citelib-inauguree-a-inovallee\/#primaryimage"},"image":{"@id":"https:\/\/www.inovallee.com\/une-station-dautopartage-citelib-inauguree-a-inovallee\/#primaryimage"},"thumbnailUrl":"https:\/\/www.inovallee.com\/wp-content\/uploads\/2016\/02\/DSC02839-2.jpg","datePublished":"2016-02-15T14:28:54+00:00","breadcrumb":{"@id":"https:\/\/www.inovallee.com\/une-station-dautopartage-citelib-inauguree-a-inovallee\/#breadcrumb"},"inLanguage":"en-GB","potentialAction":[{"@type":"ReadAction","target":["https:\/\/www.inovallee.com\/une-station-dautopartage-citelib-inauguree-a-inovallee\/"]}]},{"@type":"ImageObject","inLanguage":"en-GB","@id":"https:\/\/www.inovallee.com\/une-station-dautopartage-citelib-inauguree-a-inovallee\/#primaryimage","url":"https:\/\/www.inovallee.com\/wp-content\/uploads\/2016\/02\/DSC02839-2.jpg","contentUrl":"https:\/\/www.inovallee.com\/wp-content\/uploads\/2016\/02\/DSC02839-2.jpg","width":329,"height":205},{"@type":"BreadcrumbList","@id":"https:\/\/www.inovallee.com\/une-station-dautopartage-citelib-inauguree-a-inovallee\/#breadcrumb","itemListElement":[{"@type":"ListItem","position":1,"name":"Accueil","item":"https:\/\/www.inovallee.com\/"},{"@type":"ListItem","position":2,"name":"Une station d&#039;autopartage Cit\u00e9lib inaugur\u00e9e \u00e0 inovall\u00e9e !"}]},{"@type":"WebSite","@id":"https:\/\/www.inovallee.com\/#website","url":"https:\/\/www.inovallee.com\/","name":"inovall\u00e9e technopole, Home to software & smart technologies","description":"Home to software &amp; smart technologies","publisher":{"@id":"https:\/\/www.inovallee.com\/#organization"},"potentialAction":[{"@type":"SearchAction","target":{"@type":"EntryPoint","urlTemplate":"https:\/\/www.inovallee.com\/?s={search_term_string}"},"query-input":{"@type":"PropertyValueSpecification","valueRequired":true,"valueName":"search_term_string"}}],"inLanguage":"en-GB"},{"@type":"Organization","@id":"https:\/\/www.inovallee.com\/#organization","name":"inovall\u00e9e","url":"https:\/\/www.inovallee.com\/","logo":{"@type":"ImageObject","inLanguage":"en-GB","@id":"https:\/\/www.inovallee.com\/#\/schema\/logo\/image\/","url":"https:\/\/www.inovallee.com\/wp-content\/uploads\/2023\/08\/inovallee_2022_GrenobleAlpes.png","contentUrl":"https:\/\/www.inovallee.com\/wp-content\/uploads\/2023\/08\/inovallee_2022_GrenobleAlpes.png","width":945,"height":369,"caption":"inovall\u00e9e"},"image":{"@id":"https:\/\/www.inovallee.com\/#\/schema\/logo\/image\/"},"sameAs":["https:\/\/www.facebook.com\/technopoleinovallee\/","https:\/\/x.com\/inovallee","https:\/\/www.linkedin.com\/company\/inovall-e\/","https:\/\/www.youtube.com\/user\/inovallee?reload=9"]},{"@type":"Person","@id":"https:\/\/www.inovallee.com\/#\/schema\/person\/a45b15518aad3111b2d61d257a3e023b","name":"Inovallee"}]}},"_links":{"self":[{"href":"https:\/\/www.inovallee.com\/en\/wp-json\/wp\/v2\/posts\/5439","targetHints":{"allow":["GET"]}}],"collection":[{"href":"https:\/\/www.inovallee.com\/en\/wp-json\/wp\/v2\/posts"}],"about":[{"href":"https:\/\/www.inovallee.com\/en\/wp-json\/wp\/v2\/types\/post"}],"author":[{"embeddable":true,"href":"https:\/\/www.inovallee.com\/en\/wp-json\/wp\/v2\/users\/6"}],"replies":[{"embeddable":true,"href":"https:\/\/www.inovallee.com\/en\/wp-json\/wp\/v2\/comments?post=5439"}],"version-history":[{"count":0,"href":"https:\/\/www.inovallee.com\/en\/wp-json\/wp\/v2\/posts\/5439\/revisions"}],"wp:featuredmedia":[{"embeddable":true,"href":"https:\/\/www.inovallee.com\/en\/wp-json\/wp\/v2\/media\/5554"}],"wp:attachment":[{"href":"https:\/\/www.inovallee.com\/en\/wp-json\/wp\/v2\/media?parent=5439"}],"wp:term":[{"taxonomy":"category","embeddable":true,"href":"https:\/\/www.inovallee.com\/en\/wp-json\/wp\/v2\/categories?post=5439"},{"taxonomy":"post_tag","embeddable":true,"href":"https:\/\/www.inovallee.com\/en\/wp-json\/wp\/v2\/tags?post=5439"}],"curies":[{"name":"wp","href":"https:\/\/api.w.org\/{rel}","templated":true}]}}