{"id":55476,"date":"2024-09-22T14:41:25","date_gmt":"2024-09-22T12:41:25","guid":{"rendered":"https:\/\/www.inovallee.com\/?p=55476"},"modified":"2024-09-25T06:38:40","modified_gmt":"2024-09-25T04:38:40","slug":"choose-france-choose-grenoble-choose-inovallee-cap-sur-linternational-pour-la-technopole-et-son-incubateur","status":"publish","type":"post","link":"https:\/\/www.inovallee.com\/en\/choose-france-choose-grenoble-choose-inovallee-cap-sur-linternational-pour-la-technopole-et-son-incubateur\/","title":{"rendered":"Choose France, Choose Grenoble, Choose inovall\u00e9e\u00a0: cap sur l\u2019international pour la technopole et son incubateur\u00a0!"},"content":{"rendered":"<h3 class=\"wp-block-heading\">La French Tech, Grenoble Alpes, Tech &amp; Fest&nbsp;: une strat\u00e9gie de marque qui commence \u00e0 payer pour le rayonnement international de la tech fran\u00e7aise et grenobloise<\/h3>\n\n\n\n<p>Cela fait 10 ans maintenant que les acteurs fran\u00e7ais de la tech sont unis sous une banni\u00e8re commune \u00ab&nbsp;la French Tech&nbsp;\u00bb, avec un engagement de l\u2019Etat parmi les plus \u00e9lev\u00e9s au monde, et force est de constater que les r\u00e9sultats sont l\u00e0.<\/p>\n\n\n\n<p>La French Tech compte aujourdh\u2019ui plus de 25&nbsp;000 startups, qui cr\u00e9ent 1,1 million d\u2019emplois directs ou indirects, dont une trentaine de licornes, et a permis \u00e0 la France d\u2019arriver \u00e0 2<sup>\u00e8me<\/sup> position en mati\u00e8re de lev\u00e9es de fonds.<\/p>\n\n\n\n<p>Et l\u2019\u00e9cosyst\u00e8me grenoblois est un acteur majeur de ce succ\u00e8s&nbsp;: avec plus de 750 startups cr\u00e9\u00e9es, 8000 emplois consolid\u00e9s, et plus de 3,7 milliards de fonds lev\u00e9s, Grenoble Alpes est le deuxi\u00e8me \u00e9cosyst\u00e8me fran\u00e7ais le plus dynamique en mati\u00e8re de startups apr\u00e8s l\u2019\u00eele de France. Et notamment en mati\u00e8re de deeptechs, qui repr\u00e9sentent 27% des cr\u00e9ations grenobloises, contre 5% au niveau national&nbsp;!<\/p>\n\n\n\n<p>Le Tarmac by inovall\u00e9e y a jou\u00e9 son r\u00f4le, avec ses 114 startups incub\u00e9es en 10 ans, ses 235 M\u20ac de CA et ses 400 M\u20ac de fonds lev\u00e9s&nbsp;!<\/p>\n\n\n\n<p>Rien d\u2019\u00e9tonnant d\u00e8s lors que, d\u00e8s sa premi\u00e8re \u00e9dition, l\u2019\u00e9v\u00e9nement Tech &amp; Fest ait fait le plein de visiteurs\u00a0! L\u2019\u00e9dition 2025 s\u2019annonce encore plus performante, avec une ambition de d\u00e9passer plus largement les fronti\u00e8res r\u00e9gionales pour toucher des visiteurs \u00e0 l\u2019\u00e9chelle nationale et internationale.<\/p>\n\n\n\n<h3 class=\"wp-block-heading\">Une ambition internationale renforc\u00e9e pour inovall\u00e9e et son incubateur Tarmac<\/h3>\n\n\n\n<p>De son c\u00f4t\u00e9, inovall\u00e9e s\u2019est \u00e9galement fix\u00e9e comme axe strat\u00e9gique 2024-2030 de d\u00e9multiplier sa notori\u00e9t\u00e9 internationale pour attirer des entreprises et des talents du monde entier. Une ambition sur le long terme qui a commenc\u00e9 \u00e0 se concr\u00e9tiser par diff\u00e9rentes actions, dont la mise en ligne d\u2019une version anglaise de son site internet, des publications bilingues sur sa page Linkedin, et une strat\u00e9gie de visibilit\u00e9 sur les salons internationaux, dont Tech &amp; Fest ou Try Everything.<\/p>\n\n\n\n<p>Seul incubateur Grenoble Alpes labellis\u00e9 French Tech Visa, le Tarmac accueille d\u00e9j\u00e0 depuis 2017 de nombreuses d\u00e9l\u00e9gations de startups internationales conduites par Invest in Grenoble Alpes, et a incub\u00e9 une quinzaine de projets et de startups du monde entier, qui souhaitaient s\u2019implanter en France sur Grenoble pour d\u00e9velopper leur technologie et toucher le march\u00e9 europ\u00e9en.<\/p>\n\n\n\n<p>Il a ainsi accueilli une d\u00e9l\u00e9gation de startups turques en mai dernier, pour les immerger pendant 3 jours dans l\u2019incubateur et sur la technopole, en partenariat avec Business France et Invest in Grenoble Alpes.<\/p>\n\n\n\n<figure class=\"wp-block-image size-large\"><img fetchpriority=\"high\" decoding=\"async\" width=\"1024\" height=\"768\" src=\"https:\/\/www.inovallee.com\/wp-content\/uploads\/2024\/06\/Deleguation-Startup-Turques-2-1024x768.jpg\" alt=\"\" class=\"wp-image-52900\" srcset=\"https:\/\/www.inovallee.com\/wp-content\/uploads\/2024\/06\/Deleguation-Startup-Turques-2-1024x768.jpg 1024w, https:\/\/www.inovallee.com\/wp-content\/uploads\/2024\/06\/Deleguation-Startup-Turques-2-300x225.jpg 300w, https:\/\/www.inovallee.com\/wp-content\/uploads\/2024\/06\/Deleguation-Startup-Turques-2-768x576.jpg 768w, https:\/\/www.inovallee.com\/wp-content\/uploads\/2024\/06\/Deleguation-Startup-Turques-2-1536x1152.jpg 1536w, https:\/\/www.inovallee.com\/wp-content\/uploads\/2024\/06\/Deleguation-Startup-Turques-2-scaled.jpg 2048w, https:\/\/www.inovallee.com\/wp-content\/uploads\/2024\/06\/Deleguation-Startup-Turques-2-150x113.jpg 150w, https:\/\/www.inovallee.com\/wp-content\/uploads\/2024\/06\/Deleguation-Startup-Turques-2-400x300.jpg 400w, https:\/\/www.inovallee.com\/wp-content\/uploads\/2024\/06\/Deleguation-Startup-Turques-2-1320x990.jpg 1320w\" sizes=\"(max-width: 1024px) 100vw, 1024px\" \/><\/figure>\n\n\n\n<h3 class=\"wp-block-heading\">Invest in Grenoble Alpes, inovall\u00e9e, le Tarmac et Tech &amp; Fest main dans la main pour conqu\u00e9rir les startups cor\u00e9ennes sur le salon Try Everything de S\u00e9oul&nbsp;!<\/h3>\n\n\n\n<p>C\u2019est donc main dans la main que <a href=\"https:\/\/www.linkedin.com\/in\/nicolas-b%C3%A9roud-0196041\/\">Nicolas B\u00e9roud<\/a> et <a href=\"https:\/\/www.linkedin.com\/in\/alexandrine-romestant-5a6180152\/\">Alexandrine Romestant<\/a> d\u2019<a href=\"https:\/\/www.investingrenoblealpes.com\/en\/home\/\">Invest in Grenoble Alpes<\/a>, <a href=\"https:\/\/www.linkedin.com\/in\/claire-chanterelle-82822110\/\">Claire Chanterelle<\/a> et <a href=\"https:\/\/www.linkedin.com\/in\/jtouffut\/\">J\u00e9r\u00e9my Touffut<\/a> d\u2019<a href=\"https:\/\/www.inovallee.com\/en\/\">inovall\u00e9e <\/a>et du <a href=\"https:\/\/tarmac.inovallee.com\/\">Tarmac<\/a>, et <a href=\"https:\/\/www.linkedin.com\/in\/%E2%9C%A8laura-perrard-63b4a816\/\">Laura Perrard<\/a> de <a href=\"https:\/\/www.tech-fest.fr\/fr\">Tech &amp; Fest<\/a>, ont d\u00e9cid\u00e9 ensemble de repr\u00e9senter la tech grenobloise sur le pavillon France du salon Try Everything de S\u00e9oul, pour promouvoir aupr\u00e8s des startups cor\u00e9ennes les forces de notre \u00e9cosyst\u00e8me.<\/p>\n\n\n\n<p>Accueillie par la S\u00e9oul Business Agency et l\u2019\u00e9quipe de Hailey Wong, repr\u00e9sentante d\u2019Invest in Grenoble \u00e0 S\u00e9oul, la d\u00e9l\u00e9gation a pu visiter le Hub M+, incubateur local, pour commencer \u00e0 nouer des partenariats afin de faciliter le softlanding crois\u00e9 de startups en vue de leur d\u00e9veloppement international, ainsi que l\u2019innovation lab de LG.<\/p>\n\n\n\n<p>Surtout, elle a pu lors du salon, faire une promotion efficace de Grenoble Alpes pour les startups deeptech exposantes, en leur proposant de venir d\u00e9couvrir l\u2019\u00e9cosyst\u00e8me en f\u00e9vrier prochain, lors du Tech &amp; Fest, dans le cadre d\u2019une d\u00e9l\u00e9gation orchestr\u00e9e par l\u2019\u00e9quipe d\u2019Invest. Avec \u00e0 la cl\u00e9 pour inovall\u00e9e l\u2019opportunit\u00e9 d\u2019incuber ses premi\u00e8res startups cor\u00e9ennes\u00a0!<\/p>\n\n\n\n<figure class=\"wp-block-image size-large\"><img decoding=\"async\" width=\"1024\" height=\"771\" src=\"https:\/\/www.inovallee.com\/wp-content\/uploads\/2024\/09\/PXL_20240912_051456395.MP_-1024x771.jpg\" alt=\"\" class=\"wp-image-55479\" srcset=\"https:\/\/www.inovallee.com\/wp-content\/uploads\/2024\/09\/PXL_20240912_051456395.MP_-1024x771.jpg 1024w, https:\/\/www.inovallee.com\/wp-content\/uploads\/2024\/09\/PXL_20240912_051456395.MP_-300x226.jpg 300w, https:\/\/www.inovallee.com\/wp-content\/uploads\/2024\/09\/PXL_20240912_051456395.MP_-768x578.jpg 768w, https:\/\/www.inovallee.com\/wp-content\/uploads\/2024\/09\/PXL_20240912_051456395.MP_-1536x1157.jpg 1536w, https:\/\/www.inovallee.com\/wp-content\/uploads\/2024\/09\/PXL_20240912_051456395.MP_-scaled.jpg 2048w, https:\/\/www.inovallee.com\/wp-content\/uploads\/2024\/09\/PXL_20240912_051456395.MP_-16x12.jpg 16w, https:\/\/www.inovallee.com\/wp-content\/uploads\/2024\/09\/PXL_20240912_051456395.MP_-150x113.jpg 150w, https:\/\/www.inovallee.com\/wp-content\/uploads\/2024\/09\/PXL_20240912_051456395.MP_-400x301.jpg 400w, https:\/\/www.inovallee.com\/wp-content\/uploads\/2024\/09\/PXL_20240912_051456395.MP_-1320x994.jpg 1320w\" sizes=\"(max-width: 1024px) 100vw, 1024px\" \/><\/figure>\n\n\n\n<h3 class=\"wp-block-heading\">Et 4 startups deeptechs grenobloises en marche vers l\u2019Asie<\/h3>\n\n\n\n<p>Enfin, la d\u00e9l\u00e9gation avait embarqu\u00e9 4 startups grenobloises en qu\u00eate d\u2019expansion en Asie, dont 2 spin-offs inovalliennes issues d\u2019Inria (<a href=\"https:\/\/www.4dviews.com\/\">4D Views<\/a> et <a href=\"https:\/\/automatikarobotics.com\/\">Automatika<\/a>), une spin-off de CEA incub\u00e9e au Tarmac (<a href=\"https:\/\/wise-integration.com\/\">Wise Integration<\/a>, qui avait d\u00e9j\u00e0 pu gr\u00e2ce au travail collectif du Tarmac, d\u2019Invest et de French Tech in the Alps, pu ouvrir un premier bureau \u00e0 Ta\u00efwan dans le cadre du programme FAISE), et une spin-off du CNRS (<a href=\"https:\/\/diamfab.com\/fr\/\">Diamfab<\/a>).<\/p>\n\n\n\n<p>Car c\u2019est bien dans une logique de d\u00e9veloppement international crois\u00e9 entre la France et la Cor\u00e9e que ces partenariats prennent tout leur sens&nbsp;!<\/p>","protected":false},"excerpt":{"rendered":"<p>La French Tech, Grenoble Alpes, Tech &amp; Fest&nbsp;: une strat\u00e9gie de marque qui commence \u00e0 payer pour le rayonnement international de la tech fran\u00e7aise et grenobloise Cela fait 10 ans maintenant que les acteurs fran\u00e7ais de la tech sont unis sous une banni\u00e8re commune \u00ab&nbsp;la French Tech&nbsp;\u00bb, avec un engagement de l\u2019Etat parmi les plus [&hellip;]<\/p>\n","protected":false},"author":4,"featured_media":55480,"comment_status":"closed","ping_status":"open","sticky":false,"template":"","format":"standard","meta":{"footnotes":""},"categories":[1],"tags":[],"class_list":["post-55476","post","type-post","status-publish","format-standard","has-post-thumbnail","hentry","category-non-classe"],"yoast_head":"<!-- This site is optimized with the Yoast SEO plugin v27.4 - https:\/\/yoast.com\/product\/yoast-seo-wordpress\/ -->\n<title>Choose France, Choose Grenoble, Choose inovall\u00e9e\u00a0: cap sur l\u2019international pour la technopole et son incubateur\u00a0! - inovall\u00e9e<\/title>\n<meta name=\"robots\" content=\"index, follow, max-snippet:-1, max-image-preview:large, max-video-preview:-1\" \/>\n<link rel=\"canonical\" href=\"https:\/\/www.inovallee.com\/en\/choose-france-choose-grenoble-choose-inovallee-cap-sur-linternational-pour-la-technopole-et-son-incubateur\/\" \/>\n<meta property=\"og:locale\" content=\"en_GB\" \/>\n<meta property=\"og:type\" content=\"article\" \/>\n<meta property=\"og:title\" content=\"Choose France, Choose Grenoble, Choose inovall\u00e9e\u00a0: cap sur l\u2019international pour la technopole et son incubateur\u00a0! - inovall\u00e9e\" \/>\n<meta property=\"og:description\" content=\"La French Tech, Grenoble Alpes, Tech &amp; Fest&nbsp;: une strat\u00e9gie de marque qui commence \u00e0 payer pour le rayonnement international de la tech fran\u00e7aise et grenobloise Cela fait 10 ans maintenant que les acteurs fran\u00e7ais de la tech sont unis sous une banni\u00e8re commune \u00ab&nbsp;la French Tech&nbsp;\u00bb, avec un engagement de l\u2019Etat parmi les plus [&hellip;]\" \/>\n<meta property=\"og:url\" content=\"https:\/\/www.inovallee.com\/en\/choose-france-choose-grenoble-choose-inovallee-cap-sur-linternational-pour-la-technopole-et-son-incubateur\/\" \/>\n<meta property=\"og:site_name\" content=\"inovall\u00e9e\" \/>\n<meta property=\"article:publisher\" content=\"https:\/\/www.facebook.com\/technopoleinovallee\/\" \/>\n<meta property=\"article:published_time\" content=\"2024-09-22T12:41:25+00:00\" \/>\n<meta property=\"article:modified_time\" content=\"2024-09-25T04:38:40+00:00\" \/>\n<meta property=\"og:image\" content=\"https:\/\/www.inovallee.com\/wp-content\/uploads\/2024\/09\/seoul1-1024x594.png\" \/>\n\t<meta property=\"og:image:width\" content=\"1024\" \/>\n\t<meta property=\"og:image:height\" content=\"594\" \/>\n\t<meta property=\"og:image:type\" content=\"image\/png\" \/>\n<meta name=\"author\" content=\"Claire Chanterelle\" \/>\n<meta name=\"twitter:card\" content=\"summary_large_image\" \/>\n<meta name=\"twitter:creator\" content=\"@inovallee\" \/>\n<meta name=\"twitter:site\" content=\"@inovallee\" \/>\n<meta name=\"twitter:label1\" content=\"Written by\" \/>\n\t<meta name=\"twitter:data1\" content=\"Claire Chanterelle\" \/>\n\t<meta name=\"twitter:label2\" content=\"Estimated reading time\" \/>\n\t<meta name=\"twitter:data2\" content=\"5 minutes\" \/>\n<script type=\"application\/ld+json\" class=\"yoast-schema-graph\">{\"@context\":\"https:\\\/\\\/schema.org\",\"@graph\":[{\"@type\":\"Article\",\"@id\":\"https:\\\/\\\/www.inovallee.com\\\/choose-france-choose-grenoble-choose-inovallee-cap-sur-linternational-pour-la-technopole-et-son-incubateur\\\/#article\",\"isPartOf\":{\"@id\":\"https:\\\/\\\/www.inovallee.com\\\/choose-france-choose-grenoble-choose-inovallee-cap-sur-linternational-pour-la-technopole-et-son-incubateur\\\/\"},\"author\":{\"name\":\"Claire Chanterelle\",\"@id\":\"https:\\\/\\\/www.inovallee.com\\\/#\\\/schema\\\/person\\\/6cdcf0ed58ac3e1ef08041bdf7815902\"},\"headline\":\"Choose France, Choose Grenoble, Choose inovall\u00e9e\u00a0: cap sur l\u2019international pour la technopole et son incubateur\u00a0!\",\"datePublished\":\"2024-09-22T12:41:25+00:00\",\"dateModified\":\"2024-09-25T04:38:40+00:00\",\"mainEntityOfPage\":{\"@id\":\"https:\\\/\\\/www.inovallee.com\\\/choose-france-choose-grenoble-choose-inovallee-cap-sur-linternational-pour-la-technopole-et-son-incubateur\\\/\"},\"wordCount\":833,\"publisher\":{\"@id\":\"https:\\\/\\\/www.inovallee.com\\\/#organization\"},\"image\":{\"@id\":\"https:\\\/\\\/www.inovallee.com\\\/choose-france-choose-grenoble-choose-inovallee-cap-sur-linternational-pour-la-technopole-et-son-incubateur\\\/#primaryimage\"},\"thumbnailUrl\":\"https:\\\/\\\/www.inovallee.com\\\/wp-content\\\/uploads\\\/2024\\\/09\\\/seoul1.png\",\"articleSection\":[\"Non class\u00e9\"],\"inLanguage\":\"en-GB\"},{\"@type\":\"WebPage\",\"@id\":\"https:\\\/\\\/www.inovallee.com\\\/choose-france-choose-grenoble-choose-inovallee-cap-sur-linternational-pour-la-technopole-et-son-incubateur\\\/\",\"url\":\"https:\\\/\\\/www.inovallee.com\\\/choose-france-choose-grenoble-choose-inovallee-cap-sur-linternational-pour-la-technopole-et-son-incubateur\\\/\",\"name\":\"Choose France, Choose Grenoble, Choose inovall\u00e9e\u00a0: cap sur l\u2019international pour la technopole et son incubateur\u00a0! - inovall\u00e9e\",\"isPartOf\":{\"@id\":\"https:\\\/\\\/www.inovallee.com\\\/#website\"},\"primaryImageOfPage\":{\"@id\":\"https:\\\/\\\/www.inovallee.com\\\/choose-france-choose-grenoble-choose-inovallee-cap-sur-linternational-pour-la-technopole-et-son-incubateur\\\/#primaryimage\"},\"image\":{\"@id\":\"https:\\\/\\\/www.inovallee.com\\\/choose-france-choose-grenoble-choose-inovallee-cap-sur-linternational-pour-la-technopole-et-son-incubateur\\\/#primaryimage\"},\"thumbnailUrl\":\"https:\\\/\\\/www.inovallee.com\\\/wp-content\\\/uploads\\\/2024\\\/09\\\/seoul1.png\",\"datePublished\":\"2024-09-22T12:41:25+00:00\",\"dateModified\":\"2024-09-25T04:38:40+00:00\",\"breadcrumb\":{\"@id\":\"https:\\\/\\\/www.inovallee.com\\\/choose-france-choose-grenoble-choose-inovallee-cap-sur-linternational-pour-la-technopole-et-son-incubateur\\\/#breadcrumb\"},\"inLanguage\":\"en-GB\",\"potentialAction\":[{\"@type\":\"ReadAction\",\"target\":[\"https:\\\/\\\/www.inovallee.com\\\/choose-france-choose-grenoble-choose-inovallee-cap-sur-linternational-pour-la-technopole-et-son-incubateur\\\/\"]}]},{\"@type\":\"ImageObject\",\"inLanguage\":\"en-GB\",\"@id\":\"https:\\\/\\\/www.inovallee.com\\\/choose-france-choose-grenoble-choose-inovallee-cap-sur-linternational-pour-la-technopole-et-son-incubateur\\\/#primaryimage\",\"url\":\"https:\\\/\\\/www.inovallee.com\\\/wp-content\\\/uploads\\\/2024\\\/09\\\/seoul1.png\",\"contentUrl\":\"https:\\\/\\\/www.inovallee.com\\\/wp-content\\\/uploads\\\/2024\\\/09\\\/seoul1.png\",\"width\":1392,\"height\":808},{\"@type\":\"BreadcrumbList\",\"@id\":\"https:\\\/\\\/www.inovallee.com\\\/choose-france-choose-grenoble-choose-inovallee-cap-sur-linternational-pour-la-technopole-et-son-incubateur\\\/#breadcrumb\",\"itemListElement\":[{\"@type\":\"ListItem\",\"position\":1,\"name\":\"Accueil\",\"item\":\"https:\\\/\\\/www.inovallee.com\\\/\"},{\"@type\":\"ListItem\",\"position\":2,\"name\":\"Choose France, Choose Grenoble, Choose inovall\u00e9e\u00a0: cap sur l\u2019international pour la technopole et son incubateur\u00a0!\"}]},{\"@type\":\"WebSite\",\"@id\":\"https:\\\/\\\/www.inovallee.com\\\/#website\",\"url\":\"https:\\\/\\\/www.inovallee.com\\\/\",\"name\":\"inovall\u00e9e technopole, Home to software & smart technologies\",\"description\":\"Home to software &amp; smart technologies\",\"publisher\":{\"@id\":\"https:\\\/\\\/www.inovallee.com\\\/#organization\"},\"potentialAction\":[{\"@type\":\"SearchAction\",\"target\":{\"@type\":\"EntryPoint\",\"urlTemplate\":\"https:\\\/\\\/www.inovallee.com\\\/?s={search_term_string}\"},\"query-input\":{\"@type\":\"PropertyValueSpecification\",\"valueRequired\":true,\"valueName\":\"search_term_string\"}}],\"inLanguage\":\"en-GB\"},{\"@type\":\"Organization\",\"@id\":\"https:\\\/\\\/www.inovallee.com\\\/#organization\",\"name\":\"inovall\u00e9e\",\"url\":\"https:\\\/\\\/www.inovallee.com\\\/\",\"logo\":{\"@type\":\"ImageObject\",\"inLanguage\":\"en-GB\",\"@id\":\"https:\\\/\\\/www.inovallee.com\\\/#\\\/schema\\\/logo\\\/image\\\/\",\"url\":\"https:\\\/\\\/www.inovallee.com\\\/wp-content\\\/uploads\\\/2023\\\/08\\\/inovallee_2022_GrenobleAlpes.png\",\"contentUrl\":\"https:\\\/\\\/www.inovallee.com\\\/wp-content\\\/uploads\\\/2023\\\/08\\\/inovallee_2022_GrenobleAlpes.png\",\"width\":945,\"height\":369,\"caption\":\"inovall\u00e9e\"},\"image\":{\"@id\":\"https:\\\/\\\/www.inovallee.com\\\/#\\\/schema\\\/logo\\\/image\\\/\"},\"sameAs\":[\"https:\\\/\\\/www.facebook.com\\\/technopoleinovallee\\\/\",\"https:\\\/\\\/x.com\\\/inovallee\",\"https:\\\/\\\/www.linkedin.com\\\/company\\\/inovall-e\\\/\",\"https:\\\/\\\/www.youtube.com\\\/user\\\/inovallee?reload=9\"]},{\"@type\":\"Person\",\"@id\":\"https:\\\/\\\/www.inovallee.com\\\/#\\\/schema\\\/person\\\/6cdcf0ed58ac3e1ef08041bdf7815902\",\"name\":\"Claire Chanterelle\"}]}<\/script>\n<!-- \/ Yoast SEO plugin. -->","yoast_head_json":{"title":"Choose France, Choose Grenoble, Choose inovall\u00e9e\u00a0: cap sur l\u2019international pour la technopole et son incubateur\u00a0! - inovall\u00e9e","robots":{"index":"index","follow":"follow","max-snippet":"max-snippet:-1","max-image-preview":"max-image-preview:large","max-video-preview":"max-video-preview:-1"},"canonical":"https:\/\/www.inovallee.com\/en\/choose-france-choose-grenoble-choose-inovallee-cap-sur-linternational-pour-la-technopole-et-son-incubateur\/","og_locale":"en_GB","og_type":"article","og_title":"Choose France, Choose Grenoble, Choose inovall\u00e9e\u00a0: cap sur l\u2019international pour la technopole et son incubateur\u00a0! - inovall\u00e9e","og_description":"La French Tech, Grenoble Alpes, Tech &amp; Fest&nbsp;: une strat\u00e9gie de marque qui commence \u00e0 payer pour le rayonnement international de la tech fran\u00e7aise et grenobloise Cela fait 10 ans maintenant que les acteurs fran\u00e7ais de la tech sont unis sous une banni\u00e8re commune \u00ab&nbsp;la French Tech&nbsp;\u00bb, avec un engagement de l\u2019Etat parmi les plus [&hellip;]","og_url":"https:\/\/www.inovallee.com\/en\/choose-france-choose-grenoble-choose-inovallee-cap-sur-linternational-pour-la-technopole-et-son-incubateur\/","og_site_name":"inovall\u00e9e","article_publisher":"https:\/\/www.facebook.com\/technopoleinovallee\/","article_published_time":"2024-09-22T12:41:25+00:00","article_modified_time":"2024-09-25T04:38:40+00:00","og_image":[{"width":1024,"height":594,"url":"https:\/\/www.inovallee.com\/wp-content\/uploads\/2024\/09\/seoul1-1024x594.png","type":"image\/png"}],"author":"Claire Chanterelle","twitter_card":"summary_large_image","twitter_creator":"@inovallee","twitter_site":"@inovallee","twitter_misc":{"Written by":"Claire Chanterelle","Estimated reading time":"5 minutes"},"schema":{"@context":"https:\/\/schema.org","@graph":[{"@type":"Article","@id":"https:\/\/www.inovallee.com\/choose-france-choose-grenoble-choose-inovallee-cap-sur-linternational-pour-la-technopole-et-son-incubateur\/#article","isPartOf":{"@id":"https:\/\/www.inovallee.com\/choose-france-choose-grenoble-choose-inovallee-cap-sur-linternational-pour-la-technopole-et-son-incubateur\/"},"author":{"name":"Claire Chanterelle","@id":"https:\/\/www.inovallee.com\/#\/schema\/person\/6cdcf0ed58ac3e1ef08041bdf7815902"},"headline":"Choose France, Choose Grenoble, Choose inovall\u00e9e\u00a0: cap sur l\u2019international pour la technopole et son incubateur\u00a0!","datePublished":"2024-09-22T12:41:25+00:00","dateModified":"2024-09-25T04:38:40+00:00","mainEntityOfPage":{"@id":"https:\/\/www.inovallee.com\/choose-france-choose-grenoble-choose-inovallee-cap-sur-linternational-pour-la-technopole-et-son-incubateur\/"},"wordCount":833,"publisher":{"@id":"https:\/\/www.inovallee.com\/#organization"},"image":{"@id":"https:\/\/www.inovallee.com\/choose-france-choose-grenoble-choose-inovallee-cap-sur-linternational-pour-la-technopole-et-son-incubateur\/#primaryimage"},"thumbnailUrl":"https:\/\/www.inovallee.com\/wp-content\/uploads\/2024\/09\/seoul1.png","articleSection":["Non class\u00e9"],"inLanguage":"en-GB"},{"@type":"WebPage","@id":"https:\/\/www.inovallee.com\/choose-france-choose-grenoble-choose-inovallee-cap-sur-linternational-pour-la-technopole-et-son-incubateur\/","url":"https:\/\/www.inovallee.com\/choose-france-choose-grenoble-choose-inovallee-cap-sur-linternational-pour-la-technopole-et-son-incubateur\/","name":"Choose France, Choose Grenoble, Choose inovall\u00e9e\u00a0: cap sur l\u2019international pour la technopole et son incubateur\u00a0! - inovall\u00e9e","isPartOf":{"@id":"https:\/\/www.inovallee.com\/#website"},"primaryImageOfPage":{"@id":"https:\/\/www.inovallee.com\/choose-france-choose-grenoble-choose-inovallee-cap-sur-linternational-pour-la-technopole-et-son-incubateur\/#primaryimage"},"image":{"@id":"https:\/\/www.inovallee.com\/choose-france-choose-grenoble-choose-inovallee-cap-sur-linternational-pour-la-technopole-et-son-incubateur\/#primaryimage"},"thumbnailUrl":"https:\/\/www.inovallee.com\/wp-content\/uploads\/2024\/09\/seoul1.png","datePublished":"2024-09-22T12:41:25+00:00","dateModified":"2024-09-25T04:38:40+00:00","breadcrumb":{"@id":"https:\/\/www.inovallee.com\/choose-france-choose-grenoble-choose-inovallee-cap-sur-linternational-pour-la-technopole-et-son-incubateur\/#breadcrumb"},"inLanguage":"en-GB","potentialAction":[{"@type":"ReadAction","target":["https:\/\/www.inovallee.com\/choose-france-choose-grenoble-choose-inovallee-cap-sur-linternational-pour-la-technopole-et-son-incubateur\/"]}]},{"@type":"ImageObject","inLanguage":"en-GB","@id":"https:\/\/www.inovallee.com\/choose-france-choose-grenoble-choose-inovallee-cap-sur-linternational-pour-la-technopole-et-son-incubateur\/#primaryimage","url":"https:\/\/www.inovallee.com\/wp-content\/uploads\/2024\/09\/seoul1.png","contentUrl":"https:\/\/www.inovallee.com\/wp-content\/uploads\/2024\/09\/seoul1.png","width":1392,"height":808},{"@type":"BreadcrumbList","@id":"https:\/\/www.inovallee.com\/choose-france-choose-grenoble-choose-inovallee-cap-sur-linternational-pour-la-technopole-et-son-incubateur\/#breadcrumb","itemListElement":[{"@type":"ListItem","position":1,"name":"Accueil","item":"https:\/\/www.inovallee.com\/"},{"@type":"ListItem","position":2,"name":"Choose France, Choose Grenoble, Choose inovall\u00e9e\u00a0: cap sur l\u2019international pour la technopole et son incubateur\u00a0!"}]},{"@type":"WebSite","@id":"https:\/\/www.inovallee.com\/#website","url":"https:\/\/www.inovallee.com\/","name":"inovall\u00e9e technopole, Home to software & smart technologies","description":"Home to software &amp; smart technologies","publisher":{"@id":"https:\/\/www.inovallee.com\/#organization"},"potentialAction":[{"@type":"SearchAction","target":{"@type":"EntryPoint","urlTemplate":"https:\/\/www.inovallee.com\/?s={search_term_string}"},"query-input":{"@type":"PropertyValueSpecification","valueRequired":true,"valueName":"search_term_string"}}],"inLanguage":"en-GB"},{"@type":"Organization","@id":"https:\/\/www.inovallee.com\/#organization","name":"inovall\u00e9e","url":"https:\/\/www.inovallee.com\/","logo":{"@type":"ImageObject","inLanguage":"en-GB","@id":"https:\/\/www.inovallee.com\/#\/schema\/logo\/image\/","url":"https:\/\/www.inovallee.com\/wp-content\/uploads\/2023\/08\/inovallee_2022_GrenobleAlpes.png","contentUrl":"https:\/\/www.inovallee.com\/wp-content\/uploads\/2023\/08\/inovallee_2022_GrenobleAlpes.png","width":945,"height":369,"caption":"inovall\u00e9e"},"image":{"@id":"https:\/\/www.inovallee.com\/#\/schema\/logo\/image\/"},"sameAs":["https:\/\/www.facebook.com\/technopoleinovallee\/","https:\/\/x.com\/inovallee","https:\/\/www.linkedin.com\/company\/inovall-e\/","https:\/\/www.youtube.com\/user\/inovallee?reload=9"]},{"@type":"Person","@id":"https:\/\/www.inovallee.com\/#\/schema\/person\/6cdcf0ed58ac3e1ef08041bdf7815902","name":"Claire Chanterelle"}]}},"_links":{"self":[{"href":"https:\/\/www.inovallee.com\/en\/wp-json\/wp\/v2\/posts\/55476","targetHints":{"allow":["GET"]}}],"collection":[{"href":"https:\/\/www.inovallee.com\/en\/wp-json\/wp\/v2\/posts"}],"about":[{"href":"https:\/\/www.inovallee.com\/en\/wp-json\/wp\/v2\/types\/post"}],"author":[{"embeddable":true,"href":"https:\/\/www.inovallee.com\/en\/wp-json\/wp\/v2\/users\/4"}],"replies":[{"embeddable":true,"href":"https:\/\/www.inovallee.com\/en\/wp-json\/wp\/v2\/comments?post=55476"}],"version-history":[{"count":2,"href":"https:\/\/www.inovallee.com\/en\/wp-json\/wp\/v2\/posts\/55476\/revisions"}],"predecessor-version":[{"id":55520,"href":"https:\/\/www.inovallee.com\/en\/wp-json\/wp\/v2\/posts\/55476\/revisions\/55520"}],"wp:featuredmedia":[{"embeddable":true,"href":"https:\/\/www.inovallee.com\/en\/wp-json\/wp\/v2\/media\/55480"}],"wp:attachment":[{"href":"https:\/\/www.inovallee.com\/en\/wp-json\/wp\/v2\/media?parent=55476"}],"wp:term":[{"taxonomy":"category","embeddable":true,"href":"https:\/\/www.inovallee.com\/en\/wp-json\/wp\/v2\/categories?post=55476"},{"taxonomy":"post_tag","embeddable":true,"href":"https:\/\/www.inovallee.com\/en\/wp-json\/wp\/v2\/tags?post=55476"}],"curies":[{"name":"wp","href":"https:\/\/api.w.org\/{rel}","templated":true}]}}