{"id":5558,"date":"2016-02-15T15:29:45","date_gmt":"2016-02-15T14:29:45","guid":{"rendered":"https:\/\/www.inovallee.com\/?p=5558"},"modified":"2016-02-15T15:29:45","modified_gmt":"2016-02-15T14:29:45","slug":"pour-tout-savoir-sur-la-taxe-dapprentissage-rdv-le-1er-mars-a-inovallee","status":"publish","type":"post","link":"https:\/\/www.inovallee.com\/en\/pour-tout-savoir-sur-la-taxe-dapprentissage-rdv-le-1er-mars-a-inovallee\/","title":{"rendered":"Pour tout savoir sur la taxe d&#039;apprentissage : rdv le 1er mars \u00e0 inovall\u00e9e"},"content":{"rendered":"<p><a href=\"https:\/\/www.inovallee.com\/wp-content\/uploads\/2016\/02\/DSC00149.jpg\"><img fetchpriority=\"high\" decoding=\"async\" class=\"alignleft size-thumbnail wp-image-5560\" src=\"https:\/\/www.inovallee.com\/wp-content\/uploads\/2016\/02\/DSC00149-300x200.jpg\" alt=\"DSC00149\" width=\"300\" height=\"200\" srcset=\"https:\/\/www.inovallee.com\/wp-content\/uploads\/2016\/02\/DSC00149-300x200.jpg 300w, https:\/\/www.inovallee.com\/wp-content\/uploads\/2016\/02\/DSC00149.jpg 305w\" sizes=\"(max-width: 300px) 100vw, 300px\" \/><\/a>Dans le cadre de son partenariat avec les\u00a03 grandes \u00e9coles de Grenoble, inovall\u00e9e r\u00e9unira le mardi 1er mars <strong>Grenoble \u00c9cole de Management, Grenoble INP, et l&rsquo;IAE<\/strong> pour vous pr\u00e9senter les derni\u00e8res \u00e9volutions r\u00e9glementaires en mati\u00e8re de Taxe d&rsquo;Apprentissage, stage et alternance. Cette rencontre sera aussi l&rsquo;occasion de d\u00e9couvrir les diff\u00e9rentes formations dispens\u00e9es par ces 3 \u00e9tablissements.<br \/>\n<strong>Quand ?<\/strong> mardi 1er mars de 9h \u00e0 10h<br \/>\n<strong>O\u00f9 ?<\/strong> dans les locaux d&rsquo;inovall\u00e9e (29, chemin du Vieux Ch\u00eane &#8211; Meylan)<br \/>\n<strong>Inscriptions aupr\u00e8s de Christine Afonso<\/strong> : <a href=\"mailto:accueil@inovallee.com\">accueil@inovallee.com<\/a><\/p>","protected":false},"excerpt":{"rendered":"<p>Dans le cadre de son partenariat avec les\u00a03 grandes \u00e9coles de Grenoble, inovall\u00e9e r\u00e9unira le mardi 1er mars Grenoble \u00c9cole de Management, Grenoble INP, et l&rsquo;IAE pour vous pr\u00e9senter les derni\u00e8res \u00e9volutions r\u00e9glementaires en mati\u00e8re de Taxe d&rsquo;Apprentissage, stage et alternance. Cette rencontre sera aussi l&rsquo;occasion de d\u00e9couvrir les diff\u00e9rentes formations dispens\u00e9es par ces 3 [&hellip;]<\/p>\n","protected":false},"author":6,"featured_media":5560,"comment_status":"closed","ping_status":"open","sticky":false,"template":"","format":"standard","meta":{"footnotes":""},"categories":[51,37,29],"tags":[],"class_list":["post-5558","post","type-post","status-publish","format-standard","has-post-thumbnail","hentry","category-ecosysteme-innovation","category-my-ino","category-evenements"],"yoast_head":"<!-- This site is optimized with the Yoast SEO plugin v27.4 - https:\/\/yoast.com\/product\/yoast-seo-wordpress\/ -->\n<title>Pour tout savoir sur la taxe d&#039;apprentissage : rdv le 1er mars \u00e0 inovall\u00e9e - inovall\u00e9e<\/title>\n<meta name=\"robots\" content=\"index, follow, max-snippet:-1, max-image-preview:large, max-video-preview:-1\" \/>\n<link rel=\"canonical\" href=\"https:\/\/www.inovallee.com\/en\/pour-tout-savoir-sur-la-taxe-dapprentissage-rdv-le-1er-mars-a-inovallee\/\" \/>\n<meta property=\"og:locale\" content=\"en_GB\" \/>\n<meta property=\"og:type\" content=\"article\" \/>\n<meta property=\"og:title\" content=\"Pour tout savoir sur la taxe d&#039;apprentissage : rdv le 1er mars \u00e0 inovall\u00e9e - inovall\u00e9e\" \/>\n<meta property=\"og:description\" content=\"Dans le cadre de son partenariat avec les\u00a03 grandes \u00e9coles de Grenoble, inovall\u00e9e r\u00e9unira le mardi 1er mars Grenoble \u00c9cole de Management, Grenoble INP, et l&rsquo;IAE pour vous pr\u00e9senter les derni\u00e8res \u00e9volutions r\u00e9glementaires en mati\u00e8re de Taxe d&rsquo;Apprentissage, stage et alternance. Cette rencontre sera aussi l&rsquo;occasion de d\u00e9couvrir les diff\u00e9rentes formations dispens\u00e9es par ces 3 [&hellip;]\" \/>\n<meta property=\"og:url\" content=\"https:\/\/www.inovallee.com\/en\/pour-tout-savoir-sur-la-taxe-dapprentissage-rdv-le-1er-mars-a-inovallee\/\" \/>\n<meta property=\"og:site_name\" content=\"inovall\u00e9e\" \/>\n<meta property=\"article:publisher\" content=\"https:\/\/www.facebook.com\/technopoleinovallee\/\" \/>\n<meta property=\"article:published_time\" content=\"2016-02-15T14:29:45+00:00\" \/>\n<meta property=\"og:image\" content=\"https:\/\/www.inovallee.com\/wp-content\/uploads\/2016\/02\/DSC00149.jpg\" \/>\n\t<meta property=\"og:image:width\" content=\"305\" \/>\n\t<meta property=\"og:image:height\" content=\"203\" \/>\n\t<meta property=\"og:image:type\" content=\"image\/jpeg\" \/>\n<meta name=\"author\" content=\"Inovallee\" \/>\n<meta name=\"twitter:card\" content=\"summary_large_image\" \/>\n<meta name=\"twitter:creator\" content=\"@inovallee\" \/>\n<meta name=\"twitter:site\" content=\"@inovallee\" \/>\n<meta name=\"twitter:label1\" content=\"Written by\" \/>\n\t<meta name=\"twitter:data1\" content=\"Inovallee\" \/>\n<script type=\"application\/ld+json\" class=\"yoast-schema-graph\">{\"@context\":\"https:\\\/\\\/schema.org\",\"@graph\":[{\"@type\":\"Article\",\"@id\":\"https:\\\/\\\/www.inovallee.com\\\/pour-tout-savoir-sur-la-taxe-dapprentissage-rdv-le-1er-mars-a-inovallee\\\/#article\",\"isPartOf\":{\"@id\":\"https:\\\/\\\/www.inovallee.com\\\/pour-tout-savoir-sur-la-taxe-dapprentissage-rdv-le-1er-mars-a-inovallee\\\/\"},\"author\":{\"name\":\"Inovallee\",\"@id\":\"https:\\\/\\\/www.inovallee.com\\\/#\\\/schema\\\/person\\\/a45b15518aad3111b2d61d257a3e023b\"},\"headline\":\"Pour tout savoir sur la taxe d&#039;apprentissage : rdv le 1er mars \u00e0 inovall\u00e9e\",\"datePublished\":\"2016-02-15T14:29:45+00:00\",\"mainEntityOfPage\":{\"@id\":\"https:\\\/\\\/www.inovallee.com\\\/pour-tout-savoir-sur-la-taxe-dapprentissage-rdv-le-1er-mars-a-inovallee\\\/\"},\"wordCount\":111,\"publisher\":{\"@id\":\"https:\\\/\\\/www.inovallee.com\\\/#organization\"},\"image\":{\"@id\":\"https:\\\/\\\/www.inovallee.com\\\/pour-tout-savoir-sur-la-taxe-dapprentissage-rdv-le-1er-mars-a-inovallee\\\/#primaryimage\"},\"thumbnailUrl\":\"https:\\\/\\\/www.inovallee.com\\\/wp-content\\\/uploads\\\/2016\\\/02\\\/DSC00149.jpg\",\"articleSection\":[\"Ecosyst\u00e8me de l'innovation\",\"My Ino : Vivre &amp; travailler sur inovall\u00e9e\",\"Technopole inovall\u00e9e\"],\"inLanguage\":\"en-GB\"},{\"@type\":\"WebPage\",\"@id\":\"https:\\\/\\\/www.inovallee.com\\\/pour-tout-savoir-sur-la-taxe-dapprentissage-rdv-le-1er-mars-a-inovallee\\\/\",\"url\":\"https:\\\/\\\/www.inovallee.com\\\/pour-tout-savoir-sur-la-taxe-dapprentissage-rdv-le-1er-mars-a-inovallee\\\/\",\"name\":\"Pour tout savoir sur la taxe d&#039;apprentissage : rdv le 1er mars \u00e0 inovall\u00e9e - inovall\u00e9e\",\"isPartOf\":{\"@id\":\"https:\\\/\\\/www.inovallee.com\\\/#website\"},\"primaryImageOfPage\":{\"@id\":\"https:\\\/\\\/www.inovallee.com\\\/pour-tout-savoir-sur-la-taxe-dapprentissage-rdv-le-1er-mars-a-inovallee\\\/#primaryimage\"},\"image\":{\"@id\":\"https:\\\/\\\/www.inovallee.com\\\/pour-tout-savoir-sur-la-taxe-dapprentissage-rdv-le-1er-mars-a-inovallee\\\/#primaryimage\"},\"thumbnailUrl\":\"https:\\\/\\\/www.inovallee.com\\\/wp-content\\\/uploads\\\/2016\\\/02\\\/DSC00149.jpg\",\"datePublished\":\"2016-02-15T14:29:45+00:00\",\"breadcrumb\":{\"@id\":\"https:\\\/\\\/www.inovallee.com\\\/pour-tout-savoir-sur-la-taxe-dapprentissage-rdv-le-1er-mars-a-inovallee\\\/#breadcrumb\"},\"inLanguage\":\"en-GB\",\"potentialAction\":[{\"@type\":\"ReadAction\",\"target\":[\"https:\\\/\\\/www.inovallee.com\\\/pour-tout-savoir-sur-la-taxe-dapprentissage-rdv-le-1er-mars-a-inovallee\\\/\"]}]},{\"@type\":\"ImageObject\",\"inLanguage\":\"en-GB\",\"@id\":\"https:\\\/\\\/www.inovallee.com\\\/pour-tout-savoir-sur-la-taxe-dapprentissage-rdv-le-1er-mars-a-inovallee\\\/#primaryimage\",\"url\":\"https:\\\/\\\/www.inovallee.com\\\/wp-content\\\/uploads\\\/2016\\\/02\\\/DSC00149.jpg\",\"contentUrl\":\"https:\\\/\\\/www.inovallee.com\\\/wp-content\\\/uploads\\\/2016\\\/02\\\/DSC00149.jpg\",\"width\":305,\"height\":203},{\"@type\":\"BreadcrumbList\",\"@id\":\"https:\\\/\\\/www.inovallee.com\\\/pour-tout-savoir-sur-la-taxe-dapprentissage-rdv-le-1er-mars-a-inovallee\\\/#breadcrumb\",\"itemListElement\":[{\"@type\":\"ListItem\",\"position\":1,\"name\":\"Accueil\",\"item\":\"https:\\\/\\\/www.inovallee.com\\\/\"},{\"@type\":\"ListItem\",\"position\":2,\"name\":\"Pour tout savoir sur la taxe d&#039;apprentissage : rdv le 1er mars \u00e0 inovall\u00e9e\"}]},{\"@type\":\"WebSite\",\"@id\":\"https:\\\/\\\/www.inovallee.com\\\/#website\",\"url\":\"https:\\\/\\\/www.inovallee.com\\\/\",\"name\":\"inovall\u00e9e technopole, Home to software & smart technologies\",\"description\":\"Home to software &amp; smart technologies\",\"publisher\":{\"@id\":\"https:\\\/\\\/www.inovallee.com\\\/#organization\"},\"potentialAction\":[{\"@type\":\"SearchAction\",\"target\":{\"@type\":\"EntryPoint\",\"urlTemplate\":\"https:\\\/\\\/www.inovallee.com\\\/?s={search_term_string}\"},\"query-input\":{\"@type\":\"PropertyValueSpecification\",\"valueRequired\":true,\"valueName\":\"search_term_string\"}}],\"inLanguage\":\"en-GB\"},{\"@type\":\"Organization\",\"@id\":\"https:\\\/\\\/www.inovallee.com\\\/#organization\",\"name\":\"inovall\u00e9e\",\"url\":\"https:\\\/\\\/www.inovallee.com\\\/\",\"logo\":{\"@type\":\"ImageObject\",\"inLanguage\":\"en-GB\",\"@id\":\"https:\\\/\\\/www.inovallee.com\\\/#\\\/schema\\\/logo\\\/image\\\/\",\"url\":\"https:\\\/\\\/www.inovallee.com\\\/wp-content\\\/uploads\\\/2023\\\/08\\\/inovallee_2022_GrenobleAlpes.png\",\"contentUrl\":\"https:\\\/\\\/www.inovallee.com\\\/wp-content\\\/uploads\\\/2023\\\/08\\\/inovallee_2022_GrenobleAlpes.png\",\"width\":945,\"height\":369,\"caption\":\"inovall\u00e9e\"},\"image\":{\"@id\":\"https:\\\/\\\/www.inovallee.com\\\/#\\\/schema\\\/logo\\\/image\\\/\"},\"sameAs\":[\"https:\\\/\\\/www.facebook.com\\\/technopoleinovallee\\\/\",\"https:\\\/\\\/x.com\\\/inovallee\",\"https:\\\/\\\/www.linkedin.com\\\/company\\\/inovall-e\\\/\",\"https:\\\/\\\/www.youtube.com\\\/user\\\/inovallee?reload=9\"]},{\"@type\":\"Person\",\"@id\":\"https:\\\/\\\/www.inovallee.com\\\/#\\\/schema\\\/person\\\/a45b15518aad3111b2d61d257a3e023b\",\"name\":\"Inovallee\"}]}<\/script>\n<!-- \/ Yoast SEO plugin. -->","yoast_head_json":{"title":"Pour tout savoir sur la taxe d&#039;apprentissage : rdv le 1er mars \u00e0 inovall\u00e9e - inovall\u00e9e","robots":{"index":"index","follow":"follow","max-snippet":"max-snippet:-1","max-image-preview":"max-image-preview:large","max-video-preview":"max-video-preview:-1"},"canonical":"https:\/\/www.inovallee.com\/en\/pour-tout-savoir-sur-la-taxe-dapprentissage-rdv-le-1er-mars-a-inovallee\/","og_locale":"en_GB","og_type":"article","og_title":"Pour tout savoir sur la taxe d&#039;apprentissage : rdv le 1er mars \u00e0 inovall\u00e9e - inovall\u00e9e","og_description":"Dans le cadre de son partenariat avec les\u00a03 grandes \u00e9coles de Grenoble, inovall\u00e9e r\u00e9unira le mardi 1er mars Grenoble \u00c9cole de Management, Grenoble INP, et l&rsquo;IAE pour vous pr\u00e9senter les derni\u00e8res \u00e9volutions r\u00e9glementaires en mati\u00e8re de Taxe d&rsquo;Apprentissage, stage et alternance. Cette rencontre sera aussi l&rsquo;occasion de d\u00e9couvrir les diff\u00e9rentes formations dispens\u00e9es par ces 3 [&hellip;]","og_url":"https:\/\/www.inovallee.com\/en\/pour-tout-savoir-sur-la-taxe-dapprentissage-rdv-le-1er-mars-a-inovallee\/","og_site_name":"inovall\u00e9e","article_publisher":"https:\/\/www.facebook.com\/technopoleinovallee\/","article_published_time":"2016-02-15T14:29:45+00:00","og_image":[{"width":305,"height":203,"url":"https:\/\/www.inovallee.com\/wp-content\/uploads\/2016\/02\/DSC00149.jpg","type":"image\/jpeg"}],"author":"Inovallee","twitter_card":"summary_large_image","twitter_creator":"@inovallee","twitter_site":"@inovallee","twitter_misc":{"Written by":"Inovallee"},"schema":{"@context":"https:\/\/schema.org","@graph":[{"@type":"Article","@id":"https:\/\/www.inovallee.com\/pour-tout-savoir-sur-la-taxe-dapprentissage-rdv-le-1er-mars-a-inovallee\/#article","isPartOf":{"@id":"https:\/\/www.inovallee.com\/pour-tout-savoir-sur-la-taxe-dapprentissage-rdv-le-1er-mars-a-inovallee\/"},"author":{"name":"Inovallee","@id":"https:\/\/www.inovallee.com\/#\/schema\/person\/a45b15518aad3111b2d61d257a3e023b"},"headline":"Pour tout savoir sur la taxe d&#039;apprentissage : rdv le 1er mars \u00e0 inovall\u00e9e","datePublished":"2016-02-15T14:29:45+00:00","mainEntityOfPage":{"@id":"https:\/\/www.inovallee.com\/pour-tout-savoir-sur-la-taxe-dapprentissage-rdv-le-1er-mars-a-inovallee\/"},"wordCount":111,"publisher":{"@id":"https:\/\/www.inovallee.com\/#organization"},"image":{"@id":"https:\/\/www.inovallee.com\/pour-tout-savoir-sur-la-taxe-dapprentissage-rdv-le-1er-mars-a-inovallee\/#primaryimage"},"thumbnailUrl":"https:\/\/www.inovallee.com\/wp-content\/uploads\/2016\/02\/DSC00149.jpg","articleSection":["Ecosyst\u00e8me de l'innovation","My Ino : Vivre &amp; travailler sur inovall\u00e9e","Technopole inovall\u00e9e"],"inLanguage":"en-GB"},{"@type":"WebPage","@id":"https:\/\/www.inovallee.com\/pour-tout-savoir-sur-la-taxe-dapprentissage-rdv-le-1er-mars-a-inovallee\/","url":"https:\/\/www.inovallee.com\/pour-tout-savoir-sur-la-taxe-dapprentissage-rdv-le-1er-mars-a-inovallee\/","name":"Pour tout savoir sur la taxe d&#039;apprentissage : rdv le 1er mars \u00e0 inovall\u00e9e - inovall\u00e9e","isPartOf":{"@id":"https:\/\/www.inovallee.com\/#website"},"primaryImageOfPage":{"@id":"https:\/\/www.inovallee.com\/pour-tout-savoir-sur-la-taxe-dapprentissage-rdv-le-1er-mars-a-inovallee\/#primaryimage"},"image":{"@id":"https:\/\/www.inovallee.com\/pour-tout-savoir-sur-la-taxe-dapprentissage-rdv-le-1er-mars-a-inovallee\/#primaryimage"},"thumbnailUrl":"https:\/\/www.inovallee.com\/wp-content\/uploads\/2016\/02\/DSC00149.jpg","datePublished":"2016-02-15T14:29:45+00:00","breadcrumb":{"@id":"https:\/\/www.inovallee.com\/pour-tout-savoir-sur-la-taxe-dapprentissage-rdv-le-1er-mars-a-inovallee\/#breadcrumb"},"inLanguage":"en-GB","potentialAction":[{"@type":"ReadAction","target":["https:\/\/www.inovallee.com\/pour-tout-savoir-sur-la-taxe-dapprentissage-rdv-le-1er-mars-a-inovallee\/"]}]},{"@type":"ImageObject","inLanguage":"en-GB","@id":"https:\/\/www.inovallee.com\/pour-tout-savoir-sur-la-taxe-dapprentissage-rdv-le-1er-mars-a-inovallee\/#primaryimage","url":"https:\/\/www.inovallee.com\/wp-content\/uploads\/2016\/02\/DSC00149.jpg","contentUrl":"https:\/\/www.inovallee.com\/wp-content\/uploads\/2016\/02\/DSC00149.jpg","width":305,"height":203},{"@type":"BreadcrumbList","@id":"https:\/\/www.inovallee.com\/pour-tout-savoir-sur-la-taxe-dapprentissage-rdv-le-1er-mars-a-inovallee\/#breadcrumb","itemListElement":[{"@type":"ListItem","position":1,"name":"Accueil","item":"https:\/\/www.inovallee.com\/"},{"@type":"ListItem","position":2,"name":"Pour tout savoir sur la taxe d&#039;apprentissage : rdv le 1er mars \u00e0 inovall\u00e9e"}]},{"@type":"WebSite","@id":"https:\/\/www.inovallee.com\/#website","url":"https:\/\/www.inovallee.com\/","name":"inovall\u00e9e technopole, Home to software & smart technologies","description":"Home to software &amp; smart technologies","publisher":{"@id":"https:\/\/www.inovallee.com\/#organization"},"potentialAction":[{"@type":"SearchAction","target":{"@type":"EntryPoint","urlTemplate":"https:\/\/www.inovallee.com\/?s={search_term_string}"},"query-input":{"@type":"PropertyValueSpecification","valueRequired":true,"valueName":"search_term_string"}}],"inLanguage":"en-GB"},{"@type":"Organization","@id":"https:\/\/www.inovallee.com\/#organization","name":"inovall\u00e9e","url":"https:\/\/www.inovallee.com\/","logo":{"@type":"ImageObject","inLanguage":"en-GB","@id":"https:\/\/www.inovallee.com\/#\/schema\/logo\/image\/","url":"https:\/\/www.inovallee.com\/wp-content\/uploads\/2023\/08\/inovallee_2022_GrenobleAlpes.png","contentUrl":"https:\/\/www.inovallee.com\/wp-content\/uploads\/2023\/08\/inovallee_2022_GrenobleAlpes.png","width":945,"height":369,"caption":"inovall\u00e9e"},"image":{"@id":"https:\/\/www.inovallee.com\/#\/schema\/logo\/image\/"},"sameAs":["https:\/\/www.facebook.com\/technopoleinovallee\/","https:\/\/x.com\/inovallee","https:\/\/www.linkedin.com\/company\/inovall-e\/","https:\/\/www.youtube.com\/user\/inovallee?reload=9"]},{"@type":"Person","@id":"https:\/\/www.inovallee.com\/#\/schema\/person\/a45b15518aad3111b2d61d257a3e023b","name":"Inovallee"}]}},"_links":{"self":[{"href":"https:\/\/www.inovallee.com\/en\/wp-json\/wp\/v2\/posts\/5558","targetHints":{"allow":["GET"]}}],"collection":[{"href":"https:\/\/www.inovallee.com\/en\/wp-json\/wp\/v2\/posts"}],"about":[{"href":"https:\/\/www.inovallee.com\/en\/wp-json\/wp\/v2\/types\/post"}],"author":[{"embeddable":true,"href":"https:\/\/www.inovallee.com\/en\/wp-json\/wp\/v2\/users\/6"}],"replies":[{"embeddable":true,"href":"https:\/\/www.inovallee.com\/en\/wp-json\/wp\/v2\/comments?post=5558"}],"version-history":[{"count":0,"href":"https:\/\/www.inovallee.com\/en\/wp-json\/wp\/v2\/posts\/5558\/revisions"}],"wp:featuredmedia":[{"embeddable":true,"href":"https:\/\/www.inovallee.com\/en\/wp-json\/wp\/v2\/media\/5560"}],"wp:attachment":[{"href":"https:\/\/www.inovallee.com\/en\/wp-json\/wp\/v2\/media?parent=5558"}],"wp:term":[{"taxonomy":"category","embeddable":true,"href":"https:\/\/www.inovallee.com\/en\/wp-json\/wp\/v2\/categories?post=5558"},{"taxonomy":"post_tag","embeddable":true,"href":"https:\/\/www.inovallee.com\/en\/wp-json\/wp\/v2\/tags?post=5558"}],"curies":[{"name":"wp","href":"https:\/\/api.w.org\/{rel}","templated":true}]}}