{"id":5644,"date":"2016-02-02T12:09:58","date_gmt":"2016-02-02T11:09:58","guid":{"rendered":"https:\/\/www.inovallee.com\/?p=5644"},"modified":"2016-02-02T12:09:58","modified_gmt":"2016-02-02T11:09:58","slug":"une-aide-a-lembauche-specialement-creee-pour-les-pme","status":"publish","type":"post","link":"https:\/\/www.inovallee.com\/en\/une-aide-a-lembauche-specialement-creee-pour-les-pme\/","title":{"rendered":"Une aide \u00e0 l&#039;embauche sp\u00e9cialement cr\u00e9\u00e9e pour les PME"},"content":{"rendered":"<div class=\"intro\">\n<strong><a href=\"https:\/\/www.inovallee.com\/wp-content\/uploads\/2016\/02\/SIG_4Pages_V25.pdf\" target=\"_blank\" rel=\"noopener noreferrer\"><img fetchpriority=\"high\" decoding=\"async\" class=\"size-thumbnail wp-image-5645 alignleft\" src=\"https:\/\/www.inovallee.com\/wp-content\/uploads\/2016\/02\/Decouvrez-le-dispositif-embauche-PME_large-300x196.jpg\" alt=\"Decouvrez-le-dispositif-embauche-PME_large\" width=\"300\" height=\"196\" srcset=\"https:\/\/www.inovallee.com\/wp-content\/uploads\/2016\/02\/Decouvrez-le-dispositif-embauche-PME_large-300x196.jpg 300w, https:\/\/www.inovallee.com\/wp-content\/uploads\/2016\/02\/Decouvrez-le-dispositif-embauche-PME_large.jpg 315w\" sizes=\"(max-width: 300px) 100vw, 300px\" \/><\/a>Le gouvernement a annonc\u00e9 ce lundi 18 janvier 2016 le lancement d&rsquo;une nouvelle aide \u00e0 l\u2019embauche pour les petites et moyennes entreprises, \u00ab Embauche PME \u00bb. <\/strong><br \/>\n&nbsp;\n<\/div>\n<h3>En quoi consiste ce dispositif ?<\/h3>\n<ul>\n<li>Cette prime est vers\u00e9e pour les salaires<strong> jusqu&rsquo;\u00e0 1,3 fois le SMIC<\/strong> soit 22 877 euros bruts annuels pour une dur\u00e9e hebdomadaire de 35 heures.<\/li>\n<li>Les embauches r\u00e9alis\u00e9es par les PME <strong>\u00e0 partir du 18 janvier et jusqu&rsquo;au 31 d\u00e9cembre 2016,<\/strong> b\u00e9n\u00e9ficient durant les 2 premi\u00e8res ann\u00e9es du contrat d&rsquo;une <strong>prime trimestrielle de 500 euros, soit 4000 euros au total.<\/strong><\/li>\n<\/ul>\n<h3>Est-ce cumulable avec d\u2019autres aides ?<\/h3>\n<p>Cette prime est cumulable avec l&rsquo;ensemble des autres dispositifs existants :<\/p>\n<ul>\n<li>r\u00e9duction g\u00e9n\u00e9rale bas salaire,<\/li>\n<li>pacte de responsabilit\u00e9 et de solidarit\u00e9,<\/li>\n<li>CICE (Cr\u00e9dit d&rsquo;imp\u00f4t pour la comp\u00e9titivit\u00e9 et l&#8217;emploi).<\/li>\n<\/ul>\n<h3>Qui peut en b\u00e9n\u00e9ficier ?<\/h3>\n<p>Pour en b\u00e9n\u00e9ficier, les entreprises doivent remplir les conditions suivantes :<\/p>\n<ul>\n<li>Etre une PME de 0 \u00e0 249 salari\u00e9s en moyenne en 2015.<\/li>\n<li>Embaucher en :\n<ul>\n<li><strong>CDI,\u00a0<\/strong><\/li>\n<li><strong>CDD de 6 mois et plus,\u00a0<\/strong><\/li>\n<li><strong>transformation d\u2019un CDD en CDI,\u00a0<\/strong><\/li>\n<li><strong>contrat de professionnalisation d\u2019une dur\u00e9e sup\u00e9rieure ou \u00e9gale \u00e0 6 mois.<\/strong><\/li>\n<\/ul>\n<\/li>\n<\/ul>\n<h3>Comment en b\u00e9n\u00e9ficier ?<\/h3>\n<p>Il est n\u00e9cessaire de faire une demande en ligne sur le site <a href=\"http:\/\/www.travail-emploi.gouv.fr\/embauchepme\" target=\"_blank\" rel=\"noopener noreferrer\">www.travail-emploi.gouv.fr\/embauchepme<\/a><br \/>\nT\u00e9l\u00e9charger le <a href=\"https:\/\/www.inovallee.com\/wp-content\/uploads\/2016\/02\/SIG_4Pages_V25.pdf\" target=\"_blank\" rel=\"noopener noreferrer\">guide du dispositif Embauche PME<\/a><\/p>","protected":false},"excerpt":{"rendered":"<p>Le gouvernement a annonc\u00e9 ce lundi 18 janvier 2016 le lancement d&rsquo;une nouvelle aide \u00e0 l\u2019embauche pour les petites et moyennes entreprises, \u00ab Embauche PME \u00bb. &nbsp; En quoi consiste ce dispositif ? Cette prime est vers\u00e9e pour les salaires jusqu&rsquo;\u00e0 1,3 fois le SMIC soit 22 877 euros bruts annuels pour une dur\u00e9e hebdomadaire [&hellip;]<\/p>\n","protected":false},"author":6,"featured_media":5645,"comment_status":"closed","ping_status":"open","sticky":false,"template":"","format":"standard","meta":{"footnotes":""},"categories":[41,44],"tags":[],"class_list":["post-5644","post","type-post","status-publish","format-standard","has-post-thumbnail","hentry","category-entrepreneur-competences","category-tarmac-incubator"],"yoast_head":"<!-- This site is optimized with the Yoast SEO plugin v27.4 - https:\/\/yoast.com\/product\/yoast-seo-wordpress\/ -->\n<title>Une aide \u00e0 l&#039;embauche sp\u00e9cialement cr\u00e9\u00e9e pour les PME - inovall\u00e9e<\/title>\n<meta name=\"description\" content=\"A partir du 18 janvier et jusqu\u2019au 31 d\u00e9cembre 2016, les embauches r\u00e9alis\u00e9es par les PME de moins de 250 salari\u00e9s pourront b\u00e9n\u00e9ficier d\u2019une prime \u00e0 l\u2019embauche. D\u00e9couvrez cette nouvelle mesure.\" \/>\n<meta name=\"robots\" content=\"index, follow, max-snippet:-1, max-image-preview:large, max-video-preview:-1\" \/>\n<link rel=\"canonical\" href=\"https:\/\/www.inovallee.com\/en\/une-aide-a-lembauche-specialement-creee-pour-les-pme\/\" \/>\n<meta property=\"og:locale\" content=\"en_GB\" \/>\n<meta property=\"og:type\" content=\"article\" \/>\n<meta property=\"og:title\" content=\"Une aide \u00e0 l&#039;embauche sp\u00e9cialement cr\u00e9\u00e9e pour les PME - inovall\u00e9e\" \/>\n<meta property=\"og:description\" content=\"A partir du 18 janvier et jusqu\u2019au 31 d\u00e9cembre 2016, les embauches r\u00e9alis\u00e9es par les PME de moins de 250 salari\u00e9s pourront b\u00e9n\u00e9ficier d\u2019une prime \u00e0 l\u2019embauche. D\u00e9couvrez cette nouvelle mesure.\" \/>\n<meta property=\"og:url\" content=\"https:\/\/www.inovallee.com\/en\/une-aide-a-lembauche-specialement-creee-pour-les-pme\/\" \/>\n<meta property=\"og:site_name\" content=\"inovall\u00e9e\" \/>\n<meta property=\"article:publisher\" content=\"https:\/\/www.facebook.com\/technopoleinovallee\/\" \/>\n<meta property=\"article:published_time\" content=\"2016-02-02T11:09:58+00:00\" \/>\n<meta property=\"og:image\" content=\"https:\/\/www.inovallee.com\/wp-content\/uploads\/2016\/02\/Decouvrez-le-dispositif-embauche-PME_large.jpg\" \/>\n\t<meta property=\"og:image:width\" content=\"315\" \/>\n\t<meta property=\"og:image:height\" content=\"206\" \/>\n\t<meta property=\"og:image:type\" content=\"image\/jpeg\" \/>\n<meta name=\"author\" content=\"Inovallee\" \/>\n<meta name=\"twitter:card\" content=\"summary_large_image\" \/>\n<meta name=\"twitter:creator\" content=\"@inovallee\" \/>\n<meta name=\"twitter:site\" content=\"@inovallee\" \/>\n<meta name=\"twitter:label1\" content=\"Written by\" \/>\n\t<meta name=\"twitter:data1\" content=\"Inovallee\" \/>\n\t<meta name=\"twitter:label2\" content=\"Estimated reading time\" \/>\n\t<meta name=\"twitter:data2\" content=\"1 minute\" \/>\n<script type=\"application\/ld+json\" class=\"yoast-schema-graph\">{\"@context\":\"https:\\\/\\\/schema.org\",\"@graph\":[{\"@type\":\"Article\",\"@id\":\"https:\\\/\\\/www.inovallee.com\\\/une-aide-a-lembauche-specialement-creee-pour-les-pme\\\/#article\",\"isPartOf\":{\"@id\":\"https:\\\/\\\/www.inovallee.com\\\/une-aide-a-lembauche-specialement-creee-pour-les-pme\\\/\"},\"author\":{\"name\":\"Inovallee\",\"@id\":\"https:\\\/\\\/www.inovallee.com\\\/#\\\/schema\\\/person\\\/a45b15518aad3111b2d61d257a3e023b\"},\"headline\":\"Une aide \u00e0 l&#039;embauche sp\u00e9cialement cr\u00e9\u00e9e pour les PME\",\"datePublished\":\"2016-02-02T11:09:58+00:00\",\"mainEntityOfPage\":{\"@id\":\"https:\\\/\\\/www.inovallee.com\\\/une-aide-a-lembauche-specialement-creee-pour-les-pme\\\/\"},\"wordCount\":228,\"publisher\":{\"@id\":\"https:\\\/\\\/www.inovallee.com\\\/#organization\"},\"image\":{\"@id\":\"https:\\\/\\\/www.inovallee.com\\\/une-aide-a-lembauche-specialement-creee-pour-les-pme\\\/#primaryimage\"},\"thumbnailUrl\":\"https:\\\/\\\/www.inovallee.com\\\/wp-content\\\/uploads\\\/2016\\\/02\\\/Decouvrez-le-dispositif-embauche-PME_large.jpg\",\"articleSection\":[\"Entreprendre et d\u00e9velopper ses comp\u00e9tences\",\"Tarmac incubator\"],\"inLanguage\":\"en-GB\"},{\"@type\":\"WebPage\",\"@id\":\"https:\\\/\\\/www.inovallee.com\\\/une-aide-a-lembauche-specialement-creee-pour-les-pme\\\/\",\"url\":\"https:\\\/\\\/www.inovallee.com\\\/une-aide-a-lembauche-specialement-creee-pour-les-pme\\\/\",\"name\":\"Une aide \u00e0 l&#039;embauche sp\u00e9cialement cr\u00e9\u00e9e pour les PME - inovall\u00e9e\",\"isPartOf\":{\"@id\":\"https:\\\/\\\/www.inovallee.com\\\/#website\"},\"primaryImageOfPage\":{\"@id\":\"https:\\\/\\\/www.inovallee.com\\\/une-aide-a-lembauche-specialement-creee-pour-les-pme\\\/#primaryimage\"},\"image\":{\"@id\":\"https:\\\/\\\/www.inovallee.com\\\/une-aide-a-lembauche-specialement-creee-pour-les-pme\\\/#primaryimage\"},\"thumbnailUrl\":\"https:\\\/\\\/www.inovallee.com\\\/wp-content\\\/uploads\\\/2016\\\/02\\\/Decouvrez-le-dispositif-embauche-PME_large.jpg\",\"datePublished\":\"2016-02-02T11:09:58+00:00\",\"description\":\"A partir du 18 janvier et jusqu\u2019au 31 d\u00e9cembre 2016, les embauches r\u00e9alis\u00e9es par les PME de moins de 250 salari\u00e9s pourront b\u00e9n\u00e9ficier d\u2019une prime \u00e0 l\u2019embauche. D\u00e9couvrez cette nouvelle mesure.\",\"breadcrumb\":{\"@id\":\"https:\\\/\\\/www.inovallee.com\\\/une-aide-a-lembauche-specialement-creee-pour-les-pme\\\/#breadcrumb\"},\"inLanguage\":\"en-GB\",\"potentialAction\":[{\"@type\":\"ReadAction\",\"target\":[\"https:\\\/\\\/www.inovallee.com\\\/une-aide-a-lembauche-specialement-creee-pour-les-pme\\\/\"]}]},{\"@type\":\"ImageObject\",\"inLanguage\":\"en-GB\",\"@id\":\"https:\\\/\\\/www.inovallee.com\\\/une-aide-a-lembauche-specialement-creee-pour-les-pme\\\/#primaryimage\",\"url\":\"https:\\\/\\\/www.inovallee.com\\\/wp-content\\\/uploads\\\/2016\\\/02\\\/Decouvrez-le-dispositif-embauche-PME_large.jpg\",\"contentUrl\":\"https:\\\/\\\/www.inovallee.com\\\/wp-content\\\/uploads\\\/2016\\\/02\\\/Decouvrez-le-dispositif-embauche-PME_large.jpg\",\"width\":315,\"height\":206},{\"@type\":\"BreadcrumbList\",\"@id\":\"https:\\\/\\\/www.inovallee.com\\\/une-aide-a-lembauche-specialement-creee-pour-les-pme\\\/#breadcrumb\",\"itemListElement\":[{\"@type\":\"ListItem\",\"position\":1,\"name\":\"Accueil\",\"item\":\"https:\\\/\\\/www.inovallee.com\\\/\"},{\"@type\":\"ListItem\",\"position\":2,\"name\":\"Une aide \u00e0 l&#039;embauche sp\u00e9cialement cr\u00e9\u00e9e pour les PME\"}]},{\"@type\":\"WebSite\",\"@id\":\"https:\\\/\\\/www.inovallee.com\\\/#website\",\"url\":\"https:\\\/\\\/www.inovallee.com\\\/\",\"name\":\"inovall\u00e9e technopole, Home to software & smart technologies\",\"description\":\"Home to software &amp; smart technologies\",\"publisher\":{\"@id\":\"https:\\\/\\\/www.inovallee.com\\\/#organization\"},\"potentialAction\":[{\"@type\":\"SearchAction\",\"target\":{\"@type\":\"EntryPoint\",\"urlTemplate\":\"https:\\\/\\\/www.inovallee.com\\\/?s={search_term_string}\"},\"query-input\":{\"@type\":\"PropertyValueSpecification\",\"valueRequired\":true,\"valueName\":\"search_term_string\"}}],\"inLanguage\":\"en-GB\"},{\"@type\":\"Organization\",\"@id\":\"https:\\\/\\\/www.inovallee.com\\\/#organization\",\"name\":\"inovall\u00e9e\",\"url\":\"https:\\\/\\\/www.inovallee.com\\\/\",\"logo\":{\"@type\":\"ImageObject\",\"inLanguage\":\"en-GB\",\"@id\":\"https:\\\/\\\/www.inovallee.com\\\/#\\\/schema\\\/logo\\\/image\\\/\",\"url\":\"https:\\\/\\\/www.inovallee.com\\\/wp-content\\\/uploads\\\/2023\\\/08\\\/inovallee_2022_GrenobleAlpes.png\",\"contentUrl\":\"https:\\\/\\\/www.inovallee.com\\\/wp-content\\\/uploads\\\/2023\\\/08\\\/inovallee_2022_GrenobleAlpes.png\",\"width\":945,\"height\":369,\"caption\":\"inovall\u00e9e\"},\"image\":{\"@id\":\"https:\\\/\\\/www.inovallee.com\\\/#\\\/schema\\\/logo\\\/image\\\/\"},\"sameAs\":[\"https:\\\/\\\/www.facebook.com\\\/technopoleinovallee\\\/\",\"https:\\\/\\\/x.com\\\/inovallee\",\"https:\\\/\\\/www.linkedin.com\\\/company\\\/inovall-e\\\/\",\"https:\\\/\\\/www.youtube.com\\\/user\\\/inovallee?reload=9\"]},{\"@type\":\"Person\",\"@id\":\"https:\\\/\\\/www.inovallee.com\\\/#\\\/schema\\\/person\\\/a45b15518aad3111b2d61d257a3e023b\",\"name\":\"Inovallee\"}]}<\/script>\n<!-- \/ Yoast SEO plugin. -->","yoast_head_json":{"title":"Une aide \u00e0 l&#039;embauche sp\u00e9cialement cr\u00e9\u00e9e pour les PME - inovall\u00e9e","description":"A partir du 18 janvier et jusqu\u2019au 31 d\u00e9cembre 2016, les embauches r\u00e9alis\u00e9es par les PME de moins de 250 salari\u00e9s pourront b\u00e9n\u00e9ficier d\u2019une prime \u00e0 l\u2019embauche. D\u00e9couvrez cette nouvelle mesure.","robots":{"index":"index","follow":"follow","max-snippet":"max-snippet:-1","max-image-preview":"max-image-preview:large","max-video-preview":"max-video-preview:-1"},"canonical":"https:\/\/www.inovallee.com\/en\/une-aide-a-lembauche-specialement-creee-pour-les-pme\/","og_locale":"en_GB","og_type":"article","og_title":"Une aide \u00e0 l&#039;embauche sp\u00e9cialement cr\u00e9\u00e9e pour les PME - inovall\u00e9e","og_description":"A partir du 18 janvier et jusqu\u2019au 31 d\u00e9cembre 2016, les embauches r\u00e9alis\u00e9es par les PME de moins de 250 salari\u00e9s pourront b\u00e9n\u00e9ficier d\u2019une prime \u00e0 l\u2019embauche. D\u00e9couvrez cette nouvelle mesure.","og_url":"https:\/\/www.inovallee.com\/en\/une-aide-a-lembauche-specialement-creee-pour-les-pme\/","og_site_name":"inovall\u00e9e","article_publisher":"https:\/\/www.facebook.com\/technopoleinovallee\/","article_published_time":"2016-02-02T11:09:58+00:00","og_image":[{"width":315,"height":206,"url":"https:\/\/www.inovallee.com\/wp-content\/uploads\/2016\/02\/Decouvrez-le-dispositif-embauche-PME_large.jpg","type":"image\/jpeg"}],"author":"Inovallee","twitter_card":"summary_large_image","twitter_creator":"@inovallee","twitter_site":"@inovallee","twitter_misc":{"Written by":"Inovallee","Estimated reading time":"1 minute"},"schema":{"@context":"https:\/\/schema.org","@graph":[{"@type":"Article","@id":"https:\/\/www.inovallee.com\/une-aide-a-lembauche-specialement-creee-pour-les-pme\/#article","isPartOf":{"@id":"https:\/\/www.inovallee.com\/une-aide-a-lembauche-specialement-creee-pour-les-pme\/"},"author":{"name":"Inovallee","@id":"https:\/\/www.inovallee.com\/#\/schema\/person\/a45b15518aad3111b2d61d257a3e023b"},"headline":"Une aide \u00e0 l&#039;embauche sp\u00e9cialement cr\u00e9\u00e9e pour les PME","datePublished":"2016-02-02T11:09:58+00:00","mainEntityOfPage":{"@id":"https:\/\/www.inovallee.com\/une-aide-a-lembauche-specialement-creee-pour-les-pme\/"},"wordCount":228,"publisher":{"@id":"https:\/\/www.inovallee.com\/#organization"},"image":{"@id":"https:\/\/www.inovallee.com\/une-aide-a-lembauche-specialement-creee-pour-les-pme\/#primaryimage"},"thumbnailUrl":"https:\/\/www.inovallee.com\/wp-content\/uploads\/2016\/02\/Decouvrez-le-dispositif-embauche-PME_large.jpg","articleSection":["Entreprendre et d\u00e9velopper ses comp\u00e9tences","Tarmac incubator"],"inLanguage":"en-GB"},{"@type":"WebPage","@id":"https:\/\/www.inovallee.com\/une-aide-a-lembauche-specialement-creee-pour-les-pme\/","url":"https:\/\/www.inovallee.com\/une-aide-a-lembauche-specialement-creee-pour-les-pme\/","name":"Une aide \u00e0 l&#039;embauche sp\u00e9cialement cr\u00e9\u00e9e pour les PME - inovall\u00e9e","isPartOf":{"@id":"https:\/\/www.inovallee.com\/#website"},"primaryImageOfPage":{"@id":"https:\/\/www.inovallee.com\/une-aide-a-lembauche-specialement-creee-pour-les-pme\/#primaryimage"},"image":{"@id":"https:\/\/www.inovallee.com\/une-aide-a-lembauche-specialement-creee-pour-les-pme\/#primaryimage"},"thumbnailUrl":"https:\/\/www.inovallee.com\/wp-content\/uploads\/2016\/02\/Decouvrez-le-dispositif-embauche-PME_large.jpg","datePublished":"2016-02-02T11:09:58+00:00","description":"A partir du 18 janvier et jusqu\u2019au 31 d\u00e9cembre 2016, les embauches r\u00e9alis\u00e9es par les PME de moins de 250 salari\u00e9s pourront b\u00e9n\u00e9ficier d\u2019une prime \u00e0 l\u2019embauche. D\u00e9couvrez cette nouvelle mesure.","breadcrumb":{"@id":"https:\/\/www.inovallee.com\/une-aide-a-lembauche-specialement-creee-pour-les-pme\/#breadcrumb"},"inLanguage":"en-GB","potentialAction":[{"@type":"ReadAction","target":["https:\/\/www.inovallee.com\/une-aide-a-lembauche-specialement-creee-pour-les-pme\/"]}]},{"@type":"ImageObject","inLanguage":"en-GB","@id":"https:\/\/www.inovallee.com\/une-aide-a-lembauche-specialement-creee-pour-les-pme\/#primaryimage","url":"https:\/\/www.inovallee.com\/wp-content\/uploads\/2016\/02\/Decouvrez-le-dispositif-embauche-PME_large.jpg","contentUrl":"https:\/\/www.inovallee.com\/wp-content\/uploads\/2016\/02\/Decouvrez-le-dispositif-embauche-PME_large.jpg","width":315,"height":206},{"@type":"BreadcrumbList","@id":"https:\/\/www.inovallee.com\/une-aide-a-lembauche-specialement-creee-pour-les-pme\/#breadcrumb","itemListElement":[{"@type":"ListItem","position":1,"name":"Accueil","item":"https:\/\/www.inovallee.com\/"},{"@type":"ListItem","position":2,"name":"Une aide \u00e0 l&#039;embauche sp\u00e9cialement cr\u00e9\u00e9e pour les PME"}]},{"@type":"WebSite","@id":"https:\/\/www.inovallee.com\/#website","url":"https:\/\/www.inovallee.com\/","name":"inovall\u00e9e technopole, Home to software & smart technologies","description":"Home to software &amp; smart technologies","publisher":{"@id":"https:\/\/www.inovallee.com\/#organization"},"potentialAction":[{"@type":"SearchAction","target":{"@type":"EntryPoint","urlTemplate":"https:\/\/www.inovallee.com\/?s={search_term_string}"},"query-input":{"@type":"PropertyValueSpecification","valueRequired":true,"valueName":"search_term_string"}}],"inLanguage":"en-GB"},{"@type":"Organization","@id":"https:\/\/www.inovallee.com\/#organization","name":"inovall\u00e9e","url":"https:\/\/www.inovallee.com\/","logo":{"@type":"ImageObject","inLanguage":"en-GB","@id":"https:\/\/www.inovallee.com\/#\/schema\/logo\/image\/","url":"https:\/\/www.inovallee.com\/wp-content\/uploads\/2023\/08\/inovallee_2022_GrenobleAlpes.png","contentUrl":"https:\/\/www.inovallee.com\/wp-content\/uploads\/2023\/08\/inovallee_2022_GrenobleAlpes.png","width":945,"height":369,"caption":"inovall\u00e9e"},"image":{"@id":"https:\/\/www.inovallee.com\/#\/schema\/logo\/image\/"},"sameAs":["https:\/\/www.facebook.com\/technopoleinovallee\/","https:\/\/x.com\/inovallee","https:\/\/www.linkedin.com\/company\/inovall-e\/","https:\/\/www.youtube.com\/user\/inovallee?reload=9"]},{"@type":"Person","@id":"https:\/\/www.inovallee.com\/#\/schema\/person\/a45b15518aad3111b2d61d257a3e023b","name":"Inovallee"}]}},"_links":{"self":[{"href":"https:\/\/www.inovallee.com\/en\/wp-json\/wp\/v2\/posts\/5644","targetHints":{"allow":["GET"]}}],"collection":[{"href":"https:\/\/www.inovallee.com\/en\/wp-json\/wp\/v2\/posts"}],"about":[{"href":"https:\/\/www.inovallee.com\/en\/wp-json\/wp\/v2\/types\/post"}],"author":[{"embeddable":true,"href":"https:\/\/www.inovallee.com\/en\/wp-json\/wp\/v2\/users\/6"}],"replies":[{"embeddable":true,"href":"https:\/\/www.inovallee.com\/en\/wp-json\/wp\/v2\/comments?post=5644"}],"version-history":[{"count":0,"href":"https:\/\/www.inovallee.com\/en\/wp-json\/wp\/v2\/posts\/5644\/revisions"}],"wp:featuredmedia":[{"embeddable":true,"href":"https:\/\/www.inovallee.com\/en\/wp-json\/wp\/v2\/media\/5645"}],"wp:attachment":[{"href":"https:\/\/www.inovallee.com\/en\/wp-json\/wp\/v2\/media?parent=5644"}],"wp:term":[{"taxonomy":"category","embeddable":true,"href":"https:\/\/www.inovallee.com\/en\/wp-json\/wp\/v2\/categories?post=5644"},{"taxonomy":"post_tag","embeddable":true,"href":"https:\/\/www.inovallee.com\/en\/wp-json\/wp\/v2\/tags?post=5644"}],"curies":[{"name":"wp","href":"https:\/\/api.w.org\/{rel}","templated":true}]}}