{"id":58278,"date":"2025-02-17T16:34:50","date_gmt":"2025-02-17T15:34:50","guid":{"rendered":"https:\/\/www.inovallee.com\/?p=58278"},"modified":"2025-02-17T16:34:51","modified_gmt":"2025-02-17T15:34:51","slug":"ochene-releve-le-defi-de-la-livraison-des-dejeuners-a-velo-cargo","status":"publish","type":"post","link":"https:\/\/www.inovallee.com\/en\/ochene-releve-le-defi-de-la-livraison-des-dejeuners-a-velo-cargo\/","title":{"rendered":"O&rsquo;Ch\u00eane rel\u00e8ve le d\u00e9fi de la livraison des d\u00e9jeuners \u00e0 v\u00e9lo cargo"},"content":{"rendered":"<p><strong>Depuis plus d\u2019un an, l\u2019ensemble des \u00e9quipes du restaurant inter-entreprises RIE OCh\u00eane, en collaboration avec leurs services supports, notamment ceux d\u00e9di\u00e9s \u00e0 l\u2019hygi\u00e8ne, s\u2019engage activement dans une d\u00e9marche \u00e9coresponsable. <\/strong><\/p>\n\n\n\n<p>Afin de r\u00e9duire leur empreinte carbone, ils ont mis en place la livraison \u00e0 v\u00e9lo des repas command\u00e9s <a href=\"https:\/\/tc-connect.elior.com\/\" target=\"_blank\" rel=\"noreferrer noopener\">sur leur site de livraison de repas<\/a>. Ce projet collectif repr\u00e9sente un v\u00e9ritable d\u00e9fi relev\u00e9 avec succ\u00e8s par leurs \u00e9quipes de cuisine, de service et de gestion, qui veillent \u00e0 garantir une logistique fluide et efficace, tout en assurant le strict respect de la cha\u00eene du froid. Une initiative concr\u00e8te qui traduit leur engagement en faveur d\u2019une restauration plus durable et respectueuse de l\u2019environnement.<\/p>\n\n\n\n<h4 class=\"wp-block-heading\"><strong>Une collaboration avec Toutenv\u00e9lo pour une logistique responsable<\/strong><\/h4>\n\n\n\n<p>Pour r\u00e9pondre \u00e0 cette exigence, le RIE O\u2019Ch\u00eane s\u2019est associ\u00e9 \u00e0 <a href=\"https:\/\/www.toutenvelo.fr\/\" target=\"_blank\" rel=\"noreferrer noopener\">Toutenv\u00e9lo<\/a>, un r\u00e9seau de coop\u00e9ratives sp\u00e9cialis\u00e9es dans le transport \u00e0 v\u00e9lo-cargo. Ces experts ont \u00e9quip\u00e9 leurs v\u00e9los de caisses isothermes, permettant ainsi de maintenir les repas \u00e0 la temp\u00e9rature requise durant toute la livraison.<\/p>\n\n\n\n<p>Les<strong> livraisons couvrent l\u2019ensemble de la technopole<\/strong>, de la mairie de Meylan \u00e0 l\u2019Inria \u00e0 Montbonnot, et ce, quelles que soient les conditions m\u00e9t\u00e9orologiques. Ce choix initialement motiv\u00e9 par des raisons \u00e9cologiques s\u2019est r\u00e9v\u00e9l\u00e9 \u00eatre une v\u00e9ritable am\u00e9lioration logistique. Gr\u00e2ce aux infrastructures cyclables bien am\u00e9nag\u00e9es, les livreurs mettent moins de temps \u00e0 livrer qu\u2019avec un v\u00e9hicule motoris\u00e9.<\/p>\n\n\n\n<h4 class=\"wp-block-heading\"><strong>Un gain de temps et une am\u00e9lioration de l\u2019offre<\/strong><\/h4>\n\n\n\n<p>En confiant la logistique des livraisons \u00e0 un partenaire local sp\u00e9cialis\u00e9 dans la mobilit\u00e9 douce, RIE Och\u00eane renforce<strong> son engagement en faveur d\u2019une restauration plus responsable.<\/strong> Cette initiative permet non seulement de r\u00e9duire son empreinte carbone, mais aussi de soutenir l\u2019\u00e9conomie locale et des acteurs engag\u00e9s dans une d\u00e9marche durable.<\/p>\n\n\n\n<p>Gr\u00e2ce \u00e0 cette nouvelle organisation, leur \u00e9quipe peut consacrer davantage de temps \u00e0 l\u2019\u00e9laboration de menus vari\u00e9s, en privil\u00e9giant des produits de saison et issus de fili\u00e8res locales. Une approche qui s\u00e9duit toujours plus de convives, sensibles \u00e0 une alimentation plus responsable. <\/p>\n\n\n\n<p><strong>Et les r\u00e9sultats sont au rendez-vous : en p\u00e9riode calme, pr\u00e8s de 50 livraisons sont r\u00e9alis\u00e9es chaque jour, un chiffre qui peut atteindre 90 lors des journ\u00e9es les plus anim\u00e9es.<\/strong><\/p>\n\n\n\n<h4 class=\"wp-block-heading\"><strong>L\u2019Engagement RSE d\u2019Elior : une cuisine locale et responsable<\/strong><\/h4>\n\n\n\n<p>Le RIE OCh\u00eane inscrit pleinement son activit\u00e9 dans une d\u00e9marche responsable et durable, en int\u00e9grant les principes de la RSE au c\u0153ur de son fonctionnement. L\u2019accent est mis sur une cuisine locale et respectueuse des circuits courts, favorisant ainsi une alimentation plus \u00e9thique et une r\u00e9duction de l\u2019empreinte carbone.<\/p>\n\n\n\n<p><strong>Pour garantir des produits de qualit\u00e9 et soutenir l\u2019\u00e9conomie locale, le RIE OCh\u00eane collabore avec des partenaires engag\u00e9s <\/strong>: une plateforme r\u00e9unissant des producteurs locaux, et une coop\u00e9rative bas\u00e9e \u00e0 Grenoble. Gr\u00e2ce \u00e0 ces collaborations, la majorit\u00e9 des fruits et l\u00e9gumes proviennent de l\u2019Is\u00e8re et des d\u00e9partements limitrophes. La viande servie est labellis\u00e9e, assurant une origine fran\u00e7aise, et le pain est fourni par la boulangerie situ\u00e9e \u00e0 Bernin.<\/p>\n\n\n\n<p>Toujours dans une dynamique d\u2019am\u00e9lioration continue et de r\u00e9duction des d\u00e9chets, le RIE OCh\u00eane pr\u00e9voit \u00e9galement de d\u00e9ployer un syst\u00e8me de consignes en verre pour les repas \u00e0 emporter du point de vente de restauration rapide TWENTY. Ce projet, actuellement en cours d\u2019\u00e9laboration, permettra de renforcer encore leur engagement en faveur d\u2019une restauration plus responsable.<\/p>\n\n\n\n<p><strong>\u00c0 travers ces initiatives concr\u00e8tes, le RIE OCh\u00eane d\u00e9montre qu\u2019une restauration collective plus durable est non seulement possible, mais aussi b\u00e9n\u00e9fique pour l\u2019environnement, la qualit\u00e9 des produits et la satisfaction de ses convives.<\/strong><\/p>","protected":false},"excerpt":{"rendered":"<p>Depuis plus d\u2019un an, l\u2019ensemble des \u00e9quipes du restaurant inter-entreprises RIE OCh\u00eane, en collaboration avec leurs services supports, notamment ceux d\u00e9di\u00e9s \u00e0 l\u2019hygi\u00e8ne, s\u2019engage activement dans une d\u00e9marche \u00e9coresponsable. Afin de r\u00e9duire leur empreinte carbone, ils ont mis en place la livraison \u00e0 v\u00e9lo des repas command\u00e9s sur leur site de livraison de repas. Ce [&hellip;]<\/p>\n","protected":false},"author":18,"featured_media":58280,"comment_status":"closed","ping_status":"open","sticky":false,"template":"","format":"standard","meta":{"footnotes":""},"categories":[37,33],"tags":[1705,2651,325],"class_list":["post-58278","post","type-post","status-publish","format-standard","has-post-thumbnail","hentry","category-my-ino","category-transport-mobilite-durable","tag-mobilite-2","tag-ochene","tag-rie"],"yoast_head":"<!-- This site is optimized with the Yoast SEO plugin v27.4 - https:\/\/yoast.com\/product\/yoast-seo-wordpress\/ -->\n<title>O&#039;Ch\u00eane rel\u00e8ve le d\u00e9fi de la livraison des d\u00e9jeuners \u00e0 v\u00e9lo cargo - inovall\u00e9e<\/title>\n<meta name=\"description\" content=\"Le RIE O&#039;Ch\u00eane d&#039;inovall\u00e9e met en place la livraison de ses repas en v\u00e9lo cargo compl\u00e9tant ses d\u00e9marches RSE.\" \/>\n<meta name=\"robots\" content=\"index, follow, max-snippet:-1, max-image-preview:large, max-video-preview:-1\" \/>\n<link rel=\"canonical\" href=\"https:\/\/www.inovallee.com\/en\/ochene-releve-le-defi-de-la-livraison-des-dejeuners-a-velo-cargo\/\" \/>\n<meta property=\"og:locale\" content=\"en_GB\" \/>\n<meta property=\"og:type\" content=\"article\" \/>\n<meta property=\"og:title\" content=\"O&#039;Ch\u00eane rel\u00e8ve le d\u00e9fi de la livraison des d\u00e9jeuners \u00e0 v\u00e9lo cargo - inovall\u00e9e\" \/>\n<meta property=\"og:description\" content=\"Le RIE O&#039;Ch\u00eane d&#039;inovall\u00e9e met en place la livraison de ses repas en v\u00e9lo cargo compl\u00e9tant ses d\u00e9marches RSE.\" \/>\n<meta property=\"og:url\" content=\"https:\/\/www.inovallee.com\/en\/ochene-releve-le-defi-de-la-livraison-des-dejeuners-a-velo-cargo\/\" \/>\n<meta property=\"og:site_name\" content=\"inovall\u00e9e\" \/>\n<meta property=\"article:publisher\" content=\"https:\/\/www.facebook.com\/technopoleinovallee\/\" \/>\n<meta property=\"article:published_time\" content=\"2025-02-17T15:34:50+00:00\" \/>\n<meta property=\"article:modified_time\" content=\"2025-02-17T15:34:51+00:00\" \/>\n<meta property=\"og:image\" content=\"https:\/\/www.inovallee.com\/wp-content\/uploads\/2025\/02\/mobilite-douce-rse-Sames-Elior-Toutenvelo-scaled.jpg\" \/>\n\t<meta property=\"og:image:width\" content=\"1693\" \/>\n\t<meta property=\"og:image:height\" content=\"2048\" \/>\n\t<meta property=\"og:image:type\" content=\"image\/jpeg\" \/>\n<meta name=\"author\" content=\"Margaux De la Fuente\" \/>\n<meta name=\"twitter:card\" content=\"summary_large_image\" \/>\n<meta name=\"twitter:creator\" content=\"@inovallee\" \/>\n<meta name=\"twitter:site\" content=\"@inovallee\" \/>\n<meta name=\"twitter:label1\" content=\"Written by\" \/>\n\t<meta name=\"twitter:data1\" content=\"Margaux De la Fuente\" \/>\n\t<meta name=\"twitter:label2\" content=\"Estimated reading time\" \/>\n\t<meta name=\"twitter:data2\" content=\"4 minutes\" \/>\n<script type=\"application\/ld+json\" class=\"yoast-schema-graph\">{\"@context\":\"https:\\\/\\\/schema.org\",\"@graph\":[{\"@type\":\"Article\",\"@id\":\"https:\\\/\\\/www.inovallee.com\\\/ochene-releve-le-defi-de-la-livraison-des-dejeuners-a-velo-cargo\\\/#article\",\"isPartOf\":{\"@id\":\"https:\\\/\\\/www.inovallee.com\\\/ochene-releve-le-defi-de-la-livraison-des-dejeuners-a-velo-cargo\\\/\"},\"author\":{\"name\":\"Margaux De la Fuente\",\"@id\":\"https:\\\/\\\/www.inovallee.com\\\/#\\\/schema\\\/person\\\/92dc7fd313568f5cc54aba72aba732fe\"},\"headline\":\"O&rsquo;Ch\u00eane rel\u00e8ve le d\u00e9fi de la livraison des d\u00e9jeuners \u00e0 v\u00e9lo cargo\",\"datePublished\":\"2025-02-17T15:34:50+00:00\",\"dateModified\":\"2025-02-17T15:34:51+00:00\",\"mainEntityOfPage\":{\"@id\":\"https:\\\/\\\/www.inovallee.com\\\/ochene-releve-le-defi-de-la-livraison-des-dejeuners-a-velo-cargo\\\/\"},\"wordCount\":668,\"publisher\":{\"@id\":\"https:\\\/\\\/www.inovallee.com\\\/#organization\"},\"image\":{\"@id\":\"https:\\\/\\\/www.inovallee.com\\\/ochene-releve-le-defi-de-la-livraison-des-dejeuners-a-velo-cargo\\\/#primaryimage\"},\"thumbnailUrl\":\"https:\\\/\\\/www.inovallee.com\\\/wp-content\\\/uploads\\\/2025\\\/02\\\/mobilite-douce-rse-Sames-Elior-Toutenvelo-scaled.jpg\",\"keywords\":[\"MOBILITE\",\"OCHENE\",\"RIE\"],\"articleSection\":[\"My Ino : Vivre &amp; travailler sur inovall\u00e9e\",\"Transport et mobilit\u00e9 durable\"],\"inLanguage\":\"en-GB\"},{\"@type\":\"WebPage\",\"@id\":\"https:\\\/\\\/www.inovallee.com\\\/ochene-releve-le-defi-de-la-livraison-des-dejeuners-a-velo-cargo\\\/\",\"url\":\"https:\\\/\\\/www.inovallee.com\\\/ochene-releve-le-defi-de-la-livraison-des-dejeuners-a-velo-cargo\\\/\",\"name\":\"O'Ch\u00eane rel\u00e8ve le d\u00e9fi de la livraison des d\u00e9jeuners \u00e0 v\u00e9lo cargo - inovall\u00e9e\",\"isPartOf\":{\"@id\":\"https:\\\/\\\/www.inovallee.com\\\/#website\"},\"primaryImageOfPage\":{\"@id\":\"https:\\\/\\\/www.inovallee.com\\\/ochene-releve-le-defi-de-la-livraison-des-dejeuners-a-velo-cargo\\\/#primaryimage\"},\"image\":{\"@id\":\"https:\\\/\\\/www.inovallee.com\\\/ochene-releve-le-defi-de-la-livraison-des-dejeuners-a-velo-cargo\\\/#primaryimage\"},\"thumbnailUrl\":\"https:\\\/\\\/www.inovallee.com\\\/wp-content\\\/uploads\\\/2025\\\/02\\\/mobilite-douce-rse-Sames-Elior-Toutenvelo-scaled.jpg\",\"datePublished\":\"2025-02-17T15:34:50+00:00\",\"dateModified\":\"2025-02-17T15:34:51+00:00\",\"description\":\"Le RIE O'Ch\u00eane d'inovall\u00e9e met en place la livraison de ses repas en v\u00e9lo cargo compl\u00e9tant ses d\u00e9marches RSE.\",\"breadcrumb\":{\"@id\":\"https:\\\/\\\/www.inovallee.com\\\/ochene-releve-le-defi-de-la-livraison-des-dejeuners-a-velo-cargo\\\/#breadcrumb\"},\"inLanguage\":\"en-GB\",\"potentialAction\":[{\"@type\":\"ReadAction\",\"target\":[\"https:\\\/\\\/www.inovallee.com\\\/ochene-releve-le-defi-de-la-livraison-des-dejeuners-a-velo-cargo\\\/\"]}]},{\"@type\":\"ImageObject\",\"inLanguage\":\"en-GB\",\"@id\":\"https:\\\/\\\/www.inovallee.com\\\/ochene-releve-le-defi-de-la-livraison-des-dejeuners-a-velo-cargo\\\/#primaryimage\",\"url\":\"https:\\\/\\\/www.inovallee.com\\\/wp-content\\\/uploads\\\/2025\\\/02\\\/mobilite-douce-rse-Sames-Elior-Toutenvelo-scaled.jpg\",\"contentUrl\":\"https:\\\/\\\/www.inovallee.com\\\/wp-content\\\/uploads\\\/2025\\\/02\\\/mobilite-douce-rse-Sames-Elior-Toutenvelo-scaled.jpg\",\"width\":1693,\"height\":2048},{\"@type\":\"BreadcrumbList\",\"@id\":\"https:\\\/\\\/www.inovallee.com\\\/ochene-releve-le-defi-de-la-livraison-des-dejeuners-a-velo-cargo\\\/#breadcrumb\",\"itemListElement\":[{\"@type\":\"ListItem\",\"position\":1,\"name\":\"Accueil\",\"item\":\"https:\\\/\\\/www.inovallee.com\\\/\"},{\"@type\":\"ListItem\",\"position\":2,\"name\":\"O&rsquo;Ch\u00eane rel\u00e8ve le d\u00e9fi de la livraison des d\u00e9jeuners \u00e0 v\u00e9lo cargo\"}]},{\"@type\":\"WebSite\",\"@id\":\"https:\\\/\\\/www.inovallee.com\\\/#website\",\"url\":\"https:\\\/\\\/www.inovallee.com\\\/\",\"name\":\"inovall\u00e9e technopole, Home to software & smart technologies\",\"description\":\"Home to software &amp; smart technologies\",\"publisher\":{\"@id\":\"https:\\\/\\\/www.inovallee.com\\\/#organization\"},\"potentialAction\":[{\"@type\":\"SearchAction\",\"target\":{\"@type\":\"EntryPoint\",\"urlTemplate\":\"https:\\\/\\\/www.inovallee.com\\\/?s={search_term_string}\"},\"query-input\":{\"@type\":\"PropertyValueSpecification\",\"valueRequired\":true,\"valueName\":\"search_term_string\"}}],\"inLanguage\":\"en-GB\"},{\"@type\":\"Organization\",\"@id\":\"https:\\\/\\\/www.inovallee.com\\\/#organization\",\"name\":\"inovall\u00e9e\",\"url\":\"https:\\\/\\\/www.inovallee.com\\\/\",\"logo\":{\"@type\":\"ImageObject\",\"inLanguage\":\"en-GB\",\"@id\":\"https:\\\/\\\/www.inovallee.com\\\/#\\\/schema\\\/logo\\\/image\\\/\",\"url\":\"https:\\\/\\\/www.inovallee.com\\\/wp-content\\\/uploads\\\/2023\\\/08\\\/inovallee_2022_GrenobleAlpes.png\",\"contentUrl\":\"https:\\\/\\\/www.inovallee.com\\\/wp-content\\\/uploads\\\/2023\\\/08\\\/inovallee_2022_GrenobleAlpes.png\",\"width\":945,\"height\":369,\"caption\":\"inovall\u00e9e\"},\"image\":{\"@id\":\"https:\\\/\\\/www.inovallee.com\\\/#\\\/schema\\\/logo\\\/image\\\/\"},\"sameAs\":[\"https:\\\/\\\/www.facebook.com\\\/technopoleinovallee\\\/\",\"https:\\\/\\\/x.com\\\/inovallee\",\"https:\\\/\\\/www.linkedin.com\\\/company\\\/inovall-e\\\/\",\"https:\\\/\\\/www.youtube.com\\\/user\\\/inovallee?reload=9\"]},{\"@type\":\"Person\",\"@id\":\"https:\\\/\\\/www.inovallee.com\\\/#\\\/schema\\\/person\\\/92dc7fd313568f5cc54aba72aba732fe\",\"name\":\"Margaux De la Fuente\"}]}<\/script>\n<!-- \/ Yoast SEO plugin. -->","yoast_head_json":{"title":"O'Ch\u00eane rel\u00e8ve le d\u00e9fi de la livraison des d\u00e9jeuners \u00e0 v\u00e9lo cargo - inovall\u00e9e","description":"Le RIE O'Ch\u00eane d'inovall\u00e9e met en place la livraison de ses repas en v\u00e9lo cargo compl\u00e9tant ses d\u00e9marches RSE.","robots":{"index":"index","follow":"follow","max-snippet":"max-snippet:-1","max-image-preview":"max-image-preview:large","max-video-preview":"max-video-preview:-1"},"canonical":"https:\/\/www.inovallee.com\/en\/ochene-releve-le-defi-de-la-livraison-des-dejeuners-a-velo-cargo\/","og_locale":"en_GB","og_type":"article","og_title":"O'Ch\u00eane rel\u00e8ve le d\u00e9fi de la livraison des d\u00e9jeuners \u00e0 v\u00e9lo cargo - inovall\u00e9e","og_description":"Le RIE O'Ch\u00eane d'inovall\u00e9e met en place la livraison de ses repas en v\u00e9lo cargo compl\u00e9tant ses d\u00e9marches RSE.","og_url":"https:\/\/www.inovallee.com\/en\/ochene-releve-le-defi-de-la-livraison-des-dejeuners-a-velo-cargo\/","og_site_name":"inovall\u00e9e","article_publisher":"https:\/\/www.facebook.com\/technopoleinovallee\/","article_published_time":"2025-02-17T15:34:50+00:00","article_modified_time":"2025-02-17T15:34:51+00:00","og_image":[{"width":1693,"height":2048,"url":"https:\/\/www.inovallee.com\/wp-content\/uploads\/2025\/02\/mobilite-douce-rse-Sames-Elior-Toutenvelo-scaled.jpg","type":"image\/jpeg"}],"author":"Margaux De la Fuente","twitter_card":"summary_large_image","twitter_creator":"@inovallee","twitter_site":"@inovallee","twitter_misc":{"Written by":"Margaux De la Fuente","Estimated reading time":"4 minutes"},"schema":{"@context":"https:\/\/schema.org","@graph":[{"@type":"Article","@id":"https:\/\/www.inovallee.com\/ochene-releve-le-defi-de-la-livraison-des-dejeuners-a-velo-cargo\/#article","isPartOf":{"@id":"https:\/\/www.inovallee.com\/ochene-releve-le-defi-de-la-livraison-des-dejeuners-a-velo-cargo\/"},"author":{"name":"Margaux De la Fuente","@id":"https:\/\/www.inovallee.com\/#\/schema\/person\/92dc7fd313568f5cc54aba72aba732fe"},"headline":"O&rsquo;Ch\u00eane rel\u00e8ve le d\u00e9fi de la livraison des d\u00e9jeuners \u00e0 v\u00e9lo cargo","datePublished":"2025-02-17T15:34:50+00:00","dateModified":"2025-02-17T15:34:51+00:00","mainEntityOfPage":{"@id":"https:\/\/www.inovallee.com\/ochene-releve-le-defi-de-la-livraison-des-dejeuners-a-velo-cargo\/"},"wordCount":668,"publisher":{"@id":"https:\/\/www.inovallee.com\/#organization"},"image":{"@id":"https:\/\/www.inovallee.com\/ochene-releve-le-defi-de-la-livraison-des-dejeuners-a-velo-cargo\/#primaryimage"},"thumbnailUrl":"https:\/\/www.inovallee.com\/wp-content\/uploads\/2025\/02\/mobilite-douce-rse-Sames-Elior-Toutenvelo-scaled.jpg","keywords":["MOBILITE","OCHENE","RIE"],"articleSection":["My Ino : Vivre &amp; travailler sur inovall\u00e9e","Transport et mobilit\u00e9 durable"],"inLanguage":"en-GB"},{"@type":"WebPage","@id":"https:\/\/www.inovallee.com\/ochene-releve-le-defi-de-la-livraison-des-dejeuners-a-velo-cargo\/","url":"https:\/\/www.inovallee.com\/ochene-releve-le-defi-de-la-livraison-des-dejeuners-a-velo-cargo\/","name":"O'Ch\u00eane rel\u00e8ve le d\u00e9fi de la livraison des d\u00e9jeuners \u00e0 v\u00e9lo cargo - inovall\u00e9e","isPartOf":{"@id":"https:\/\/www.inovallee.com\/#website"},"primaryImageOfPage":{"@id":"https:\/\/www.inovallee.com\/ochene-releve-le-defi-de-la-livraison-des-dejeuners-a-velo-cargo\/#primaryimage"},"image":{"@id":"https:\/\/www.inovallee.com\/ochene-releve-le-defi-de-la-livraison-des-dejeuners-a-velo-cargo\/#primaryimage"},"thumbnailUrl":"https:\/\/www.inovallee.com\/wp-content\/uploads\/2025\/02\/mobilite-douce-rse-Sames-Elior-Toutenvelo-scaled.jpg","datePublished":"2025-02-17T15:34:50+00:00","dateModified":"2025-02-17T15:34:51+00:00","description":"Le RIE O'Ch\u00eane d'inovall\u00e9e met en place la livraison de ses repas en v\u00e9lo cargo compl\u00e9tant ses d\u00e9marches RSE.","breadcrumb":{"@id":"https:\/\/www.inovallee.com\/ochene-releve-le-defi-de-la-livraison-des-dejeuners-a-velo-cargo\/#breadcrumb"},"inLanguage":"en-GB","potentialAction":[{"@type":"ReadAction","target":["https:\/\/www.inovallee.com\/ochene-releve-le-defi-de-la-livraison-des-dejeuners-a-velo-cargo\/"]}]},{"@type":"ImageObject","inLanguage":"en-GB","@id":"https:\/\/www.inovallee.com\/ochene-releve-le-defi-de-la-livraison-des-dejeuners-a-velo-cargo\/#primaryimage","url":"https:\/\/www.inovallee.com\/wp-content\/uploads\/2025\/02\/mobilite-douce-rse-Sames-Elior-Toutenvelo-scaled.jpg","contentUrl":"https:\/\/www.inovallee.com\/wp-content\/uploads\/2025\/02\/mobilite-douce-rse-Sames-Elior-Toutenvelo-scaled.jpg","width":1693,"height":2048},{"@type":"BreadcrumbList","@id":"https:\/\/www.inovallee.com\/ochene-releve-le-defi-de-la-livraison-des-dejeuners-a-velo-cargo\/#breadcrumb","itemListElement":[{"@type":"ListItem","position":1,"name":"Accueil","item":"https:\/\/www.inovallee.com\/"},{"@type":"ListItem","position":2,"name":"O&rsquo;Ch\u00eane rel\u00e8ve le d\u00e9fi de la livraison des d\u00e9jeuners \u00e0 v\u00e9lo cargo"}]},{"@type":"WebSite","@id":"https:\/\/www.inovallee.com\/#website","url":"https:\/\/www.inovallee.com\/","name":"inovall\u00e9e technopole, Home to software & smart technologies","description":"Home to software &amp; smart technologies","publisher":{"@id":"https:\/\/www.inovallee.com\/#organization"},"potentialAction":[{"@type":"SearchAction","target":{"@type":"EntryPoint","urlTemplate":"https:\/\/www.inovallee.com\/?s={search_term_string}"},"query-input":{"@type":"PropertyValueSpecification","valueRequired":true,"valueName":"search_term_string"}}],"inLanguage":"en-GB"},{"@type":"Organization","@id":"https:\/\/www.inovallee.com\/#organization","name":"inovall\u00e9e","url":"https:\/\/www.inovallee.com\/","logo":{"@type":"ImageObject","inLanguage":"en-GB","@id":"https:\/\/www.inovallee.com\/#\/schema\/logo\/image\/","url":"https:\/\/www.inovallee.com\/wp-content\/uploads\/2023\/08\/inovallee_2022_GrenobleAlpes.png","contentUrl":"https:\/\/www.inovallee.com\/wp-content\/uploads\/2023\/08\/inovallee_2022_GrenobleAlpes.png","width":945,"height":369,"caption":"inovall\u00e9e"},"image":{"@id":"https:\/\/www.inovallee.com\/#\/schema\/logo\/image\/"},"sameAs":["https:\/\/www.facebook.com\/technopoleinovallee\/","https:\/\/x.com\/inovallee","https:\/\/www.linkedin.com\/company\/inovall-e\/","https:\/\/www.youtube.com\/user\/inovallee?reload=9"]},{"@type":"Person","@id":"https:\/\/www.inovallee.com\/#\/schema\/person\/92dc7fd313568f5cc54aba72aba732fe","name":"Margaux De la Fuente"}]}},"_links":{"self":[{"href":"https:\/\/www.inovallee.com\/en\/wp-json\/wp\/v2\/posts\/58278","targetHints":{"allow":["GET"]}}],"collection":[{"href":"https:\/\/www.inovallee.com\/en\/wp-json\/wp\/v2\/posts"}],"about":[{"href":"https:\/\/www.inovallee.com\/en\/wp-json\/wp\/v2\/types\/post"}],"author":[{"embeddable":true,"href":"https:\/\/www.inovallee.com\/en\/wp-json\/wp\/v2\/users\/18"}],"replies":[{"embeddable":true,"href":"https:\/\/www.inovallee.com\/en\/wp-json\/wp\/v2\/comments?post=58278"}],"version-history":[{"count":2,"href":"https:\/\/www.inovallee.com\/en\/wp-json\/wp\/v2\/posts\/58278\/revisions"}],"predecessor-version":[{"id":58282,"href":"https:\/\/www.inovallee.com\/en\/wp-json\/wp\/v2\/posts\/58278\/revisions\/58282"}],"wp:featuredmedia":[{"embeddable":true,"href":"https:\/\/www.inovallee.com\/en\/wp-json\/wp\/v2\/media\/58280"}],"wp:attachment":[{"href":"https:\/\/www.inovallee.com\/en\/wp-json\/wp\/v2\/media?parent=58278"}],"wp:term":[{"taxonomy":"category","embeddable":true,"href":"https:\/\/www.inovallee.com\/en\/wp-json\/wp\/v2\/categories?post=58278"},{"taxonomy":"post_tag","embeddable":true,"href":"https:\/\/www.inovallee.com\/en\/wp-json\/wp\/v2\/tags?post=58278"}],"curies":[{"name":"wp","href":"https:\/\/api.w.org\/{rel}","templated":true}]}}