{"id":59333,"date":"2025-04-23T17:29:54","date_gmt":"2025-04-23T15:29:54","guid":{"rendered":"https:\/\/www.inovallee.com\/?p=59333"},"modified":"2025-04-23T17:29:56","modified_gmt":"2025-04-23T15:29:56","slug":"laurent-monge-prend-la-presidence-dinovallee-dans-les-pas-de-didier-chaminade-et-vers-de-nouveaux-sommets","status":"publish","type":"post","link":"https:\/\/www.inovallee.com\/en\/laurent-monge-prend-la-presidence-dinovallee-dans-les-pas-de-didier-chaminade-et-vers-de-nouveaux-sommets\/","title":{"rendered":"Laurent Monge prend la Pr\u00e9sidence d\u2019inovall\u00e9e, dans les pas de Didier Chaminade et vers de nouveaux sommets"},"content":{"rendered":"<h3 class=\"wp-block-heading\">Didier Chaminade, 5 ans en t\u00eate de cord\u00e9e et de beaux sommets atteints pour inovall\u00e9e<\/h3>\n\n\n\n<p>Il y a 5 ans, en 2020, <a href=\"https:\/\/www.linkedin.com\/in\/didier-chaminade-41561210\/\">Didier Chaminade<\/a> prenait la Pr\u00e9sidence d\u2019inovall\u00e9e \u00e0 un moment charni\u00e8re. Annie Soufi quittait la cord\u00e9e apr\u00e8s 35 ans \u00e0 la direction et passait le relais \u00e0 Claire Chanterelle. La montagne \u00e0 gravir pour l\u2019association semblait vertigineuse\u00a0: un effectif post-Covid r\u00e9duit, un budget sous tension, et une place \u00e0 reconqu\u00e9rir dans la cord\u00e9e des technopoles fran\u00e7aises.<\/p>\n\n\n\n<p>Didier a su prendre la t\u00eate de cette nouvelle cord\u00e9e avec humilit\u00e9, \u00e9nergie et passion, posant les relais, installant les moufles, ouvrant de nouvelles voies. Sous son impulsion, inovall\u00e9e a retrouv\u00e9 sa dynamique, grimpant vers ses propres sommets : label technopolitain renouvel\u00e9, 50 ans de la technopole, 10 ans du Tarmac, projets europ\u00e9ens et renforcement des programmes startups avec des projets structurants comme IN3, feuille de route RSE, renouv\u00e8lement urbain ou encore olympiades. Autant de grandes \u00e9tapes qui ont marqu\u00e9 ces 5 ann\u00e9es de Pr\u00e9sidence, avec une \u00e9quipe de 11 collaborateurs et un budget associatif pass\u00e9 de 700 K\u20ac \u00e0 plus de 1,2 M\u20ac&nbsp;!<\/p>\n\n\n\n<p>\u00ab&nbsp;Tour \u00e0 tour guide, sherpa, assureur et co\u00e9quipier, Didier a port\u00e9 avec sinc\u00e9rit\u00e9 une vision collective de l\u2019innovation responsable et inclusive. Et c\u2019est en pleine ascension, \u00e0 mi-parcours de notre feuille de route, qu\u2019il passe aujourd\u2019hui le relais \u00e0 Laurent Monge, jusqu\u2019ici vice-pr\u00e9sident, pour poursuivre l\u2019aventure&nbsp;\u00bb, souligne Claire Chanterelle.<\/p>\n\n\n\n<p>D\u2019ailleurs Didier concluait ainsi son dernier rapport moral \u00ab&nbsp;<em>Un bureau, un CA donc, ce sont des hommes et des femmes impliqu\u00e9es dans le collectif pour un bien commun, plus grand qu\u2019eux. Ce sont des personnes qui changent, incarnant son renouvellement dans la continuit\u00e9 de sa dynamique&nbsp;\u00bb.<\/em><\/p>\n\n\n\n<h3 class=\"wp-block-heading\">Laurent Monge prend le relais : un nouveau guide \u00e0 la t\u00eate de la cord\u00e9e<\/h3>\n\n\n\n<p>C\u2019est donc tout naturellement que le relais s\u2019est transmis entre Didier Chaminade, guide passionn\u00e9, et <a href=\"https:\/\/www.linkedin.com\/in\/laurentmonge\/\">Laurent Monge<\/a>, co\u00e9quipier de la premi\u00e8re heure dans l\u2019\u00e9laboration de la feuille de route 2023-2028. Ce passage de t\u00e9moin s\u2019inscrit dans une continuit\u00e9 assum\u00e9e, au service d\u2019un projet collectif port\u00e9 par l\u2019association depuis plus de 50 ans.<\/p>\n\n\n\n<p>Grenoblois de souche et de c\u0153ur, ing\u00e9nieur de Grenoble INP \u2013 UGA et dipl\u00f4m\u00e9 de l\u2019\u00e9cole de commerce de Nottingham, Laurent Monge incarne \u00e0 la fois l\u2019ouverture internationale et l\u2019attachement profond au territoire. Apr\u00e8s avoir \u00e9volu\u00e9 chez Philips puis NXP Semiconductors en France, en Autriche et aux \u00c9tats-Unis, il revient dans son bassin d\u2019origine en 2008 pour rejoindre Teledyne e2v \u00e0 Saint-\u00c9gr\u00e8ve, acteur majeur des semi-conducteurs pour l\u2019industrie, o\u00f9 il passera 14 ans.<\/p>\n\n\n\n<p>En 2022, il prend la pr\u00e9sidence de Metrologic Group, \u00e9diteur de logiciels de m\u00e9trologie 3D historiquement implant\u00e9 sur inovall\u00e9e. \u00c0 ce titre, il s\u2019implique dans les c\u00e9l\u00e9brations du 50e anniversaire de la technopole, et rejoint le bureau de l\u2019association en tant que vice-pr\u00e9sident l\u2019ann\u00e9e suivante, aux c\u00f4t\u00e9s de Didier Chaminade.<\/p>\n\n\n\n<p>En 2024, c\u2019est vers Dolphin Semiconductor, h\u00e9riti\u00e8re de Dolphin Design, qu\u2019il se tourne, en prenant la pr\u00e9sidence d\u2019une autre entreprise embl\u00e9matique de la technopole, tout en poursuivant son engagement b\u00e9n\u00e9vole au sein d\u2019inovall\u00e9e.<\/p>\n\n\n\n<p>Ce double ancrage, local et global, fa\u00e7onne sa vision pour les ann\u00e9es \u00e0 venir :<\/p>\n\n\n\n<p>\u00ab L\u2019histoire de Dolphin est intimement li\u00e9e \u00e0 celle d\u2019Inovall\u00e9e, o\u00f9 nous sommes implant\u00e9s depuis 40 ans. Les actions men\u00e9es par l\u2019association ont beaucoup de sens pour nous et pour le territoire dans lequel nous \u00e9voluons. L\u2019ancrage local est un levier essentiel de comp\u00e9titivit\u00e9 et de durabilit\u00e9, y compris pour les entreprises technologiques qui \u00e9voluent sur des march\u00e9s mondiaux. \u00bb<\/p>\n\n\n\n<p>Convaincu que ce sont les collectifs humains forts qui font les r\u00e9ussites durables, Laurent Monge entend poursuivre et amplifier les actions engag\u00e9es par son pr\u00e9d\u00e9cesseur, au service d\u2019un \u00e9cosyst\u00e8me plus coop\u00e9ratif, plus responsable et plus r\u00e9silient. Avec lui, inovall\u00e9e continue son ascension, corde tendue vers les sommets de l\u2019innovation tech, mais bien camp\u00e9e sur ses valeurs : Tech, Human, Engaged.<\/p>\n\n\n\n<figure class=\"wp-block-image size-large\"><img fetchpriority=\"high\" decoding=\"async\" width=\"1024\" height=\"768\" src=\"https:\/\/www.inovallee.com\/wp-content\/uploads\/2025\/04\/7d560c1a-4362-49f9-b334-3f63b7c429ff-1024x768.jpg\" alt=\"\" class=\"wp-image-59335\" srcset=\"https:\/\/www.inovallee.com\/wp-content\/uploads\/2025\/04\/7d560c1a-4362-49f9-b334-3f63b7c429ff-1024x768.jpg 1024w, https:\/\/www.inovallee.com\/wp-content\/uploads\/2025\/04\/7d560c1a-4362-49f9-b334-3f63b7c429ff-300x225.jpg 300w, https:\/\/www.inovallee.com\/wp-content\/uploads\/2025\/04\/7d560c1a-4362-49f9-b334-3f63b7c429ff-768x576.jpg 768w, https:\/\/www.inovallee.com\/wp-content\/uploads\/2025\/04\/7d560c1a-4362-49f9-b334-3f63b7c429ff-1536x1152.jpg 1536w, https:\/\/www.inovallee.com\/wp-content\/uploads\/2025\/04\/7d560c1a-4362-49f9-b334-3f63b7c429ff-scaled.jpg 2048w, https:\/\/www.inovallee.com\/wp-content\/uploads\/2025\/04\/7d560c1a-4362-49f9-b334-3f63b7c429ff-16x12.jpg 16w, https:\/\/www.inovallee.com\/wp-content\/uploads\/2025\/04\/7d560c1a-4362-49f9-b334-3f63b7c429ff-1320x990.jpg 1320w\" sizes=\"(max-width: 1024px) 100vw, 1024px\" \/><\/figure>","protected":false},"excerpt":{"rendered":"<p>Didier Chaminade, 5 ans en t\u00eate de cord\u00e9e et de beaux sommets atteints pour inovall\u00e9e Il y a 5 ans, en 2020, Didier Chaminade prenait la Pr\u00e9sidence d\u2019inovall\u00e9e \u00e0 un moment charni\u00e8re. Annie Soufi quittait la cord\u00e9e apr\u00e8s 35 ans \u00e0 la direction et passait le relais \u00e0 Claire Chanterelle. La montagne \u00e0 gravir pour [&hellip;]<\/p>\n","protected":false},"author":4,"featured_media":59334,"comment_status":"closed","ping_status":"open","sticky":false,"template":"","format":"standard","meta":{"footnotes":""},"categories":[29,31],"tags":[],"class_list":["post-59333","post","type-post","status-publish","format-standard","has-post-thumbnail","hentry","category-evenements","category-vie-technopole-inovallee"],"yoast_head":"<!-- This site is optimized with the Yoast SEO plugin v27.4 - https:\/\/yoast.com\/product\/yoast-seo-wordpress\/ -->\n<title>Laurent Monge prend la Pr\u00e9sidence d\u2019inovall\u00e9e, dans les pas de Didier Chaminade et vers de nouveaux sommets - inovall\u00e9e<\/title>\n<meta name=\"description\" content=\"Laurent Monge, Pr\u00e9sident de Dolphin Semiconductor, prend la suite de Didier Chaminade \u00e0 la Pr\u00e9sidence d&#039;inovall\u00e9e,\" \/>\n<meta name=\"robots\" content=\"index, follow, max-snippet:-1, max-image-preview:large, max-video-preview:-1\" \/>\n<link rel=\"canonical\" href=\"https:\/\/www.inovallee.com\/en\/laurent-monge-prend-la-presidence-dinovallee-dans-les-pas-de-didier-chaminade-et-vers-de-nouveaux-sommets\/\" \/>\n<meta property=\"og:locale\" content=\"en_GB\" \/>\n<meta property=\"og:type\" content=\"article\" \/>\n<meta property=\"og:title\" content=\"Laurent Monge prend la Pr\u00e9sidence d\u2019inovall\u00e9e, dans les pas de Didier Chaminade et vers de nouveaux sommets - inovall\u00e9e\" \/>\n<meta property=\"og:description\" content=\"Laurent Monge, Pr\u00e9sident de Dolphin Semiconductor, prend la suite de Didier Chaminade \u00e0 la Pr\u00e9sidence d&#039;inovall\u00e9e,\" \/>\n<meta property=\"og:url\" content=\"https:\/\/www.inovallee.com\/en\/laurent-monge-prend-la-presidence-dinovallee-dans-les-pas-de-didier-chaminade-et-vers-de-nouveaux-sommets\/\" \/>\n<meta property=\"og:site_name\" content=\"inovall\u00e9e\" \/>\n<meta property=\"article:publisher\" content=\"https:\/\/www.facebook.com\/technopoleinovallee\/\" \/>\n<meta property=\"article:published_time\" content=\"2025-04-23T15:29:54+00:00\" \/>\n<meta property=\"article:modified_time\" content=\"2025-04-23T15:29:56+00:00\" \/>\n<meta property=\"og:image\" content=\"https:\/\/www.inovallee.com\/wp-content\/uploads\/2025\/04\/IMG_0238-scaled.jpg\" \/>\n\t<meta property=\"og:image:width\" content=\"2048\" \/>\n\t<meta property=\"og:image:height\" content=\"1536\" \/>\n\t<meta property=\"og:image:type\" content=\"image\/jpeg\" \/>\n<meta name=\"author\" content=\"Claire Chanterelle\" \/>\n<meta name=\"twitter:card\" content=\"summary_large_image\" \/>\n<meta name=\"twitter:creator\" content=\"@inovallee\" \/>\n<meta name=\"twitter:site\" content=\"@inovallee\" \/>\n<meta name=\"twitter:label1\" content=\"Written by\" \/>\n\t<meta name=\"twitter:data1\" content=\"Claire Chanterelle\" \/>\n\t<meta name=\"twitter:label2\" content=\"Estimated reading time\" \/>\n\t<meta name=\"twitter:data2\" content=\"4 minutes\" \/>\n<script type=\"application\/ld+json\" class=\"yoast-schema-graph\">{\"@context\":\"https:\\\/\\\/schema.org\",\"@graph\":[{\"@type\":\"Article\",\"@id\":\"https:\\\/\\\/www.inovallee.com\\\/laurent-monge-prend-la-presidence-dinovallee-dans-les-pas-de-didier-chaminade-et-vers-de-nouveaux-sommets\\\/#article\",\"isPartOf\":{\"@id\":\"https:\\\/\\\/www.inovallee.com\\\/laurent-monge-prend-la-presidence-dinovallee-dans-les-pas-de-didier-chaminade-et-vers-de-nouveaux-sommets\\\/\"},\"author\":{\"name\":\"Claire Chanterelle\",\"@id\":\"https:\\\/\\\/www.inovallee.com\\\/#\\\/schema\\\/person\\\/6cdcf0ed58ac3e1ef08041bdf7815902\"},\"headline\":\"Laurent Monge prend la Pr\u00e9sidence d\u2019inovall\u00e9e, dans les pas de Didier Chaminade et vers de nouveaux sommets\",\"datePublished\":\"2025-04-23T15:29:54+00:00\",\"dateModified\":\"2025-04-23T15:29:56+00:00\",\"mainEntityOfPage\":{\"@id\":\"https:\\\/\\\/www.inovallee.com\\\/laurent-monge-prend-la-presidence-dinovallee-dans-les-pas-de-didier-chaminade-et-vers-de-nouveaux-sommets\\\/\"},\"wordCount\":724,\"publisher\":{\"@id\":\"https:\\\/\\\/www.inovallee.com\\\/#organization\"},\"image\":{\"@id\":\"https:\\\/\\\/www.inovallee.com\\\/laurent-monge-prend-la-presidence-dinovallee-dans-les-pas-de-didier-chaminade-et-vers-de-nouveaux-sommets\\\/#primaryimage\"},\"thumbnailUrl\":\"https:\\\/\\\/www.inovallee.com\\\/wp-content\\\/uploads\\\/2025\\\/04\\\/IMG_0238-scaled.jpg\",\"articleSection\":[\"Technopole inovall\u00e9e\",\"Vie de la technopole inovall\u00e9e\"],\"inLanguage\":\"en-GB\"},{\"@type\":\"WebPage\",\"@id\":\"https:\\\/\\\/www.inovallee.com\\\/laurent-monge-prend-la-presidence-dinovallee-dans-les-pas-de-didier-chaminade-et-vers-de-nouveaux-sommets\\\/\",\"url\":\"https:\\\/\\\/www.inovallee.com\\\/laurent-monge-prend-la-presidence-dinovallee-dans-les-pas-de-didier-chaminade-et-vers-de-nouveaux-sommets\\\/\",\"name\":\"Laurent Monge prend la Pr\u00e9sidence d\u2019inovall\u00e9e, dans les pas de Didier Chaminade et vers de nouveaux sommets - inovall\u00e9e\",\"isPartOf\":{\"@id\":\"https:\\\/\\\/www.inovallee.com\\\/#website\"},\"primaryImageOfPage\":{\"@id\":\"https:\\\/\\\/www.inovallee.com\\\/laurent-monge-prend-la-presidence-dinovallee-dans-les-pas-de-didier-chaminade-et-vers-de-nouveaux-sommets\\\/#primaryimage\"},\"image\":{\"@id\":\"https:\\\/\\\/www.inovallee.com\\\/laurent-monge-prend-la-presidence-dinovallee-dans-les-pas-de-didier-chaminade-et-vers-de-nouveaux-sommets\\\/#primaryimage\"},\"thumbnailUrl\":\"https:\\\/\\\/www.inovallee.com\\\/wp-content\\\/uploads\\\/2025\\\/04\\\/IMG_0238-scaled.jpg\",\"datePublished\":\"2025-04-23T15:29:54+00:00\",\"dateModified\":\"2025-04-23T15:29:56+00:00\",\"description\":\"Laurent Monge, Pr\u00e9sident de Dolphin Semiconductor, prend la suite de Didier Chaminade \u00e0 la Pr\u00e9sidence d'inovall\u00e9e,\",\"breadcrumb\":{\"@id\":\"https:\\\/\\\/www.inovallee.com\\\/laurent-monge-prend-la-presidence-dinovallee-dans-les-pas-de-didier-chaminade-et-vers-de-nouveaux-sommets\\\/#breadcrumb\"},\"inLanguage\":\"en-GB\",\"potentialAction\":[{\"@type\":\"ReadAction\",\"target\":[\"https:\\\/\\\/www.inovallee.com\\\/laurent-monge-prend-la-presidence-dinovallee-dans-les-pas-de-didier-chaminade-et-vers-de-nouveaux-sommets\\\/\"]}]},{\"@type\":\"ImageObject\",\"inLanguage\":\"en-GB\",\"@id\":\"https:\\\/\\\/www.inovallee.com\\\/laurent-monge-prend-la-presidence-dinovallee-dans-les-pas-de-didier-chaminade-et-vers-de-nouveaux-sommets\\\/#primaryimage\",\"url\":\"https:\\\/\\\/www.inovallee.com\\\/wp-content\\\/uploads\\\/2025\\\/04\\\/IMG_0238-scaled.jpg\",\"contentUrl\":\"https:\\\/\\\/www.inovallee.com\\\/wp-content\\\/uploads\\\/2025\\\/04\\\/IMG_0238-scaled.jpg\",\"width\":2048,\"height\":1536},{\"@type\":\"BreadcrumbList\",\"@id\":\"https:\\\/\\\/www.inovallee.com\\\/laurent-monge-prend-la-presidence-dinovallee-dans-les-pas-de-didier-chaminade-et-vers-de-nouveaux-sommets\\\/#breadcrumb\",\"itemListElement\":[{\"@type\":\"ListItem\",\"position\":1,\"name\":\"Accueil\",\"item\":\"https:\\\/\\\/www.inovallee.com\\\/\"},{\"@type\":\"ListItem\",\"position\":2,\"name\":\"Laurent Monge prend la Pr\u00e9sidence d\u2019inovall\u00e9e, dans les pas de Didier Chaminade et vers de nouveaux sommets\"}]},{\"@type\":\"WebSite\",\"@id\":\"https:\\\/\\\/www.inovallee.com\\\/#website\",\"url\":\"https:\\\/\\\/www.inovallee.com\\\/\",\"name\":\"inovall\u00e9e technopole, Home to software & smart technologies\",\"description\":\"Home to software &amp; smart technologies\",\"publisher\":{\"@id\":\"https:\\\/\\\/www.inovallee.com\\\/#organization\"},\"potentialAction\":[{\"@type\":\"SearchAction\",\"target\":{\"@type\":\"EntryPoint\",\"urlTemplate\":\"https:\\\/\\\/www.inovallee.com\\\/?s={search_term_string}\"},\"query-input\":{\"@type\":\"PropertyValueSpecification\",\"valueRequired\":true,\"valueName\":\"search_term_string\"}}],\"inLanguage\":\"en-GB\"},{\"@type\":\"Organization\",\"@id\":\"https:\\\/\\\/www.inovallee.com\\\/#organization\",\"name\":\"inovall\u00e9e\",\"url\":\"https:\\\/\\\/www.inovallee.com\\\/\",\"logo\":{\"@type\":\"ImageObject\",\"inLanguage\":\"en-GB\",\"@id\":\"https:\\\/\\\/www.inovallee.com\\\/#\\\/schema\\\/logo\\\/image\\\/\",\"url\":\"https:\\\/\\\/www.inovallee.com\\\/wp-content\\\/uploads\\\/2023\\\/08\\\/inovallee_2022_GrenobleAlpes.png\",\"contentUrl\":\"https:\\\/\\\/www.inovallee.com\\\/wp-content\\\/uploads\\\/2023\\\/08\\\/inovallee_2022_GrenobleAlpes.png\",\"width\":945,\"height\":369,\"caption\":\"inovall\u00e9e\"},\"image\":{\"@id\":\"https:\\\/\\\/www.inovallee.com\\\/#\\\/schema\\\/logo\\\/image\\\/\"},\"sameAs\":[\"https:\\\/\\\/www.facebook.com\\\/technopoleinovallee\\\/\",\"https:\\\/\\\/x.com\\\/inovallee\",\"https:\\\/\\\/www.linkedin.com\\\/company\\\/inovall-e\\\/\",\"https:\\\/\\\/www.youtube.com\\\/user\\\/inovallee?reload=9\"]},{\"@type\":\"Person\",\"@id\":\"https:\\\/\\\/www.inovallee.com\\\/#\\\/schema\\\/person\\\/6cdcf0ed58ac3e1ef08041bdf7815902\",\"name\":\"Claire Chanterelle\"}]}<\/script>\n<!-- \/ Yoast SEO plugin. -->","yoast_head_json":{"title":"Laurent Monge prend la Pr\u00e9sidence d\u2019inovall\u00e9e, dans les pas de Didier Chaminade et vers de nouveaux sommets - inovall\u00e9e","description":"Laurent Monge, Pr\u00e9sident de Dolphin Semiconductor, prend la suite de Didier Chaminade \u00e0 la Pr\u00e9sidence d'inovall\u00e9e,","robots":{"index":"index","follow":"follow","max-snippet":"max-snippet:-1","max-image-preview":"max-image-preview:large","max-video-preview":"max-video-preview:-1"},"canonical":"https:\/\/www.inovallee.com\/en\/laurent-monge-prend-la-presidence-dinovallee-dans-les-pas-de-didier-chaminade-et-vers-de-nouveaux-sommets\/","og_locale":"en_GB","og_type":"article","og_title":"Laurent Monge prend la Pr\u00e9sidence d\u2019inovall\u00e9e, dans les pas de Didier Chaminade et vers de nouveaux sommets - inovall\u00e9e","og_description":"Laurent Monge, Pr\u00e9sident de Dolphin Semiconductor, prend la suite de Didier Chaminade \u00e0 la Pr\u00e9sidence d'inovall\u00e9e,","og_url":"https:\/\/www.inovallee.com\/en\/laurent-monge-prend-la-presidence-dinovallee-dans-les-pas-de-didier-chaminade-et-vers-de-nouveaux-sommets\/","og_site_name":"inovall\u00e9e","article_publisher":"https:\/\/www.facebook.com\/technopoleinovallee\/","article_published_time":"2025-04-23T15:29:54+00:00","article_modified_time":"2025-04-23T15:29:56+00:00","og_image":[{"width":2048,"height":1536,"url":"https:\/\/www.inovallee.com\/wp-content\/uploads\/2025\/04\/IMG_0238-scaled.jpg","type":"image\/jpeg"}],"author":"Claire Chanterelle","twitter_card":"summary_large_image","twitter_creator":"@inovallee","twitter_site":"@inovallee","twitter_misc":{"Written by":"Claire Chanterelle","Estimated reading time":"4 minutes"},"schema":{"@context":"https:\/\/schema.org","@graph":[{"@type":"Article","@id":"https:\/\/www.inovallee.com\/laurent-monge-prend-la-presidence-dinovallee-dans-les-pas-de-didier-chaminade-et-vers-de-nouveaux-sommets\/#article","isPartOf":{"@id":"https:\/\/www.inovallee.com\/laurent-monge-prend-la-presidence-dinovallee-dans-les-pas-de-didier-chaminade-et-vers-de-nouveaux-sommets\/"},"author":{"name":"Claire Chanterelle","@id":"https:\/\/www.inovallee.com\/#\/schema\/person\/6cdcf0ed58ac3e1ef08041bdf7815902"},"headline":"Laurent Monge prend la Pr\u00e9sidence d\u2019inovall\u00e9e, dans les pas de Didier Chaminade et vers de nouveaux sommets","datePublished":"2025-04-23T15:29:54+00:00","dateModified":"2025-04-23T15:29:56+00:00","mainEntityOfPage":{"@id":"https:\/\/www.inovallee.com\/laurent-monge-prend-la-presidence-dinovallee-dans-les-pas-de-didier-chaminade-et-vers-de-nouveaux-sommets\/"},"wordCount":724,"publisher":{"@id":"https:\/\/www.inovallee.com\/#organization"},"image":{"@id":"https:\/\/www.inovallee.com\/laurent-monge-prend-la-presidence-dinovallee-dans-les-pas-de-didier-chaminade-et-vers-de-nouveaux-sommets\/#primaryimage"},"thumbnailUrl":"https:\/\/www.inovallee.com\/wp-content\/uploads\/2025\/04\/IMG_0238-scaled.jpg","articleSection":["Technopole inovall\u00e9e","Vie de la technopole inovall\u00e9e"],"inLanguage":"en-GB"},{"@type":"WebPage","@id":"https:\/\/www.inovallee.com\/laurent-monge-prend-la-presidence-dinovallee-dans-les-pas-de-didier-chaminade-et-vers-de-nouveaux-sommets\/","url":"https:\/\/www.inovallee.com\/laurent-monge-prend-la-presidence-dinovallee-dans-les-pas-de-didier-chaminade-et-vers-de-nouveaux-sommets\/","name":"Laurent Monge prend la Pr\u00e9sidence d\u2019inovall\u00e9e, dans les pas de Didier Chaminade et vers de nouveaux sommets - inovall\u00e9e","isPartOf":{"@id":"https:\/\/www.inovallee.com\/#website"},"primaryImageOfPage":{"@id":"https:\/\/www.inovallee.com\/laurent-monge-prend-la-presidence-dinovallee-dans-les-pas-de-didier-chaminade-et-vers-de-nouveaux-sommets\/#primaryimage"},"image":{"@id":"https:\/\/www.inovallee.com\/laurent-monge-prend-la-presidence-dinovallee-dans-les-pas-de-didier-chaminade-et-vers-de-nouveaux-sommets\/#primaryimage"},"thumbnailUrl":"https:\/\/www.inovallee.com\/wp-content\/uploads\/2025\/04\/IMG_0238-scaled.jpg","datePublished":"2025-04-23T15:29:54+00:00","dateModified":"2025-04-23T15:29:56+00:00","description":"Laurent Monge, Pr\u00e9sident de Dolphin Semiconductor, prend la suite de Didier Chaminade \u00e0 la Pr\u00e9sidence d'inovall\u00e9e,","breadcrumb":{"@id":"https:\/\/www.inovallee.com\/laurent-monge-prend-la-presidence-dinovallee-dans-les-pas-de-didier-chaminade-et-vers-de-nouveaux-sommets\/#breadcrumb"},"inLanguage":"en-GB","potentialAction":[{"@type":"ReadAction","target":["https:\/\/www.inovallee.com\/laurent-monge-prend-la-presidence-dinovallee-dans-les-pas-de-didier-chaminade-et-vers-de-nouveaux-sommets\/"]}]},{"@type":"ImageObject","inLanguage":"en-GB","@id":"https:\/\/www.inovallee.com\/laurent-monge-prend-la-presidence-dinovallee-dans-les-pas-de-didier-chaminade-et-vers-de-nouveaux-sommets\/#primaryimage","url":"https:\/\/www.inovallee.com\/wp-content\/uploads\/2025\/04\/IMG_0238-scaled.jpg","contentUrl":"https:\/\/www.inovallee.com\/wp-content\/uploads\/2025\/04\/IMG_0238-scaled.jpg","width":2048,"height":1536},{"@type":"BreadcrumbList","@id":"https:\/\/www.inovallee.com\/laurent-monge-prend-la-presidence-dinovallee-dans-les-pas-de-didier-chaminade-et-vers-de-nouveaux-sommets\/#breadcrumb","itemListElement":[{"@type":"ListItem","position":1,"name":"Accueil","item":"https:\/\/www.inovallee.com\/"},{"@type":"ListItem","position":2,"name":"Laurent Monge prend la Pr\u00e9sidence d\u2019inovall\u00e9e, dans les pas de Didier Chaminade et vers de nouveaux sommets"}]},{"@type":"WebSite","@id":"https:\/\/www.inovallee.com\/#website","url":"https:\/\/www.inovallee.com\/","name":"inovall\u00e9e technopole, Home to software & smart technologies","description":"Home to software &amp; smart technologies","publisher":{"@id":"https:\/\/www.inovallee.com\/#organization"},"potentialAction":[{"@type":"SearchAction","target":{"@type":"EntryPoint","urlTemplate":"https:\/\/www.inovallee.com\/?s={search_term_string}"},"query-input":{"@type":"PropertyValueSpecification","valueRequired":true,"valueName":"search_term_string"}}],"inLanguage":"en-GB"},{"@type":"Organization","@id":"https:\/\/www.inovallee.com\/#organization","name":"inovall\u00e9e","url":"https:\/\/www.inovallee.com\/","logo":{"@type":"ImageObject","inLanguage":"en-GB","@id":"https:\/\/www.inovallee.com\/#\/schema\/logo\/image\/","url":"https:\/\/www.inovallee.com\/wp-content\/uploads\/2023\/08\/inovallee_2022_GrenobleAlpes.png","contentUrl":"https:\/\/www.inovallee.com\/wp-content\/uploads\/2023\/08\/inovallee_2022_GrenobleAlpes.png","width":945,"height":369,"caption":"inovall\u00e9e"},"image":{"@id":"https:\/\/www.inovallee.com\/#\/schema\/logo\/image\/"},"sameAs":["https:\/\/www.facebook.com\/technopoleinovallee\/","https:\/\/x.com\/inovallee","https:\/\/www.linkedin.com\/company\/inovall-e\/","https:\/\/www.youtube.com\/user\/inovallee?reload=9"]},{"@type":"Person","@id":"https:\/\/www.inovallee.com\/#\/schema\/person\/6cdcf0ed58ac3e1ef08041bdf7815902","name":"Claire Chanterelle"}]}},"_links":{"self":[{"href":"https:\/\/www.inovallee.com\/en\/wp-json\/wp\/v2\/posts\/59333","targetHints":{"allow":["GET"]}}],"collection":[{"href":"https:\/\/www.inovallee.com\/en\/wp-json\/wp\/v2\/posts"}],"about":[{"href":"https:\/\/www.inovallee.com\/en\/wp-json\/wp\/v2\/types\/post"}],"author":[{"embeddable":true,"href":"https:\/\/www.inovallee.com\/en\/wp-json\/wp\/v2\/users\/4"}],"replies":[{"embeddable":true,"href":"https:\/\/www.inovallee.com\/en\/wp-json\/wp\/v2\/comments?post=59333"}],"version-history":[{"count":1,"href":"https:\/\/www.inovallee.com\/en\/wp-json\/wp\/v2\/posts\/59333\/revisions"}],"predecessor-version":[{"id":59336,"href":"https:\/\/www.inovallee.com\/en\/wp-json\/wp\/v2\/posts\/59333\/revisions\/59336"}],"wp:featuredmedia":[{"embeddable":true,"href":"https:\/\/www.inovallee.com\/en\/wp-json\/wp\/v2\/media\/59334"}],"wp:attachment":[{"href":"https:\/\/www.inovallee.com\/en\/wp-json\/wp\/v2\/media?parent=59333"}],"wp:term":[{"taxonomy":"category","embeddable":true,"href":"https:\/\/www.inovallee.com\/en\/wp-json\/wp\/v2\/categories?post=59333"},{"taxonomy":"post_tag","embeddable":true,"href":"https:\/\/www.inovallee.com\/en\/wp-json\/wp\/v2\/tags?post=59333"}],"curies":[{"name":"wp","href":"https:\/\/api.w.org\/{rel}","templated":true}]}}