{"id":6072,"date":"2016-03-23T16:29:24","date_gmt":"2016-03-23T15:29:24","guid":{"rendered":"https:\/\/www.inovallee.com\/?p=6072"},"modified":"2016-03-23T16:29:24","modified_gmt":"2016-03-23T15:29:24","slug":"retour-sur-latelier-innovation-sociale-du-mardi-8-mars","status":"publish","type":"post","link":"https:\/\/www.inovallee.com\/en\/retour-sur-latelier-innovation-sociale-du-mardi-8-mars\/","title":{"rendered":"Retour sur l&#039;atelier innovation sociale du mardi 8 mars !"},"content":{"rendered":"<p style=\"text-align: justify;\"><a href=\"https:\/\/www.inovallee.com\/wp-content\/uploads\/2016\/03\/blog_une-article-innovation-sociale-REMI-DAUTELLE.png\"><img fetchpriority=\"high\" decoding=\"async\" class=\"alignleft size-thumbnail wp-image-6075\" src=\"https:\/\/www.inovallee.com\/wp-content\/uploads\/2016\/03\/blog_une-article-innovation-sociale-REMI-DAUTELLE-300x202.png\" alt=\"blog_une-article innovation sociale REMI DAUTELLE\" width=\"300\" height=\"202\" srcset=\"https:\/\/www.inovallee.com\/wp-content\/uploads\/2016\/03\/blog_une-article-innovation-sociale-REMI-DAUTELLE-300x202.png 300w, https:\/\/www.inovallee.com\/wp-content\/uploads\/2016\/03\/blog_une-article-innovation-sociale-REMI-DAUTELLE.png 305w\" sizes=\"(max-width: 300px) 100vw, 300px\" \/><\/a>Le 8 mars dernier a eu lieu l&rsquo;atelier innovation sociale sur le th\u00e8me : <strong>\u00ab\u00a0Et si le cancre \u00e9tait une chance pour l&rsquo;innovation ?\u00a0\u00bb<\/strong> Un sujet qui a attir\u00e9 les foules puisque R\u00e9mi Dautelle, fondateur de \u00ab\u00a0Manag\u2019Yin\u00a0\u00bb et enseignant \u00e0 l&rsquo;IAE, a fait salle comble.<\/p>\n<p style=\"text-align: justify;\">Pour d\u00e9marrer, il part du postulat que nous avons tous\u00a0 acquis du savoir, et ce, depuis notre plus jeune \u00e2ge.\u00a0 Notre pens\u00e9e, conditionn\u00e9e par le dogme \u00e9ducatif,\u00a0 nous oriente vers une id\u00e9e plut\u00f4t \u00ab\u00a0pr\u00e9con\u00e7ue\u00a0\u00bb de ce que doit \u00eatre la perfection &#8230; un ancrage durable puisque m\u00eame adulte nous n&rsquo;acceptons pas de \u00ab\u00a0mal faire\u00a0\u00bb. Selon lui, le cancre a une d\u00e9finition : la pathologie de l&rsquo;hyperactivit\u00e9, qui pousse le cancre \u00e0 raisonner par analogie.<\/p>\n<figure id=\"attachment_6138\" aria-describedby=\"caption-attachment-6138\" style=\"width: 209px\" class=\"wp-caption alignleft\"><a href=\"https:\/\/www.inovallee.com\/wp-content\/uploads\/2016\/03\/DSC03273-2.jpg\"><img decoding=\"async\" class=\"wp-image-6138\" src=\"https:\/\/www.inovallee.com\/wp-content\/uploads\/2016\/03\/DSC03273-2-300x234.jpg\" alt=\"R\u00e9mi Dautelle\" width=\"209\" height=\"163\" srcset=\"https:\/\/www.inovallee.com\/wp-content\/uploads\/2016\/03\/DSC03273-2-300x234.jpg 300w, https:\/\/www.inovallee.com\/wp-content\/uploads\/2016\/03\/DSC03273-2-768x599.jpg 768w, https:\/\/www.inovallee.com\/wp-content\/uploads\/2016\/03\/DSC03273-2-1024x799.jpg 1024w, https:\/\/www.inovallee.com\/wp-content\/uploads\/2016\/03\/DSC03273-2-1536x1198.jpg 1536w, https:\/\/www.inovallee.com\/wp-content\/uploads\/2016\/03\/DSC03273-2.jpg 1646w\" sizes=\"(max-width: 209px) 100vw, 209px\" \/><\/a><figcaption id=\"caption-attachment-6138\" class=\"wp-caption-text\">R\u00e9mi Dautelle<\/figcaption><\/figure>\n<p style=\"text-align: justify;\">Pour approfondir ses propos, il prend l&rsquo;exemple des sketchs d&rsquo;Isabeau de R., ancienne experte en finance internationale, reconvertie dans le one woman show. D\u00e8s les premi\u00e8res phrases de son sketch sur le jardinage, elle fait une analogie tr\u00e8s habile entre le sens propre et le sens figur\u00e9 du vocabulaire d\u00e9di\u00e9 au jardinage. <strong>Il est tr\u00e8s clair que notre processus de pens\u00e9e, par lequel on remarque une similitude entre les termes employ\u00e9s, influe notre r\u00e9flexion<\/strong> et entra\u00eene des comparaisons assez \u00e9quivoques ! A travers cette illustration, on d\u00e9couvre de quelle mani\u00e8re nous arrivons \u00e0 passer du raisonnement logique au raisonnement analogique.<\/p>\n<p style=\"text-align: justify;\"><a href=\"https:\/\/www.inovallee.com\/wp-content\/uploads\/2016\/03\/DSC03256-2.jpg\"><img decoding=\"async\" class=\"alignleft wp-image-6137\" src=\"https:\/\/www.inovallee.com\/wp-content\/uploads\/2016\/03\/DSC03256-2-300x200.jpg\" alt=\"DSC03256 (2)\" width=\"203\" height=\"135\" srcset=\"https:\/\/www.inovallee.com\/wp-content\/uploads\/2016\/03\/DSC03256-2-300x200.jpg 300w, https:\/\/www.inovallee.com\/wp-content\/uploads\/2016\/03\/DSC03256-2-768x512.jpg 768w, https:\/\/www.inovallee.com\/wp-content\/uploads\/2016\/03\/DSC03256-2-1024x683.jpg 1024w, https:\/\/www.inovallee.com\/wp-content\/uploads\/2016\/03\/DSC03256-2-1536x1024.jpg 1536w, https:\/\/www.inovallee.com\/wp-content\/uploads\/2016\/03\/DSC03256-2.jpg 2048w\" sizes=\"(max-width: 203px) 100vw, 203px\" \/><\/a>Dans le deuxi\u00e8me temps de l&rsquo;atelier, nous d\u00e9couvrons que l&rsquo;acc\u00e8s \u00e0 la perfection est parfois anxiog\u00e8ne. <strong>Gr\u00e2ce au cancre on rentre dans l&rsquo;innovation sociale. R\u00e9mi Dautelle l&rsquo;explique \u00e0 travers un tableau de synth\u00e8se sur la d\u00e9marche syst\u00e9mique de l&rsquo;apprentissage<\/strong>. En effet, avant m\u00eame de s\u2019exp\u00e9rimenter aux choses, \u00ab\u00a0nous ne savons pas que nous ne savions pas\u00a0\u00bb ! S&rsquo;en suivra la prise de conscience qui nous poussera ensuite \u00e0 trouver une ou des solution(s) pour palier \u00e0 ce manque de savoir. Les phases successives de l&rsquo;identification et de la r\u00e9p\u00e9tition nous permettront enfin d&rsquo;acqu\u00e9rir de nouvelles m\u00e9thodes. <strong>Ce qui nous semblait \u00ab\u00a0insurmontable\u00a0\u00bb deviendra alors naturel<\/strong> (car acquis).<\/p>\n<p style=\"text-align: justify;\">En r\u00e9sum\u00e9, il est tout \u00e0 fait possible de favoriser l&rsquo;apprentissage par la confrontation au terrain et \u00e0 l&rsquo;erreur plut\u00f4t que par l&rsquo;attachement \u00e0 un dogme &#8230; Que l&rsquo;on soit cancre ou non !<\/p>","protected":false},"excerpt":{"rendered":"<p>Le 8 mars dernier a eu lieu l&rsquo;atelier innovation sociale sur le th\u00e8me : \u00ab\u00a0Et si le cancre \u00e9tait une chance pour l&rsquo;innovation ?\u00a0\u00bb Un sujet qui a attir\u00e9 les foules puisque R\u00e9mi Dautelle, fondateur de \u00ab\u00a0Manag\u2019Yin\u00a0\u00bb et enseignant \u00e0 l&rsquo;IAE, a fait salle comble. Pour d\u00e9marrer, il part du postulat que nous avons tous\u00a0 [&hellip;]<\/p>\n","protected":false},"author":6,"featured_media":6075,"comment_status":"closed","ping_status":"open","sticky":false,"template":"","format":"standard","meta":{"footnotes":""},"categories":[37,29],"tags":[],"class_list":["post-6072","post","type-post","status-publish","format-standard","has-post-thumbnail","hentry","category-my-ino","category-evenements"],"yoast_head":"<!-- This site is optimized with the Yoast SEO plugin v27.4 - https:\/\/yoast.com\/product\/yoast-seo-wordpress\/ -->\n<title>Retour sur l&#039;atelier innovation sociale du mardi 8 mars ! - inovall\u00e9e<\/title>\n<meta name=\"robots\" content=\"index, follow, max-snippet:-1, max-image-preview:large, max-video-preview:-1\" \/>\n<link rel=\"canonical\" href=\"https:\/\/www.inovallee.com\/en\/retour-sur-latelier-innovation-sociale-du-mardi-8-mars\/\" \/>\n<meta property=\"og:locale\" content=\"en_GB\" \/>\n<meta property=\"og:type\" content=\"article\" \/>\n<meta property=\"og:title\" content=\"Retour sur l&#039;atelier innovation sociale du mardi 8 mars ! - inovall\u00e9e\" \/>\n<meta property=\"og:description\" content=\"Le 8 mars dernier a eu lieu l&rsquo;atelier innovation sociale sur le th\u00e8me : \u00ab\u00a0Et si le cancre \u00e9tait une chance pour l&rsquo;innovation ?\u00a0\u00bb Un sujet qui a attir\u00e9 les foules puisque R\u00e9mi Dautelle, fondateur de \u00ab\u00a0Manag\u2019Yin\u00a0\u00bb et enseignant \u00e0 l&rsquo;IAE, a fait salle comble. Pour d\u00e9marrer, il part du postulat que nous avons tous\u00a0 [&hellip;]\" \/>\n<meta property=\"og:url\" content=\"https:\/\/www.inovallee.com\/en\/retour-sur-latelier-innovation-sociale-du-mardi-8-mars\/\" \/>\n<meta property=\"og:site_name\" content=\"inovall\u00e9e\" \/>\n<meta property=\"article:publisher\" content=\"https:\/\/www.facebook.com\/technopoleinovallee\/\" \/>\n<meta property=\"article:published_time\" content=\"2016-03-23T15:29:24+00:00\" \/>\n<meta property=\"og:image\" content=\"https:\/\/www.inovallee.com\/wp-content\/uploads\/2016\/03\/blog_une-article-innovation-sociale-REMI-DAUTELLE.png\" \/>\n\t<meta property=\"og:image:width\" content=\"305\" \/>\n\t<meta property=\"og:image:height\" content=\"205\" \/>\n\t<meta property=\"og:image:type\" content=\"image\/png\" \/>\n<meta name=\"author\" content=\"Inovallee\" \/>\n<meta name=\"twitter:card\" content=\"summary_large_image\" \/>\n<meta name=\"twitter:creator\" content=\"@inovallee\" \/>\n<meta name=\"twitter:site\" content=\"@inovallee\" \/>\n<meta name=\"twitter:label1\" content=\"Written by\" \/>\n\t<meta name=\"twitter:data1\" content=\"Inovallee\" \/>\n\t<meta name=\"twitter:label2\" content=\"Estimated reading time\" \/>\n\t<meta name=\"twitter:data2\" content=\"2 minutes\" \/>\n<script type=\"application\/ld+json\" class=\"yoast-schema-graph\">{\"@context\":\"https:\\\/\\\/schema.org\",\"@graph\":[{\"@type\":\"Article\",\"@id\":\"https:\\\/\\\/www.inovallee.com\\\/retour-sur-latelier-innovation-sociale-du-mardi-8-mars\\\/#article\",\"isPartOf\":{\"@id\":\"https:\\\/\\\/www.inovallee.com\\\/retour-sur-latelier-innovation-sociale-du-mardi-8-mars\\\/\"},\"author\":{\"name\":\"Inovallee\",\"@id\":\"https:\\\/\\\/www.inovallee.com\\\/#\\\/schema\\\/person\\\/a45b15518aad3111b2d61d257a3e023b\"},\"headline\":\"Retour sur l&#039;atelier innovation sociale du mardi 8 mars !\",\"datePublished\":\"2016-03-23T15:29:24+00:00\",\"mainEntityOfPage\":{\"@id\":\"https:\\\/\\\/www.inovallee.com\\\/retour-sur-latelier-innovation-sociale-du-mardi-8-mars\\\/\"},\"wordCount\":420,\"publisher\":{\"@id\":\"https:\\\/\\\/www.inovallee.com\\\/#organization\"},\"image\":{\"@id\":\"https:\\\/\\\/www.inovallee.com\\\/retour-sur-latelier-innovation-sociale-du-mardi-8-mars\\\/#primaryimage\"},\"thumbnailUrl\":\"https:\\\/\\\/www.inovallee.com\\\/wp-content\\\/uploads\\\/2016\\\/03\\\/blog_une-article-innovation-sociale-REMI-DAUTELLE.png\",\"articleSection\":[\"My Ino : Vivre &amp; travailler sur inovall\u00e9e\",\"Technopole inovall\u00e9e\"],\"inLanguage\":\"en-GB\"},{\"@type\":\"WebPage\",\"@id\":\"https:\\\/\\\/www.inovallee.com\\\/retour-sur-latelier-innovation-sociale-du-mardi-8-mars\\\/\",\"url\":\"https:\\\/\\\/www.inovallee.com\\\/retour-sur-latelier-innovation-sociale-du-mardi-8-mars\\\/\",\"name\":\"Retour sur l&#039;atelier innovation sociale du mardi 8 mars ! - inovall\u00e9e\",\"isPartOf\":{\"@id\":\"https:\\\/\\\/www.inovallee.com\\\/#website\"},\"primaryImageOfPage\":{\"@id\":\"https:\\\/\\\/www.inovallee.com\\\/retour-sur-latelier-innovation-sociale-du-mardi-8-mars\\\/#primaryimage\"},\"image\":{\"@id\":\"https:\\\/\\\/www.inovallee.com\\\/retour-sur-latelier-innovation-sociale-du-mardi-8-mars\\\/#primaryimage\"},\"thumbnailUrl\":\"https:\\\/\\\/www.inovallee.com\\\/wp-content\\\/uploads\\\/2016\\\/03\\\/blog_une-article-innovation-sociale-REMI-DAUTELLE.png\",\"datePublished\":\"2016-03-23T15:29:24+00:00\",\"breadcrumb\":{\"@id\":\"https:\\\/\\\/www.inovallee.com\\\/retour-sur-latelier-innovation-sociale-du-mardi-8-mars\\\/#breadcrumb\"},\"inLanguage\":\"en-GB\",\"potentialAction\":[{\"@type\":\"ReadAction\",\"target\":[\"https:\\\/\\\/www.inovallee.com\\\/retour-sur-latelier-innovation-sociale-du-mardi-8-mars\\\/\"]}]},{\"@type\":\"ImageObject\",\"inLanguage\":\"en-GB\",\"@id\":\"https:\\\/\\\/www.inovallee.com\\\/retour-sur-latelier-innovation-sociale-du-mardi-8-mars\\\/#primaryimage\",\"url\":\"https:\\\/\\\/www.inovallee.com\\\/wp-content\\\/uploads\\\/2016\\\/03\\\/blog_une-article-innovation-sociale-REMI-DAUTELLE.png\",\"contentUrl\":\"https:\\\/\\\/www.inovallee.com\\\/wp-content\\\/uploads\\\/2016\\\/03\\\/blog_une-article-innovation-sociale-REMI-DAUTELLE.png\",\"width\":305,\"height\":205},{\"@type\":\"BreadcrumbList\",\"@id\":\"https:\\\/\\\/www.inovallee.com\\\/retour-sur-latelier-innovation-sociale-du-mardi-8-mars\\\/#breadcrumb\",\"itemListElement\":[{\"@type\":\"ListItem\",\"position\":1,\"name\":\"Accueil\",\"item\":\"https:\\\/\\\/www.inovallee.com\\\/\"},{\"@type\":\"ListItem\",\"position\":2,\"name\":\"Retour sur l&#039;atelier innovation sociale du mardi 8 mars !\"}]},{\"@type\":\"WebSite\",\"@id\":\"https:\\\/\\\/www.inovallee.com\\\/#website\",\"url\":\"https:\\\/\\\/www.inovallee.com\\\/\",\"name\":\"inovall\u00e9e technopole, Home to software & smart technologies\",\"description\":\"Home to software &amp; smart technologies\",\"publisher\":{\"@id\":\"https:\\\/\\\/www.inovallee.com\\\/#organization\"},\"potentialAction\":[{\"@type\":\"SearchAction\",\"target\":{\"@type\":\"EntryPoint\",\"urlTemplate\":\"https:\\\/\\\/www.inovallee.com\\\/?s={search_term_string}\"},\"query-input\":{\"@type\":\"PropertyValueSpecification\",\"valueRequired\":true,\"valueName\":\"search_term_string\"}}],\"inLanguage\":\"en-GB\"},{\"@type\":\"Organization\",\"@id\":\"https:\\\/\\\/www.inovallee.com\\\/#organization\",\"name\":\"inovall\u00e9e\",\"url\":\"https:\\\/\\\/www.inovallee.com\\\/\",\"logo\":{\"@type\":\"ImageObject\",\"inLanguage\":\"en-GB\",\"@id\":\"https:\\\/\\\/www.inovallee.com\\\/#\\\/schema\\\/logo\\\/image\\\/\",\"url\":\"https:\\\/\\\/www.inovallee.com\\\/wp-content\\\/uploads\\\/2023\\\/08\\\/inovallee_2022_GrenobleAlpes.png\",\"contentUrl\":\"https:\\\/\\\/www.inovallee.com\\\/wp-content\\\/uploads\\\/2023\\\/08\\\/inovallee_2022_GrenobleAlpes.png\",\"width\":945,\"height\":369,\"caption\":\"inovall\u00e9e\"},\"image\":{\"@id\":\"https:\\\/\\\/www.inovallee.com\\\/#\\\/schema\\\/logo\\\/image\\\/\"},\"sameAs\":[\"https:\\\/\\\/www.facebook.com\\\/technopoleinovallee\\\/\",\"https:\\\/\\\/x.com\\\/inovallee\",\"https:\\\/\\\/www.linkedin.com\\\/company\\\/inovall-e\\\/\",\"https:\\\/\\\/www.youtube.com\\\/user\\\/inovallee?reload=9\"]},{\"@type\":\"Person\",\"@id\":\"https:\\\/\\\/www.inovallee.com\\\/#\\\/schema\\\/person\\\/a45b15518aad3111b2d61d257a3e023b\",\"name\":\"Inovallee\"}]}<\/script>\n<!-- \/ Yoast SEO plugin. -->","yoast_head_json":{"title":"Retour sur l&#039;atelier innovation sociale du mardi 8 mars ! - inovall\u00e9e","robots":{"index":"index","follow":"follow","max-snippet":"max-snippet:-1","max-image-preview":"max-image-preview:large","max-video-preview":"max-video-preview:-1"},"canonical":"https:\/\/www.inovallee.com\/en\/retour-sur-latelier-innovation-sociale-du-mardi-8-mars\/","og_locale":"en_GB","og_type":"article","og_title":"Retour sur l&#039;atelier innovation sociale du mardi 8 mars ! - inovall\u00e9e","og_description":"Le 8 mars dernier a eu lieu l&rsquo;atelier innovation sociale sur le th\u00e8me : \u00ab\u00a0Et si le cancre \u00e9tait une chance pour l&rsquo;innovation ?\u00a0\u00bb Un sujet qui a attir\u00e9 les foules puisque R\u00e9mi Dautelle, fondateur de \u00ab\u00a0Manag\u2019Yin\u00a0\u00bb et enseignant \u00e0 l&rsquo;IAE, a fait salle comble. Pour d\u00e9marrer, il part du postulat que nous avons tous\u00a0 [&hellip;]","og_url":"https:\/\/www.inovallee.com\/en\/retour-sur-latelier-innovation-sociale-du-mardi-8-mars\/","og_site_name":"inovall\u00e9e","article_publisher":"https:\/\/www.facebook.com\/technopoleinovallee\/","article_published_time":"2016-03-23T15:29:24+00:00","og_image":[{"width":305,"height":205,"url":"https:\/\/www.inovallee.com\/wp-content\/uploads\/2016\/03\/blog_une-article-innovation-sociale-REMI-DAUTELLE.png","type":"image\/png"}],"author":"Inovallee","twitter_card":"summary_large_image","twitter_creator":"@inovallee","twitter_site":"@inovallee","twitter_misc":{"Written by":"Inovallee","Estimated reading time":"2 minutes"},"schema":{"@context":"https:\/\/schema.org","@graph":[{"@type":"Article","@id":"https:\/\/www.inovallee.com\/retour-sur-latelier-innovation-sociale-du-mardi-8-mars\/#article","isPartOf":{"@id":"https:\/\/www.inovallee.com\/retour-sur-latelier-innovation-sociale-du-mardi-8-mars\/"},"author":{"name":"Inovallee","@id":"https:\/\/www.inovallee.com\/#\/schema\/person\/a45b15518aad3111b2d61d257a3e023b"},"headline":"Retour sur l&#039;atelier innovation sociale du mardi 8 mars !","datePublished":"2016-03-23T15:29:24+00:00","mainEntityOfPage":{"@id":"https:\/\/www.inovallee.com\/retour-sur-latelier-innovation-sociale-du-mardi-8-mars\/"},"wordCount":420,"publisher":{"@id":"https:\/\/www.inovallee.com\/#organization"},"image":{"@id":"https:\/\/www.inovallee.com\/retour-sur-latelier-innovation-sociale-du-mardi-8-mars\/#primaryimage"},"thumbnailUrl":"https:\/\/www.inovallee.com\/wp-content\/uploads\/2016\/03\/blog_une-article-innovation-sociale-REMI-DAUTELLE.png","articleSection":["My Ino : Vivre &amp; travailler sur inovall\u00e9e","Technopole inovall\u00e9e"],"inLanguage":"en-GB"},{"@type":"WebPage","@id":"https:\/\/www.inovallee.com\/retour-sur-latelier-innovation-sociale-du-mardi-8-mars\/","url":"https:\/\/www.inovallee.com\/retour-sur-latelier-innovation-sociale-du-mardi-8-mars\/","name":"Retour sur l&#039;atelier innovation sociale du mardi 8 mars ! - inovall\u00e9e","isPartOf":{"@id":"https:\/\/www.inovallee.com\/#website"},"primaryImageOfPage":{"@id":"https:\/\/www.inovallee.com\/retour-sur-latelier-innovation-sociale-du-mardi-8-mars\/#primaryimage"},"image":{"@id":"https:\/\/www.inovallee.com\/retour-sur-latelier-innovation-sociale-du-mardi-8-mars\/#primaryimage"},"thumbnailUrl":"https:\/\/www.inovallee.com\/wp-content\/uploads\/2016\/03\/blog_une-article-innovation-sociale-REMI-DAUTELLE.png","datePublished":"2016-03-23T15:29:24+00:00","breadcrumb":{"@id":"https:\/\/www.inovallee.com\/retour-sur-latelier-innovation-sociale-du-mardi-8-mars\/#breadcrumb"},"inLanguage":"en-GB","potentialAction":[{"@type":"ReadAction","target":["https:\/\/www.inovallee.com\/retour-sur-latelier-innovation-sociale-du-mardi-8-mars\/"]}]},{"@type":"ImageObject","inLanguage":"en-GB","@id":"https:\/\/www.inovallee.com\/retour-sur-latelier-innovation-sociale-du-mardi-8-mars\/#primaryimage","url":"https:\/\/www.inovallee.com\/wp-content\/uploads\/2016\/03\/blog_une-article-innovation-sociale-REMI-DAUTELLE.png","contentUrl":"https:\/\/www.inovallee.com\/wp-content\/uploads\/2016\/03\/blog_une-article-innovation-sociale-REMI-DAUTELLE.png","width":305,"height":205},{"@type":"BreadcrumbList","@id":"https:\/\/www.inovallee.com\/retour-sur-latelier-innovation-sociale-du-mardi-8-mars\/#breadcrumb","itemListElement":[{"@type":"ListItem","position":1,"name":"Accueil","item":"https:\/\/www.inovallee.com\/"},{"@type":"ListItem","position":2,"name":"Retour sur l&#039;atelier innovation sociale du mardi 8 mars !"}]},{"@type":"WebSite","@id":"https:\/\/www.inovallee.com\/#website","url":"https:\/\/www.inovallee.com\/","name":"inovall\u00e9e technopole, Home to software & smart technologies","description":"Home to software &amp; smart technologies","publisher":{"@id":"https:\/\/www.inovallee.com\/#organization"},"potentialAction":[{"@type":"SearchAction","target":{"@type":"EntryPoint","urlTemplate":"https:\/\/www.inovallee.com\/?s={search_term_string}"},"query-input":{"@type":"PropertyValueSpecification","valueRequired":true,"valueName":"search_term_string"}}],"inLanguage":"en-GB"},{"@type":"Organization","@id":"https:\/\/www.inovallee.com\/#organization","name":"inovall\u00e9e","url":"https:\/\/www.inovallee.com\/","logo":{"@type":"ImageObject","inLanguage":"en-GB","@id":"https:\/\/www.inovallee.com\/#\/schema\/logo\/image\/","url":"https:\/\/www.inovallee.com\/wp-content\/uploads\/2023\/08\/inovallee_2022_GrenobleAlpes.png","contentUrl":"https:\/\/www.inovallee.com\/wp-content\/uploads\/2023\/08\/inovallee_2022_GrenobleAlpes.png","width":945,"height":369,"caption":"inovall\u00e9e"},"image":{"@id":"https:\/\/www.inovallee.com\/#\/schema\/logo\/image\/"},"sameAs":["https:\/\/www.facebook.com\/technopoleinovallee\/","https:\/\/x.com\/inovallee","https:\/\/www.linkedin.com\/company\/inovall-e\/","https:\/\/www.youtube.com\/user\/inovallee?reload=9"]},{"@type":"Person","@id":"https:\/\/www.inovallee.com\/#\/schema\/person\/a45b15518aad3111b2d61d257a3e023b","name":"Inovallee"}]}},"_links":{"self":[{"href":"https:\/\/www.inovallee.com\/en\/wp-json\/wp\/v2\/posts\/6072","targetHints":{"allow":["GET"]}}],"collection":[{"href":"https:\/\/www.inovallee.com\/en\/wp-json\/wp\/v2\/posts"}],"about":[{"href":"https:\/\/www.inovallee.com\/en\/wp-json\/wp\/v2\/types\/post"}],"author":[{"embeddable":true,"href":"https:\/\/www.inovallee.com\/en\/wp-json\/wp\/v2\/users\/6"}],"replies":[{"embeddable":true,"href":"https:\/\/www.inovallee.com\/en\/wp-json\/wp\/v2\/comments?post=6072"}],"version-history":[{"count":0,"href":"https:\/\/www.inovallee.com\/en\/wp-json\/wp\/v2\/posts\/6072\/revisions"}],"wp:featuredmedia":[{"embeddable":true,"href":"https:\/\/www.inovallee.com\/en\/wp-json\/wp\/v2\/media\/6075"}],"wp:attachment":[{"href":"https:\/\/www.inovallee.com\/en\/wp-json\/wp\/v2\/media?parent=6072"}],"wp:term":[{"taxonomy":"category","embeddable":true,"href":"https:\/\/www.inovallee.com\/en\/wp-json\/wp\/v2\/categories?post=6072"},{"taxonomy":"post_tag","embeddable":true,"href":"https:\/\/www.inovallee.com\/en\/wp-json\/wp\/v2\/tags?post=6072"}],"curies":[{"name":"wp","href":"https:\/\/api.w.org\/{rel}","templated":true}]}}