{"id":60929,"date":"2025-09-03T10:31:42","date_gmt":"2025-09-03T08:31:42","guid":{"rendered":"https:\/\/www.inovallee.com\/?p=60929"},"modified":"2025-09-03T10:31:43","modified_gmt":"2025-09-03T08:31:43","slug":"un-ete-structurant-pour-le-groupe-digigram-digital-un-40eme-anniversaire-emouvant-en-juillet-et-une-3eme-operation-de-croissance-externe-en-aout-avec-le-rachat-de-la-spin-off-du-cnrs-wavely-q","status":"publish","type":"post","link":"https:\/\/www.inovallee.com\/en\/un-ete-structurant-pour-le-groupe-digigram-digital-un-40eme-anniversaire-emouvant-en-juillet-et-une-3eme-operation-de-croissance-externe-en-aout-avec-le-rachat-de-la-spin-off-du-cnrs-wavely-q\/","title":{"rendered":"Un \u00e9t\u00e9 structurant pour le groupe Digigram Digital\u00a0: un 40\u00e8me anniversaire \u00e9mouvant en juillet, et une 3\u00e8me op\u00e9ration de croissance externe en ao\u00fbt avec le rachat de la spin off du CNRS Wavely, qui lui permet de franchir un nouveau cap dans l\u2019analyse intelligente des signaux critiques"},"content":{"rendered":"<h3 class=\"wp-block-heading\">Une r\u00e9trospective \u00e9motive et inspirante en juillet pour les 40 ans de Digigram et Oros<\/h3>\n\n\n\n<p>Le 1er juillet dernier, <a href=\"https:\/\/www.oros.com\/fr\/\">OROS <\/a>(analyse du bruit et des vibrations) et <a href=\"https:\/\/www.digigram.com\/\">Digigram <\/a>(solutions audio num\u00e9riques), c\u00e9l\u00e9braient ensemble leurs 40 ans d\u2019existence. Une soir\u00e9e d\u2019anniversaire \u00e0 la Bastille a r\u00e9uni collaborateurs, partenaires et clients autour d\u2019une r\u00e9trospective immersive retra\u00e7ant quatre d\u00e9cennies d\u2019innovation, de passion et de vision partag\u00e9e.<\/p>\n\n\n\n<p>Guid\u00e9s par les \u00e9quipes de Digigram et OROS, les invit\u00e9s ont plong\u00e9 dans l\u2019histoire des deux entreprises, des premiers bureaux de 15 m\u00b2 dans la ZIRST aux grandes \u00e9tapes de leur d\u00e9veloppement international dans les ann\u00e9es 2000.<\/p>\n\n\n\n<p>Objets historiques, anecdotes et t\u00e9moignages ont nourri ce voyage dans le temps, avec une pointe d\u2019\u00e9motion lorsque les pionniers ont \u00e9voqu\u00e9 les d\u00e9buts, les collaborations avec les laboratoires de recherche ou encore la spin-off AuviTran, cr\u00e9\u00e9e dans les ann\u00e9es 2000.<\/p>\n\n\n\n<figure class=\"wp-block-image size-full\"><img fetchpriority=\"high\" decoding=\"async\" width=\"467\" height=\"350\" src=\"https:\/\/www.inovallee.com\/wp-content\/uploads\/2025\/09\/image.jpeg\" alt=\"\" class=\"wp-image-60930\" srcset=\"https:\/\/www.inovallee.com\/wp-content\/uploads\/2025\/09\/image.jpeg 467w, https:\/\/www.inovallee.com\/wp-content\/uploads\/2025\/09\/image-300x225.jpeg 300w, https:\/\/www.inovallee.com\/wp-content\/uploads\/2025\/09\/image-16x12.jpeg 16w\" sizes=\"(max-width: 467px) 100vw, 467px\" \/><\/figure>\n\n\n\n<p>\u00ab Rien n\u2019arrive par hasard \u00bb, a rappel\u00e9 J\u00e9r\u00e9mie Weber, pr\u00e9sident du Groupe Digigram. Si le rapprochement entre Digigram et OROS ne s\u2019\u00e9tait pas concr\u00e9tis\u00e9 dans les ann\u00e9es 80, il est devenu r\u00e9alit\u00e9 pr\u00e8s de 35 ans plus tard, avec le rachat d\u2019<a href=\"https:\/\/www.auvitran.com\/fr\/accueil\/\">Auvitran <\/a>en 2023 et d\u2019Oros en 2024.<\/p>\n\n\n\n<p>Philippe Girard-Buttoz, cofondateur de Digigram, a \u00e9voqu\u00e9 ce chemin commun, tandis que Yannick Balter, directeur g\u00e9n\u00e9ral d\u2019OROS, et Xavier Allanic, directeur g\u00e9n\u00e9ral de Digigram, ont insist\u00e9 sur les valeurs qui soudent d\u00e9sormais le groupe : <strong>audace, passion et ouverture.<\/strong><\/p>\n\n\n\n<p>En cl\u00f4turant la soir\u00e9e, J\u00e9r\u00e9mie Weber a rappel\u00e9 que la plus belle richesse du groupe r\u00e9side dans les femmes et les hommes qui font vivre cette aventure, unis par l\u2019envie d\u2019avancer dans la m\u00eame direction et de b\u00e2tir ensemble une mission claire pour l\u2019avenir.<\/p>\n\n\n\n<h3 class=\"wp-block-heading\"><strong>Une mission claire pour l\u2019avenir\u00a0: rendre l\u2019audio et la vibration utiles, fiables et compr\u00e9hensibles pour tous ceux qui en d\u00e9pendent, et devenir un leader de l\u2019audio critique<\/strong><\/h3>\n\n\n\n<p>Avec quatre marques r\u00e9unies \u2013 <a href=\"https:\/\/www.auvitran.com\/fr\/accueil\/\">AuviTran<\/a>, <a href=\"https:\/\/www.digigram.com\/\">Digigram<\/a>, OROS et <a href=\"https:\/\/www.digigram.com\/critical-audio\/\">Digigram Critical Audio<\/a> \u2013 le groupe partage une mission commune : <strong>\u00ab rendre l\u2019audio et la vibration utiles, fiables et compr\u00e9hensibles pour tous ceux qui en d\u00e9pendent \u00bb<\/strong>. Cette ambition s\u2019appuie sur une expertise unique, forg\u00e9e au fil de 40 ans, et tourn\u00e9e vers les grands d\u00e9fis des secteurs de la d\u00e9fense, de l\u2019a\u00e9ronautique, de l\u2019\u00e9nergie, de l\u2019automobile et des m\u00e9dia, o\u00f9 le groupe entend bien se positionner comme un leader de l\u2019audio critique..<\/p>\n\n\n\n<h3 class=\"wp-block-heading\">Et une nouvelle \u00e9tape cl\u00e9 dans l\u2019analyse intelligente des signaux critiques avec le rachat de la spin-off du CNWavely en ao\u00fbt\u00a0!<\/h3>\n\n\n\n<figure class=\"wp-block-image size-full\"><img decoding=\"async\" width=\"756\" height=\"460\" src=\"https:\/\/www.inovallee.com\/wp-content\/uploads\/2025\/09\/image-1.jpeg\" alt=\"\" class=\"wp-image-60931\" srcset=\"https:\/\/www.inovallee.com\/wp-content\/uploads\/2025\/09\/image-1.jpeg 756w, https:\/\/www.inovallee.com\/wp-content\/uploads\/2025\/09\/image-1-300x183.jpeg 300w, https:\/\/www.inovallee.com\/wp-content\/uploads\/2025\/09\/image-1-18x12.jpeg 18w\" sizes=\"(max-width: 756px) 100vw, 756px\" \/><\/figure>\n\n\n\n<p>Apr\u00e8s AuviTran en 2023 et OROS en 2024, c\u2019est d\u00e9sormais la start-up lilloise <strong><a href=\"https:\/\/www.wavely.fr\/\">Wavely<\/a><\/strong>, spin-off du CNRS experte en surveillance acoustique par intelligence artificielle, qui rejoint le groupe.<\/p>\n\n\n\n<p>Fond\u00e9e en 2017 par Nicolas C\u00f4t\u00e9, Alexis Vlandas et Marion Gautier, Wavely a b\u00e2ti sa r\u00e9putation sur des solutions associant traitement du signal et IA. Ces technologies permettent de d\u00e9tecter et de localiser en temps r\u00e9el des anomalies ou \u00e9v\u00e9nements critiques au c\u0153ur d\u2019environnements complexes, avec des applications majeures pour <strong>la maintenance industrielle, la s\u00e9curit\u00e9<\/strong> ou encore la surveillance acoustique.<br>Des solutions d\u00e9j\u00e0 adopt\u00e9es par des acteurs de premier plan tels que TotalEnergies, EDF, GRdF ou Air Liquide, en France comme \u00e0 l\u2019international.<\/p>\n\n\n\n<h3 class=\"wp-block-heading\">Une expertise unique au service du \u00ab critical audio \u00bb et un rapprochement gagnant-gagnant qui permet au groupe Digigram Digital de franchir le cap de l\u2019IA et d\u2019atteindre la taille critique pour atteindre de nouveaux march\u00e9s<\/h3>\n\n\n\n<p>Gr\u00e2ce \u00e0 cette int\u00e9gration, Wavely conservera ses \u00e9quipes et son ancrage \u00e0 Lille, tout en b\u00e9n\u00e9ficiant de la puissance industrielle et commerciale de Digigram, qui compte d\u00e9sormais 80 collaborateurs r\u00e9partis entre Montbonnot, les \u00c9tats-Unis, Singapour et Hong-Kong.<\/p>\n\n\n\n<p><br>\u00ab Int\u00e9grer le groupe Digigram constitue une belle opportunit\u00e9 pour Wavely. Cela valide la pertinence de nos solutions int\u00e9grant l\u2019IA et va dynamiser notre croissance \u00bb, souligne Nicolas C\u00f4t\u00e9, cofondateur de Wavely. Son associ\u00e9 Alexis Vlandas ajoute : \u00ab Rejoindre un groupe industriel fran\u00e7ais de renom, c\u2019est une r\u00e9compense pour nous tous. \u00bb<\/p>\n\n\n\n<p>M\u00eame enthousiasme c\u00f4t\u00e9 Digigram&nbsp;: <em>\u201cNous sommes tr\u00e8s heureux d\u2019accueillir Wavely au sein du Groupe Digigram. Cette acquisition repr\u00e9sente une \u00e9tape majeure dans notre strat\u00e9gie de croissance, en renfor\u00e7ant nos capacit\u00e9s et en \u00e9largissant notre pr\u00e9sence sur le march\u00e9 de l\u2019analyse intelligente des signaux critiques. Avec Wavely, nos clients et partenaires b\u00e9n\u00e9ficient d\u2019une gamme de solutions encore plus riche.\u201d <\/em>d\u00e9clarait J\u00e9r\u00e9mie Weber, Pr\u00e9sident du Groupe.<\/p>\n\n\n\n<p>Fort de cette acquisition qui lui permet d\u2019atteindre la taille critique pour atteindre de nouveaux march\u00e9s, Digigram table sur un chiffre d\u2019affaires de 11 millions d\u2019euros en 2025.<\/p>\n\n\n\n<p>Si le groupe n\u2019exclut pas de futures opportunit\u00e9s de croissance externe, la priorit\u00e9 est d\u00e9sormais donn\u00e9e \u00e0 la consolidation : accro\u00eetre la rentabilit\u00e9, renforcer l\u2019offre et d\u00e9velopper la croissance organique.<\/p>","protected":false},"excerpt":{"rendered":"<p>Une r\u00e9trospective \u00e9motive et inspirante en juillet pour les 40 ans de Digigram et Oros Le 1er juillet dernier, OROS (analyse du bruit et des vibrations) et Digigram (solutions audio num\u00e9riques), c\u00e9l\u00e9braient ensemble leurs 40 ans d\u2019existence. Une soir\u00e9e d\u2019anniversaire \u00e0 la Bastille a r\u00e9uni collaborateurs, partenaires et clients autour d\u2019une r\u00e9trospective immersive retra\u00e7ant quatre [&hellip;]<\/p>\n","protected":false},"author":4,"featured_media":60933,"comment_status":"closed","ping_status":"open","sticky":false,"template":"","format":"standard","meta":{"footnotes":""},"categories":[28,29],"tags":[],"class_list":["post-60929","post","type-post","status-publish","format-standard","has-post-thumbnail","hentry","category-actus-entreprises","category-evenements"],"yoast_head":"<!-- This site is optimized with the Yoast SEO plugin v27.4 - https:\/\/yoast.com\/product\/yoast-seo-wordpress\/ -->\n<title>Un \u00e9t\u00e9 structurant pour le groupe Digigram Digital\u00a0: un 40\u00e8me anniversaire \u00e9mouvant en juillet, et une 3\u00e8me op\u00e9ration de croissance externe en ao\u00fbt avec le rachat de la spin off du CNRS Wavely, qui lui permet de franchir un nouveau cap dans l\u2019analyse intelligente des signaux critiques - inovall\u00e9e<\/title>\n<meta name=\"description\" content=\"3\u00e8me op\u00e9ration de croissance externe pour Digigram Digital qui f\u00eate ses 40 ans et met le cap sur l&#039;IA pour l&#039;audio critique\" \/>\n<meta name=\"robots\" content=\"index, follow, max-snippet:-1, max-image-preview:large, max-video-preview:-1\" \/>\n<link rel=\"canonical\" href=\"https:\/\/www.inovallee.com\/en\/un-ete-structurant-pour-le-groupe-digigram-digital-un-40eme-anniversaire-emouvant-en-juillet-et-une-3eme-operation-de-croissance-externe-en-aout-avec-le-rachat-de-la-spin-off-du-cnrs-wavely-q\/\" \/>\n<meta property=\"og:locale\" content=\"en_GB\" \/>\n<meta property=\"og:type\" content=\"article\" \/>\n<meta property=\"og:title\" content=\"Un \u00e9t\u00e9 structurant pour le groupe Digigram Digital\u00a0: un 40\u00e8me anniversaire \u00e9mouvant en juillet, et une 3\u00e8me op\u00e9ration de croissance externe en ao\u00fbt avec le rachat de la spin off du CNRS Wavely, qui lui permet de franchir un nouveau cap dans l\u2019analyse intelligente des signaux critiques - inovall\u00e9e\" \/>\n<meta property=\"og:description\" content=\"3\u00e8me op\u00e9ration de croissance externe pour Digigram Digital qui f\u00eate ses 40 ans et met le cap sur l&#039;IA pour l&#039;audio critique\" \/>\n<meta property=\"og:url\" content=\"https:\/\/www.inovallee.com\/en\/un-ete-structurant-pour-le-groupe-digigram-digital-un-40eme-anniversaire-emouvant-en-juillet-et-une-3eme-operation-de-croissance-externe-en-aout-avec-le-rachat-de-la-spin-off-du-cnrs-wavely-q\/\" \/>\n<meta property=\"og:site_name\" content=\"inovall\u00e9e\" \/>\n<meta property=\"article:publisher\" content=\"https:\/\/www.facebook.com\/technopoleinovallee\/\" \/>\n<meta property=\"article:published_time\" content=\"2025-09-03T08:31:42+00:00\" \/>\n<meta property=\"article:modified_time\" content=\"2025-09-03T08:31:43+00:00\" \/>\n<meta property=\"og:image\" content=\"https:\/\/www.inovallee.com\/wp-content\/uploads\/2025\/09\/Digigram-X-Wavely.png\" \/>\n\t<meta property=\"og:image:width\" content=\"1920\" \/>\n\t<meta property=\"og:image:height\" content=\"1080\" \/>\n\t<meta property=\"og:image:type\" content=\"image\/png\" \/>\n<meta name=\"author\" content=\"Claire Chanterelle\" \/>\n<meta name=\"twitter:card\" content=\"summary_large_image\" \/>\n<meta name=\"twitter:creator\" content=\"@inovallee\" \/>\n<meta name=\"twitter:site\" content=\"@inovallee\" \/>\n<meta name=\"twitter:label1\" content=\"Written by\" \/>\n\t<meta name=\"twitter:data1\" content=\"Claire Chanterelle\" \/>\n\t<meta name=\"twitter:label2\" content=\"Estimated reading time\" \/>\n\t<meta name=\"twitter:data2\" content=\"5 minutes\" \/>\n<script type=\"application\/ld+json\" class=\"yoast-schema-graph\">{\"@context\":\"https:\\\/\\\/schema.org\",\"@graph\":[{\"@type\":\"Article\",\"@id\":\"https:\\\/\\\/www.inovallee.com\\\/un-ete-structurant-pour-le-groupe-digigram-digital-un-40eme-anniversaire-emouvant-en-juillet-et-une-3eme-operation-de-croissance-externe-en-aout-avec-le-rachat-de-la-spin-off-du-cnrs-wavely-q\\\/#article\",\"isPartOf\":{\"@id\":\"https:\\\/\\\/www.inovallee.com\\\/un-ete-structurant-pour-le-groupe-digigram-digital-un-40eme-anniversaire-emouvant-en-juillet-et-une-3eme-operation-de-croissance-externe-en-aout-avec-le-rachat-de-la-spin-off-du-cnrs-wavely-q\\\/\"},\"author\":{\"name\":\"Claire Chanterelle\",\"@id\":\"https:\\\/\\\/www.inovallee.com\\\/#\\\/schema\\\/person\\\/6cdcf0ed58ac3e1ef08041bdf7815902\"},\"headline\":\"Un \u00e9t\u00e9 structurant pour le groupe Digigram Digital\u00a0: un 40\u00e8me anniversaire \u00e9mouvant en juillet, et une 3\u00e8me op\u00e9ration de croissance externe en ao\u00fbt avec le rachat de la spin off du CNRS Wavely, qui lui permet de franchir un nouveau cap dans l\u2019analyse intelligente des signaux critiques\",\"datePublished\":\"2025-09-03T08:31:42+00:00\",\"dateModified\":\"2025-09-03T08:31:43+00:00\",\"mainEntityOfPage\":{\"@id\":\"https:\\\/\\\/www.inovallee.com\\\/un-ete-structurant-pour-le-groupe-digigram-digital-un-40eme-anniversaire-emouvant-en-juillet-et-une-3eme-operation-de-croissance-externe-en-aout-avec-le-rachat-de-la-spin-off-du-cnrs-wavely-q\\\/\"},\"wordCount\":909,\"publisher\":{\"@id\":\"https:\\\/\\\/www.inovallee.com\\\/#organization\"},\"image\":{\"@id\":\"https:\\\/\\\/www.inovallee.com\\\/un-ete-structurant-pour-le-groupe-digigram-digital-un-40eme-anniversaire-emouvant-en-juillet-et-une-3eme-operation-de-croissance-externe-en-aout-avec-le-rachat-de-la-spin-off-du-cnrs-wavely-q\\\/#primaryimage\"},\"thumbnailUrl\":\"https:\\\/\\\/www.inovallee.com\\\/wp-content\\\/uploads\\\/2025\\\/09\\\/Digigram-X-Wavely.png\",\"articleSection\":[\"Sucess stories des entreprises d'inovall\u00e9e\",\"Technopole inovall\u00e9e\"],\"inLanguage\":\"en-GB\"},{\"@type\":\"WebPage\",\"@id\":\"https:\\\/\\\/www.inovallee.com\\\/un-ete-structurant-pour-le-groupe-digigram-digital-un-40eme-anniversaire-emouvant-en-juillet-et-une-3eme-operation-de-croissance-externe-en-aout-avec-le-rachat-de-la-spin-off-du-cnrs-wavely-q\\\/\",\"url\":\"https:\\\/\\\/www.inovallee.com\\\/un-ete-structurant-pour-le-groupe-digigram-digital-un-40eme-anniversaire-emouvant-en-juillet-et-une-3eme-operation-de-croissance-externe-en-aout-avec-le-rachat-de-la-spin-off-du-cnrs-wavely-q\\\/\",\"name\":\"Un \u00e9t\u00e9 structurant pour le groupe Digigram Digital\u00a0: un 40\u00e8me anniversaire \u00e9mouvant en juillet, et une 3\u00e8me op\u00e9ration de croissance externe en ao\u00fbt avec le rachat de la spin off du CNRS Wavely, qui lui permet de franchir un nouveau cap dans l\u2019analyse intelligente des signaux critiques - inovall\u00e9e\",\"isPartOf\":{\"@id\":\"https:\\\/\\\/www.inovallee.com\\\/#website\"},\"primaryImageOfPage\":{\"@id\":\"https:\\\/\\\/www.inovallee.com\\\/un-ete-structurant-pour-le-groupe-digigram-digital-un-40eme-anniversaire-emouvant-en-juillet-et-une-3eme-operation-de-croissance-externe-en-aout-avec-le-rachat-de-la-spin-off-du-cnrs-wavely-q\\\/#primaryimage\"},\"image\":{\"@id\":\"https:\\\/\\\/www.inovallee.com\\\/un-ete-structurant-pour-le-groupe-digigram-digital-un-40eme-anniversaire-emouvant-en-juillet-et-une-3eme-operation-de-croissance-externe-en-aout-avec-le-rachat-de-la-spin-off-du-cnrs-wavely-q\\\/#primaryimage\"},\"thumbnailUrl\":\"https:\\\/\\\/www.inovallee.com\\\/wp-content\\\/uploads\\\/2025\\\/09\\\/Digigram-X-Wavely.png\",\"datePublished\":\"2025-09-03T08:31:42+00:00\",\"dateModified\":\"2025-09-03T08:31:43+00:00\",\"description\":\"3\u00e8me op\u00e9ration de croissance externe pour Digigram Digital qui f\u00eate ses 40 ans et met le cap sur l'IA pour l'audio critique\",\"breadcrumb\":{\"@id\":\"https:\\\/\\\/www.inovallee.com\\\/un-ete-structurant-pour-le-groupe-digigram-digital-un-40eme-anniversaire-emouvant-en-juillet-et-une-3eme-operation-de-croissance-externe-en-aout-avec-le-rachat-de-la-spin-off-du-cnrs-wavely-q\\\/#breadcrumb\"},\"inLanguage\":\"en-GB\",\"potentialAction\":[{\"@type\":\"ReadAction\",\"target\":[\"https:\\\/\\\/www.inovallee.com\\\/un-ete-structurant-pour-le-groupe-digigram-digital-un-40eme-anniversaire-emouvant-en-juillet-et-une-3eme-operation-de-croissance-externe-en-aout-avec-le-rachat-de-la-spin-off-du-cnrs-wavely-q\\\/\"]}]},{\"@type\":\"ImageObject\",\"inLanguage\":\"en-GB\",\"@id\":\"https:\\\/\\\/www.inovallee.com\\\/un-ete-structurant-pour-le-groupe-digigram-digital-un-40eme-anniversaire-emouvant-en-juillet-et-une-3eme-operation-de-croissance-externe-en-aout-avec-le-rachat-de-la-spin-off-du-cnrs-wavely-q\\\/#primaryimage\",\"url\":\"https:\\\/\\\/www.inovallee.com\\\/wp-content\\\/uploads\\\/2025\\\/09\\\/Digigram-X-Wavely.png\",\"contentUrl\":\"https:\\\/\\\/www.inovallee.com\\\/wp-content\\\/uploads\\\/2025\\\/09\\\/Digigram-X-Wavely.png\",\"width\":1920,\"height\":1080},{\"@type\":\"BreadcrumbList\",\"@id\":\"https:\\\/\\\/www.inovallee.com\\\/un-ete-structurant-pour-le-groupe-digigram-digital-un-40eme-anniversaire-emouvant-en-juillet-et-une-3eme-operation-de-croissance-externe-en-aout-avec-le-rachat-de-la-spin-off-du-cnrs-wavely-q\\\/#breadcrumb\",\"itemListElement\":[{\"@type\":\"ListItem\",\"position\":1,\"name\":\"Accueil\",\"item\":\"https:\\\/\\\/www.inovallee.com\\\/\"},{\"@type\":\"ListItem\",\"position\":2,\"name\":\"Un \u00e9t\u00e9 structurant pour le groupe Digigram Digital\u00a0: un 40\u00e8me anniversaire \u00e9mouvant en juillet, et une 3\u00e8me op\u00e9ration de croissance externe en ao\u00fbt avec le rachat de la spin off du CNRS Wavely, qui lui permet de franchir un nouveau cap dans l\u2019analyse intelligente des signaux critiques\"}]},{\"@type\":\"WebSite\",\"@id\":\"https:\\\/\\\/www.inovallee.com\\\/#website\",\"url\":\"https:\\\/\\\/www.inovallee.com\\\/\",\"name\":\"inovall\u00e9e technopole, Home to software & smart technologies\",\"description\":\"Home to software &amp; smart technologies\",\"publisher\":{\"@id\":\"https:\\\/\\\/www.inovallee.com\\\/#organization\"},\"potentialAction\":[{\"@type\":\"SearchAction\",\"target\":{\"@type\":\"EntryPoint\",\"urlTemplate\":\"https:\\\/\\\/www.inovallee.com\\\/?s={search_term_string}\"},\"query-input\":{\"@type\":\"PropertyValueSpecification\",\"valueRequired\":true,\"valueName\":\"search_term_string\"}}],\"inLanguage\":\"en-GB\"},{\"@type\":\"Organization\",\"@id\":\"https:\\\/\\\/www.inovallee.com\\\/#organization\",\"name\":\"inovall\u00e9e\",\"url\":\"https:\\\/\\\/www.inovallee.com\\\/\",\"logo\":{\"@type\":\"ImageObject\",\"inLanguage\":\"en-GB\",\"@id\":\"https:\\\/\\\/www.inovallee.com\\\/#\\\/schema\\\/logo\\\/image\\\/\",\"url\":\"https:\\\/\\\/www.inovallee.com\\\/wp-content\\\/uploads\\\/2023\\\/08\\\/inovallee_2022_GrenobleAlpes.png\",\"contentUrl\":\"https:\\\/\\\/www.inovallee.com\\\/wp-content\\\/uploads\\\/2023\\\/08\\\/inovallee_2022_GrenobleAlpes.png\",\"width\":945,\"height\":369,\"caption\":\"inovall\u00e9e\"},\"image\":{\"@id\":\"https:\\\/\\\/www.inovallee.com\\\/#\\\/schema\\\/logo\\\/image\\\/\"},\"sameAs\":[\"https:\\\/\\\/www.facebook.com\\\/technopoleinovallee\\\/\",\"https:\\\/\\\/x.com\\\/inovallee\",\"https:\\\/\\\/www.linkedin.com\\\/company\\\/inovall-e\\\/\",\"https:\\\/\\\/www.youtube.com\\\/user\\\/inovallee?reload=9\"]},{\"@type\":\"Person\",\"@id\":\"https:\\\/\\\/www.inovallee.com\\\/#\\\/schema\\\/person\\\/6cdcf0ed58ac3e1ef08041bdf7815902\",\"name\":\"Claire Chanterelle\"}]}<\/script>\n<!-- \/ Yoast SEO plugin. -->","yoast_head_json":{"title":"Un \u00e9t\u00e9 structurant pour le groupe Digigram Digital\u00a0: un 40\u00e8me anniversaire \u00e9mouvant en juillet, et une 3\u00e8me op\u00e9ration de croissance externe en ao\u00fbt avec le rachat de la spin off du CNRS Wavely, qui lui permet de franchir un nouveau cap dans l\u2019analyse intelligente des signaux critiques - inovall\u00e9e","description":"3\u00e8me op\u00e9ration de croissance externe pour Digigram Digital qui f\u00eate ses 40 ans et met le cap sur l'IA pour l'audio critique","robots":{"index":"index","follow":"follow","max-snippet":"max-snippet:-1","max-image-preview":"max-image-preview:large","max-video-preview":"max-video-preview:-1"},"canonical":"https:\/\/www.inovallee.com\/en\/un-ete-structurant-pour-le-groupe-digigram-digital-un-40eme-anniversaire-emouvant-en-juillet-et-une-3eme-operation-de-croissance-externe-en-aout-avec-le-rachat-de-la-spin-off-du-cnrs-wavely-q\/","og_locale":"en_GB","og_type":"article","og_title":"Un \u00e9t\u00e9 structurant pour le groupe Digigram Digital\u00a0: un 40\u00e8me anniversaire \u00e9mouvant en juillet, et une 3\u00e8me op\u00e9ration de croissance externe en ao\u00fbt avec le rachat de la spin off du CNRS Wavely, qui lui permet de franchir un nouveau cap dans l\u2019analyse intelligente des signaux critiques - inovall\u00e9e","og_description":"3\u00e8me op\u00e9ration de croissance externe pour Digigram Digital qui f\u00eate ses 40 ans et met le cap sur l'IA pour l'audio critique","og_url":"https:\/\/www.inovallee.com\/en\/un-ete-structurant-pour-le-groupe-digigram-digital-un-40eme-anniversaire-emouvant-en-juillet-et-une-3eme-operation-de-croissance-externe-en-aout-avec-le-rachat-de-la-spin-off-du-cnrs-wavely-q\/","og_site_name":"inovall\u00e9e","article_publisher":"https:\/\/www.facebook.com\/technopoleinovallee\/","article_published_time":"2025-09-03T08:31:42+00:00","article_modified_time":"2025-09-03T08:31:43+00:00","og_image":[{"width":1920,"height":1080,"url":"https:\/\/www.inovallee.com\/wp-content\/uploads\/2025\/09\/Digigram-X-Wavely.png","type":"image\/png"}],"author":"Claire Chanterelle","twitter_card":"summary_large_image","twitter_creator":"@inovallee","twitter_site":"@inovallee","twitter_misc":{"Written by":"Claire Chanterelle","Estimated reading time":"5 minutes"},"schema":{"@context":"https:\/\/schema.org","@graph":[{"@type":"Article","@id":"https:\/\/www.inovallee.com\/un-ete-structurant-pour-le-groupe-digigram-digital-un-40eme-anniversaire-emouvant-en-juillet-et-une-3eme-operation-de-croissance-externe-en-aout-avec-le-rachat-de-la-spin-off-du-cnrs-wavely-q\/#article","isPartOf":{"@id":"https:\/\/www.inovallee.com\/un-ete-structurant-pour-le-groupe-digigram-digital-un-40eme-anniversaire-emouvant-en-juillet-et-une-3eme-operation-de-croissance-externe-en-aout-avec-le-rachat-de-la-spin-off-du-cnrs-wavely-q\/"},"author":{"name":"Claire Chanterelle","@id":"https:\/\/www.inovallee.com\/#\/schema\/person\/6cdcf0ed58ac3e1ef08041bdf7815902"},"headline":"Un \u00e9t\u00e9 structurant pour le groupe Digigram Digital\u00a0: un 40\u00e8me anniversaire \u00e9mouvant en juillet, et une 3\u00e8me op\u00e9ration de croissance externe en ao\u00fbt avec le rachat de la spin off du CNRS Wavely, qui lui permet de franchir un nouveau cap dans l\u2019analyse intelligente des signaux critiques","datePublished":"2025-09-03T08:31:42+00:00","dateModified":"2025-09-03T08:31:43+00:00","mainEntityOfPage":{"@id":"https:\/\/www.inovallee.com\/un-ete-structurant-pour-le-groupe-digigram-digital-un-40eme-anniversaire-emouvant-en-juillet-et-une-3eme-operation-de-croissance-externe-en-aout-avec-le-rachat-de-la-spin-off-du-cnrs-wavely-q\/"},"wordCount":909,"publisher":{"@id":"https:\/\/www.inovallee.com\/#organization"},"image":{"@id":"https:\/\/www.inovallee.com\/un-ete-structurant-pour-le-groupe-digigram-digital-un-40eme-anniversaire-emouvant-en-juillet-et-une-3eme-operation-de-croissance-externe-en-aout-avec-le-rachat-de-la-spin-off-du-cnrs-wavely-q\/#primaryimage"},"thumbnailUrl":"https:\/\/www.inovallee.com\/wp-content\/uploads\/2025\/09\/Digigram-X-Wavely.png","articleSection":["Sucess stories des entreprises d'inovall\u00e9e","Technopole inovall\u00e9e"],"inLanguage":"en-GB"},{"@type":"WebPage","@id":"https:\/\/www.inovallee.com\/un-ete-structurant-pour-le-groupe-digigram-digital-un-40eme-anniversaire-emouvant-en-juillet-et-une-3eme-operation-de-croissance-externe-en-aout-avec-le-rachat-de-la-spin-off-du-cnrs-wavely-q\/","url":"https:\/\/www.inovallee.com\/un-ete-structurant-pour-le-groupe-digigram-digital-un-40eme-anniversaire-emouvant-en-juillet-et-une-3eme-operation-de-croissance-externe-en-aout-avec-le-rachat-de-la-spin-off-du-cnrs-wavely-q\/","name":"Un \u00e9t\u00e9 structurant pour le groupe Digigram Digital\u00a0: un 40\u00e8me anniversaire \u00e9mouvant en juillet, et une 3\u00e8me op\u00e9ration de croissance externe en ao\u00fbt avec le rachat de la spin off du CNRS Wavely, qui lui permet de franchir un nouveau cap dans l\u2019analyse intelligente des signaux critiques - inovall\u00e9e","isPartOf":{"@id":"https:\/\/www.inovallee.com\/#website"},"primaryImageOfPage":{"@id":"https:\/\/www.inovallee.com\/un-ete-structurant-pour-le-groupe-digigram-digital-un-40eme-anniversaire-emouvant-en-juillet-et-une-3eme-operation-de-croissance-externe-en-aout-avec-le-rachat-de-la-spin-off-du-cnrs-wavely-q\/#primaryimage"},"image":{"@id":"https:\/\/www.inovallee.com\/un-ete-structurant-pour-le-groupe-digigram-digital-un-40eme-anniversaire-emouvant-en-juillet-et-une-3eme-operation-de-croissance-externe-en-aout-avec-le-rachat-de-la-spin-off-du-cnrs-wavely-q\/#primaryimage"},"thumbnailUrl":"https:\/\/www.inovallee.com\/wp-content\/uploads\/2025\/09\/Digigram-X-Wavely.png","datePublished":"2025-09-03T08:31:42+00:00","dateModified":"2025-09-03T08:31:43+00:00","description":"3\u00e8me op\u00e9ration de croissance externe pour Digigram Digital qui f\u00eate ses 40 ans et met le cap sur l'IA pour l'audio critique","breadcrumb":{"@id":"https:\/\/www.inovallee.com\/un-ete-structurant-pour-le-groupe-digigram-digital-un-40eme-anniversaire-emouvant-en-juillet-et-une-3eme-operation-de-croissance-externe-en-aout-avec-le-rachat-de-la-spin-off-du-cnrs-wavely-q\/#breadcrumb"},"inLanguage":"en-GB","potentialAction":[{"@type":"ReadAction","target":["https:\/\/www.inovallee.com\/un-ete-structurant-pour-le-groupe-digigram-digital-un-40eme-anniversaire-emouvant-en-juillet-et-une-3eme-operation-de-croissance-externe-en-aout-avec-le-rachat-de-la-spin-off-du-cnrs-wavely-q\/"]}]},{"@type":"ImageObject","inLanguage":"en-GB","@id":"https:\/\/www.inovallee.com\/un-ete-structurant-pour-le-groupe-digigram-digital-un-40eme-anniversaire-emouvant-en-juillet-et-une-3eme-operation-de-croissance-externe-en-aout-avec-le-rachat-de-la-spin-off-du-cnrs-wavely-q\/#primaryimage","url":"https:\/\/www.inovallee.com\/wp-content\/uploads\/2025\/09\/Digigram-X-Wavely.png","contentUrl":"https:\/\/www.inovallee.com\/wp-content\/uploads\/2025\/09\/Digigram-X-Wavely.png","width":1920,"height":1080},{"@type":"BreadcrumbList","@id":"https:\/\/www.inovallee.com\/un-ete-structurant-pour-le-groupe-digigram-digital-un-40eme-anniversaire-emouvant-en-juillet-et-une-3eme-operation-de-croissance-externe-en-aout-avec-le-rachat-de-la-spin-off-du-cnrs-wavely-q\/#breadcrumb","itemListElement":[{"@type":"ListItem","position":1,"name":"Accueil","item":"https:\/\/www.inovallee.com\/"},{"@type":"ListItem","position":2,"name":"Un \u00e9t\u00e9 structurant pour le groupe Digigram Digital\u00a0: un 40\u00e8me anniversaire \u00e9mouvant en juillet, et une 3\u00e8me op\u00e9ration de croissance externe en ao\u00fbt avec le rachat de la spin off du CNRS Wavely, qui lui permet de franchir un nouveau cap dans l\u2019analyse intelligente des signaux critiques"}]},{"@type":"WebSite","@id":"https:\/\/www.inovallee.com\/#website","url":"https:\/\/www.inovallee.com\/","name":"inovall\u00e9e technopole, Home to software & smart technologies","description":"Home to software &amp; smart technologies","publisher":{"@id":"https:\/\/www.inovallee.com\/#organization"},"potentialAction":[{"@type":"SearchAction","target":{"@type":"EntryPoint","urlTemplate":"https:\/\/www.inovallee.com\/?s={search_term_string}"},"query-input":{"@type":"PropertyValueSpecification","valueRequired":true,"valueName":"search_term_string"}}],"inLanguage":"en-GB"},{"@type":"Organization","@id":"https:\/\/www.inovallee.com\/#organization","name":"inovall\u00e9e","url":"https:\/\/www.inovallee.com\/","logo":{"@type":"ImageObject","inLanguage":"en-GB","@id":"https:\/\/www.inovallee.com\/#\/schema\/logo\/image\/","url":"https:\/\/www.inovallee.com\/wp-content\/uploads\/2023\/08\/inovallee_2022_GrenobleAlpes.png","contentUrl":"https:\/\/www.inovallee.com\/wp-content\/uploads\/2023\/08\/inovallee_2022_GrenobleAlpes.png","width":945,"height":369,"caption":"inovall\u00e9e"},"image":{"@id":"https:\/\/www.inovallee.com\/#\/schema\/logo\/image\/"},"sameAs":["https:\/\/www.facebook.com\/technopoleinovallee\/","https:\/\/x.com\/inovallee","https:\/\/www.linkedin.com\/company\/inovall-e\/","https:\/\/www.youtube.com\/user\/inovallee?reload=9"]},{"@type":"Person","@id":"https:\/\/www.inovallee.com\/#\/schema\/person\/6cdcf0ed58ac3e1ef08041bdf7815902","name":"Claire Chanterelle"}]}},"_links":{"self":[{"href":"https:\/\/www.inovallee.com\/en\/wp-json\/wp\/v2\/posts\/60929","targetHints":{"allow":["GET"]}}],"collection":[{"href":"https:\/\/www.inovallee.com\/en\/wp-json\/wp\/v2\/posts"}],"about":[{"href":"https:\/\/www.inovallee.com\/en\/wp-json\/wp\/v2\/types\/post"}],"author":[{"embeddable":true,"href":"https:\/\/www.inovallee.com\/en\/wp-json\/wp\/v2\/users\/4"}],"replies":[{"embeddable":true,"href":"https:\/\/www.inovallee.com\/en\/wp-json\/wp\/v2\/comments?post=60929"}],"version-history":[{"count":1,"href":"https:\/\/www.inovallee.com\/en\/wp-json\/wp\/v2\/posts\/60929\/revisions"}],"predecessor-version":[{"id":60932,"href":"https:\/\/www.inovallee.com\/en\/wp-json\/wp\/v2\/posts\/60929\/revisions\/60932"}],"wp:featuredmedia":[{"embeddable":true,"href":"https:\/\/www.inovallee.com\/en\/wp-json\/wp\/v2\/media\/60933"}],"wp:attachment":[{"href":"https:\/\/www.inovallee.com\/en\/wp-json\/wp\/v2\/media?parent=60929"}],"wp:term":[{"taxonomy":"category","embeddable":true,"href":"https:\/\/www.inovallee.com\/en\/wp-json\/wp\/v2\/categories?post=60929"},{"taxonomy":"post_tag","embeddable":true,"href":"https:\/\/www.inovallee.com\/en\/wp-json\/wp\/v2\/tags?post=60929"}],"curies":[{"name":"wp","href":"https:\/\/api.w.org\/{rel}","templated":true}]}}