{"id":60957,"date":"2025-09-03T17:33:01","date_gmt":"2025-09-03T15:33:01","guid":{"rendered":"https:\/\/www.inovallee.com\/?p=60957"},"modified":"2025-09-10T16:08:24","modified_gmt":"2025-09-10T14:08:24","slug":"epoque-deux-entrepreneures-engagees-sinstallent-sur-inovallee","status":"publish","type":"post","link":"https:\/\/www.inovallee.com\/en\/epoque-deux-entrepreneures-engagees-sinstallent-sur-inovallee\/","title":{"rendered":"\u00c9poque : deux entrepreneures engag\u00e9es s\u2019installent sur inovall\u00e9e"},"content":{"rendered":"<p><strong>N\u00e9e en 2023 de la rencontre de deux femmes issues du monde des ESN industrielles, \u00c9poque vient de s\u2019implanter sur inovall\u00e9e. Avec une expertise pointue dans le recrutement de profils hautement qualifi\u00e9s, le cabinet affiche une ambition claire : accompagner les entreprises engag\u00e9es dans les transitions \u00e9cologiques, soci\u00e9tales et inclusives, en coh\u00e9rence avec les valeurs personnelles de ses fondatrices.<\/strong><\/p>\n\n\n\n<h4 class=\"wp-block-heading\"><strong>Des parcours marqu\u00e9s par l\u2019exigence et l\u2019industrie<\/strong><\/h4>\n\n\n\n<p>Avant de co-cr\u00e9er \u00c9poque, <strong>\u00c9lodie Bessaudou<\/strong> et <strong>Laurianne Cros<\/strong> ont construit leur carri\u00e8re dans le conseil en ing\u00e9nierie, au sein de grands groupes de l\u2019ESN.<br>Dipl\u00f4m\u00e9e d\u2019une \u00e9cole de commerce en Bourgogne, \u00c9lodie d\u00e9bute sa carri\u00e8re dans la communication et l\u2019\u00e9v\u00e9nementiel \u00e0 Paris, avant de se tourner vers le conseil en ing\u00e9nierie, s\u00e9duite par une culture intrapreneuriale et diversifi\u00e9e. En 2017, elle rejoint Grenoble pour accompagner la fusion de Maya Technologies et Adentis, avec un r\u00f4le cl\u00e9 dans la restructuration et le red\u00e9ploiement des \u00e9quipes, notamment aupr\u00e8s de clients majeurs tels que le CEA ou STMicroelectronics.<br>Laurianne, quant \u00e0 elle, dirigeait l\u2019agence grenobloise d\u2019Agap2, l\u2019une des plus grandes entit\u00e9s du groupe auquel appartenait \u00e9galement Adentis. Forte d\u2019une solide exp\u00e9rience en d\u00e9veloppement d\u2019agence et en pilotage d\u2019\u00e9quipes, elle partage avec \u00c9lodie la conviction que le recrutement peut devenir un levier de transformation positive.<\/p>\n\n\n\n<h4 class=\"wp-block-heading\"><strong>Donner du sens \u00e0 l\u2019expertise du recrutement en accompagnant des entreprises engag\u00e9es<\/strong><\/h4>\n\n\n\n<p>Leur rencontre, \u00e0 l\u2019issue d\u2019un cong\u00e9 maternit\u00e9, sera d\u00e9cisive. Ensemble, elles d\u00e9cident de quitter l\u2019univers du conseil pour mettre leurs comp\u00e9tences au service d\u2019une mission porteuse de sens : accompagner les entreprises \u00e0 impact positif.<\/p>\n\n\n\n<p><br>\u00ab Nous avons appris \u00e0 recruter les meilleurs ing\u00e9nieurs dans un contexte industriel tr\u00e8s exigeant. Aujourd\u2019hui, nous voulons appliquer cette rigueur \u00e0 des entreprises qui s\u2019engagent pour un futur meilleur \u00bb, expliquent-elles.<\/p>\n\n\n\n<p><br>\u00c9poque s\u2019adresse ainsi en priorit\u00e9 aux entreprises engag\u00e9es sur l\u2019un des 17 Objectifs de D\u00e9veloppement Durable de l\u2019ONU. Parmi leurs premiers clients figurent des acteurs de la transition \u00e9nerg\u00e9tique et environnementale comme <strong>Caeli, Verkor ou Energy Pool<\/strong>, mais aussi des PME et startups qui souhaitent int\u00e9grer plus d\u2019inclusion et de diversit\u00e9 dans leur croissance.<\/p>\n\n\n\n<h4 class=\"wp-block-heading\"><strong>Une approche diff\u00e9rente du recrutement, ax\u00e9e sur l\u2019onboarding et l\u2019engagement des nouvelles recrues<\/strong><\/h4>\n\n\n\n<p>Ce qui distingue \u00c9poque, c\u2019est sa d\u00e9marche globale. Au-del\u00e0 de la simple s\u00e9lection de CV, les fondatrices travaillent sur <strong>l\u2019ad\u00e9quation humaine et culturelle<\/strong> entre les candidats et les entreprises.<br>Leur credo : \u00ab recruter comme si nous recrutions pour nous-m\u00eames \u00bb. Cela passe par un accompagnement approfondi des clients, depuis la d\u00e9finition du besoin jusqu\u2019\u00e0 l\u2019onboarding, avec un suivi structur\u00e9 pendant la p\u00e9riode d\u2019essai. Chaque recrutement est pens\u00e9 comme un projet collectif qui engage autant l\u2019entreprise que le salari\u00e9.<\/p>\n\n\n\n<p><br>Elles revendiquent \u00e9galement une <strong>approche inclusive et innovante<\/strong> : mise en avant de profils atypiques (femmes sur des postes techniques, seniors exp\u00e9riment\u00e9s, personnes en situation de handicap\u2026), approche directe de candidats en dehors des standards habituels, et accompagnement des managers pour garantir une int\u00e9gration r\u00e9ussie.<\/p>\n\n\n\n<h4 class=\"wp-block-heading\"><strong>Un cabinet align\u00e9 sur ses valeurs<\/strong><\/h4>\n\n\n\n<p>La cr\u00e9ation d\u2019\u00c9poque est aussi le reflet d\u2019une d\u00e9marche personnelle. Marqu\u00e9es par leurs exp\u00e9riences professionnelles et par une prise de conscience renforc\u00e9e face \u00e0 l\u2019urgence climatique et sociale, \u00c9lodie et Laurianne souhaitent construire une activit\u00e9 pleinement align\u00e9e avec leurs convictions.<br>\u00ab Nous voulons prouver qu\u2019il est possible d\u2019allier exigence, performance et impact positif. Accompagner les entreprises qui veulent faire mieux pour l\u2019environnement et pour la soci\u00e9t\u00e9, c\u2019est ce qui nous donne envie de nous lever chaque matin \u00bb, affirment-elles.<\/p>\n\n\n\n<p><strong>En s\u2019implantant sur inovall\u00e9e, \u00c9poque rejoint un \u00e9cosyst\u00e8me tourn\u00e9 vers l\u2019innovation et la transition, propice \u00e0 tisser des liens avec les acteurs engag\u00e9s du territoire. Avec cette double expertise \u2013 l\u2019exigence des m\u00e9tiers industriels et l\u2019engagement pour l\u2019impact \u2013 le cabinet entend bien imposer une nouvelle fa\u00e7on de penser le recrutement.<\/strong><\/p>","protected":false},"excerpt":{"rendered":"<p>N\u00e9e en 2023 de la rencontre de deux femmes issues du monde des ESN industrielles, \u00c9poque vient de s\u2019implanter sur inovall\u00e9e. Avec une expertise pointue dans le recrutement de profils hautement qualifi\u00e9s, le cabinet affiche une ambition claire : accompagner les entreprises engag\u00e9es dans les transitions \u00e9cologiques, soci\u00e9tales et inclusives, en coh\u00e9rence avec les valeurs [&hellip;]<\/p>\n","protected":false},"author":18,"featured_media":60958,"comment_status":"closed","ping_status":"open","sticky":false,"template":"","format":"standard","meta":{"footnotes":""},"categories":[63],"tags":[3088],"class_list":["post-60957","post","type-post","status-publish","format-standard","has-post-thumbnail","hentry","category-implantations","tag-epoque"],"yoast_head":"<!-- This site is optimized with the Yoast SEO plugin v27.4 - https:\/\/yoast.com\/product\/yoast-seo-wordpress\/ -->\n<title>\u00c9poque : deux entrepreneures engag\u00e9es s\u2019installent sur inovall\u00e9e - inovall\u00e9e<\/title>\n<meta name=\"description\" content=\"En s\u2019implantant sur inovall\u00e9e, \u00c9poque rejoint un \u00e9cosyst\u00e8me tourn\u00e9 vers l\u2019innovation et la transition, propice \u00e0 tisser des liens avec les acteurs engag\u00e9s du territoire.\" \/>\n<meta name=\"robots\" content=\"index, follow, max-snippet:-1, max-image-preview:large, max-video-preview:-1\" \/>\n<link rel=\"canonical\" href=\"https:\/\/www.inovallee.com\/en\/epoque-deux-entrepreneures-engagees-sinstallent-sur-inovallee\/\" \/>\n<meta property=\"og:locale\" content=\"en_GB\" \/>\n<meta property=\"og:type\" content=\"article\" \/>\n<meta property=\"og:title\" content=\"\u00c9poque : deux entrepreneures engag\u00e9es s\u2019installent sur inovall\u00e9e - inovall\u00e9e\" \/>\n<meta property=\"og:description\" content=\"En s\u2019implantant sur inovall\u00e9e, \u00c9poque rejoint un \u00e9cosyst\u00e8me tourn\u00e9 vers l\u2019innovation et la transition, propice \u00e0 tisser des liens avec les acteurs engag\u00e9s du territoire.\" \/>\n<meta property=\"og:url\" content=\"https:\/\/www.inovallee.com\/en\/epoque-deux-entrepreneures-engagees-sinstallent-sur-inovallee\/\" \/>\n<meta property=\"og:site_name\" content=\"inovall\u00e9e\" \/>\n<meta property=\"article:publisher\" content=\"https:\/\/www.facebook.com\/technopoleinovallee\/\" \/>\n<meta property=\"article:published_time\" content=\"2025-09-03T15:33:01+00:00\" \/>\n<meta property=\"article:modified_time\" content=\"2025-09-10T14:08:24+00:00\" \/>\n<meta property=\"og:image\" content=\"https:\/\/www.inovallee.com\/wp-content\/uploads\/2025\/09\/Equipe-TechFest-2025-scaled.jpeg\" \/>\n\t<meta property=\"og:image:width\" content=\"1365\" \/>\n\t<meta property=\"og:image:height\" content=\"2048\" \/>\n\t<meta property=\"og:image:type\" content=\"image\/jpeg\" \/>\n<meta name=\"author\" content=\"Margaux De la Fuente\" \/>\n<meta name=\"twitter:card\" content=\"summary_large_image\" \/>\n<meta name=\"twitter:creator\" content=\"@inovallee\" \/>\n<meta name=\"twitter:site\" content=\"@inovallee\" \/>\n<meta name=\"twitter:label1\" content=\"Written by\" \/>\n\t<meta name=\"twitter:data1\" content=\"Margaux De la Fuente\" \/>\n\t<meta name=\"twitter:label2\" content=\"Estimated reading time\" \/>\n\t<meta name=\"twitter:data2\" content=\"4 minutes\" \/>\n<script type=\"application\/ld+json\" class=\"yoast-schema-graph\">{\"@context\":\"https:\\\/\\\/schema.org\",\"@graph\":[{\"@type\":\"Article\",\"@id\":\"https:\\\/\\\/www.inovallee.com\\\/epoque-deux-entrepreneures-engagees-sinstallent-sur-inovallee\\\/#article\",\"isPartOf\":{\"@id\":\"https:\\\/\\\/www.inovallee.com\\\/epoque-deux-entrepreneures-engagees-sinstallent-sur-inovallee\\\/\"},\"author\":{\"name\":\"Margaux De la Fuente\",\"@id\":\"https:\\\/\\\/www.inovallee.com\\\/#\\\/schema\\\/person\\\/92dc7fd313568f5cc54aba72aba732fe\"},\"headline\":\"\u00c9poque : deux entrepreneures engag\u00e9es s\u2019installent sur inovall\u00e9e\",\"datePublished\":\"2025-09-03T15:33:01+00:00\",\"dateModified\":\"2025-09-10T14:08:24+00:00\",\"mainEntityOfPage\":{\"@id\":\"https:\\\/\\\/www.inovallee.com\\\/epoque-deux-entrepreneures-engagees-sinstallent-sur-inovallee\\\/\"},\"wordCount\":700,\"publisher\":{\"@id\":\"https:\\\/\\\/www.inovallee.com\\\/#organization\"},\"image\":{\"@id\":\"https:\\\/\\\/www.inovallee.com\\\/epoque-deux-entrepreneures-engagees-sinstallent-sur-inovallee\\\/#primaryimage\"},\"thumbnailUrl\":\"https:\\\/\\\/www.inovallee.com\\\/wp-content\\\/uploads\\\/2025\\\/09\\\/Equipe-TechFest-2025-scaled.jpeg\",\"keywords\":[\"epoque\"],\"articleSection\":[\"Arriv\u00e9es \\\/ d\u00e9parts (Implantations)\"],\"inLanguage\":\"en-GB\"},{\"@type\":\"WebPage\",\"@id\":\"https:\\\/\\\/www.inovallee.com\\\/epoque-deux-entrepreneures-engagees-sinstallent-sur-inovallee\\\/\",\"url\":\"https:\\\/\\\/www.inovallee.com\\\/epoque-deux-entrepreneures-engagees-sinstallent-sur-inovallee\\\/\",\"name\":\"\u00c9poque : deux entrepreneures engag\u00e9es s\u2019installent sur inovall\u00e9e - inovall\u00e9e\",\"isPartOf\":{\"@id\":\"https:\\\/\\\/www.inovallee.com\\\/#website\"},\"primaryImageOfPage\":{\"@id\":\"https:\\\/\\\/www.inovallee.com\\\/epoque-deux-entrepreneures-engagees-sinstallent-sur-inovallee\\\/#primaryimage\"},\"image\":{\"@id\":\"https:\\\/\\\/www.inovallee.com\\\/epoque-deux-entrepreneures-engagees-sinstallent-sur-inovallee\\\/#primaryimage\"},\"thumbnailUrl\":\"https:\\\/\\\/www.inovallee.com\\\/wp-content\\\/uploads\\\/2025\\\/09\\\/Equipe-TechFest-2025-scaled.jpeg\",\"datePublished\":\"2025-09-03T15:33:01+00:00\",\"dateModified\":\"2025-09-10T14:08:24+00:00\",\"description\":\"En s\u2019implantant sur inovall\u00e9e, \u00c9poque rejoint un \u00e9cosyst\u00e8me tourn\u00e9 vers l\u2019innovation et la transition, propice \u00e0 tisser des liens avec les acteurs engag\u00e9s du territoire.\",\"breadcrumb\":{\"@id\":\"https:\\\/\\\/www.inovallee.com\\\/epoque-deux-entrepreneures-engagees-sinstallent-sur-inovallee\\\/#breadcrumb\"},\"inLanguage\":\"en-GB\",\"potentialAction\":[{\"@type\":\"ReadAction\",\"target\":[\"https:\\\/\\\/www.inovallee.com\\\/epoque-deux-entrepreneures-engagees-sinstallent-sur-inovallee\\\/\"]}]},{\"@type\":\"ImageObject\",\"inLanguage\":\"en-GB\",\"@id\":\"https:\\\/\\\/www.inovallee.com\\\/epoque-deux-entrepreneures-engagees-sinstallent-sur-inovallee\\\/#primaryimage\",\"url\":\"https:\\\/\\\/www.inovallee.com\\\/wp-content\\\/uploads\\\/2025\\\/09\\\/Equipe-TechFest-2025-scaled.jpeg\",\"contentUrl\":\"https:\\\/\\\/www.inovallee.com\\\/wp-content\\\/uploads\\\/2025\\\/09\\\/Equipe-TechFest-2025-scaled.jpeg\",\"width\":1365,\"height\":2048},{\"@type\":\"BreadcrumbList\",\"@id\":\"https:\\\/\\\/www.inovallee.com\\\/epoque-deux-entrepreneures-engagees-sinstallent-sur-inovallee\\\/#breadcrumb\",\"itemListElement\":[{\"@type\":\"ListItem\",\"position\":1,\"name\":\"Accueil\",\"item\":\"https:\\\/\\\/www.inovallee.com\\\/\"},{\"@type\":\"ListItem\",\"position\":2,\"name\":\"\u00c9poque : deux entrepreneures engag\u00e9es s\u2019installent sur inovall\u00e9e\"}]},{\"@type\":\"WebSite\",\"@id\":\"https:\\\/\\\/www.inovallee.com\\\/#website\",\"url\":\"https:\\\/\\\/www.inovallee.com\\\/\",\"name\":\"inovall\u00e9e technopole, Home to software & smart technologies\",\"description\":\"Home to software &amp; smart technologies\",\"publisher\":{\"@id\":\"https:\\\/\\\/www.inovallee.com\\\/#organization\"},\"potentialAction\":[{\"@type\":\"SearchAction\",\"target\":{\"@type\":\"EntryPoint\",\"urlTemplate\":\"https:\\\/\\\/www.inovallee.com\\\/?s={search_term_string}\"},\"query-input\":{\"@type\":\"PropertyValueSpecification\",\"valueRequired\":true,\"valueName\":\"search_term_string\"}}],\"inLanguage\":\"en-GB\"},{\"@type\":\"Organization\",\"@id\":\"https:\\\/\\\/www.inovallee.com\\\/#organization\",\"name\":\"inovall\u00e9e\",\"url\":\"https:\\\/\\\/www.inovallee.com\\\/\",\"logo\":{\"@type\":\"ImageObject\",\"inLanguage\":\"en-GB\",\"@id\":\"https:\\\/\\\/www.inovallee.com\\\/#\\\/schema\\\/logo\\\/image\\\/\",\"url\":\"https:\\\/\\\/www.inovallee.com\\\/wp-content\\\/uploads\\\/2023\\\/08\\\/inovallee_2022_GrenobleAlpes.png\",\"contentUrl\":\"https:\\\/\\\/www.inovallee.com\\\/wp-content\\\/uploads\\\/2023\\\/08\\\/inovallee_2022_GrenobleAlpes.png\",\"width\":945,\"height\":369,\"caption\":\"inovall\u00e9e\"},\"image\":{\"@id\":\"https:\\\/\\\/www.inovallee.com\\\/#\\\/schema\\\/logo\\\/image\\\/\"},\"sameAs\":[\"https:\\\/\\\/www.facebook.com\\\/technopoleinovallee\\\/\",\"https:\\\/\\\/x.com\\\/inovallee\",\"https:\\\/\\\/www.linkedin.com\\\/company\\\/inovall-e\\\/\",\"https:\\\/\\\/www.youtube.com\\\/user\\\/inovallee?reload=9\"]},{\"@type\":\"Person\",\"@id\":\"https:\\\/\\\/www.inovallee.com\\\/#\\\/schema\\\/person\\\/92dc7fd313568f5cc54aba72aba732fe\",\"name\":\"Margaux De la Fuente\"}]}<\/script>\n<!-- \/ Yoast SEO plugin. -->","yoast_head_json":{"title":"\u00c9poque : deux entrepreneures engag\u00e9es s\u2019installent sur inovall\u00e9e - inovall\u00e9e","description":"En s\u2019implantant sur inovall\u00e9e, \u00c9poque rejoint un \u00e9cosyst\u00e8me tourn\u00e9 vers l\u2019innovation et la transition, propice \u00e0 tisser des liens avec les acteurs engag\u00e9s du territoire.","robots":{"index":"index","follow":"follow","max-snippet":"max-snippet:-1","max-image-preview":"max-image-preview:large","max-video-preview":"max-video-preview:-1"},"canonical":"https:\/\/www.inovallee.com\/en\/epoque-deux-entrepreneures-engagees-sinstallent-sur-inovallee\/","og_locale":"en_GB","og_type":"article","og_title":"\u00c9poque : deux entrepreneures engag\u00e9es s\u2019installent sur inovall\u00e9e - inovall\u00e9e","og_description":"En s\u2019implantant sur inovall\u00e9e, \u00c9poque rejoint un \u00e9cosyst\u00e8me tourn\u00e9 vers l\u2019innovation et la transition, propice \u00e0 tisser des liens avec les acteurs engag\u00e9s du territoire.","og_url":"https:\/\/www.inovallee.com\/en\/epoque-deux-entrepreneures-engagees-sinstallent-sur-inovallee\/","og_site_name":"inovall\u00e9e","article_publisher":"https:\/\/www.facebook.com\/technopoleinovallee\/","article_published_time":"2025-09-03T15:33:01+00:00","article_modified_time":"2025-09-10T14:08:24+00:00","og_image":[{"width":1365,"height":2048,"url":"https:\/\/www.inovallee.com\/wp-content\/uploads\/2025\/09\/Equipe-TechFest-2025-scaled.jpeg","type":"image\/jpeg"}],"author":"Margaux De la Fuente","twitter_card":"summary_large_image","twitter_creator":"@inovallee","twitter_site":"@inovallee","twitter_misc":{"Written by":"Margaux De la Fuente","Estimated reading time":"4 minutes"},"schema":{"@context":"https:\/\/schema.org","@graph":[{"@type":"Article","@id":"https:\/\/www.inovallee.com\/epoque-deux-entrepreneures-engagees-sinstallent-sur-inovallee\/#article","isPartOf":{"@id":"https:\/\/www.inovallee.com\/epoque-deux-entrepreneures-engagees-sinstallent-sur-inovallee\/"},"author":{"name":"Margaux De la Fuente","@id":"https:\/\/www.inovallee.com\/#\/schema\/person\/92dc7fd313568f5cc54aba72aba732fe"},"headline":"\u00c9poque : deux entrepreneures engag\u00e9es s\u2019installent sur inovall\u00e9e","datePublished":"2025-09-03T15:33:01+00:00","dateModified":"2025-09-10T14:08:24+00:00","mainEntityOfPage":{"@id":"https:\/\/www.inovallee.com\/epoque-deux-entrepreneures-engagees-sinstallent-sur-inovallee\/"},"wordCount":700,"publisher":{"@id":"https:\/\/www.inovallee.com\/#organization"},"image":{"@id":"https:\/\/www.inovallee.com\/epoque-deux-entrepreneures-engagees-sinstallent-sur-inovallee\/#primaryimage"},"thumbnailUrl":"https:\/\/www.inovallee.com\/wp-content\/uploads\/2025\/09\/Equipe-TechFest-2025-scaled.jpeg","keywords":["epoque"],"articleSection":["Arriv\u00e9es \/ d\u00e9parts (Implantations)"],"inLanguage":"en-GB"},{"@type":"WebPage","@id":"https:\/\/www.inovallee.com\/epoque-deux-entrepreneures-engagees-sinstallent-sur-inovallee\/","url":"https:\/\/www.inovallee.com\/epoque-deux-entrepreneures-engagees-sinstallent-sur-inovallee\/","name":"\u00c9poque : deux entrepreneures engag\u00e9es s\u2019installent sur inovall\u00e9e - inovall\u00e9e","isPartOf":{"@id":"https:\/\/www.inovallee.com\/#website"},"primaryImageOfPage":{"@id":"https:\/\/www.inovallee.com\/epoque-deux-entrepreneures-engagees-sinstallent-sur-inovallee\/#primaryimage"},"image":{"@id":"https:\/\/www.inovallee.com\/epoque-deux-entrepreneures-engagees-sinstallent-sur-inovallee\/#primaryimage"},"thumbnailUrl":"https:\/\/www.inovallee.com\/wp-content\/uploads\/2025\/09\/Equipe-TechFest-2025-scaled.jpeg","datePublished":"2025-09-03T15:33:01+00:00","dateModified":"2025-09-10T14:08:24+00:00","description":"En s\u2019implantant sur inovall\u00e9e, \u00c9poque rejoint un \u00e9cosyst\u00e8me tourn\u00e9 vers l\u2019innovation et la transition, propice \u00e0 tisser des liens avec les acteurs engag\u00e9s du territoire.","breadcrumb":{"@id":"https:\/\/www.inovallee.com\/epoque-deux-entrepreneures-engagees-sinstallent-sur-inovallee\/#breadcrumb"},"inLanguage":"en-GB","potentialAction":[{"@type":"ReadAction","target":["https:\/\/www.inovallee.com\/epoque-deux-entrepreneures-engagees-sinstallent-sur-inovallee\/"]}]},{"@type":"ImageObject","inLanguage":"en-GB","@id":"https:\/\/www.inovallee.com\/epoque-deux-entrepreneures-engagees-sinstallent-sur-inovallee\/#primaryimage","url":"https:\/\/www.inovallee.com\/wp-content\/uploads\/2025\/09\/Equipe-TechFest-2025-scaled.jpeg","contentUrl":"https:\/\/www.inovallee.com\/wp-content\/uploads\/2025\/09\/Equipe-TechFest-2025-scaled.jpeg","width":1365,"height":2048},{"@type":"BreadcrumbList","@id":"https:\/\/www.inovallee.com\/epoque-deux-entrepreneures-engagees-sinstallent-sur-inovallee\/#breadcrumb","itemListElement":[{"@type":"ListItem","position":1,"name":"Accueil","item":"https:\/\/www.inovallee.com\/"},{"@type":"ListItem","position":2,"name":"\u00c9poque : deux entrepreneures engag\u00e9es s\u2019installent sur inovall\u00e9e"}]},{"@type":"WebSite","@id":"https:\/\/www.inovallee.com\/#website","url":"https:\/\/www.inovallee.com\/","name":"inovall\u00e9e technopole, Home to software & smart technologies","description":"Home to software &amp; smart technologies","publisher":{"@id":"https:\/\/www.inovallee.com\/#organization"},"potentialAction":[{"@type":"SearchAction","target":{"@type":"EntryPoint","urlTemplate":"https:\/\/www.inovallee.com\/?s={search_term_string}"},"query-input":{"@type":"PropertyValueSpecification","valueRequired":true,"valueName":"search_term_string"}}],"inLanguage":"en-GB"},{"@type":"Organization","@id":"https:\/\/www.inovallee.com\/#organization","name":"inovall\u00e9e","url":"https:\/\/www.inovallee.com\/","logo":{"@type":"ImageObject","inLanguage":"en-GB","@id":"https:\/\/www.inovallee.com\/#\/schema\/logo\/image\/","url":"https:\/\/www.inovallee.com\/wp-content\/uploads\/2023\/08\/inovallee_2022_GrenobleAlpes.png","contentUrl":"https:\/\/www.inovallee.com\/wp-content\/uploads\/2023\/08\/inovallee_2022_GrenobleAlpes.png","width":945,"height":369,"caption":"inovall\u00e9e"},"image":{"@id":"https:\/\/www.inovallee.com\/#\/schema\/logo\/image\/"},"sameAs":["https:\/\/www.facebook.com\/technopoleinovallee\/","https:\/\/x.com\/inovallee","https:\/\/www.linkedin.com\/company\/inovall-e\/","https:\/\/www.youtube.com\/user\/inovallee?reload=9"]},{"@type":"Person","@id":"https:\/\/www.inovallee.com\/#\/schema\/person\/92dc7fd313568f5cc54aba72aba732fe","name":"Margaux De la Fuente"}]}},"_links":{"self":[{"href":"https:\/\/www.inovallee.com\/en\/wp-json\/wp\/v2\/posts\/60957","targetHints":{"allow":["GET"]}}],"collection":[{"href":"https:\/\/www.inovallee.com\/en\/wp-json\/wp\/v2\/posts"}],"about":[{"href":"https:\/\/www.inovallee.com\/en\/wp-json\/wp\/v2\/types\/post"}],"author":[{"embeddable":true,"href":"https:\/\/www.inovallee.com\/en\/wp-json\/wp\/v2\/users\/18"}],"replies":[{"embeddable":true,"href":"https:\/\/www.inovallee.com\/en\/wp-json\/wp\/v2\/comments?post=60957"}],"version-history":[{"count":1,"href":"https:\/\/www.inovallee.com\/en\/wp-json\/wp\/v2\/posts\/60957\/revisions"}],"predecessor-version":[{"id":60959,"href":"https:\/\/www.inovallee.com\/en\/wp-json\/wp\/v2\/posts\/60957\/revisions\/60959"}],"wp:featuredmedia":[{"embeddable":true,"href":"https:\/\/www.inovallee.com\/en\/wp-json\/wp\/v2\/media\/60958"}],"wp:attachment":[{"href":"https:\/\/www.inovallee.com\/en\/wp-json\/wp\/v2\/media?parent=60957"}],"wp:term":[{"taxonomy":"category","embeddable":true,"href":"https:\/\/www.inovallee.com\/en\/wp-json\/wp\/v2\/categories?post=60957"},{"taxonomy":"post_tag","embeddable":true,"href":"https:\/\/www.inovallee.com\/en\/wp-json\/wp\/v2\/tags?post=60957"}],"curies":[{"name":"wp","href":"https:\/\/api.w.org\/{rel}","templated":true}]}}