{"id":60982,"date":"2025-09-04T18:29:57","date_gmt":"2025-09-04T16:29:57","guid":{"rendered":"https:\/\/www.inovallee.com\/?p=60982"},"modified":"2025-09-04T18:29:59","modified_gmt":"2025-09-04T16:29:59","slug":"ecole-de-la-batterie-cesi-forme-les-talents-au-service-de-la-reindustrialisation-de-leurope","status":"publish","type":"post","link":"https:\/\/www.inovallee.com\/en\/ecole-de-la-batterie-cesi-forme-les-talents-au-service-de-la-reindustrialisation-de-leurope\/","title":{"rendered":"\u00c9cole de la batterie : CESI forme les talents au service de la r\u00e9industrialisation de l\u2019Europe"},"content":{"rendered":"<p><strong>Au c\u0153ur de la transition \u00e9nerg\u00e9tique et de la r\u00e9industrialisation europ\u00e9enne, CESI \u00e9cole d\u2019ing\u00e9nieur s\u2019engage pleinement dans le projet d\u2019\u00ab \u00c9cole de la batterie \u00bb, initi\u00e9 par Verkor en 2022 et soutenu par le plan France 2030. Objectif : former 8 000 dipl\u00f4m\u00e9s d\u2019ici 2027, du CAP au doctorat, pour accompagner l\u2019essor strat\u00e9gique de la fili\u00e8re.<\/strong><\/p>\n\n\n<div class=\"wp-block-image\">\n<figure class=\"aligncenter size-full is-resized\"><img fetchpriority=\"high\" decoding=\"async\" width=\"756\" height=\"449\" src=\"https:\/\/www.inovallee.com\/wp-content\/uploads\/2025\/09\/image.jpg\" alt=\"\" class=\"wp-image-60983\" style=\"width:auto;height:200px\" srcset=\"https:\/\/www.inovallee.com\/wp-content\/uploads\/2025\/09\/image.jpg 756w, https:\/\/www.inovallee.com\/wp-content\/uploads\/2025\/09\/image-300x178.jpg 300w, https:\/\/www.inovallee.com\/wp-content\/uploads\/2025\/09\/image-18x12.jpg 18w\" sizes=\"(max-width: 756px) 100vw, 756px\" \/><\/figure><\/div>\n\n\n<h4 class=\"wp-block-heading\"><strong>Un projet strat\u00e9gique pour la fili\u00e8re batterie europ\u00e9enne<\/strong><\/h4>\n\n\n\n<p>Avec un budget de 20 millions d\u2019euros et le soutien de 15 partenaires industriels et acad\u00e9miques, l\u2019\u00c9cole de la batterie r\u00e9pond \u00e0 l\u2019urgence de former les comp\u00e9tences indispensables \u00e0 l\u2019essor de la mobilit\u00e9 \u00e9lectrique. Ce programme s\u2019inscrit dans l\u2019objectif ambitieux de produire 2 millions de v\u00e9hicules \u00e9lectriques et hybrides en France d\u2019ici 2030.<\/p>\n\n\n\n<p>Le consortium rassemble des acteurs de r\u00e9f\u00e9rence : industriels (Corys, Verkor), organismes de formation (AFPA, CNAM, ENSAM) et \u00e9tablissements d\u2019enseignement sup\u00e9rieur (Universit\u00e9 Lyon 1, Grenoble-INP, CEA INSTN, CESI, etc.), ainsi que des p\u00f4les de comp\u00e9titivit\u00e9 comme Tenerrdis.<\/p>\n\n\n\n<figure class=\"wp-block-image size-full\"><img decoding=\"async\" width=\"749\" height=\"728\" src=\"https:\/\/www.inovallee.com\/wp-content\/uploads\/2025\/09\/image-1.jpg\" alt=\"\" class=\"wp-image-60984\" srcset=\"https:\/\/www.inovallee.com\/wp-content\/uploads\/2025\/09\/image-1.jpg 749w, https:\/\/www.inovallee.com\/wp-content\/uploads\/2025\/09\/image-1-300x292.jpg 300w, https:\/\/www.inovallee.com\/wp-content\/uploads\/2025\/09\/image-1-12x12.jpg 12w\" sizes=\"(max-width: 749px) 100vw, 749px\" \/><\/figure>\n\n\n\n<h4 class=\"wp-block-heading\"><strong>CESI, acteur cl\u00e9 de la formation<\/strong><\/h4>\n\n\n\n<p>Fort de ses 25 campus en France, CESI s\u2019illustre dans ce projet via son campus de Meylan, au c\u0153ur d\u2019Inovall\u00e9e, et son laboratoire de recherche CESI LINEACT qui contribue \u00e0 l\u2019innovation scientifique de la fili\u00e8re. Deux th\u00e8ses de doctorat sont d\u00e9j\u00e0 financ\u00e9es dans ce cadre.<\/p>\n\n\n\n<p>Pour r\u00e9pondre aux besoins des op\u00e9rateurs, techniciens et ing\u00e9nieurs sp\u00e9cialis\u00e9s dans les batteries, CESI a con\u00e7u une offre compl\u00e8te de formations, allant du certificat aux dipl\u00f4mes d\u2019ing\u00e9nieur :<\/p>\n\n\n\n<ul class=\"wp-block-list\">\n<li>Certificat Fondamentaux technologiques et industriels des batteries<\/li>\n\n\n\n<li>Certificat Ma\u00eetrise avanc\u00e9e de l\u2019industrialisation des batteries<\/li>\n\n\n\n<li>Responsable performance industrielle des megafactories de la batterie (Bac+3)<\/li>\n\n\n\n<li>Technicien\u00b7ne performance industrielle des megafactories de la batterie \u2013 options logistique, maintenance ou m\u00e9thodes (Bac+2)<\/li>\n\n\n\n<li>Bachelor G\u00e9nie industriel et syst\u00e8mes num\u00e9riques (Bac+3)<\/li>\n\n\n\n<li>Dipl\u00f4me d\u2019ing\u00e9nieur g\u00e9n\u00e9raliste CESI en formation initiale ou par apprentissage (Bac+5)<\/li>\n<\/ul>\n\n\n\n<h4 class=\"wp-block-heading\"><strong>Une ambition partag\u00e9e : r\u00e9industrialiser l\u2019Europe<\/strong><\/h4>\n\n\n\n<p>En int\u00e9grant l\u2019\u00c9cole de la batterie, CESI confirme sa mission : accompagner les transitions industrielles et \u00e9nerg\u00e9tiques par la formation de talents op\u00e9rationnels et innovants. Cette initiative s\u2019inscrit dans une dynamique nationale et europ\u00e9enne qui associe comp\u00e9titivit\u00e9, souverainet\u00e9 industrielle et transition \u00e9cologique.<\/p>\n\n\n\n<p>Comme le r\u00e9sume la philosophie du projet : former aujourd\u2019hui les experts qui construiront demain l\u2019Europe de la batterie.<\/p>\n\n\n\n<p><a href=\"https:\/\/www.cesi.fr\/formation\/fondamentaux-technologiques-et-industriels-des-batteries-2599566\/\" target=\"_blank\" rel=\"noreferrer noopener\">Discover <\/a><\/p>","protected":false},"excerpt":{"rendered":"<p>Au c\u0153ur de la transition \u00e9nerg\u00e9tique et de la r\u00e9industrialisation europ\u00e9enne, CESI \u00e9cole d\u2019ing\u00e9nieur s\u2019engage pleinement dans le projet d\u2019\u00ab \u00c9cole de la batterie \u00bb, initi\u00e9 par Verkor en 2022 et soutenu par le plan France 2030. Objectif : former 8 000 dipl\u00f4m\u00e9s d\u2019ici 2027, du CAP au doctorat, pour accompagner l\u2019essor strat\u00e9gique de la [&hellip;]<\/p>\n","protected":false},"author":18,"featured_media":39019,"comment_status":"closed","ping_status":"open","sticky":false,"template":"","format":"standard","meta":{"footnotes":""},"categories":[59],"tags":[1464],"class_list":["post-60982","post","type-post","status-publish","format-standard","has-post-thumbnail","hentry","category-formation-developpement-competences-salaries","tag-cesi"],"yoast_head":"<!-- This site is optimized with the Yoast SEO plugin v27.4 - https:\/\/yoast.com\/product\/yoast-seo-wordpress\/ -->\n<title>\u00c9cole de la batterie : CESI forme les talents au service de la r\u00e9industrialisation de l\u2019Europe - inovall\u00e9e<\/title>\n<meta name=\"description\" content=\"Au c\u0153ur de la transition \u00e9nerg\u00e9tique et de la r\u00e9industrialisation europ\u00e9enne, CESI \u00e9cole d\u2019ing\u00e9nieur sur inovall\u00e9e \u00e0 Meylan s\u2019engage pleinement dans le projet d\u2019\u00ab \u00c9cole de la batterie \u00bb\" \/>\n<meta name=\"robots\" content=\"index, follow, max-snippet:-1, max-image-preview:large, max-video-preview:-1\" \/>\n<link rel=\"canonical\" href=\"https:\/\/www.inovallee.com\/en\/ecole-de-la-batterie-cesi-forme-les-talents-au-service-de-la-reindustrialisation-de-leurope\/\" \/>\n<meta property=\"og:locale\" content=\"en_GB\" \/>\n<meta property=\"og:type\" content=\"article\" \/>\n<meta property=\"og:title\" content=\"\u00c9cole de la batterie : CESI forme les talents au service de la r\u00e9industrialisation de l\u2019Europe - inovall\u00e9e\" \/>\n<meta property=\"og:description\" content=\"Au c\u0153ur de la transition \u00e9nerg\u00e9tique et de la r\u00e9industrialisation europ\u00e9enne, CESI \u00e9cole d\u2019ing\u00e9nieur sur inovall\u00e9e \u00e0 Meylan s\u2019engage pleinement dans le projet d\u2019\u00ab \u00c9cole de la batterie \u00bb\" \/>\n<meta property=\"og:url\" content=\"https:\/\/www.inovallee.com\/en\/ecole-de-la-batterie-cesi-forme-les-talents-au-service-de-la-reindustrialisation-de-leurope\/\" \/>\n<meta property=\"og:site_name\" content=\"inovall\u00e9e\" \/>\n<meta property=\"article:publisher\" content=\"https:\/\/www.facebook.com\/technopoleinovallee\/\" \/>\n<meta property=\"article:published_time\" content=\"2025-09-04T16:29:57+00:00\" \/>\n<meta property=\"article:modified_time\" content=\"2025-09-04T16:29:59+00:00\" \/>\n<meta property=\"og:image\" content=\"https:\/\/www.inovallee.com\/wp-content\/uploads\/2022\/02\/cesi-grenoble.png\" \/>\n\t<meta property=\"og:image:width\" content=\"600\" \/>\n\t<meta property=\"og:image:height\" content=\"300\" \/>\n\t<meta property=\"og:image:type\" content=\"image\/png\" \/>\n<meta name=\"author\" content=\"Margaux De la Fuente\" \/>\n<meta name=\"twitter:card\" content=\"summary_large_image\" \/>\n<meta name=\"twitter:creator\" content=\"@inovallee\" \/>\n<meta name=\"twitter:site\" content=\"@inovallee\" \/>\n<meta name=\"twitter:label1\" content=\"Written by\" \/>\n\t<meta name=\"twitter:data1\" content=\"Margaux De la Fuente\" \/>\n\t<meta name=\"twitter:label2\" content=\"Estimated reading time\" \/>\n\t<meta name=\"twitter:data2\" content=\"3 minutes\" \/>\n<script type=\"application\/ld+json\" class=\"yoast-schema-graph\">{\"@context\":\"https:\\\/\\\/schema.org\",\"@graph\":[{\"@type\":\"Article\",\"@id\":\"https:\\\/\\\/www.inovallee.com\\\/ecole-de-la-batterie-cesi-forme-les-talents-au-service-de-la-reindustrialisation-de-leurope\\\/#article\",\"isPartOf\":{\"@id\":\"https:\\\/\\\/www.inovallee.com\\\/ecole-de-la-batterie-cesi-forme-les-talents-au-service-de-la-reindustrialisation-de-leurope\\\/\"},\"author\":{\"name\":\"Margaux De la Fuente\",\"@id\":\"https:\\\/\\\/www.inovallee.com\\\/#\\\/schema\\\/person\\\/92dc7fd313568f5cc54aba72aba732fe\"},\"headline\":\"\u00c9cole de la batterie : CESI forme les talents au service de la r\u00e9industrialisation de l\u2019Europe\",\"datePublished\":\"2025-09-04T16:29:57+00:00\",\"dateModified\":\"2025-09-04T16:29:59+00:00\",\"mainEntityOfPage\":{\"@id\":\"https:\\\/\\\/www.inovallee.com\\\/ecole-de-la-batterie-cesi-forme-les-talents-au-service-de-la-reindustrialisation-de-leurope\\\/\"},\"wordCount\":431,\"publisher\":{\"@id\":\"https:\\\/\\\/www.inovallee.com\\\/#organization\"},\"image\":{\"@id\":\"https:\\\/\\\/www.inovallee.com\\\/ecole-de-la-batterie-cesi-forme-les-talents-au-service-de-la-reindustrialisation-de-leurope\\\/#primaryimage\"},\"thumbnailUrl\":\"https:\\\/\\\/www.inovallee.com\\\/wp-content\\\/uploads\\\/2022\\\/02\\\/cesi-grenoble.png\",\"keywords\":[\"cesi\"],\"articleSection\":[\"Formations et d\u00e9veloppement des comp\u00e9tences\"],\"inLanguage\":\"en-GB\"},{\"@type\":\"WebPage\",\"@id\":\"https:\\\/\\\/www.inovallee.com\\\/ecole-de-la-batterie-cesi-forme-les-talents-au-service-de-la-reindustrialisation-de-leurope\\\/\",\"url\":\"https:\\\/\\\/www.inovallee.com\\\/ecole-de-la-batterie-cesi-forme-les-talents-au-service-de-la-reindustrialisation-de-leurope\\\/\",\"name\":\"\u00c9cole de la batterie : CESI forme les talents au service de la r\u00e9industrialisation de l\u2019Europe - inovall\u00e9e\",\"isPartOf\":{\"@id\":\"https:\\\/\\\/www.inovallee.com\\\/#website\"},\"primaryImageOfPage\":{\"@id\":\"https:\\\/\\\/www.inovallee.com\\\/ecole-de-la-batterie-cesi-forme-les-talents-au-service-de-la-reindustrialisation-de-leurope\\\/#primaryimage\"},\"image\":{\"@id\":\"https:\\\/\\\/www.inovallee.com\\\/ecole-de-la-batterie-cesi-forme-les-talents-au-service-de-la-reindustrialisation-de-leurope\\\/#primaryimage\"},\"thumbnailUrl\":\"https:\\\/\\\/www.inovallee.com\\\/wp-content\\\/uploads\\\/2022\\\/02\\\/cesi-grenoble.png\",\"datePublished\":\"2025-09-04T16:29:57+00:00\",\"dateModified\":\"2025-09-04T16:29:59+00:00\",\"description\":\"Au c\u0153ur de la transition \u00e9nerg\u00e9tique et de la r\u00e9industrialisation europ\u00e9enne, CESI \u00e9cole d\u2019ing\u00e9nieur sur inovall\u00e9e \u00e0 Meylan s\u2019engage pleinement dans le projet d\u2019\u00ab \u00c9cole de la batterie \u00bb\",\"breadcrumb\":{\"@id\":\"https:\\\/\\\/www.inovallee.com\\\/ecole-de-la-batterie-cesi-forme-les-talents-au-service-de-la-reindustrialisation-de-leurope\\\/#breadcrumb\"},\"inLanguage\":\"en-GB\",\"potentialAction\":[{\"@type\":\"ReadAction\",\"target\":[\"https:\\\/\\\/www.inovallee.com\\\/ecole-de-la-batterie-cesi-forme-les-talents-au-service-de-la-reindustrialisation-de-leurope\\\/\"]}]},{\"@type\":\"ImageObject\",\"inLanguage\":\"en-GB\",\"@id\":\"https:\\\/\\\/www.inovallee.com\\\/ecole-de-la-batterie-cesi-forme-les-talents-au-service-de-la-reindustrialisation-de-leurope\\\/#primaryimage\",\"url\":\"https:\\\/\\\/www.inovallee.com\\\/wp-content\\\/uploads\\\/2022\\\/02\\\/cesi-grenoble.png\",\"contentUrl\":\"https:\\\/\\\/www.inovallee.com\\\/wp-content\\\/uploads\\\/2022\\\/02\\\/cesi-grenoble.png\",\"width\":600,\"height\":300},{\"@type\":\"BreadcrumbList\",\"@id\":\"https:\\\/\\\/www.inovallee.com\\\/ecole-de-la-batterie-cesi-forme-les-talents-au-service-de-la-reindustrialisation-de-leurope\\\/#breadcrumb\",\"itemListElement\":[{\"@type\":\"ListItem\",\"position\":1,\"name\":\"Accueil\",\"item\":\"https:\\\/\\\/www.inovallee.com\\\/\"},{\"@type\":\"ListItem\",\"position\":2,\"name\":\"\u00c9cole de la batterie : CESI forme les talents au service de la r\u00e9industrialisation de l\u2019Europe\"}]},{\"@type\":\"WebSite\",\"@id\":\"https:\\\/\\\/www.inovallee.com\\\/#website\",\"url\":\"https:\\\/\\\/www.inovallee.com\\\/\",\"name\":\"inovall\u00e9e technopole, Home to software & smart technologies\",\"description\":\"Home to software &amp; smart technologies\",\"publisher\":{\"@id\":\"https:\\\/\\\/www.inovallee.com\\\/#organization\"},\"potentialAction\":[{\"@type\":\"SearchAction\",\"target\":{\"@type\":\"EntryPoint\",\"urlTemplate\":\"https:\\\/\\\/www.inovallee.com\\\/?s={search_term_string}\"},\"query-input\":{\"@type\":\"PropertyValueSpecification\",\"valueRequired\":true,\"valueName\":\"search_term_string\"}}],\"inLanguage\":\"en-GB\"},{\"@type\":\"Organization\",\"@id\":\"https:\\\/\\\/www.inovallee.com\\\/#organization\",\"name\":\"inovall\u00e9e\",\"url\":\"https:\\\/\\\/www.inovallee.com\\\/\",\"logo\":{\"@type\":\"ImageObject\",\"inLanguage\":\"en-GB\",\"@id\":\"https:\\\/\\\/www.inovallee.com\\\/#\\\/schema\\\/logo\\\/image\\\/\",\"url\":\"https:\\\/\\\/www.inovallee.com\\\/wp-content\\\/uploads\\\/2023\\\/08\\\/inovallee_2022_GrenobleAlpes.png\",\"contentUrl\":\"https:\\\/\\\/www.inovallee.com\\\/wp-content\\\/uploads\\\/2023\\\/08\\\/inovallee_2022_GrenobleAlpes.png\",\"width\":945,\"height\":369,\"caption\":\"inovall\u00e9e\"},\"image\":{\"@id\":\"https:\\\/\\\/www.inovallee.com\\\/#\\\/schema\\\/logo\\\/image\\\/\"},\"sameAs\":[\"https:\\\/\\\/www.facebook.com\\\/technopoleinovallee\\\/\",\"https:\\\/\\\/x.com\\\/inovallee\",\"https:\\\/\\\/www.linkedin.com\\\/company\\\/inovall-e\\\/\",\"https:\\\/\\\/www.youtube.com\\\/user\\\/inovallee?reload=9\"]},{\"@type\":\"Person\",\"@id\":\"https:\\\/\\\/www.inovallee.com\\\/#\\\/schema\\\/person\\\/92dc7fd313568f5cc54aba72aba732fe\",\"name\":\"Margaux De la Fuente\"}]}<\/script>\n<!-- \/ Yoast SEO plugin. -->","yoast_head_json":{"title":"\u00c9cole de la batterie : CESI forme les talents au service de la r\u00e9industrialisation de l\u2019Europe - inovall\u00e9e","description":"Au c\u0153ur de la transition \u00e9nerg\u00e9tique et de la r\u00e9industrialisation europ\u00e9enne, CESI \u00e9cole d\u2019ing\u00e9nieur sur inovall\u00e9e \u00e0 Meylan s\u2019engage pleinement dans le projet d\u2019\u00ab \u00c9cole de la batterie \u00bb","robots":{"index":"index","follow":"follow","max-snippet":"max-snippet:-1","max-image-preview":"max-image-preview:large","max-video-preview":"max-video-preview:-1"},"canonical":"https:\/\/www.inovallee.com\/en\/ecole-de-la-batterie-cesi-forme-les-talents-au-service-de-la-reindustrialisation-de-leurope\/","og_locale":"en_GB","og_type":"article","og_title":"\u00c9cole de la batterie : CESI forme les talents au service de la r\u00e9industrialisation de l\u2019Europe - inovall\u00e9e","og_description":"Au c\u0153ur de la transition \u00e9nerg\u00e9tique et de la r\u00e9industrialisation europ\u00e9enne, CESI \u00e9cole d\u2019ing\u00e9nieur sur inovall\u00e9e \u00e0 Meylan s\u2019engage pleinement dans le projet d\u2019\u00ab \u00c9cole de la batterie \u00bb","og_url":"https:\/\/www.inovallee.com\/en\/ecole-de-la-batterie-cesi-forme-les-talents-au-service-de-la-reindustrialisation-de-leurope\/","og_site_name":"inovall\u00e9e","article_publisher":"https:\/\/www.facebook.com\/technopoleinovallee\/","article_published_time":"2025-09-04T16:29:57+00:00","article_modified_time":"2025-09-04T16:29:59+00:00","og_image":[{"width":600,"height":300,"url":"https:\/\/www.inovallee.com\/wp-content\/uploads\/2022\/02\/cesi-grenoble.png","type":"image\/png"}],"author":"Margaux De la Fuente","twitter_card":"summary_large_image","twitter_creator":"@inovallee","twitter_site":"@inovallee","twitter_misc":{"Written by":"Margaux De la Fuente","Estimated reading time":"3 minutes"},"schema":{"@context":"https:\/\/schema.org","@graph":[{"@type":"Article","@id":"https:\/\/www.inovallee.com\/ecole-de-la-batterie-cesi-forme-les-talents-au-service-de-la-reindustrialisation-de-leurope\/#article","isPartOf":{"@id":"https:\/\/www.inovallee.com\/ecole-de-la-batterie-cesi-forme-les-talents-au-service-de-la-reindustrialisation-de-leurope\/"},"author":{"name":"Margaux De la Fuente","@id":"https:\/\/www.inovallee.com\/#\/schema\/person\/92dc7fd313568f5cc54aba72aba732fe"},"headline":"\u00c9cole de la batterie : CESI forme les talents au service de la r\u00e9industrialisation de l\u2019Europe","datePublished":"2025-09-04T16:29:57+00:00","dateModified":"2025-09-04T16:29:59+00:00","mainEntityOfPage":{"@id":"https:\/\/www.inovallee.com\/ecole-de-la-batterie-cesi-forme-les-talents-au-service-de-la-reindustrialisation-de-leurope\/"},"wordCount":431,"publisher":{"@id":"https:\/\/www.inovallee.com\/#organization"},"image":{"@id":"https:\/\/www.inovallee.com\/ecole-de-la-batterie-cesi-forme-les-talents-au-service-de-la-reindustrialisation-de-leurope\/#primaryimage"},"thumbnailUrl":"https:\/\/www.inovallee.com\/wp-content\/uploads\/2022\/02\/cesi-grenoble.png","keywords":["cesi"],"articleSection":["Formations et d\u00e9veloppement des comp\u00e9tences"],"inLanguage":"en-GB"},{"@type":"WebPage","@id":"https:\/\/www.inovallee.com\/ecole-de-la-batterie-cesi-forme-les-talents-au-service-de-la-reindustrialisation-de-leurope\/","url":"https:\/\/www.inovallee.com\/ecole-de-la-batterie-cesi-forme-les-talents-au-service-de-la-reindustrialisation-de-leurope\/","name":"\u00c9cole de la batterie : CESI forme les talents au service de la r\u00e9industrialisation de l\u2019Europe - inovall\u00e9e","isPartOf":{"@id":"https:\/\/www.inovallee.com\/#website"},"primaryImageOfPage":{"@id":"https:\/\/www.inovallee.com\/ecole-de-la-batterie-cesi-forme-les-talents-au-service-de-la-reindustrialisation-de-leurope\/#primaryimage"},"image":{"@id":"https:\/\/www.inovallee.com\/ecole-de-la-batterie-cesi-forme-les-talents-au-service-de-la-reindustrialisation-de-leurope\/#primaryimage"},"thumbnailUrl":"https:\/\/www.inovallee.com\/wp-content\/uploads\/2022\/02\/cesi-grenoble.png","datePublished":"2025-09-04T16:29:57+00:00","dateModified":"2025-09-04T16:29:59+00:00","description":"Au c\u0153ur de la transition \u00e9nerg\u00e9tique et de la r\u00e9industrialisation europ\u00e9enne, CESI \u00e9cole d\u2019ing\u00e9nieur sur inovall\u00e9e \u00e0 Meylan s\u2019engage pleinement dans le projet d\u2019\u00ab \u00c9cole de la batterie \u00bb","breadcrumb":{"@id":"https:\/\/www.inovallee.com\/ecole-de-la-batterie-cesi-forme-les-talents-au-service-de-la-reindustrialisation-de-leurope\/#breadcrumb"},"inLanguage":"en-GB","potentialAction":[{"@type":"ReadAction","target":["https:\/\/www.inovallee.com\/ecole-de-la-batterie-cesi-forme-les-talents-au-service-de-la-reindustrialisation-de-leurope\/"]}]},{"@type":"ImageObject","inLanguage":"en-GB","@id":"https:\/\/www.inovallee.com\/ecole-de-la-batterie-cesi-forme-les-talents-au-service-de-la-reindustrialisation-de-leurope\/#primaryimage","url":"https:\/\/www.inovallee.com\/wp-content\/uploads\/2022\/02\/cesi-grenoble.png","contentUrl":"https:\/\/www.inovallee.com\/wp-content\/uploads\/2022\/02\/cesi-grenoble.png","width":600,"height":300},{"@type":"BreadcrumbList","@id":"https:\/\/www.inovallee.com\/ecole-de-la-batterie-cesi-forme-les-talents-au-service-de-la-reindustrialisation-de-leurope\/#breadcrumb","itemListElement":[{"@type":"ListItem","position":1,"name":"Accueil","item":"https:\/\/www.inovallee.com\/"},{"@type":"ListItem","position":2,"name":"\u00c9cole de la batterie : CESI forme les talents au service de la r\u00e9industrialisation de l\u2019Europe"}]},{"@type":"WebSite","@id":"https:\/\/www.inovallee.com\/#website","url":"https:\/\/www.inovallee.com\/","name":"inovall\u00e9e technopole, Home to software & smart technologies","description":"Home to software &amp; smart technologies","publisher":{"@id":"https:\/\/www.inovallee.com\/#organization"},"potentialAction":[{"@type":"SearchAction","target":{"@type":"EntryPoint","urlTemplate":"https:\/\/www.inovallee.com\/?s={search_term_string}"},"query-input":{"@type":"PropertyValueSpecification","valueRequired":true,"valueName":"search_term_string"}}],"inLanguage":"en-GB"},{"@type":"Organization","@id":"https:\/\/www.inovallee.com\/#organization","name":"inovall\u00e9e","url":"https:\/\/www.inovallee.com\/","logo":{"@type":"ImageObject","inLanguage":"en-GB","@id":"https:\/\/www.inovallee.com\/#\/schema\/logo\/image\/","url":"https:\/\/www.inovallee.com\/wp-content\/uploads\/2023\/08\/inovallee_2022_GrenobleAlpes.png","contentUrl":"https:\/\/www.inovallee.com\/wp-content\/uploads\/2023\/08\/inovallee_2022_GrenobleAlpes.png","width":945,"height":369,"caption":"inovall\u00e9e"},"image":{"@id":"https:\/\/www.inovallee.com\/#\/schema\/logo\/image\/"},"sameAs":["https:\/\/www.facebook.com\/technopoleinovallee\/","https:\/\/x.com\/inovallee","https:\/\/www.linkedin.com\/company\/inovall-e\/","https:\/\/www.youtube.com\/user\/inovallee?reload=9"]},{"@type":"Person","@id":"https:\/\/www.inovallee.com\/#\/schema\/person\/92dc7fd313568f5cc54aba72aba732fe","name":"Margaux De la Fuente"}]}},"_links":{"self":[{"href":"https:\/\/www.inovallee.com\/en\/wp-json\/wp\/v2\/posts\/60982","targetHints":{"allow":["GET"]}}],"collection":[{"href":"https:\/\/www.inovallee.com\/en\/wp-json\/wp\/v2\/posts"}],"about":[{"href":"https:\/\/www.inovallee.com\/en\/wp-json\/wp\/v2\/types\/post"}],"author":[{"embeddable":true,"href":"https:\/\/www.inovallee.com\/en\/wp-json\/wp\/v2\/users\/18"}],"replies":[{"embeddable":true,"href":"https:\/\/www.inovallee.com\/en\/wp-json\/wp\/v2\/comments?post=60982"}],"version-history":[{"count":3,"href":"https:\/\/www.inovallee.com\/en\/wp-json\/wp\/v2\/posts\/60982\/revisions"}],"predecessor-version":[{"id":60987,"href":"https:\/\/www.inovallee.com\/en\/wp-json\/wp\/v2\/posts\/60982\/revisions\/60987"}],"wp:featuredmedia":[{"embeddable":true,"href":"https:\/\/www.inovallee.com\/en\/wp-json\/wp\/v2\/media\/39019"}],"wp:attachment":[{"href":"https:\/\/www.inovallee.com\/en\/wp-json\/wp\/v2\/media?parent=60982"}],"wp:term":[{"taxonomy":"category","embeddable":true,"href":"https:\/\/www.inovallee.com\/en\/wp-json\/wp\/v2\/categories?post=60982"},{"taxonomy":"post_tag","embeddable":true,"href":"https:\/\/www.inovallee.com\/en\/wp-json\/wp\/v2\/tags?post=60982"}],"curies":[{"name":"wp","href":"https:\/\/api.w.org\/{rel}","templated":true}]}}