{"id":6123,"date":"2016-03-23T19:12:57","date_gmt":"2016-03-23T18:12:57","guid":{"rendered":"https:\/\/www.inovallee.com\/?p=6123"},"modified":"2016-03-23T19:12:57","modified_gmt":"2016-03-23T18:12:57","slug":"des-mini-createurs-vous-attendent-le-7-avril-au-rie-o-chene","status":"publish","type":"post","link":"https:\/\/www.inovallee.com\/en\/des-mini-createurs-vous-attendent-le-7-avril-au-rie-o-chene\/","title":{"rendered":"Des cr\u00e9ateurs en herbe vous attendent le 7 avril au RIE \u00d4 Ch\u00eane"},"content":{"rendered":"<p><a href=\"https:\/\/www.inovallee.com\/wp-content\/uploads\/2016\/03\/blog_une-article-EPA-evenement.png\"><img fetchpriority=\"high\" decoding=\"async\" class=\"alignleft size-thumbnail wp-image-6126\" src=\"https:\/\/www.inovallee.com\/wp-content\/uploads\/2016\/03\/blog_une-article-EPA-evenement-300x202.png\" alt=\"blog_une-article EPA \u00e9v\u00e8nement\" width=\"300\" height=\"202\" srcset=\"https:\/\/www.inovallee.com\/wp-content\/uploads\/2016\/03\/blog_une-article-EPA-evenement-300x202.png 300w, https:\/\/www.inovallee.com\/wp-content\/uploads\/2016\/03\/blog_une-article-EPA-evenement.png 305w\" sizes=\"(max-width: 300px) 100vw, 300px\" \/><\/a>Inovall\u00e9e soutient cette ann\u00e9e encore\u00a0l&rsquo;op\u00e9ration \u00ab\u00a0Les Mini Entreprises-EPA\u00a0\u00bb (Entreprendre Pour Apprendre) de la vall\u00e9e du Gr\u00e9sivaudan. L&rsquo;association EPA est agr\u00e9\u00e9e par le <strong>Minist\u00e8re de l\u2019\u00c9ducation nationale<\/strong> comme activit\u00e9 compl\u00e9mentaire de l&rsquo;\u00e9cole. Elle permet en effet de <strong>d\u00e9velopper les comp\u00e9tences et l\u2019esprit d&rsquo;entreprendre<\/strong> d\u00e8s le plus jeune \u00e2ge puisque leurs programmes sont destin\u00e9s aussi bien aux \u00e9l\u00e8ves de primaire qu&rsquo;aux lyc\u00e9ens !<br \/>\nC&rsquo;est dans le cadre de leur projet <strong>Mini Entreprises-EPA que se r\u00e9unira le jeudi 7 avril de 11h30 \u00e0 14h30 au Restaurant O&rsquo;Ch\u00eane<\/strong> une vingtaine de jeunes (coll\u00e9giens et lyc\u00e9ens) pour proposer la vente de leurs produits. Ils repr\u00e9senteront leurs 6 entreprises et seront accompagn\u00e9s de leurs enseignants et parrains (b\u00e9n\u00e9voles issus d\u2019entreprises du territoire).<br \/>\nCes \u00e9l\u00e8ves travaillent depuis le d\u00e9but d&rsquo;ann\u00e9e sur leur projet et se sont lanc\u00e9s dans <strong>une aventure entrepreneuriale ambitieuse<\/strong>. De la recherche de l\u2019id\u00e9e, \u00e0 la commercialisation du produit (bien ou service) en passant par le financement de leur projet, \u00a0les jeunes r\u00e9alisent toutes les \u00e9tapes de d\u00e9veloppement d\u2019une entreprise. Structur\u00e9s selon les besoins qu\u2019ils ont identifi\u00e9s pour leur activit\u00e9, ces nouveaux collaborateurs ont choisis leur PDG et leur r\u00e9partition en diff\u00e9rents services par des entretiens d\u2019embauches.<br \/>\n<strong>Une exp\u00e9rience \u00ab\u00a0aux conditions r\u00e9elles\u00a0\u00bb<\/strong> qu\u2019ils valoriseront gr\u00e2ce \u00e0 la vente de leurs produits le 7 avril prochain ! Ils comptent sur votre pr\u00e9sence &#8230;<br \/>\n<strong>Quand ?<\/strong> entre 11h30 et 14h30<br \/>\n<strong>O\u00f9 ?<\/strong> au Restaurant \u00d4 Ch\u00eane<br \/>\n<strong>Plus d&rsquo;infos ? <\/strong><a href=\"http:\/\/www.entreprendre-pour-apprendre.fr\" target=\"_blank\" rel=\"noopener noreferrer\">www.entreprendre-pour-apprendre.fr<\/a><br \/>\n<a href=\"https:\/\/www.inovallee.com\/wp-content\/uploads\/2016\/03\/Affiche-vente-inovallee-16.pdf\">T\u00e9l\u00e9chargez l&rsquo;Affiche<\/a><\/p>","protected":false},"excerpt":{"rendered":"<p>Inovall\u00e9e soutient cette ann\u00e9e encore\u00a0l&rsquo;op\u00e9ration \u00ab\u00a0Les Mini Entreprises-EPA\u00a0\u00bb (Entreprendre Pour Apprendre) de la vall\u00e9e du Gr\u00e9sivaudan. L&rsquo;association EPA est agr\u00e9\u00e9e par le Minist\u00e8re de l\u2019\u00c9ducation nationale comme activit\u00e9 compl\u00e9mentaire de l&rsquo;\u00e9cole. Elle permet en effet de d\u00e9velopper les comp\u00e9tences et l\u2019esprit d&rsquo;entreprendre d\u00e8s le plus jeune \u00e2ge puisque leurs programmes sont destin\u00e9s aussi bien aux [&hellip;]<\/p>\n","protected":false},"author":6,"featured_media":6126,"comment_status":"closed","ping_status":"open","sticky":false,"template":"","format":"standard","meta":{"footnotes":""},"categories":[51,37,29],"tags":[],"class_list":["post-6123","post","type-post","status-publish","format-standard","has-post-thumbnail","hentry","category-ecosysteme-innovation","category-my-ino","category-evenements"],"yoast_head":"<!-- This site is optimized with the Yoast SEO plugin v27.4 - https:\/\/yoast.com\/product\/yoast-seo-wordpress\/ -->\n<title>Des cr\u00e9ateurs en herbe vous attendent le 7 avril au RIE \u00d4 Ch\u00eane - inovall\u00e9e<\/title>\n<meta name=\"robots\" content=\"index, follow, max-snippet:-1, max-image-preview:large, max-video-preview:-1\" \/>\n<link rel=\"canonical\" href=\"https:\/\/www.inovallee.com\/en\/des-mini-createurs-vous-attendent-le-7-avril-au-rie-o-chene\/\" \/>\n<meta property=\"og:locale\" content=\"en_GB\" \/>\n<meta property=\"og:type\" content=\"article\" \/>\n<meta property=\"og:title\" content=\"Des cr\u00e9ateurs en herbe vous attendent le 7 avril au RIE \u00d4 Ch\u00eane - inovall\u00e9e\" \/>\n<meta property=\"og:description\" content=\"Inovall\u00e9e soutient cette ann\u00e9e encore\u00a0l&rsquo;op\u00e9ration \u00ab\u00a0Les Mini Entreprises-EPA\u00a0\u00bb (Entreprendre Pour Apprendre) de la vall\u00e9e du Gr\u00e9sivaudan. L&rsquo;association EPA est agr\u00e9\u00e9e par le Minist\u00e8re de l\u2019\u00c9ducation nationale comme activit\u00e9 compl\u00e9mentaire de l&rsquo;\u00e9cole. Elle permet en effet de d\u00e9velopper les comp\u00e9tences et l\u2019esprit d&rsquo;entreprendre d\u00e8s le plus jeune \u00e2ge puisque leurs programmes sont destin\u00e9s aussi bien aux [&hellip;]\" \/>\n<meta property=\"og:url\" content=\"https:\/\/www.inovallee.com\/en\/des-mini-createurs-vous-attendent-le-7-avril-au-rie-o-chene\/\" \/>\n<meta property=\"og:site_name\" content=\"inovall\u00e9e\" \/>\n<meta property=\"article:publisher\" content=\"https:\/\/www.facebook.com\/technopoleinovallee\/\" \/>\n<meta property=\"article:published_time\" content=\"2016-03-23T18:12:57+00:00\" \/>\n<meta property=\"og:image\" content=\"https:\/\/www.inovallee.com\/wp-content\/uploads\/2016\/03\/blog_une-article-EPA-evenement.png\" \/>\n\t<meta property=\"og:image:width\" content=\"305\" \/>\n\t<meta property=\"og:image:height\" content=\"205\" \/>\n\t<meta property=\"og:image:type\" content=\"image\/png\" \/>\n<meta name=\"author\" content=\"Inovallee\" \/>\n<meta name=\"twitter:card\" content=\"summary_large_image\" \/>\n<meta name=\"twitter:creator\" content=\"@inovallee\" \/>\n<meta name=\"twitter:site\" content=\"@inovallee\" \/>\n<meta name=\"twitter:label1\" content=\"Written by\" \/>\n\t<meta name=\"twitter:data1\" content=\"Inovallee\" \/>\n\t<meta name=\"twitter:label2\" content=\"Estimated reading time\" \/>\n\t<meta name=\"twitter:data2\" content=\"1 minute\" \/>\n<script type=\"application\/ld+json\" class=\"yoast-schema-graph\">{\"@context\":\"https:\\\/\\\/schema.org\",\"@graph\":[{\"@type\":\"Article\",\"@id\":\"https:\\\/\\\/www.inovallee.com\\\/des-mini-createurs-vous-attendent-le-7-avril-au-rie-o-chene\\\/#article\",\"isPartOf\":{\"@id\":\"https:\\\/\\\/www.inovallee.com\\\/des-mini-createurs-vous-attendent-le-7-avril-au-rie-o-chene\\\/\"},\"author\":{\"name\":\"Inovallee\",\"@id\":\"https:\\\/\\\/www.inovallee.com\\\/#\\\/schema\\\/person\\\/a45b15518aad3111b2d61d257a3e023b\"},\"headline\":\"Des cr\u00e9ateurs en herbe vous attendent le 7 avril au RIE \u00d4 Ch\u00eane\",\"datePublished\":\"2016-03-23T18:12:57+00:00\",\"mainEntityOfPage\":{\"@id\":\"https:\\\/\\\/www.inovallee.com\\\/des-mini-createurs-vous-attendent-le-7-avril-au-rie-o-chene\\\/\"},\"wordCount\":297,\"publisher\":{\"@id\":\"https:\\\/\\\/www.inovallee.com\\\/#organization\"},\"image\":{\"@id\":\"https:\\\/\\\/www.inovallee.com\\\/des-mini-createurs-vous-attendent-le-7-avril-au-rie-o-chene\\\/#primaryimage\"},\"thumbnailUrl\":\"https:\\\/\\\/www.inovallee.com\\\/wp-content\\\/uploads\\\/2016\\\/03\\\/blog_une-article-EPA-evenement.png\",\"articleSection\":[\"Ecosyst\u00e8me de l'innovation\",\"My Ino : Vivre &amp; travailler sur inovall\u00e9e\",\"Technopole inovall\u00e9e\"],\"inLanguage\":\"en-GB\"},{\"@type\":\"WebPage\",\"@id\":\"https:\\\/\\\/www.inovallee.com\\\/des-mini-createurs-vous-attendent-le-7-avril-au-rie-o-chene\\\/\",\"url\":\"https:\\\/\\\/www.inovallee.com\\\/des-mini-createurs-vous-attendent-le-7-avril-au-rie-o-chene\\\/\",\"name\":\"Des cr\u00e9ateurs en herbe vous attendent le 7 avril au RIE \u00d4 Ch\u00eane - inovall\u00e9e\",\"isPartOf\":{\"@id\":\"https:\\\/\\\/www.inovallee.com\\\/#website\"},\"primaryImageOfPage\":{\"@id\":\"https:\\\/\\\/www.inovallee.com\\\/des-mini-createurs-vous-attendent-le-7-avril-au-rie-o-chene\\\/#primaryimage\"},\"image\":{\"@id\":\"https:\\\/\\\/www.inovallee.com\\\/des-mini-createurs-vous-attendent-le-7-avril-au-rie-o-chene\\\/#primaryimage\"},\"thumbnailUrl\":\"https:\\\/\\\/www.inovallee.com\\\/wp-content\\\/uploads\\\/2016\\\/03\\\/blog_une-article-EPA-evenement.png\",\"datePublished\":\"2016-03-23T18:12:57+00:00\",\"breadcrumb\":{\"@id\":\"https:\\\/\\\/www.inovallee.com\\\/des-mini-createurs-vous-attendent-le-7-avril-au-rie-o-chene\\\/#breadcrumb\"},\"inLanguage\":\"en-GB\",\"potentialAction\":[{\"@type\":\"ReadAction\",\"target\":[\"https:\\\/\\\/www.inovallee.com\\\/des-mini-createurs-vous-attendent-le-7-avril-au-rie-o-chene\\\/\"]}]},{\"@type\":\"ImageObject\",\"inLanguage\":\"en-GB\",\"@id\":\"https:\\\/\\\/www.inovallee.com\\\/des-mini-createurs-vous-attendent-le-7-avril-au-rie-o-chene\\\/#primaryimage\",\"url\":\"https:\\\/\\\/www.inovallee.com\\\/wp-content\\\/uploads\\\/2016\\\/03\\\/blog_une-article-EPA-evenement.png\",\"contentUrl\":\"https:\\\/\\\/www.inovallee.com\\\/wp-content\\\/uploads\\\/2016\\\/03\\\/blog_une-article-EPA-evenement.png\",\"width\":305,\"height\":205},{\"@type\":\"BreadcrumbList\",\"@id\":\"https:\\\/\\\/www.inovallee.com\\\/des-mini-createurs-vous-attendent-le-7-avril-au-rie-o-chene\\\/#breadcrumb\",\"itemListElement\":[{\"@type\":\"ListItem\",\"position\":1,\"name\":\"Accueil\",\"item\":\"https:\\\/\\\/www.inovallee.com\\\/\"},{\"@type\":\"ListItem\",\"position\":2,\"name\":\"Des cr\u00e9ateurs en herbe vous attendent le 7 avril au RIE \u00d4 Ch\u00eane\"}]},{\"@type\":\"WebSite\",\"@id\":\"https:\\\/\\\/www.inovallee.com\\\/#website\",\"url\":\"https:\\\/\\\/www.inovallee.com\\\/\",\"name\":\"inovall\u00e9e technopole, Home to software & smart technologies\",\"description\":\"Home to software &amp; smart technologies\",\"publisher\":{\"@id\":\"https:\\\/\\\/www.inovallee.com\\\/#organization\"},\"potentialAction\":[{\"@type\":\"SearchAction\",\"target\":{\"@type\":\"EntryPoint\",\"urlTemplate\":\"https:\\\/\\\/www.inovallee.com\\\/?s={search_term_string}\"},\"query-input\":{\"@type\":\"PropertyValueSpecification\",\"valueRequired\":true,\"valueName\":\"search_term_string\"}}],\"inLanguage\":\"en-GB\"},{\"@type\":\"Organization\",\"@id\":\"https:\\\/\\\/www.inovallee.com\\\/#organization\",\"name\":\"inovall\u00e9e\",\"url\":\"https:\\\/\\\/www.inovallee.com\\\/\",\"logo\":{\"@type\":\"ImageObject\",\"inLanguage\":\"en-GB\",\"@id\":\"https:\\\/\\\/www.inovallee.com\\\/#\\\/schema\\\/logo\\\/image\\\/\",\"url\":\"https:\\\/\\\/www.inovallee.com\\\/wp-content\\\/uploads\\\/2023\\\/08\\\/inovallee_2022_GrenobleAlpes.png\",\"contentUrl\":\"https:\\\/\\\/www.inovallee.com\\\/wp-content\\\/uploads\\\/2023\\\/08\\\/inovallee_2022_GrenobleAlpes.png\",\"width\":945,\"height\":369,\"caption\":\"inovall\u00e9e\"},\"image\":{\"@id\":\"https:\\\/\\\/www.inovallee.com\\\/#\\\/schema\\\/logo\\\/image\\\/\"},\"sameAs\":[\"https:\\\/\\\/www.facebook.com\\\/technopoleinovallee\\\/\",\"https:\\\/\\\/x.com\\\/inovallee\",\"https:\\\/\\\/www.linkedin.com\\\/company\\\/inovall-e\\\/\",\"https:\\\/\\\/www.youtube.com\\\/user\\\/inovallee?reload=9\"]},{\"@type\":\"Person\",\"@id\":\"https:\\\/\\\/www.inovallee.com\\\/#\\\/schema\\\/person\\\/a45b15518aad3111b2d61d257a3e023b\",\"name\":\"Inovallee\"}]}<\/script>\n<!-- \/ Yoast SEO plugin. -->","yoast_head_json":{"title":"Des cr\u00e9ateurs en herbe vous attendent le 7 avril au RIE \u00d4 Ch\u00eane - inovall\u00e9e","robots":{"index":"index","follow":"follow","max-snippet":"max-snippet:-1","max-image-preview":"max-image-preview:large","max-video-preview":"max-video-preview:-1"},"canonical":"https:\/\/www.inovallee.com\/en\/des-mini-createurs-vous-attendent-le-7-avril-au-rie-o-chene\/","og_locale":"en_GB","og_type":"article","og_title":"Des cr\u00e9ateurs en herbe vous attendent le 7 avril au RIE \u00d4 Ch\u00eane - inovall\u00e9e","og_description":"Inovall\u00e9e soutient cette ann\u00e9e encore\u00a0l&rsquo;op\u00e9ration \u00ab\u00a0Les Mini Entreprises-EPA\u00a0\u00bb (Entreprendre Pour Apprendre) de la vall\u00e9e du Gr\u00e9sivaudan. L&rsquo;association EPA est agr\u00e9\u00e9e par le Minist\u00e8re de l\u2019\u00c9ducation nationale comme activit\u00e9 compl\u00e9mentaire de l&rsquo;\u00e9cole. Elle permet en effet de d\u00e9velopper les comp\u00e9tences et l\u2019esprit d&rsquo;entreprendre d\u00e8s le plus jeune \u00e2ge puisque leurs programmes sont destin\u00e9s aussi bien aux [&hellip;]","og_url":"https:\/\/www.inovallee.com\/en\/des-mini-createurs-vous-attendent-le-7-avril-au-rie-o-chene\/","og_site_name":"inovall\u00e9e","article_publisher":"https:\/\/www.facebook.com\/technopoleinovallee\/","article_published_time":"2016-03-23T18:12:57+00:00","og_image":[{"width":305,"height":205,"url":"https:\/\/www.inovallee.com\/wp-content\/uploads\/2016\/03\/blog_une-article-EPA-evenement.png","type":"image\/png"}],"author":"Inovallee","twitter_card":"summary_large_image","twitter_creator":"@inovallee","twitter_site":"@inovallee","twitter_misc":{"Written by":"Inovallee","Estimated reading time":"1 minute"},"schema":{"@context":"https:\/\/schema.org","@graph":[{"@type":"Article","@id":"https:\/\/www.inovallee.com\/des-mini-createurs-vous-attendent-le-7-avril-au-rie-o-chene\/#article","isPartOf":{"@id":"https:\/\/www.inovallee.com\/des-mini-createurs-vous-attendent-le-7-avril-au-rie-o-chene\/"},"author":{"name":"Inovallee","@id":"https:\/\/www.inovallee.com\/#\/schema\/person\/a45b15518aad3111b2d61d257a3e023b"},"headline":"Des cr\u00e9ateurs en herbe vous attendent le 7 avril au RIE \u00d4 Ch\u00eane","datePublished":"2016-03-23T18:12:57+00:00","mainEntityOfPage":{"@id":"https:\/\/www.inovallee.com\/des-mini-createurs-vous-attendent-le-7-avril-au-rie-o-chene\/"},"wordCount":297,"publisher":{"@id":"https:\/\/www.inovallee.com\/#organization"},"image":{"@id":"https:\/\/www.inovallee.com\/des-mini-createurs-vous-attendent-le-7-avril-au-rie-o-chene\/#primaryimage"},"thumbnailUrl":"https:\/\/www.inovallee.com\/wp-content\/uploads\/2016\/03\/blog_une-article-EPA-evenement.png","articleSection":["Ecosyst\u00e8me de l'innovation","My Ino : Vivre &amp; travailler sur inovall\u00e9e","Technopole inovall\u00e9e"],"inLanguage":"en-GB"},{"@type":"WebPage","@id":"https:\/\/www.inovallee.com\/des-mini-createurs-vous-attendent-le-7-avril-au-rie-o-chene\/","url":"https:\/\/www.inovallee.com\/des-mini-createurs-vous-attendent-le-7-avril-au-rie-o-chene\/","name":"Des cr\u00e9ateurs en herbe vous attendent le 7 avril au RIE \u00d4 Ch\u00eane - inovall\u00e9e","isPartOf":{"@id":"https:\/\/www.inovallee.com\/#website"},"primaryImageOfPage":{"@id":"https:\/\/www.inovallee.com\/des-mini-createurs-vous-attendent-le-7-avril-au-rie-o-chene\/#primaryimage"},"image":{"@id":"https:\/\/www.inovallee.com\/des-mini-createurs-vous-attendent-le-7-avril-au-rie-o-chene\/#primaryimage"},"thumbnailUrl":"https:\/\/www.inovallee.com\/wp-content\/uploads\/2016\/03\/blog_une-article-EPA-evenement.png","datePublished":"2016-03-23T18:12:57+00:00","breadcrumb":{"@id":"https:\/\/www.inovallee.com\/des-mini-createurs-vous-attendent-le-7-avril-au-rie-o-chene\/#breadcrumb"},"inLanguage":"en-GB","potentialAction":[{"@type":"ReadAction","target":["https:\/\/www.inovallee.com\/des-mini-createurs-vous-attendent-le-7-avril-au-rie-o-chene\/"]}]},{"@type":"ImageObject","inLanguage":"en-GB","@id":"https:\/\/www.inovallee.com\/des-mini-createurs-vous-attendent-le-7-avril-au-rie-o-chene\/#primaryimage","url":"https:\/\/www.inovallee.com\/wp-content\/uploads\/2016\/03\/blog_une-article-EPA-evenement.png","contentUrl":"https:\/\/www.inovallee.com\/wp-content\/uploads\/2016\/03\/blog_une-article-EPA-evenement.png","width":305,"height":205},{"@type":"BreadcrumbList","@id":"https:\/\/www.inovallee.com\/des-mini-createurs-vous-attendent-le-7-avril-au-rie-o-chene\/#breadcrumb","itemListElement":[{"@type":"ListItem","position":1,"name":"Accueil","item":"https:\/\/www.inovallee.com\/"},{"@type":"ListItem","position":2,"name":"Des cr\u00e9ateurs en herbe vous attendent le 7 avril au RIE \u00d4 Ch\u00eane"}]},{"@type":"WebSite","@id":"https:\/\/www.inovallee.com\/#website","url":"https:\/\/www.inovallee.com\/","name":"inovall\u00e9e technopole, Home to software & smart technologies","description":"Home to software &amp; smart technologies","publisher":{"@id":"https:\/\/www.inovallee.com\/#organization"},"potentialAction":[{"@type":"SearchAction","target":{"@type":"EntryPoint","urlTemplate":"https:\/\/www.inovallee.com\/?s={search_term_string}"},"query-input":{"@type":"PropertyValueSpecification","valueRequired":true,"valueName":"search_term_string"}}],"inLanguage":"en-GB"},{"@type":"Organization","@id":"https:\/\/www.inovallee.com\/#organization","name":"inovall\u00e9e","url":"https:\/\/www.inovallee.com\/","logo":{"@type":"ImageObject","inLanguage":"en-GB","@id":"https:\/\/www.inovallee.com\/#\/schema\/logo\/image\/","url":"https:\/\/www.inovallee.com\/wp-content\/uploads\/2023\/08\/inovallee_2022_GrenobleAlpes.png","contentUrl":"https:\/\/www.inovallee.com\/wp-content\/uploads\/2023\/08\/inovallee_2022_GrenobleAlpes.png","width":945,"height":369,"caption":"inovall\u00e9e"},"image":{"@id":"https:\/\/www.inovallee.com\/#\/schema\/logo\/image\/"},"sameAs":["https:\/\/www.facebook.com\/technopoleinovallee\/","https:\/\/x.com\/inovallee","https:\/\/www.linkedin.com\/company\/inovall-e\/","https:\/\/www.youtube.com\/user\/inovallee?reload=9"]},{"@type":"Person","@id":"https:\/\/www.inovallee.com\/#\/schema\/person\/a45b15518aad3111b2d61d257a3e023b","name":"Inovallee"}]}},"_links":{"self":[{"href":"https:\/\/www.inovallee.com\/en\/wp-json\/wp\/v2\/posts\/6123","targetHints":{"allow":["GET"]}}],"collection":[{"href":"https:\/\/www.inovallee.com\/en\/wp-json\/wp\/v2\/posts"}],"about":[{"href":"https:\/\/www.inovallee.com\/en\/wp-json\/wp\/v2\/types\/post"}],"author":[{"embeddable":true,"href":"https:\/\/www.inovallee.com\/en\/wp-json\/wp\/v2\/users\/6"}],"replies":[{"embeddable":true,"href":"https:\/\/www.inovallee.com\/en\/wp-json\/wp\/v2\/comments?post=6123"}],"version-history":[{"count":0,"href":"https:\/\/www.inovallee.com\/en\/wp-json\/wp\/v2\/posts\/6123\/revisions"}],"wp:featuredmedia":[{"embeddable":true,"href":"https:\/\/www.inovallee.com\/en\/wp-json\/wp\/v2\/media\/6126"}],"wp:attachment":[{"href":"https:\/\/www.inovallee.com\/en\/wp-json\/wp\/v2\/media?parent=6123"}],"wp:term":[{"taxonomy":"category","embeddable":true,"href":"https:\/\/www.inovallee.com\/en\/wp-json\/wp\/v2\/categories?post=6123"},{"taxonomy":"post_tag","embeddable":true,"href":"https:\/\/www.inovallee.com\/en\/wp-json\/wp\/v2\/tags?post=6123"}],"curies":[{"name":"wp","href":"https:\/\/api.w.org\/{rel}","templated":true}]}}