{"id":61266,"date":"2025-09-24T12:20:04","date_gmt":"2025-09-24T10:20:04","guid":{"rendered":"https:\/\/www.inovallee.com\/?p=61266"},"modified":"2025-09-26T10:34:31","modified_gmt":"2025-09-26T08:34:31","slug":"kls-group-met-le-cap-sur-une-croissance-europeenne-portee-par-la-logisique-hospitaliere","status":"publish","type":"post","link":"https:\/\/www.inovallee.com\/en\/kls-group-met-le-cap-sur-une-croissance-europeenne-portee-par-la-logisique-hospitaliere\/","title":{"rendered":"KLS Group met le cap sur une croissance europ\u00e9enne port\u00e9e par la logisique hospitali\u00e8re\u00a0!"},"content":{"rendered":"<h4 class=\"wp-block-heading\"><strong>\u00c9diteur de solutions logicielles d\u00e9di\u00e9es \u00e0 la gestion et l\u2019optimisation de la supply chain, KLS Group est aujourd\u2019hui un acteur de r\u00e9f\u00e9rence dans le domaine hospitalier.<\/strong><\/h4>\n\n\n\n<p>En 2025, <strong><a href=\"https:\/\/www.kls-group.fr\/\">KLS Group<\/a><\/strong> confirme sa transformation : si la logistique industrielle a longtemps constitu\u00e9 son c\u0153ur historique, c\u2019est d\u00e9sormais le <strong>secteur hospitalier<\/strong> qui tire la croissance et ouvre de nouvelles perspectives \u00e0 l\u2019\u00e9chelle europ\u00e9enne.<\/p>\n\n\n\n<p>Avec d\u00e9j\u00e0 <strong>22 h\u00f4pitaux \u00e9quip\u00e9s<\/strong> de ses solutions, un ancrage renforc\u00e9 en France et en Belgique, et une ouverture prochaine vers le march\u00e9 &nbsp;n\u00e9erlandophone, le groupe franchit un cap strat\u00e9gique en faisant du m\u00e9dical son principal levier d\u2019innovation et de d\u00e9veloppement.<\/p>\n\n\n\n<h3 class=\"wp-block-heading\"><strong>La logistique hospitali\u00e8re au c\u0153ur de la croissance<\/strong><\/h3>\n\n\n\n<p>L\u2019acquisition en 2022 de la soci\u00e9t\u00e9 belge <strong>Galenus<\/strong>, experte de la planification des blocs op\u00e9ratoires et st\u00e9rilisation, a marqu\u00e9 un tournant d\u00e9cisif pour le groupe.<\/p>\n\n\n\n<p>Ce rachat fait suite \u00e0 la cr\u00e9ation de la <strong>business unit KLS Medical<\/strong>, en compl\u00e8tant aujourd\u2019hui son offre avec une gamme d\u00e9di\u00e9e :<\/p>\n\n\n\n<ul class=\"wp-block-list\">\n<li><strong>HOSPILOG<\/strong> pour la gestion des stocks ,et le pilotage des syst\u00e8mes m\u00e9canis\u00e9s de pharmacies centrales,<\/li>\n\n\n\n<li><strong>SERIALPHARM,<\/strong><strong> le module<\/strong> pour la s\u00e9rialisation des m\u00e9dicaments,<\/li>\n\n\n\n<li>et <strong>JULIETTE de GALENUS<\/strong>, la solution de gestion des blocs op\u00e9ratoires et de la st\u00e9rilisation des instruments.<\/li>\n<\/ul>\n\n\n\n<p>Gr\u00e2ce \u00e0 cette acquisition, KLS a pu acc\u00e9l\u00e9rer son implantation en Belgique, o\u00f9 la demande hospitali\u00e8re est forte, tout en \u00e9largissant son empreinte en France sur des sites d\u00e9j\u00e0 clients de ses solutions m\u00e9dicales.<\/p>\n\n\n\n<p>En 2025, le groupe confirme cette dynamique avec le lancement de recrutements en Belgique et en France pour accompagner l\u2019expansion du p\u00f4le m\u00e9dical et r\u00e9pondre aux besoins croissants des \u00e9tablissements hospitaliers.<\/p>\n\n\n\n<h4 class=\"wp-block-heading\"><strong>Une dynamique internationale enclench\u00e9e<\/strong><\/h4>\n\n\n\n<p>Le succ\u00e8s de Galenus en Belgique ouvre la voie \u00e0 une strat\u00e9gie d\u2019expansion plus large sur les march\u00e9s europ\u00e9ens francophones. L\u2019objectif affich\u00e9 : <strong>d\u00e9ployer l\u2019ensemble de l\u2019offre KLS Medical sur le march\u00e9 belge<\/strong> et amorcer une ouverture vers les <strong>Pays-Bas d\u00e8s 2026<\/strong>.<\/p>\n\n\n\n<p>Avec une demande soutenue, le groupe s\u2019impose comme un acteur ind\u00e9pendant et agile face \u00e0 de grands concurrents, misant sur la proximit\u00e9 terrain et la sp\u00e9cialisation forte sur les m\u00e9tiers hospitaliers pour accompagner les acteurs du secteur.<\/p>\n\n\n\n<h4 class=\"wp-block-heading\"><strong>Une transmission familiale r\u00e9ussie, cl\u00e9 de la transformation du groupe<\/strong><\/h4>\n\n\n\n<p>Si KLS peut aujourd\u2019hui s\u2019affirmer comme un acteur europ\u00e9en du logiciel m\u00e9dical, c\u2019est aussi le fruit d\u2019une transmission familiale r\u00e9ussie.<\/p>\n\n\n\n<p>Fond\u00e9 en 1986 par Gilbert Garcia, toujours pr\u00e9sident du groupe, KLS a vu son fils Gr\u00e9goire Garcia reprendre la direction g\u00e9n\u00e9rale avec l\u2019ambition de transformer une PME innovante en un groupe structur\u00e9 et diversifi\u00e9.<br>En s\u2019appuyant sur une strat\u00e9gie de croissance externe cibl\u00e9e (Logtimum en 2017, Galenus en 2022), Gr\u00e9goire a su ouvrir une nouvelle \u00e8re pour l\u2019entreprise, m\u00eame si son p\u00e8re Gilbert, qui a accompagn\u00e9 cette transformation avec son exp\u00e9rience et sa vision, reste un pilier de cette r\u00e9ussite collective.<\/p>\n\n\n\n<p>&nbsp;En quelques ann\u00e9es, le groupe structur\u00e9 et diversifi\u00e9 sur des verticales m\u00e9tiers avec des solutions logicielles 100% d\u00e9di\u00e9es, et la cr\u00e9ation de 3 business Units&nbsp;:<\/p>\n\n\n\n<ul class=\"wp-block-list\">\n<li><strong>KLS Logistic<\/strong> : solutions logicielles WMS et WCS pour l\u2019industrie, l\u2019agroalimentaire, le luxe et l\u2019e-commerce.<\/li>\n\n\n\n<li><strong>KLS Transport<\/strong> : TMS chargeur expert des exp\u00e9ditions de transporteur messagers,<\/li>\n\n\n\n<li><strong>KLS Medical<\/strong> : c\u0153ur de la croissance actuelle, d\u00e9di\u00e9 \u00e0 la gestion de la logistique hospitali\u00e8re .<\/li>\n<\/ul>\n\n\n\n<h4 class=\"wp-block-heading\"><strong>Une r\u00e9organisation interne pour soutenir la croissance<\/strong><\/h4>\n\n\n\n<p>La forte dynamique du m\u00e9dical et la diversification des m\u00e9tiers ont n\u00e9cessit\u00e9 une v\u00e9ritable transformation organisationnelle. D\u00e8s sa prise de direction op\u00e9rationnelle, Gr\u00e9goire Garcia a engag\u00e9 une r\u00e9organisation en profondeur pour passer d\u2019un mod\u00e8le de PME familiale \u00e0 celui d\u2019un groupe structur\u00e9 et agile.<\/p>\n\n\n\n<p>Cette r\u00e9organisation s\u2019est traduite par :<\/p>\n\n\n\n<ul class=\"wp-block-list\">\n<li><strong>Une logique de Business Units sp\u00e9cialis\u00e9es<\/strong> (Logistique, Transports, M\u00e9dical), chacune avec ses propres \u00e9quipes, son pilotage op\u00e9rationnel et sa feuille de route, afin d\u2019apporter plus de lisibilit\u00e9 et d\u2019efficacit\u00e9 sur chaque march\u00e9.<\/li>\n\n\n\n<li><strong>Une d\u00e9centralisation des d\u00e9cisions<\/strong> : les \u00e9quipes locales, en France comme en Belgique, b\u00e9n\u00e9ficient d\u2019une plus grande autonomie pour \u00eatre au plus pr\u00e8s des besoins clients, tout en restant align\u00e9es sur une vision strat\u00e9gique commune.<\/li>\n\n\n\n<li><strong>Une clarification des r\u00f4les et responsabilit\u00e9s<\/strong> : management interm\u00e9diaire renforc\u00e9, gouvernance clarifi\u00e9e et mont\u00e9e en puissance des directions op\u00e9rationnelles pour fluidifier la communication et acc\u00e9l\u00e9rer les prises de d\u00e9cision.<\/li>\n\n\n\n<li><strong>Un investissement dans les fonctions support<\/strong> (RH, finance, qualit\u00e9, innovation) pour accompagner la croissance, s\u00e9curiser les projets et mieux structurer le d\u00e9veloppement international.<\/li>\n<\/ul>\n\n\n\n<p>Cette nouvelle organisation a permis d\u2019absorber le rythme soutenu des acquisitions, d\u2019int\u00e9grer rapidement de nouvelles \u00e9quipes, et surtout de mettre l\u2019activit\u00e9 m\u00e9dicale au centre des priorit\u00e9s du groupe. Comme le souligne la direction, \u00ab cette structuration est ce qui nous permet aujourd\u2019hui de tenir nos promesses vis-\u00e0-vis des h\u00f4pitaux et de nous projeter sur de nouveaux march\u00e9s europ\u00e9ens \u00bb.<\/p>\n\n\n\n<h3 class=\"wp-block-heading\"><strong>Chiffres cl\u00e9s \u2013 KLS Groupe<\/strong><\/h3>\n\n\n\n<ul class=\"wp-block-list\">\n<li><strong>3 sites<\/strong> : Meylan, Rive-de-Gier, Belgique<strong>~60 collaborateurs<\/strong><\/li>\n\n\n\n<li><strong>3 business units : logistique, transports, m\u00e9dical<\/strong><\/li>\n\n\n\n<li><strong>22 h\u00f4pitaux \u00e9quip\u00e9s de solutions m\u00e9dicales<\/strong><\/li>\n\n\n\n<li><strong>1 acquisition strat\u00e9gique : Galenus (Belgique)<\/strong><\/li>\n\n\n\n<li><strong>Objectif 2026 : ouverture du march\u00e9 n\u00e9erlandais<\/strong><\/li>\n\n\n\n<li><strong>+1 projet immobilier hospitalier en cours \u00e0 Lyon<\/strong><\/li>\n<\/ul>\n\n\n\n<figure class=\"wp-block-image size-full\"><img fetchpriority=\"high\" decoding=\"async\" width=\"756\" height=\"423\" src=\"https:\/\/www.inovallee.com\/wp-content\/uploads\/2025\/09\/image-8.jpeg\" alt=\"\" class=\"wp-image-61269\" srcset=\"https:\/\/www.inovallee.com\/wp-content\/uploads\/2025\/09\/image-8.jpeg 756w, https:\/\/www.inovallee.com\/wp-content\/uploads\/2025\/09\/image-8-300x168.jpeg 300w, https:\/\/www.inovallee.com\/wp-content\/uploads\/2025\/09\/image-8-18x10.jpeg 18w\" sizes=\"(max-width: 756px) 100vw, 756px\" \/><\/figure>\n\n\n\n<p><a id=\"_msocom_3\"><\/a><\/p>\n\n\n\n<p><\/p>\n\n\n\n<p><a id=\"_msocom_4\"><\/a><\/p>","protected":false},"excerpt":{"rendered":"<p>\u00c9diteur de solutions logicielles d\u00e9di\u00e9es \u00e0 la gestion et l\u2019optimisation de la supply chain, KLS Group est aujourd\u2019hui un acteur de r\u00e9f\u00e9rence dans le domaine hospitalier. En 2025, KLS Group confirme sa transformation : si la logistique industrielle a longtemps constitu\u00e9 son c\u0153ur historique, c\u2019est d\u00e9sormais le secteur hospitalier qui tire la croissance et ouvre [&hellip;]<\/p>\n","protected":false},"author":18,"featured_media":61268,"comment_status":"closed","ping_status":"open","sticky":false,"template":"","format":"standard","meta":{"footnotes":""},"categories":[28],"tags":[3171],"class_list":["post-61266","post","type-post","status-publish","format-standard","has-post-thumbnail","hentry","category-actus-entreprises","tag-kls"],"yoast_head":"<!-- This site is optimized with the Yoast SEO plugin v27.4 - https:\/\/yoast.com\/product\/yoast-seo-wordpress\/ -->\n<title>KLS Group met le cap sur une croissance europ\u00e9enne port\u00e9e par la logisique hospitali\u00e8re\u00a0! - inovall\u00e9e<\/title>\n<meta name=\"description\" content=\"Implant\u00e9 sur inovall\u00e9e, cet \u00e9diteur de solutions logicielles d\u00e9di\u00e9es \u00e0 la gestion et l\u2019optimisation de la supply chain est aujourd\u2019hui un acteur de r\u00e9f\u00e9rence dans le domaine hospitalier.\" \/>\n<meta name=\"robots\" content=\"index, follow, max-snippet:-1, max-image-preview:large, max-video-preview:-1\" \/>\n<link rel=\"canonical\" href=\"https:\/\/www.inovallee.com\/en\/kls-group-met-le-cap-sur-une-croissance-europeenne-portee-par-la-logisique-hospitaliere\/\" \/>\n<meta property=\"og:locale\" content=\"en_GB\" \/>\n<meta property=\"og:type\" content=\"article\" \/>\n<meta property=\"og:title\" content=\"KLS Group met le cap sur une croissance europ\u00e9enne port\u00e9e par la logisique hospitali\u00e8re\u00a0! - inovall\u00e9e\" \/>\n<meta property=\"og:description\" content=\"Implant\u00e9 sur inovall\u00e9e, cet \u00e9diteur de solutions logicielles d\u00e9di\u00e9es \u00e0 la gestion et l\u2019optimisation de la supply chain est aujourd\u2019hui un acteur de r\u00e9f\u00e9rence dans le domaine hospitalier.\" \/>\n<meta property=\"og:url\" content=\"https:\/\/www.inovallee.com\/en\/kls-group-met-le-cap-sur-une-croissance-europeenne-portee-par-la-logisique-hospitaliere\/\" \/>\n<meta property=\"og:site_name\" content=\"inovall\u00e9e\" \/>\n<meta property=\"article:publisher\" content=\"https:\/\/www.facebook.com\/technopoleinovallee\/\" \/>\n<meta property=\"article:published_time\" content=\"2025-09-24T10:20:04+00:00\" \/>\n<meta property=\"article:modified_time\" content=\"2025-09-26T08:34:31+00:00\" \/>\n<meta property=\"og:image\" content=\"https:\/\/www.inovallee.com\/wp-content\/uploads\/2025\/09\/image-7.jpeg\" \/>\n\t<meta property=\"og:image:width\" content=\"755\" \/>\n\t<meta property=\"og:image:height\" content=\"423\" \/>\n\t<meta property=\"og:image:type\" content=\"image\/jpeg\" \/>\n<meta name=\"author\" content=\"Margaux De la Fuente\" \/>\n<meta name=\"twitter:card\" content=\"summary_large_image\" \/>\n<meta name=\"twitter:creator\" content=\"@inovallee\" \/>\n<meta name=\"twitter:site\" content=\"@inovallee\" \/>\n<meta name=\"twitter:label1\" content=\"Written by\" \/>\n\t<meta name=\"twitter:data1\" content=\"Margaux De la Fuente\" \/>\n\t<meta name=\"twitter:label2\" content=\"Estimated reading time\" \/>\n\t<meta name=\"twitter:data2\" content=\"5 minutes\" \/>\n<script type=\"application\/ld+json\" class=\"yoast-schema-graph\">{\"@context\":\"https:\\\/\\\/schema.org\",\"@graph\":[{\"@type\":\"Article\",\"@id\":\"https:\\\/\\\/www.inovallee.com\\\/kls-group-met-le-cap-sur-une-croissance-europeenne-portee-par-la-logisique-hospitaliere\\\/#article\",\"isPartOf\":{\"@id\":\"https:\\\/\\\/www.inovallee.com\\\/kls-group-met-le-cap-sur-une-croissance-europeenne-portee-par-la-logisique-hospitaliere\\\/\"},\"author\":{\"name\":\"Margaux De la Fuente\",\"@id\":\"https:\\\/\\\/www.inovallee.com\\\/#\\\/schema\\\/person\\\/92dc7fd313568f5cc54aba72aba732fe\"},\"headline\":\"KLS Group met le cap sur une croissance europ\u00e9enne port\u00e9e par la logisique hospitali\u00e8re\u00a0!\",\"datePublished\":\"2025-09-24T10:20:04+00:00\",\"dateModified\":\"2025-09-26T08:34:31+00:00\",\"mainEntityOfPage\":{\"@id\":\"https:\\\/\\\/www.inovallee.com\\\/kls-group-met-le-cap-sur-une-croissance-europeenne-portee-par-la-logisique-hospitaliere\\\/\"},\"wordCount\":938,\"publisher\":{\"@id\":\"https:\\\/\\\/www.inovallee.com\\\/#organization\"},\"image\":{\"@id\":\"https:\\\/\\\/www.inovallee.com\\\/kls-group-met-le-cap-sur-une-croissance-europeenne-portee-par-la-logisique-hospitaliere\\\/#primaryimage\"},\"thumbnailUrl\":\"https:\\\/\\\/www.inovallee.com\\\/wp-content\\\/uploads\\\/2025\\\/09\\\/image-7.jpeg\",\"keywords\":[\"kls\"],\"articleSection\":[\"Sucess stories des entreprises d'inovall\u00e9e\"],\"inLanguage\":\"en-GB\"},{\"@type\":\"WebPage\",\"@id\":\"https:\\\/\\\/www.inovallee.com\\\/kls-group-met-le-cap-sur-une-croissance-europeenne-portee-par-la-logisique-hospitaliere\\\/\",\"url\":\"https:\\\/\\\/www.inovallee.com\\\/kls-group-met-le-cap-sur-une-croissance-europeenne-portee-par-la-logisique-hospitaliere\\\/\",\"name\":\"KLS Group met le cap sur une croissance europ\u00e9enne port\u00e9e par la logisique hospitali\u00e8re\u00a0! - inovall\u00e9e\",\"isPartOf\":{\"@id\":\"https:\\\/\\\/www.inovallee.com\\\/#website\"},\"primaryImageOfPage\":{\"@id\":\"https:\\\/\\\/www.inovallee.com\\\/kls-group-met-le-cap-sur-une-croissance-europeenne-portee-par-la-logisique-hospitaliere\\\/#primaryimage\"},\"image\":{\"@id\":\"https:\\\/\\\/www.inovallee.com\\\/kls-group-met-le-cap-sur-une-croissance-europeenne-portee-par-la-logisique-hospitaliere\\\/#primaryimage\"},\"thumbnailUrl\":\"https:\\\/\\\/www.inovallee.com\\\/wp-content\\\/uploads\\\/2025\\\/09\\\/image-7.jpeg\",\"datePublished\":\"2025-09-24T10:20:04+00:00\",\"dateModified\":\"2025-09-26T08:34:31+00:00\",\"description\":\"Implant\u00e9 sur inovall\u00e9e, cet \u00e9diteur de solutions logicielles d\u00e9di\u00e9es \u00e0 la gestion et l\u2019optimisation de la supply chain est aujourd\u2019hui un acteur de r\u00e9f\u00e9rence dans le domaine hospitalier.\",\"breadcrumb\":{\"@id\":\"https:\\\/\\\/www.inovallee.com\\\/kls-group-met-le-cap-sur-une-croissance-europeenne-portee-par-la-logisique-hospitaliere\\\/#breadcrumb\"},\"inLanguage\":\"en-GB\",\"potentialAction\":[{\"@type\":\"ReadAction\",\"target\":[\"https:\\\/\\\/www.inovallee.com\\\/kls-group-met-le-cap-sur-une-croissance-europeenne-portee-par-la-logisique-hospitaliere\\\/\"]}]},{\"@type\":\"ImageObject\",\"inLanguage\":\"en-GB\",\"@id\":\"https:\\\/\\\/www.inovallee.com\\\/kls-group-met-le-cap-sur-une-croissance-europeenne-portee-par-la-logisique-hospitaliere\\\/#primaryimage\",\"url\":\"https:\\\/\\\/www.inovallee.com\\\/wp-content\\\/uploads\\\/2025\\\/09\\\/image-7.jpeg\",\"contentUrl\":\"https:\\\/\\\/www.inovallee.com\\\/wp-content\\\/uploads\\\/2025\\\/09\\\/image-7.jpeg\",\"width\":755,\"height\":423},{\"@type\":\"BreadcrumbList\",\"@id\":\"https:\\\/\\\/www.inovallee.com\\\/kls-group-met-le-cap-sur-une-croissance-europeenne-portee-par-la-logisique-hospitaliere\\\/#breadcrumb\",\"itemListElement\":[{\"@type\":\"ListItem\",\"position\":1,\"name\":\"Accueil\",\"item\":\"https:\\\/\\\/www.inovallee.com\\\/\"},{\"@type\":\"ListItem\",\"position\":2,\"name\":\"KLS Group met le cap sur une croissance europ\u00e9enne port\u00e9e par la logisique hospitali\u00e8re\u00a0!\"}]},{\"@type\":\"WebSite\",\"@id\":\"https:\\\/\\\/www.inovallee.com\\\/#website\",\"url\":\"https:\\\/\\\/www.inovallee.com\\\/\",\"name\":\"inovall\u00e9e technopole, Home to software & smart technologies\",\"description\":\"Home to software &amp; smart technologies\",\"publisher\":{\"@id\":\"https:\\\/\\\/www.inovallee.com\\\/#organization\"},\"potentialAction\":[{\"@type\":\"SearchAction\",\"target\":{\"@type\":\"EntryPoint\",\"urlTemplate\":\"https:\\\/\\\/www.inovallee.com\\\/?s={search_term_string}\"},\"query-input\":{\"@type\":\"PropertyValueSpecification\",\"valueRequired\":true,\"valueName\":\"search_term_string\"}}],\"inLanguage\":\"en-GB\"},{\"@type\":\"Organization\",\"@id\":\"https:\\\/\\\/www.inovallee.com\\\/#organization\",\"name\":\"inovall\u00e9e\",\"url\":\"https:\\\/\\\/www.inovallee.com\\\/\",\"logo\":{\"@type\":\"ImageObject\",\"inLanguage\":\"en-GB\",\"@id\":\"https:\\\/\\\/www.inovallee.com\\\/#\\\/schema\\\/logo\\\/image\\\/\",\"url\":\"https:\\\/\\\/www.inovallee.com\\\/wp-content\\\/uploads\\\/2023\\\/08\\\/inovallee_2022_GrenobleAlpes.png\",\"contentUrl\":\"https:\\\/\\\/www.inovallee.com\\\/wp-content\\\/uploads\\\/2023\\\/08\\\/inovallee_2022_GrenobleAlpes.png\",\"width\":945,\"height\":369,\"caption\":\"inovall\u00e9e\"},\"image\":{\"@id\":\"https:\\\/\\\/www.inovallee.com\\\/#\\\/schema\\\/logo\\\/image\\\/\"},\"sameAs\":[\"https:\\\/\\\/www.facebook.com\\\/technopoleinovallee\\\/\",\"https:\\\/\\\/x.com\\\/inovallee\",\"https:\\\/\\\/www.linkedin.com\\\/company\\\/inovall-e\\\/\",\"https:\\\/\\\/www.youtube.com\\\/user\\\/inovallee?reload=9\"]},{\"@type\":\"Person\",\"@id\":\"https:\\\/\\\/www.inovallee.com\\\/#\\\/schema\\\/person\\\/92dc7fd313568f5cc54aba72aba732fe\",\"name\":\"Margaux De la Fuente\"}]}<\/script>\n<!-- \/ Yoast SEO plugin. -->","yoast_head_json":{"title":"KLS Group met le cap sur une croissance europ\u00e9enne port\u00e9e par la logisique hospitali\u00e8re\u00a0! - inovall\u00e9e","description":"Implant\u00e9 sur inovall\u00e9e, cet \u00e9diteur de solutions logicielles d\u00e9di\u00e9es \u00e0 la gestion et l\u2019optimisation de la supply chain est aujourd\u2019hui un acteur de r\u00e9f\u00e9rence dans le domaine hospitalier.","robots":{"index":"index","follow":"follow","max-snippet":"max-snippet:-1","max-image-preview":"max-image-preview:large","max-video-preview":"max-video-preview:-1"},"canonical":"https:\/\/www.inovallee.com\/en\/kls-group-met-le-cap-sur-une-croissance-europeenne-portee-par-la-logisique-hospitaliere\/","og_locale":"en_GB","og_type":"article","og_title":"KLS Group met le cap sur une croissance europ\u00e9enne port\u00e9e par la logisique hospitali\u00e8re\u00a0! - inovall\u00e9e","og_description":"Implant\u00e9 sur inovall\u00e9e, cet \u00e9diteur de solutions logicielles d\u00e9di\u00e9es \u00e0 la gestion et l\u2019optimisation de la supply chain est aujourd\u2019hui un acteur de r\u00e9f\u00e9rence dans le domaine hospitalier.","og_url":"https:\/\/www.inovallee.com\/en\/kls-group-met-le-cap-sur-une-croissance-europeenne-portee-par-la-logisique-hospitaliere\/","og_site_name":"inovall\u00e9e","article_publisher":"https:\/\/www.facebook.com\/technopoleinovallee\/","article_published_time":"2025-09-24T10:20:04+00:00","article_modified_time":"2025-09-26T08:34:31+00:00","og_image":[{"width":755,"height":423,"url":"https:\/\/www.inovallee.com\/wp-content\/uploads\/2025\/09\/image-7.jpeg","type":"image\/jpeg"}],"author":"Margaux De la Fuente","twitter_card":"summary_large_image","twitter_creator":"@inovallee","twitter_site":"@inovallee","twitter_misc":{"Written by":"Margaux De la Fuente","Estimated reading time":"5 minutes"},"schema":{"@context":"https:\/\/schema.org","@graph":[{"@type":"Article","@id":"https:\/\/www.inovallee.com\/kls-group-met-le-cap-sur-une-croissance-europeenne-portee-par-la-logisique-hospitaliere\/#article","isPartOf":{"@id":"https:\/\/www.inovallee.com\/kls-group-met-le-cap-sur-une-croissance-europeenne-portee-par-la-logisique-hospitaliere\/"},"author":{"name":"Margaux De la Fuente","@id":"https:\/\/www.inovallee.com\/#\/schema\/person\/92dc7fd313568f5cc54aba72aba732fe"},"headline":"KLS Group met le cap sur une croissance europ\u00e9enne port\u00e9e par la logisique hospitali\u00e8re\u00a0!","datePublished":"2025-09-24T10:20:04+00:00","dateModified":"2025-09-26T08:34:31+00:00","mainEntityOfPage":{"@id":"https:\/\/www.inovallee.com\/kls-group-met-le-cap-sur-une-croissance-europeenne-portee-par-la-logisique-hospitaliere\/"},"wordCount":938,"publisher":{"@id":"https:\/\/www.inovallee.com\/#organization"},"image":{"@id":"https:\/\/www.inovallee.com\/kls-group-met-le-cap-sur-une-croissance-europeenne-portee-par-la-logisique-hospitaliere\/#primaryimage"},"thumbnailUrl":"https:\/\/www.inovallee.com\/wp-content\/uploads\/2025\/09\/image-7.jpeg","keywords":["kls"],"articleSection":["Sucess stories des entreprises d'inovall\u00e9e"],"inLanguage":"en-GB"},{"@type":"WebPage","@id":"https:\/\/www.inovallee.com\/kls-group-met-le-cap-sur-une-croissance-europeenne-portee-par-la-logisique-hospitaliere\/","url":"https:\/\/www.inovallee.com\/kls-group-met-le-cap-sur-une-croissance-europeenne-portee-par-la-logisique-hospitaliere\/","name":"KLS Group met le cap sur une croissance europ\u00e9enne port\u00e9e par la logisique hospitali\u00e8re\u00a0! - inovall\u00e9e","isPartOf":{"@id":"https:\/\/www.inovallee.com\/#website"},"primaryImageOfPage":{"@id":"https:\/\/www.inovallee.com\/kls-group-met-le-cap-sur-une-croissance-europeenne-portee-par-la-logisique-hospitaliere\/#primaryimage"},"image":{"@id":"https:\/\/www.inovallee.com\/kls-group-met-le-cap-sur-une-croissance-europeenne-portee-par-la-logisique-hospitaliere\/#primaryimage"},"thumbnailUrl":"https:\/\/www.inovallee.com\/wp-content\/uploads\/2025\/09\/image-7.jpeg","datePublished":"2025-09-24T10:20:04+00:00","dateModified":"2025-09-26T08:34:31+00:00","description":"Implant\u00e9 sur inovall\u00e9e, cet \u00e9diteur de solutions logicielles d\u00e9di\u00e9es \u00e0 la gestion et l\u2019optimisation de la supply chain est aujourd\u2019hui un acteur de r\u00e9f\u00e9rence dans le domaine hospitalier.","breadcrumb":{"@id":"https:\/\/www.inovallee.com\/kls-group-met-le-cap-sur-une-croissance-europeenne-portee-par-la-logisique-hospitaliere\/#breadcrumb"},"inLanguage":"en-GB","potentialAction":[{"@type":"ReadAction","target":["https:\/\/www.inovallee.com\/kls-group-met-le-cap-sur-une-croissance-europeenne-portee-par-la-logisique-hospitaliere\/"]}]},{"@type":"ImageObject","inLanguage":"en-GB","@id":"https:\/\/www.inovallee.com\/kls-group-met-le-cap-sur-une-croissance-europeenne-portee-par-la-logisique-hospitaliere\/#primaryimage","url":"https:\/\/www.inovallee.com\/wp-content\/uploads\/2025\/09\/image-7.jpeg","contentUrl":"https:\/\/www.inovallee.com\/wp-content\/uploads\/2025\/09\/image-7.jpeg","width":755,"height":423},{"@type":"BreadcrumbList","@id":"https:\/\/www.inovallee.com\/kls-group-met-le-cap-sur-une-croissance-europeenne-portee-par-la-logisique-hospitaliere\/#breadcrumb","itemListElement":[{"@type":"ListItem","position":1,"name":"Accueil","item":"https:\/\/www.inovallee.com\/"},{"@type":"ListItem","position":2,"name":"KLS Group met le cap sur une croissance europ\u00e9enne port\u00e9e par la logisique hospitali\u00e8re\u00a0!"}]},{"@type":"WebSite","@id":"https:\/\/www.inovallee.com\/#website","url":"https:\/\/www.inovallee.com\/","name":"inovall\u00e9e technopole, Home to software & smart technologies","description":"Home to software &amp; smart technologies","publisher":{"@id":"https:\/\/www.inovallee.com\/#organization"},"potentialAction":[{"@type":"SearchAction","target":{"@type":"EntryPoint","urlTemplate":"https:\/\/www.inovallee.com\/?s={search_term_string}"},"query-input":{"@type":"PropertyValueSpecification","valueRequired":true,"valueName":"search_term_string"}}],"inLanguage":"en-GB"},{"@type":"Organization","@id":"https:\/\/www.inovallee.com\/#organization","name":"inovall\u00e9e","url":"https:\/\/www.inovallee.com\/","logo":{"@type":"ImageObject","inLanguage":"en-GB","@id":"https:\/\/www.inovallee.com\/#\/schema\/logo\/image\/","url":"https:\/\/www.inovallee.com\/wp-content\/uploads\/2023\/08\/inovallee_2022_GrenobleAlpes.png","contentUrl":"https:\/\/www.inovallee.com\/wp-content\/uploads\/2023\/08\/inovallee_2022_GrenobleAlpes.png","width":945,"height":369,"caption":"inovall\u00e9e"},"image":{"@id":"https:\/\/www.inovallee.com\/#\/schema\/logo\/image\/"},"sameAs":["https:\/\/www.facebook.com\/technopoleinovallee\/","https:\/\/x.com\/inovallee","https:\/\/www.linkedin.com\/company\/inovall-e\/","https:\/\/www.youtube.com\/user\/inovallee?reload=9"]},{"@type":"Person","@id":"https:\/\/www.inovallee.com\/#\/schema\/person\/92dc7fd313568f5cc54aba72aba732fe","name":"Margaux De la Fuente"}]}},"_links":{"self":[{"href":"https:\/\/www.inovallee.com\/en\/wp-json\/wp\/v2\/posts\/61266","targetHints":{"allow":["GET"]}}],"collection":[{"href":"https:\/\/www.inovallee.com\/en\/wp-json\/wp\/v2\/posts"}],"about":[{"href":"https:\/\/www.inovallee.com\/en\/wp-json\/wp\/v2\/types\/post"}],"author":[{"embeddable":true,"href":"https:\/\/www.inovallee.com\/en\/wp-json\/wp\/v2\/users\/18"}],"replies":[{"embeddable":true,"href":"https:\/\/www.inovallee.com\/en\/wp-json\/wp\/v2\/comments?post=61266"}],"version-history":[{"count":3,"href":"https:\/\/www.inovallee.com\/en\/wp-json\/wp\/v2\/posts\/61266\/revisions"}],"predecessor-version":[{"id":61305,"href":"https:\/\/www.inovallee.com\/en\/wp-json\/wp\/v2\/posts\/61266\/revisions\/61305"}],"wp:featuredmedia":[{"embeddable":true,"href":"https:\/\/www.inovallee.com\/en\/wp-json\/wp\/v2\/media\/61268"}],"wp:attachment":[{"href":"https:\/\/www.inovallee.com\/en\/wp-json\/wp\/v2\/media?parent=61266"}],"wp:term":[{"taxonomy":"category","embeddable":true,"href":"https:\/\/www.inovallee.com\/en\/wp-json\/wp\/v2\/categories?post=61266"},{"taxonomy":"post_tag","embeddable":true,"href":"https:\/\/www.inovallee.com\/en\/wp-json\/wp\/v2\/tags?post=61266"}],"curies":[{"name":"wp","href":"https:\/\/api.w.org\/{rel}","templated":true}]}}