{"id":6134,"date":"2016-03-24T17:24:32","date_gmt":"2016-03-24T16:24:32","guid":{"rendered":"https:\/\/www.inovallee.com\/?p=6134"},"modified":"2016-03-24T17:24:32","modified_gmt":"2016-03-24T16:24:32","slug":"une-fin-de-mandat-emouvante-pour-christophe-mathevet","status":"publish","type":"post","link":"https:\/\/www.inovallee.com\/en\/une-fin-de-mandat-emouvante-pour-christophe-mathevet\/","title":{"rendered":"Une fin de mandat \u00e9mouvante pour Christophe Mathevet !"},"content":{"rendered":"<figure id=\"attachment_6144\" aria-describedby=\"caption-attachment-6144\" style=\"width: 300px\" class=\"wp-caption alignleft\"><a href=\"https:\/\/www.inovallee.com\/wp-content\/uploads\/2016\/03\/blog_une-article-AG-bilan-de-mandat.png\"><img fetchpriority=\"high\" decoding=\"async\" class=\"wp-image-6144 size-thumbnail\" src=\"https:\/\/www.inovallee.com\/wp-content\/uploads\/2016\/03\/blog_une-article-AG-bilan-de-mandat-300x202.png\" alt=\"blog_une- article AG bilan de mandat\" width=\"300\" height=\"202\" srcset=\"https:\/\/www.inovallee.com\/wp-content\/uploads\/2016\/03\/blog_une-article-AG-bilan-de-mandat-300x202.png 300w, https:\/\/www.inovallee.com\/wp-content\/uploads\/2016\/03\/blog_une-article-AG-bilan-de-mandat.png 305w\" sizes=\"(max-width: 300px) 100vw, 300px\" \/><\/a><figcaption id=\"caption-attachment-6144\" class=\"wp-caption-text\">Christophe Mathevet (ancien pr\u00e9sident d&rsquo;inovall\u00e9e) et Gilles Toureng (cabinet CCTC &#8211; animateur de l&rsquo;AG)<\/figcaption><\/figure>\n<p style=\"text-align: justify;\">En ce jeudi 17 mars, lors de son assembl\u00e9e g\u00e9n\u00e9rale, inovall\u00e9e rendait hommage \u00e0 Christophe Mathevet, qui f\u00fbt le pr\u00e9sident de l&rsquo;association durant 4 ans. <strong>Salu\u00e9 pour son implication, ses id\u00e9es visionnaires et son esprit combatif<\/strong>, comme l&rsquo;a tr\u00e8s gentiment soulign\u00e9 Annie Soufi (Directrice G\u00e9n\u00e9rale d&rsquo;inovall\u00e9e), Christophe Mathevet aura \u00e9t\u00e9 \u00e0 l\u2019initiative de nombreux projets tels que : les p\u00e9pini\u00e8res Tarmac M et G (o\u00f9 cohabitent une trentaine de start-up), la bretelle d\u2019acc\u00e8s depuis la rocade sur inovall\u00e9e, le Haut d\u00e9bit (m\u00eame si il reste encore beaucoup \u00e0 faire) , l&rsquo;am\u00e9nagement de l&rsquo;\u00e9quipe dans des nouveaux locaux (au coeur du Tarmac M), le Forum emploi qui r\u00e9unit plus de 600 visiteurs chaque ann\u00e9e.<\/p>\n<p style=\"text-align: justify;\">Il a \u00e9galement mis en place une <strong>nouvelle strat\u00e9gie pour inovall\u00e9e autour de 3 piliers\u00a0: l\u2019emploi, l\u2019innovation, le Green IT<\/strong> eux-m\u00eames d\u00e9clin\u00e9s \u00e0 travers 5 champs d\u2019application\u00a0: l\u2019attractivit\u00e9, les services aux entreprises, les services aux dirigeants, les services aux salari\u00e9s, l\u2019innovation sociale et port\u00e9s par une nouvelle gouvernance bas\u00e9e sur 5 \u00a0commissions th\u00e9matiques.<\/p>\n<p style=\"text-align: justify;\">Il a insuffl\u00e9 une vision entrepreneuriale pour inovall\u00e9e\u00a0: on parle d\u00e9sormais de<strong> business model<\/strong> (avec de nouveaux partenaires financiers comme KPMG, la Banque Populaire des Alpes et G\u00e9n\u00e9rali). Il a \u00e9galement permis \u00e0 l&rsquo;\u00e9quipe de permanentes de se restructurer avec la mise en place d\u2019outils de pilotage, le renforcement de la communication externe (rapport annuel d\u2019activit\u00e9, num\u00e9ro sp\u00e9cial de pr\u00e9sence, \u2026) et l&#8217;embauche de nouvelles collaboratrices.<\/p>\n<p style=\"text-align: justify;\"><a href=\"https:\/\/www.inovallee.com\/wp-content\/uploads\/2016\/03\/assemblee-generale-2016_0186.jpg\"><img decoding=\"async\" class=\"alignleft size-thumbnail wp-image-6145\" src=\"https:\/\/www.inovallee.com\/wp-content\/uploads\/2016\/03\/assemblee-generale-2016_0186-300x199.jpg\" alt=\"assembl\u00e9e g\u00e9n\u00e9rale 2016_0186\" width=\"300\" height=\"199\" \/><\/a><strong>L\u2019ouverture et le lien sur l\u2019\u00e9cosyst\u00e8me aura aussi \u00e9t\u00e9 son fer de lance avec le passage en \u00ab\u00a0mode projet\u00a0\u00bb<\/strong>. Son message est clair : cr\u00e9er et maintenir\u00a0 l\u2019esprit coop\u00e9ratif dans les relations avec l\u2019\u00e9cosyst\u00e8me et les collectivit\u00e9s. De nombreux partenariats ont vu le jour pendant ces 4 ann\u00e9es, notamment avec GEM, Grenoble INP, l&rsquo;IAE, Minalogic, Grenoble Angels, le FCG etc. Cette dynamique a \u00e9galement permis un rapprochement avec Centr\u2019alp.<br \/>\nUn Comit\u00e9 d&rsquo;Orientation Strat\u00e9gique (pr\u00e9sid\u00e9 par Jean Louis Brunet &#8211; H3C energies) a \u00e9t\u00e9 mis en place dont l\u2019objectif est d\u2019associer les personnalit\u00e9s de l\u2019\u00e9cosyst\u00e8me grenoblois aux grandes orientations strat\u00e9giques du territoire, au sens large et ce dans un\u00a0 souci de renforcer les liens entre les acteurs et de mettre encore plus de coh\u00e9rence dans le d\u00e9veloppement global du territoire. Et enfin, l&rsquo;implication d&rsquo;inovall\u00e9e dans Digital Grenoble souligne l&rsquo;ambition de Christophe Mathevet de soutenir le territoire dans sa candidature au projet French Tech (lanc\u00e9 par le minist\u00e8re de l\u2019\u00c9conomie).<\/p>\n<p style=\"text-align: justify;\">Bien plus qu&rsquo;un parc technologique prosp\u00e8re, inovall\u00e9e est aujourd&rsquo;hui un v\u00e9ritable \u00e9cosyst\u00e8me vivant, avec son \u00e2me et ses valeurs ! C&rsquo;est au tour de C\u00e9dric Perres d\u00e9sormais d&rsquo;endosser le r\u00f4le de Pr\u00e9sident &#8230;<\/p>\n<p style=\"text-align: justify;\">","protected":false},"excerpt":{"rendered":"<p>En ce jeudi 17 mars, lors de son assembl\u00e9e g\u00e9n\u00e9rale, inovall\u00e9e rendait hommage \u00e0 Christophe Mathevet, qui f\u00fbt le pr\u00e9sident de l&rsquo;association durant 4 ans. Salu\u00e9 pour son implication, ses id\u00e9es visionnaires et son esprit combatif, comme l&rsquo;a tr\u00e8s gentiment soulign\u00e9 Annie Soufi (Directrice G\u00e9n\u00e9rale d&rsquo;inovall\u00e9e), Christophe Mathevet aura \u00e9t\u00e9 \u00e0 l\u2019initiative de nombreux projets [&hellip;]<\/p>\n","protected":false},"author":6,"featured_media":0,"comment_status":"closed","ping_status":"open","sticky":false,"template":"","format":"standard","meta":{"footnotes":""},"categories":[37,29],"tags":[],"class_list":["post-6134","post","type-post","status-publish","format-standard","hentry","category-my-ino","category-evenements"],"yoast_head":"<!-- This site is optimized with the Yoast SEO plugin v27.4 - https:\/\/yoast.com\/product\/yoast-seo-wordpress\/ -->\n<title>Une fin de mandat \u00e9mouvante pour Christophe Mathevet ! - inovall\u00e9e<\/title>\n<meta name=\"robots\" content=\"index, follow, max-snippet:-1, max-image-preview:large, max-video-preview:-1\" \/>\n<link rel=\"canonical\" href=\"https:\/\/www.inovallee.com\/en\/une-fin-de-mandat-emouvante-pour-christophe-mathevet\/\" \/>\n<meta property=\"og:locale\" content=\"en_GB\" \/>\n<meta property=\"og:type\" content=\"article\" \/>\n<meta property=\"og:title\" content=\"Une fin de mandat \u00e9mouvante pour Christophe Mathevet ! - inovall\u00e9e\" \/>\n<meta property=\"og:description\" content=\"En ce jeudi 17 mars, lors de son assembl\u00e9e g\u00e9n\u00e9rale, inovall\u00e9e rendait hommage \u00e0 Christophe Mathevet, qui f\u00fbt le pr\u00e9sident de l&rsquo;association durant 4 ans. Salu\u00e9 pour son implication, ses id\u00e9es visionnaires et son esprit combatif, comme l&rsquo;a tr\u00e8s gentiment soulign\u00e9 Annie Soufi (Directrice G\u00e9n\u00e9rale d&rsquo;inovall\u00e9e), Christophe Mathevet aura \u00e9t\u00e9 \u00e0 l\u2019initiative de nombreux projets [&hellip;]\" \/>\n<meta property=\"og:url\" content=\"https:\/\/www.inovallee.com\/en\/une-fin-de-mandat-emouvante-pour-christophe-mathevet\/\" \/>\n<meta property=\"og:site_name\" content=\"inovall\u00e9e\" \/>\n<meta property=\"article:publisher\" content=\"https:\/\/www.facebook.com\/technopoleinovallee\/\" \/>\n<meta property=\"article:published_time\" content=\"2016-03-24T16:24:32+00:00\" \/>\n<meta property=\"og:image\" content=\"https:\/\/www.inovallee.com\/wp-content\/uploads\/2016\/03\/blog_une-article-AG-bilan-de-mandat-300x202.png\" \/>\n<meta name=\"author\" content=\"Inovallee\" \/>\n<meta name=\"twitter:card\" content=\"summary_large_image\" \/>\n<meta name=\"twitter:creator\" content=\"@inovallee\" \/>\n<meta name=\"twitter:site\" content=\"@inovallee\" \/>\n<meta name=\"twitter:label1\" content=\"Written by\" \/>\n\t<meta name=\"twitter:data1\" content=\"Inovallee\" \/>\n\t<meta name=\"twitter:label2\" content=\"Estimated reading time\" \/>\n\t<meta name=\"twitter:data2\" content=\"3 minutes\" \/>\n<script type=\"application\/ld+json\" class=\"yoast-schema-graph\">{\"@context\":\"https:\\\/\\\/schema.org\",\"@graph\":[{\"@type\":\"Article\",\"@id\":\"https:\\\/\\\/www.inovallee.com\\\/une-fin-de-mandat-emouvante-pour-christophe-mathevet\\\/#article\",\"isPartOf\":{\"@id\":\"https:\\\/\\\/www.inovallee.com\\\/une-fin-de-mandat-emouvante-pour-christophe-mathevet\\\/\"},\"author\":{\"name\":\"Inovallee\",\"@id\":\"https:\\\/\\\/www.inovallee.com\\\/#\\\/schema\\\/person\\\/a45b15518aad3111b2d61d257a3e023b\"},\"headline\":\"Une fin de mandat \u00e9mouvante pour Christophe Mathevet !\",\"datePublished\":\"2016-03-24T16:24:32+00:00\",\"mainEntityOfPage\":{\"@id\":\"https:\\\/\\\/www.inovallee.com\\\/une-fin-de-mandat-emouvante-pour-christophe-mathevet\\\/\"},\"wordCount\":532,\"publisher\":{\"@id\":\"https:\\\/\\\/www.inovallee.com\\\/#organization\"},\"image\":{\"@id\":\"https:\\\/\\\/www.inovallee.com\\\/une-fin-de-mandat-emouvante-pour-christophe-mathevet\\\/#primaryimage\"},\"thumbnailUrl\":\"https:\\\/\\\/www.inovallee.com\\\/wp-content\\\/uploads\\\/2016\\\/03\\\/blog_une-article-AG-bilan-de-mandat-300x202.png\",\"articleSection\":[\"My Ino : Vivre &amp; travailler sur inovall\u00e9e\",\"Technopole inovall\u00e9e\"],\"inLanguage\":\"en-GB\"},{\"@type\":\"WebPage\",\"@id\":\"https:\\\/\\\/www.inovallee.com\\\/une-fin-de-mandat-emouvante-pour-christophe-mathevet\\\/\",\"url\":\"https:\\\/\\\/www.inovallee.com\\\/une-fin-de-mandat-emouvante-pour-christophe-mathevet\\\/\",\"name\":\"Une fin de mandat \u00e9mouvante pour Christophe Mathevet ! - inovall\u00e9e\",\"isPartOf\":{\"@id\":\"https:\\\/\\\/www.inovallee.com\\\/#website\"},\"primaryImageOfPage\":{\"@id\":\"https:\\\/\\\/www.inovallee.com\\\/une-fin-de-mandat-emouvante-pour-christophe-mathevet\\\/#primaryimage\"},\"image\":{\"@id\":\"https:\\\/\\\/www.inovallee.com\\\/une-fin-de-mandat-emouvante-pour-christophe-mathevet\\\/#primaryimage\"},\"thumbnailUrl\":\"https:\\\/\\\/www.inovallee.com\\\/wp-content\\\/uploads\\\/2016\\\/03\\\/blog_une-article-AG-bilan-de-mandat-300x202.png\",\"datePublished\":\"2016-03-24T16:24:32+00:00\",\"breadcrumb\":{\"@id\":\"https:\\\/\\\/www.inovallee.com\\\/une-fin-de-mandat-emouvante-pour-christophe-mathevet\\\/#breadcrumb\"},\"inLanguage\":\"en-GB\",\"potentialAction\":[{\"@type\":\"ReadAction\",\"target\":[\"https:\\\/\\\/www.inovallee.com\\\/une-fin-de-mandat-emouvante-pour-christophe-mathevet\\\/\"]}]},{\"@type\":\"ImageObject\",\"inLanguage\":\"en-GB\",\"@id\":\"https:\\\/\\\/www.inovallee.com\\\/une-fin-de-mandat-emouvante-pour-christophe-mathevet\\\/#primaryimage\",\"url\":\"https:\\\/\\\/www.inovallee.com\\\/wp-content\\\/uploads\\\/2016\\\/03\\\/blog_une-article-AG-bilan-de-mandat-300x202.png\",\"contentUrl\":\"https:\\\/\\\/www.inovallee.com\\\/wp-content\\\/uploads\\\/2016\\\/03\\\/blog_une-article-AG-bilan-de-mandat-300x202.png\"},{\"@type\":\"BreadcrumbList\",\"@id\":\"https:\\\/\\\/www.inovallee.com\\\/une-fin-de-mandat-emouvante-pour-christophe-mathevet\\\/#breadcrumb\",\"itemListElement\":[{\"@type\":\"ListItem\",\"position\":1,\"name\":\"Accueil\",\"item\":\"https:\\\/\\\/www.inovallee.com\\\/\"},{\"@type\":\"ListItem\",\"position\":2,\"name\":\"Une fin de mandat \u00e9mouvante pour Christophe Mathevet !\"}]},{\"@type\":\"WebSite\",\"@id\":\"https:\\\/\\\/www.inovallee.com\\\/#website\",\"url\":\"https:\\\/\\\/www.inovallee.com\\\/\",\"name\":\"inovall\u00e9e technopole, Home to software & smart technologies\",\"description\":\"Home to software &amp; smart technologies\",\"publisher\":{\"@id\":\"https:\\\/\\\/www.inovallee.com\\\/#organization\"},\"potentialAction\":[{\"@type\":\"SearchAction\",\"target\":{\"@type\":\"EntryPoint\",\"urlTemplate\":\"https:\\\/\\\/www.inovallee.com\\\/?s={search_term_string}\"},\"query-input\":{\"@type\":\"PropertyValueSpecification\",\"valueRequired\":true,\"valueName\":\"search_term_string\"}}],\"inLanguage\":\"en-GB\"},{\"@type\":\"Organization\",\"@id\":\"https:\\\/\\\/www.inovallee.com\\\/#organization\",\"name\":\"inovall\u00e9e\",\"url\":\"https:\\\/\\\/www.inovallee.com\\\/\",\"logo\":{\"@type\":\"ImageObject\",\"inLanguage\":\"en-GB\",\"@id\":\"https:\\\/\\\/www.inovallee.com\\\/#\\\/schema\\\/logo\\\/image\\\/\",\"url\":\"https:\\\/\\\/www.inovallee.com\\\/wp-content\\\/uploads\\\/2023\\\/08\\\/inovallee_2022_GrenobleAlpes.png\",\"contentUrl\":\"https:\\\/\\\/www.inovallee.com\\\/wp-content\\\/uploads\\\/2023\\\/08\\\/inovallee_2022_GrenobleAlpes.png\",\"width\":945,\"height\":369,\"caption\":\"inovall\u00e9e\"},\"image\":{\"@id\":\"https:\\\/\\\/www.inovallee.com\\\/#\\\/schema\\\/logo\\\/image\\\/\"},\"sameAs\":[\"https:\\\/\\\/www.facebook.com\\\/technopoleinovallee\\\/\",\"https:\\\/\\\/x.com\\\/inovallee\",\"https:\\\/\\\/www.linkedin.com\\\/company\\\/inovall-e\\\/\",\"https:\\\/\\\/www.youtube.com\\\/user\\\/inovallee?reload=9\"]},{\"@type\":\"Person\",\"@id\":\"https:\\\/\\\/www.inovallee.com\\\/#\\\/schema\\\/person\\\/a45b15518aad3111b2d61d257a3e023b\",\"name\":\"Inovallee\"}]}<\/script>\n<!-- \/ Yoast SEO plugin. -->","yoast_head_json":{"title":"Une fin de mandat \u00e9mouvante pour Christophe Mathevet ! - inovall\u00e9e","robots":{"index":"index","follow":"follow","max-snippet":"max-snippet:-1","max-image-preview":"max-image-preview:large","max-video-preview":"max-video-preview:-1"},"canonical":"https:\/\/www.inovallee.com\/en\/une-fin-de-mandat-emouvante-pour-christophe-mathevet\/","og_locale":"en_GB","og_type":"article","og_title":"Une fin de mandat \u00e9mouvante pour Christophe Mathevet ! - inovall\u00e9e","og_description":"En ce jeudi 17 mars, lors de son assembl\u00e9e g\u00e9n\u00e9rale, inovall\u00e9e rendait hommage \u00e0 Christophe Mathevet, qui f\u00fbt le pr\u00e9sident de l&rsquo;association durant 4 ans. Salu\u00e9 pour son implication, ses id\u00e9es visionnaires et son esprit combatif, comme l&rsquo;a tr\u00e8s gentiment soulign\u00e9 Annie Soufi (Directrice G\u00e9n\u00e9rale d&rsquo;inovall\u00e9e), Christophe Mathevet aura \u00e9t\u00e9 \u00e0 l\u2019initiative de nombreux projets [&hellip;]","og_url":"https:\/\/www.inovallee.com\/en\/une-fin-de-mandat-emouvante-pour-christophe-mathevet\/","og_site_name":"inovall\u00e9e","article_publisher":"https:\/\/www.facebook.com\/technopoleinovallee\/","article_published_time":"2016-03-24T16:24:32+00:00","og_image":[{"url":"https:\/\/www.inovallee.com\/wp-content\/uploads\/2016\/03\/blog_une-article-AG-bilan-de-mandat-300x202.png","type":"","width":"","height":""}],"author":"Inovallee","twitter_card":"summary_large_image","twitter_creator":"@inovallee","twitter_site":"@inovallee","twitter_misc":{"Written by":"Inovallee","Estimated reading time":"3 minutes"},"schema":{"@context":"https:\/\/schema.org","@graph":[{"@type":"Article","@id":"https:\/\/www.inovallee.com\/une-fin-de-mandat-emouvante-pour-christophe-mathevet\/#article","isPartOf":{"@id":"https:\/\/www.inovallee.com\/une-fin-de-mandat-emouvante-pour-christophe-mathevet\/"},"author":{"name":"Inovallee","@id":"https:\/\/www.inovallee.com\/#\/schema\/person\/a45b15518aad3111b2d61d257a3e023b"},"headline":"Une fin de mandat \u00e9mouvante pour Christophe Mathevet !","datePublished":"2016-03-24T16:24:32+00:00","mainEntityOfPage":{"@id":"https:\/\/www.inovallee.com\/une-fin-de-mandat-emouvante-pour-christophe-mathevet\/"},"wordCount":532,"publisher":{"@id":"https:\/\/www.inovallee.com\/#organization"},"image":{"@id":"https:\/\/www.inovallee.com\/une-fin-de-mandat-emouvante-pour-christophe-mathevet\/#primaryimage"},"thumbnailUrl":"https:\/\/www.inovallee.com\/wp-content\/uploads\/2016\/03\/blog_une-article-AG-bilan-de-mandat-300x202.png","articleSection":["My Ino : Vivre &amp; travailler sur inovall\u00e9e","Technopole inovall\u00e9e"],"inLanguage":"en-GB"},{"@type":"WebPage","@id":"https:\/\/www.inovallee.com\/une-fin-de-mandat-emouvante-pour-christophe-mathevet\/","url":"https:\/\/www.inovallee.com\/une-fin-de-mandat-emouvante-pour-christophe-mathevet\/","name":"Une fin de mandat \u00e9mouvante pour Christophe Mathevet ! - inovall\u00e9e","isPartOf":{"@id":"https:\/\/www.inovallee.com\/#website"},"primaryImageOfPage":{"@id":"https:\/\/www.inovallee.com\/une-fin-de-mandat-emouvante-pour-christophe-mathevet\/#primaryimage"},"image":{"@id":"https:\/\/www.inovallee.com\/une-fin-de-mandat-emouvante-pour-christophe-mathevet\/#primaryimage"},"thumbnailUrl":"https:\/\/www.inovallee.com\/wp-content\/uploads\/2016\/03\/blog_une-article-AG-bilan-de-mandat-300x202.png","datePublished":"2016-03-24T16:24:32+00:00","breadcrumb":{"@id":"https:\/\/www.inovallee.com\/une-fin-de-mandat-emouvante-pour-christophe-mathevet\/#breadcrumb"},"inLanguage":"en-GB","potentialAction":[{"@type":"ReadAction","target":["https:\/\/www.inovallee.com\/une-fin-de-mandat-emouvante-pour-christophe-mathevet\/"]}]},{"@type":"ImageObject","inLanguage":"en-GB","@id":"https:\/\/www.inovallee.com\/une-fin-de-mandat-emouvante-pour-christophe-mathevet\/#primaryimage","url":"https:\/\/www.inovallee.com\/wp-content\/uploads\/2016\/03\/blog_une-article-AG-bilan-de-mandat-300x202.png","contentUrl":"https:\/\/www.inovallee.com\/wp-content\/uploads\/2016\/03\/blog_une-article-AG-bilan-de-mandat-300x202.png"},{"@type":"BreadcrumbList","@id":"https:\/\/www.inovallee.com\/une-fin-de-mandat-emouvante-pour-christophe-mathevet\/#breadcrumb","itemListElement":[{"@type":"ListItem","position":1,"name":"Accueil","item":"https:\/\/www.inovallee.com\/"},{"@type":"ListItem","position":2,"name":"Une fin de mandat \u00e9mouvante pour Christophe Mathevet !"}]},{"@type":"WebSite","@id":"https:\/\/www.inovallee.com\/#website","url":"https:\/\/www.inovallee.com\/","name":"inovall\u00e9e technopole, Home to software & smart technologies","description":"Home to software &amp; smart technologies","publisher":{"@id":"https:\/\/www.inovallee.com\/#organization"},"potentialAction":[{"@type":"SearchAction","target":{"@type":"EntryPoint","urlTemplate":"https:\/\/www.inovallee.com\/?s={search_term_string}"},"query-input":{"@type":"PropertyValueSpecification","valueRequired":true,"valueName":"search_term_string"}}],"inLanguage":"en-GB"},{"@type":"Organization","@id":"https:\/\/www.inovallee.com\/#organization","name":"inovall\u00e9e","url":"https:\/\/www.inovallee.com\/","logo":{"@type":"ImageObject","inLanguage":"en-GB","@id":"https:\/\/www.inovallee.com\/#\/schema\/logo\/image\/","url":"https:\/\/www.inovallee.com\/wp-content\/uploads\/2023\/08\/inovallee_2022_GrenobleAlpes.png","contentUrl":"https:\/\/www.inovallee.com\/wp-content\/uploads\/2023\/08\/inovallee_2022_GrenobleAlpes.png","width":945,"height":369,"caption":"inovall\u00e9e"},"image":{"@id":"https:\/\/www.inovallee.com\/#\/schema\/logo\/image\/"},"sameAs":["https:\/\/www.facebook.com\/technopoleinovallee\/","https:\/\/x.com\/inovallee","https:\/\/www.linkedin.com\/company\/inovall-e\/","https:\/\/www.youtube.com\/user\/inovallee?reload=9"]},{"@type":"Person","@id":"https:\/\/www.inovallee.com\/#\/schema\/person\/a45b15518aad3111b2d61d257a3e023b","name":"Inovallee"}]}},"_links":{"self":[{"href":"https:\/\/www.inovallee.com\/en\/wp-json\/wp\/v2\/posts\/6134","targetHints":{"allow":["GET"]}}],"collection":[{"href":"https:\/\/www.inovallee.com\/en\/wp-json\/wp\/v2\/posts"}],"about":[{"href":"https:\/\/www.inovallee.com\/en\/wp-json\/wp\/v2\/types\/post"}],"author":[{"embeddable":true,"href":"https:\/\/www.inovallee.com\/en\/wp-json\/wp\/v2\/users\/6"}],"replies":[{"embeddable":true,"href":"https:\/\/www.inovallee.com\/en\/wp-json\/wp\/v2\/comments?post=6134"}],"version-history":[{"count":0,"href":"https:\/\/www.inovallee.com\/en\/wp-json\/wp\/v2\/posts\/6134\/revisions"}],"wp:attachment":[{"href":"https:\/\/www.inovallee.com\/en\/wp-json\/wp\/v2\/media?parent=6134"}],"wp:term":[{"taxonomy":"category","embeddable":true,"href":"https:\/\/www.inovallee.com\/en\/wp-json\/wp\/v2\/categories?post=6134"},{"taxonomy":"post_tag","embeddable":true,"href":"https:\/\/www.inovallee.com\/en\/wp-json\/wp\/v2\/tags?post=6134"}],"curies":[{"name":"wp","href":"https:\/\/api.w.org\/{rel}","templated":true}]}}