{"id":61389,"date":"2025-10-20T16:53:11","date_gmt":"2025-10-20T14:53:11","guid":{"rendered":"https:\/\/www.inovallee.com\/?p=61389"},"modified":"2025-10-20T17:27:43","modified_gmt":"2025-10-20T15:27:43","slug":"lecoconception-repenser-la-strategie-dentreprise-pour-allier-performance-et-durabilite","status":"publish","type":"post","link":"https:\/\/www.inovallee.com\/en\/lecoconception-repenser-la-strategie-dentreprise-pour-allier-performance-et-durabilite\/","title":{"rendered":"L\u2019\u00e9coconception : repenser la strat\u00e9gie d\u2019entreprise pour allier performance et durabilit\u00e9"},"content":{"rendered":"<p>Lors de notre derni\u00e8re <strong>Pause D\u00e9j de la Transition<\/strong>, le jeudi 16 octobre, anim\u00e9e par <strong>J\u00e9r\u00e9my Alvarez H\u00e9rault<\/strong>, DG de <a href=\"https:\/\/transylience.fr\/\" target=\"_blank\" rel=\"noreferrer noopener\">TranSyLience<\/a>, nous avons pu d\u00e9couvrir l\u2019importance strat\u00e9gique de l\u2019\u00e9coconception. Cette intervention a mis en lumi\u00e8re comment repenser les produits, services et processus d\u00e8s leur conception peut non seulement r\u00e9duire les impacts environnementaux, mais aussi renforcer la performance et la r\u00e9silience de l\u2019entreprise.<\/p>\n\n\n\n<h3 class=\"wp-block-heading\"><strong>L\u2019urgence d\u2019un changement de paradigme<\/strong><\/h3>\n\n\n\n<p>La pression sur les ressources naturelles n\u2019a jamais \u00e9t\u00e9 aussi forte. Sept des neuf limites plan\u00e9taires sont d\u00e9j\u00e0 franchies, touchant biodiversit\u00e9, sols, oc\u00e9ans ou climat. Face \u00e0 ce constat, les entreprises ne peuvent plus se contenter d\u2019actions symboliques : la transition \u00e9cologique exige une refonte profonde des modes de production et de consommation.<\/p>\n\n\n\n<p>L\u2019\u00e9coconception \u00e9merge alors comme un v\u00e9ritable levier de transformation. Plut\u00f4t que de simplement \u201cverdir\u201d un produit, elle invite \u00e0 int\u00e9grer la dimension environnementale d\u00e8s les premi\u00e8res \u00e9tapes de conception, tout en continuant \u00e0 viser la performance \u00e9conomique et fonctionnelle.<\/p>\n\n\n\n<h2 class=\"wp-block-heading\"><strong>Comprendre l\u2019\u00e9coconception : une approche syst\u00e9mique et m\u00e9thodique<\/strong><\/h2>\n\n\n\n<p>Selon l\u2019ISO 14006, l\u2019\u00e9coconception est une d\u00e9marche m\u00e9thodique visant \u00e0 r\u00e9duire les impacts environnementaux d\u2019un produit ou service. Son succ\u00e8s d\u00e9pend de son niveau d\u2019int\u00e9gration dans la vision et la strat\u00e9gie de l\u2019entreprise. Elle repose sur trois piliers :<\/p>\n\n\n\n<ul class=\"wp-block-list\">\n<li><strong>Vision cycle de vie<\/strong> : chaque produit est analys\u00e9 de l\u2019extraction des mati\u00e8res premi\u00e8res \u00e0 sa fin de vie.<\/li>\n\n\n\n<li><strong>Analyse multicrit\u00e8re<\/strong> : les impacts sont \u00e9valu\u00e9s sur de multiples dimensions : climat, eau, ressources, toxicit\u00e9, etc.<\/li>\n\n\n\n<li><strong>Am\u00e9lioration continue<\/strong> : l\u2019objectif n\u2019est pas la perfection, mais le progr\u00e8s constant, en conciliant faisabilit\u00e9, co\u00fbt et impact environnemental.<\/li>\n<\/ul>\n\n\n\n<p>Cette approche transforme chaque \u00e9tape du cycle de vie en opportunit\u00e9 d\u2019innovation et d\u2019optimisation.<\/p>\n\n\n\n<h2 class=\"wp-block-heading\"><strong>Int\u00e9grer l\u2019\u00e9coconception dans la strat\u00e9gie d\u2019entreprise<\/strong><\/h2>\n\n\n\n<p>Pour \u00eatre r\u00e9ellement efficace, l\u2019\u00e9coconception doit d\u00e9passer le cadre technique et devenir un moteur strat\u00e9gique. Cela implique de :<\/p>\n\n\n\n<ul class=\"wp-block-list\">\n<li><strong>Mesurer pour agir<\/strong> : r\u00e9aliser bilans GES et analyses de cycle de vie (ACV).<\/li>\n\n\n\n<li><strong>Former et mobiliser<\/strong> : sensibiliser collaborateurs, clients et fournisseurs.<\/li>\n\n\n\n<li><strong>Red\u00e9finir la strat\u00e9gie<\/strong> : int\u00e9grer durabilit\u00e9 et \u00e9conomie circulaire au c\u0153ur du mod\u00e8le d\u2019affaires.<\/li>\n\n\n\n<li><strong>\u00c9valuer et communiquer<\/strong> : adopter labels, normes et rapports de durabilit\u00e9.<\/li>\n<\/ul>\n\n\n\n<p>Cette d\u00e9marche f\u00e9d\u00e8re les \u00e9quipes et cr\u00e9e une coh\u00e9rence entre R&amp;D, production, achats, qualit\u00e9, communication et direction g\u00e9n\u00e9rale.<\/p>\n\n\n\n<h2 class=\"wp-block-heading\"><strong>Les diff\u00e9rents niveaux d\u2019\u00e9coconception possibles<\/strong><\/h2>\n\n\n\n<p>L\u2019\u00e9coconception peut se d\u00e9ployer \u00e0 plusieurs niveaux de maturit\u00e9 selon la profondeur de transformation vis\u00e9e :<\/p>\n\n\n\n<ol class=\"wp-block-list\">\n<li><strong>L\u2019am\u00e9lioration du produit existant<\/strong> : on optimise un produit d\u00e9j\u00e0 sur le march\u00e9, par exemple en r\u00e9duisant sa consommation d\u2019\u00e9nergie, en all\u00e9geant ses mat\u00e9riaux ou en am\u00e9liorant sa r\u00e9parabilit\u00e9.<\/li>\n\n\n\n<li><strong>La reconception du produit<\/strong> : il s\u2019agit de repenser la structure m\u00eame du produit, ses composants ou ses proc\u00e9d\u00e9s de fabrication, afin de limiter les impacts tout au long du cycle de vie.<\/li>\n\n\n\n<li><strong>L\u2019innovation des fonctions<\/strong> : l\u2019entreprise r\u00e9invente la mani\u00e8re de r\u00e9pondre au besoin client, en proposant une nouvelle solution ou un service diff\u00e9rent \u2014 par exemple remplacer la vente d\u2019un bien par un service d\u2019usage.<\/li>\n\n\n\n<li><strong>L\u2019innovation du syst\u00e8me<\/strong> : c\u2019est le niveau le plus ambitieux, o\u00f9 l\u2019on remet en question le mod\u00e8le de consommation lui-m\u00eame. Il s\u2019agit de cr\u00e9er un nouveau syst\u00e8me \u00e9conomique ou social plus sobre et circulaire (\u00e9conomie de la fonctionnalit\u00e9, mutualisation, partage, r\u00e9emploi \u00e0 grande \u00e9chelle, etc.).<\/li>\n<\/ol>\n\n\n\n<p>Ces diff\u00e9rents niveaux permettent \u00e0 chaque entreprise de s\u2019engager selon ses capacit\u00e9s, ses ressources et sa strat\u00e9gie, tout en progressant vers une transformation plus profonde et durable.<\/p>\n\n\n\n<h2 class=\"wp-block-heading\"><strong>Eco-concevoir : b\u00e9n\u00e9fices \u00e9conomiques, environnementaux et strat\u00e9giques<\/strong><\/h2>\n\n\n\n<p>Les avantages de l\u2019\u00e9coconception sont multiples :<\/p>\n\n\n\n<ul class=\"wp-block-list\">\n<li><strong>R\u00e9duction des risques<\/strong> : op\u00e9rationnels, approvisionnements, relocalisation et image.<\/li>\n\n\n\n<li><strong>Am\u00e9lioration de la comp\u00e9titivit\u00e9<\/strong> : R\u00e9duire les co\u00fbts, am\u00e9liorer la rentabilit\u00e9, d\u00e9velopper son CA et r\u00e9pondre aux attentes des clients et fournisseurs. <\/li>\n\n\n\n<li><strong>Valorisation du capital immat\u00e9riel<\/strong> : attractivit\u00e9 pour talents, partenaires et investisseurs, innovation en entreprise, attractivit\u00e9 de la marque. <\/li>\n\n\n\n<li><strong>Positionnement strat\u00e9gique<\/strong> : diff\u00e9renciation, acc\u00e8s \u00e0 de nouveaux march\u00e9s et co-d\u00e9veloppement avec clients et fournisseurs.<\/li>\n<\/ul>\n\n\n\n<h2 class=\"wp-block-heading\"><strong>Limites et d\u00e9fis \u00e0 surmonter<\/strong><\/h2>\n\n\n\n<p>Comme toute d\u00e9marche complexe, l\u2019\u00e9coconception a ses limites :<\/p>\n\n\n\n<ul class=\"wp-block-list\">\n<li>Arbitrages entre b\u00e9n\u00e9fices environnementaux et co\u00fbts \u00e9conomiques.<\/li>\n\n\n\n<li>Donn\u00e9es parfois incompl\u00e8tes (biodiversit\u00e9, microplastiques, impacts sociaux).<\/li>\n\n\n\n<li>Effets rebonds ou complexit\u00e9 de communication pouvant entra\u00eener du greenwashing.<\/li>\n<\/ul>\n\n\n\n<p>Elle doit s\u2019inscrire dans une vision plus large : sobri\u00e9t\u00e9, low-tech, \u00e9conomie sociale et solidaire.<\/p>\n\n\n\n<h2 class=\"wp-block-heading\"><strong>Vers une nouvelle culture d\u2019entreprise durable<\/strong><\/h2>\n\n\n\n<p>L\u2019\u00e9coconception se construit progressivement. Elle demande la synergie de toutes les comp\u00e9tences \u2013 dirigeants, ing\u00e9nieurs, marketeurs, acheteurs, communicants \u2013 autour d\u2019un objectif commun : concevoir autrement, produire mieux et consommer moins. Le premier projet choisi doit \u00eatre ambitieux mais r\u00e9alisable, afin de garantir l\u2019apprentissage et l\u2019engagement des \u00e9quipes.<\/p>\n\n\n\n<p>Int\u00e9gr\u00e9e dans une strat\u00e9gie globale et soutenue par des outils robustes, l\u2019\u00e9coconception devient un pilier de la performance durable et transforme la culture de l\u2019entreprise sur le long terme.<\/p>\n\n\n\n<p><strong>L\u2019\u00e9coconception n\u2019est pas seulement un outil environnemental : c\u2019est un moteur d\u2019innovation et un levier strat\u00e9gique qui concilie rentabilit\u00e9, responsabilit\u00e9 et r\u00e9silience.<\/strong> <\/p>\n\n\n\n<p><\/p>","protected":false},"excerpt":{"rendered":"<p>Lors de notre derni\u00e8re Pause D\u00e9j de la Transition, le jeudi 16 octobre, anim\u00e9e par J\u00e9r\u00e9my Alvarez H\u00e9rault, DG de TranSyLience, nous avons pu d\u00e9couvrir l\u2019importance strat\u00e9gique de l\u2019\u00e9coconception. Cette intervention a mis en lumi\u00e8re comment repenser les produits, services et processus d\u00e8s leur conception peut non seulement r\u00e9duire les impacts environnementaux, mais aussi renforcer [&hellip;]<\/p>\n","protected":false},"author":18,"featured_media":61390,"comment_status":"closed","ping_status":"open","sticky":false,"template":"","format":"standard","meta":{"footnotes":""},"categories":[185],"tags":[3202,3203],"class_list":["post-61389","post","type-post","status-publish","format-standard","has-post-thumbnail","hentry","category-developpement-durable","tag-ecoconception","tag-transylience"],"yoast_head":"<!-- This site is optimized with the Yoast SEO plugin v27.4 - https:\/\/yoast.com\/product\/yoast-seo-wordpress\/ -->\n<title>L\u2019\u00e9coconception : repenser la strat\u00e9gie d\u2019entreprise pour allier performance et durabilit\u00e9 - inovall\u00e9e<\/title>\n<meta name=\"description\" content=\"La derni\u00e8re pause d\u00e8j de la transition d&#039;inovall\u00e9e t\u00e9moigne de l&#039;importance pour les entreprises de choisir l&#039;\u00e9co-conception.\" \/>\n<meta name=\"robots\" content=\"index, follow, max-snippet:-1, max-image-preview:large, max-video-preview:-1\" \/>\n<link rel=\"canonical\" href=\"https:\/\/www.inovallee.com\/en\/lecoconception-repenser-la-strategie-dentreprise-pour-allier-performance-et-durabilite\/\" \/>\n<meta property=\"og:locale\" content=\"en_GB\" \/>\n<meta property=\"og:type\" content=\"article\" \/>\n<meta property=\"og:title\" content=\"L\u2019\u00e9coconception : repenser la strat\u00e9gie d\u2019entreprise pour allier performance et durabilit\u00e9 - inovall\u00e9e\" \/>\n<meta property=\"og:description\" content=\"La derni\u00e8re pause d\u00e8j de la transition d&#039;inovall\u00e9e t\u00e9moigne de l&#039;importance pour les entreprises de choisir l&#039;\u00e9co-conception.\" \/>\n<meta property=\"og:url\" content=\"https:\/\/www.inovallee.com\/en\/lecoconception-repenser-la-strategie-dentreprise-pour-allier-performance-et-durabilite\/\" \/>\n<meta property=\"og:site_name\" content=\"inovall\u00e9e\" \/>\n<meta property=\"article:publisher\" content=\"https:\/\/www.facebook.com\/technopoleinovallee\/\" \/>\n<meta property=\"article:published_time\" content=\"2025-10-20T14:53:11+00:00\" \/>\n<meta property=\"article:modified_time\" content=\"2025-10-20T15:27:43+00:00\" \/>\n<meta property=\"og:image\" content=\"https:\/\/www.inovallee.com\/wp-content\/uploads\/2025\/10\/ecoconception2-scaled.jpg\" \/>\n\t<meta property=\"og:image:width\" content=\"2048\" \/>\n\t<meta property=\"og:image:height\" content=\"1536\" \/>\n\t<meta property=\"og:image:type\" content=\"image\/jpeg\" \/>\n<meta name=\"author\" content=\"Margaux De la Fuente\" \/>\n<meta name=\"twitter:card\" content=\"summary_large_image\" \/>\n<meta name=\"twitter:creator\" content=\"@inovallee\" \/>\n<meta name=\"twitter:site\" content=\"@inovallee\" \/>\n<meta name=\"twitter:label1\" content=\"Written by\" \/>\n\t<meta name=\"twitter:data1\" content=\"Margaux De la Fuente\" \/>\n\t<meta name=\"twitter:label2\" content=\"Estimated reading time\" \/>\n\t<meta name=\"twitter:data2\" content=\"5 minutes\" \/>\n<script type=\"application\/ld+json\" class=\"yoast-schema-graph\">{\"@context\":\"https:\\\/\\\/schema.org\",\"@graph\":[{\"@type\":\"Article\",\"@id\":\"https:\\\/\\\/www.inovallee.com\\\/lecoconception-repenser-la-strategie-dentreprise-pour-allier-performance-et-durabilite\\\/#article\",\"isPartOf\":{\"@id\":\"https:\\\/\\\/www.inovallee.com\\\/lecoconception-repenser-la-strategie-dentreprise-pour-allier-performance-et-durabilite\\\/\"},\"author\":{\"name\":\"Margaux De la Fuente\",\"@id\":\"https:\\\/\\\/www.inovallee.com\\\/#\\\/schema\\\/person\\\/92dc7fd313568f5cc54aba72aba732fe\"},\"headline\":\"L\u2019\u00e9coconception : repenser la strat\u00e9gie d\u2019entreprise pour allier performance et durabilit\u00e9\",\"datePublished\":\"2025-10-20T14:53:11+00:00\",\"dateModified\":\"2025-10-20T15:27:43+00:00\",\"mainEntityOfPage\":{\"@id\":\"https:\\\/\\\/www.inovallee.com\\\/lecoconception-repenser-la-strategie-dentreprise-pour-allier-performance-et-durabilite\\\/\"},\"wordCount\":930,\"publisher\":{\"@id\":\"https:\\\/\\\/www.inovallee.com\\\/#organization\"},\"image\":{\"@id\":\"https:\\\/\\\/www.inovallee.com\\\/lecoconception-repenser-la-strategie-dentreprise-pour-allier-performance-et-durabilite\\\/#primaryimage\"},\"thumbnailUrl\":\"https:\\\/\\\/www.inovallee.com\\\/wp-content\\\/uploads\\\/2025\\\/10\\\/ecoconception2-scaled.jpg\",\"keywords\":[\"ecoconception\",\"transylience\"],\"articleSection\":[\"D\u00e9veloppement durable\"],\"inLanguage\":\"en-GB\"},{\"@type\":\"WebPage\",\"@id\":\"https:\\\/\\\/www.inovallee.com\\\/lecoconception-repenser-la-strategie-dentreprise-pour-allier-performance-et-durabilite\\\/\",\"url\":\"https:\\\/\\\/www.inovallee.com\\\/lecoconception-repenser-la-strategie-dentreprise-pour-allier-performance-et-durabilite\\\/\",\"name\":\"L\u2019\u00e9coconception : repenser la strat\u00e9gie d\u2019entreprise pour allier performance et durabilit\u00e9 - inovall\u00e9e\",\"isPartOf\":{\"@id\":\"https:\\\/\\\/www.inovallee.com\\\/#website\"},\"primaryImageOfPage\":{\"@id\":\"https:\\\/\\\/www.inovallee.com\\\/lecoconception-repenser-la-strategie-dentreprise-pour-allier-performance-et-durabilite\\\/#primaryimage\"},\"image\":{\"@id\":\"https:\\\/\\\/www.inovallee.com\\\/lecoconception-repenser-la-strategie-dentreprise-pour-allier-performance-et-durabilite\\\/#primaryimage\"},\"thumbnailUrl\":\"https:\\\/\\\/www.inovallee.com\\\/wp-content\\\/uploads\\\/2025\\\/10\\\/ecoconception2-scaled.jpg\",\"datePublished\":\"2025-10-20T14:53:11+00:00\",\"dateModified\":\"2025-10-20T15:27:43+00:00\",\"description\":\"La derni\u00e8re pause d\u00e8j de la transition d'inovall\u00e9e t\u00e9moigne de l'importance pour les entreprises de choisir l'\u00e9co-conception.\",\"breadcrumb\":{\"@id\":\"https:\\\/\\\/www.inovallee.com\\\/lecoconception-repenser-la-strategie-dentreprise-pour-allier-performance-et-durabilite\\\/#breadcrumb\"},\"inLanguage\":\"en-GB\",\"potentialAction\":[{\"@type\":\"ReadAction\",\"target\":[\"https:\\\/\\\/www.inovallee.com\\\/lecoconception-repenser-la-strategie-dentreprise-pour-allier-performance-et-durabilite\\\/\"]}]},{\"@type\":\"ImageObject\",\"inLanguage\":\"en-GB\",\"@id\":\"https:\\\/\\\/www.inovallee.com\\\/lecoconception-repenser-la-strategie-dentreprise-pour-allier-performance-et-durabilite\\\/#primaryimage\",\"url\":\"https:\\\/\\\/www.inovallee.com\\\/wp-content\\\/uploads\\\/2025\\\/10\\\/ecoconception2-scaled.jpg\",\"contentUrl\":\"https:\\\/\\\/www.inovallee.com\\\/wp-content\\\/uploads\\\/2025\\\/10\\\/ecoconception2-scaled.jpg\",\"width\":2048,\"height\":1536},{\"@type\":\"BreadcrumbList\",\"@id\":\"https:\\\/\\\/www.inovallee.com\\\/lecoconception-repenser-la-strategie-dentreprise-pour-allier-performance-et-durabilite\\\/#breadcrumb\",\"itemListElement\":[{\"@type\":\"ListItem\",\"position\":1,\"name\":\"Accueil\",\"item\":\"https:\\\/\\\/www.inovallee.com\\\/\"},{\"@type\":\"ListItem\",\"position\":2,\"name\":\"L\u2019\u00e9coconception : repenser la strat\u00e9gie d\u2019entreprise pour allier performance et durabilit\u00e9\"}]},{\"@type\":\"WebSite\",\"@id\":\"https:\\\/\\\/www.inovallee.com\\\/#website\",\"url\":\"https:\\\/\\\/www.inovallee.com\\\/\",\"name\":\"inovall\u00e9e technopole, Home to software & smart technologies\",\"description\":\"Home to software &amp; smart technologies\",\"publisher\":{\"@id\":\"https:\\\/\\\/www.inovallee.com\\\/#organization\"},\"potentialAction\":[{\"@type\":\"SearchAction\",\"target\":{\"@type\":\"EntryPoint\",\"urlTemplate\":\"https:\\\/\\\/www.inovallee.com\\\/?s={search_term_string}\"},\"query-input\":{\"@type\":\"PropertyValueSpecification\",\"valueRequired\":true,\"valueName\":\"search_term_string\"}}],\"inLanguage\":\"en-GB\"},{\"@type\":\"Organization\",\"@id\":\"https:\\\/\\\/www.inovallee.com\\\/#organization\",\"name\":\"inovall\u00e9e\",\"url\":\"https:\\\/\\\/www.inovallee.com\\\/\",\"logo\":{\"@type\":\"ImageObject\",\"inLanguage\":\"en-GB\",\"@id\":\"https:\\\/\\\/www.inovallee.com\\\/#\\\/schema\\\/logo\\\/image\\\/\",\"url\":\"https:\\\/\\\/www.inovallee.com\\\/wp-content\\\/uploads\\\/2023\\\/08\\\/inovallee_2022_GrenobleAlpes.png\",\"contentUrl\":\"https:\\\/\\\/www.inovallee.com\\\/wp-content\\\/uploads\\\/2023\\\/08\\\/inovallee_2022_GrenobleAlpes.png\",\"width\":945,\"height\":369,\"caption\":\"inovall\u00e9e\"},\"image\":{\"@id\":\"https:\\\/\\\/www.inovallee.com\\\/#\\\/schema\\\/logo\\\/image\\\/\"},\"sameAs\":[\"https:\\\/\\\/www.facebook.com\\\/technopoleinovallee\\\/\",\"https:\\\/\\\/x.com\\\/inovallee\",\"https:\\\/\\\/www.linkedin.com\\\/company\\\/inovall-e\\\/\",\"https:\\\/\\\/www.youtube.com\\\/user\\\/inovallee?reload=9\"]},{\"@type\":\"Person\",\"@id\":\"https:\\\/\\\/www.inovallee.com\\\/#\\\/schema\\\/person\\\/92dc7fd313568f5cc54aba72aba732fe\",\"name\":\"Margaux De la Fuente\"}]}<\/script>\n<!-- \/ Yoast SEO plugin. -->","yoast_head_json":{"title":"L\u2019\u00e9coconception : repenser la strat\u00e9gie d\u2019entreprise pour allier performance et durabilit\u00e9 - inovall\u00e9e","description":"La derni\u00e8re pause d\u00e8j de la transition d'inovall\u00e9e t\u00e9moigne de l'importance pour les entreprises de choisir l'\u00e9co-conception.","robots":{"index":"index","follow":"follow","max-snippet":"max-snippet:-1","max-image-preview":"max-image-preview:large","max-video-preview":"max-video-preview:-1"},"canonical":"https:\/\/www.inovallee.com\/en\/lecoconception-repenser-la-strategie-dentreprise-pour-allier-performance-et-durabilite\/","og_locale":"en_GB","og_type":"article","og_title":"L\u2019\u00e9coconception : repenser la strat\u00e9gie d\u2019entreprise pour allier performance et durabilit\u00e9 - inovall\u00e9e","og_description":"La derni\u00e8re pause d\u00e8j de la transition d'inovall\u00e9e t\u00e9moigne de l'importance pour les entreprises de choisir l'\u00e9co-conception.","og_url":"https:\/\/www.inovallee.com\/en\/lecoconception-repenser-la-strategie-dentreprise-pour-allier-performance-et-durabilite\/","og_site_name":"inovall\u00e9e","article_publisher":"https:\/\/www.facebook.com\/technopoleinovallee\/","article_published_time":"2025-10-20T14:53:11+00:00","article_modified_time":"2025-10-20T15:27:43+00:00","og_image":[{"width":2048,"height":1536,"url":"https:\/\/www.inovallee.com\/wp-content\/uploads\/2025\/10\/ecoconception2-scaled.jpg","type":"image\/jpeg"}],"author":"Margaux De la Fuente","twitter_card":"summary_large_image","twitter_creator":"@inovallee","twitter_site":"@inovallee","twitter_misc":{"Written by":"Margaux De la Fuente","Estimated reading time":"5 minutes"},"schema":{"@context":"https:\/\/schema.org","@graph":[{"@type":"Article","@id":"https:\/\/www.inovallee.com\/lecoconception-repenser-la-strategie-dentreprise-pour-allier-performance-et-durabilite\/#article","isPartOf":{"@id":"https:\/\/www.inovallee.com\/lecoconception-repenser-la-strategie-dentreprise-pour-allier-performance-et-durabilite\/"},"author":{"name":"Margaux De la Fuente","@id":"https:\/\/www.inovallee.com\/#\/schema\/person\/92dc7fd313568f5cc54aba72aba732fe"},"headline":"L\u2019\u00e9coconception : repenser la strat\u00e9gie d\u2019entreprise pour allier performance et durabilit\u00e9","datePublished":"2025-10-20T14:53:11+00:00","dateModified":"2025-10-20T15:27:43+00:00","mainEntityOfPage":{"@id":"https:\/\/www.inovallee.com\/lecoconception-repenser-la-strategie-dentreprise-pour-allier-performance-et-durabilite\/"},"wordCount":930,"publisher":{"@id":"https:\/\/www.inovallee.com\/#organization"},"image":{"@id":"https:\/\/www.inovallee.com\/lecoconception-repenser-la-strategie-dentreprise-pour-allier-performance-et-durabilite\/#primaryimage"},"thumbnailUrl":"https:\/\/www.inovallee.com\/wp-content\/uploads\/2025\/10\/ecoconception2-scaled.jpg","keywords":["ecoconception","transylience"],"articleSection":["D\u00e9veloppement durable"],"inLanguage":"en-GB"},{"@type":"WebPage","@id":"https:\/\/www.inovallee.com\/lecoconception-repenser-la-strategie-dentreprise-pour-allier-performance-et-durabilite\/","url":"https:\/\/www.inovallee.com\/lecoconception-repenser-la-strategie-dentreprise-pour-allier-performance-et-durabilite\/","name":"L\u2019\u00e9coconception : repenser la strat\u00e9gie d\u2019entreprise pour allier performance et durabilit\u00e9 - inovall\u00e9e","isPartOf":{"@id":"https:\/\/www.inovallee.com\/#website"},"primaryImageOfPage":{"@id":"https:\/\/www.inovallee.com\/lecoconception-repenser-la-strategie-dentreprise-pour-allier-performance-et-durabilite\/#primaryimage"},"image":{"@id":"https:\/\/www.inovallee.com\/lecoconception-repenser-la-strategie-dentreprise-pour-allier-performance-et-durabilite\/#primaryimage"},"thumbnailUrl":"https:\/\/www.inovallee.com\/wp-content\/uploads\/2025\/10\/ecoconception2-scaled.jpg","datePublished":"2025-10-20T14:53:11+00:00","dateModified":"2025-10-20T15:27:43+00:00","description":"La derni\u00e8re pause d\u00e8j de la transition d'inovall\u00e9e t\u00e9moigne de l'importance pour les entreprises de choisir l'\u00e9co-conception.","breadcrumb":{"@id":"https:\/\/www.inovallee.com\/lecoconception-repenser-la-strategie-dentreprise-pour-allier-performance-et-durabilite\/#breadcrumb"},"inLanguage":"en-GB","potentialAction":[{"@type":"ReadAction","target":["https:\/\/www.inovallee.com\/lecoconception-repenser-la-strategie-dentreprise-pour-allier-performance-et-durabilite\/"]}]},{"@type":"ImageObject","inLanguage":"en-GB","@id":"https:\/\/www.inovallee.com\/lecoconception-repenser-la-strategie-dentreprise-pour-allier-performance-et-durabilite\/#primaryimage","url":"https:\/\/www.inovallee.com\/wp-content\/uploads\/2025\/10\/ecoconception2-scaled.jpg","contentUrl":"https:\/\/www.inovallee.com\/wp-content\/uploads\/2025\/10\/ecoconception2-scaled.jpg","width":2048,"height":1536},{"@type":"BreadcrumbList","@id":"https:\/\/www.inovallee.com\/lecoconception-repenser-la-strategie-dentreprise-pour-allier-performance-et-durabilite\/#breadcrumb","itemListElement":[{"@type":"ListItem","position":1,"name":"Accueil","item":"https:\/\/www.inovallee.com\/"},{"@type":"ListItem","position":2,"name":"L\u2019\u00e9coconception : repenser la strat\u00e9gie d\u2019entreprise pour allier performance et durabilit\u00e9"}]},{"@type":"WebSite","@id":"https:\/\/www.inovallee.com\/#website","url":"https:\/\/www.inovallee.com\/","name":"inovall\u00e9e technopole, Home to software & smart technologies","description":"Home to software &amp; smart technologies","publisher":{"@id":"https:\/\/www.inovallee.com\/#organization"},"potentialAction":[{"@type":"SearchAction","target":{"@type":"EntryPoint","urlTemplate":"https:\/\/www.inovallee.com\/?s={search_term_string}"},"query-input":{"@type":"PropertyValueSpecification","valueRequired":true,"valueName":"search_term_string"}}],"inLanguage":"en-GB"},{"@type":"Organization","@id":"https:\/\/www.inovallee.com\/#organization","name":"inovall\u00e9e","url":"https:\/\/www.inovallee.com\/","logo":{"@type":"ImageObject","inLanguage":"en-GB","@id":"https:\/\/www.inovallee.com\/#\/schema\/logo\/image\/","url":"https:\/\/www.inovallee.com\/wp-content\/uploads\/2023\/08\/inovallee_2022_GrenobleAlpes.png","contentUrl":"https:\/\/www.inovallee.com\/wp-content\/uploads\/2023\/08\/inovallee_2022_GrenobleAlpes.png","width":945,"height":369,"caption":"inovall\u00e9e"},"image":{"@id":"https:\/\/www.inovallee.com\/#\/schema\/logo\/image\/"},"sameAs":["https:\/\/www.facebook.com\/technopoleinovallee\/","https:\/\/x.com\/inovallee","https:\/\/www.linkedin.com\/company\/inovall-e\/","https:\/\/www.youtube.com\/user\/inovallee?reload=9"]},{"@type":"Person","@id":"https:\/\/www.inovallee.com\/#\/schema\/person\/92dc7fd313568f5cc54aba72aba732fe","name":"Margaux De la Fuente"}]}},"_links":{"self":[{"href":"https:\/\/www.inovallee.com\/en\/wp-json\/wp\/v2\/posts\/61389","targetHints":{"allow":["GET"]}}],"collection":[{"href":"https:\/\/www.inovallee.com\/en\/wp-json\/wp\/v2\/posts"}],"about":[{"href":"https:\/\/www.inovallee.com\/en\/wp-json\/wp\/v2\/types\/post"}],"author":[{"embeddable":true,"href":"https:\/\/www.inovallee.com\/en\/wp-json\/wp\/v2\/users\/18"}],"replies":[{"embeddable":true,"href":"https:\/\/www.inovallee.com\/en\/wp-json\/wp\/v2\/comments?post=61389"}],"version-history":[{"count":7,"href":"https:\/\/www.inovallee.com\/en\/wp-json\/wp\/v2\/posts\/61389\/revisions"}],"predecessor-version":[{"id":61399,"href":"https:\/\/www.inovallee.com\/en\/wp-json\/wp\/v2\/posts\/61389\/revisions\/61399"}],"wp:featuredmedia":[{"embeddable":true,"href":"https:\/\/www.inovallee.com\/en\/wp-json\/wp\/v2\/media\/61390"}],"wp:attachment":[{"href":"https:\/\/www.inovallee.com\/en\/wp-json\/wp\/v2\/media?parent=61389"}],"wp:term":[{"taxonomy":"category","embeddable":true,"href":"https:\/\/www.inovallee.com\/en\/wp-json\/wp\/v2\/categories?post=61389"},{"taxonomy":"post_tag","embeddable":true,"href":"https:\/\/www.inovallee.com\/en\/wp-json\/wp\/v2\/tags?post=61389"}],"curies":[{"name":"wp","href":"https:\/\/api.w.org\/{rel}","templated":true}]}}