{"id":62001,"date":"2025-11-17T09:11:17","date_gmt":"2025-11-17T08:11:17","guid":{"rendered":"https:\/\/www.inovallee.com\/?p=62001"},"modified":"2025-11-17T13:50:13","modified_gmt":"2025-11-17T12:50:13","slug":"gestion-conflits-posture-leader-atelier-tarmac","status":"publish","type":"post","link":"https:\/\/www.inovallee.com\/en\/gestion-conflits-posture-leader-atelier-tarmac\/","title":{"rendered":"Aborder les conflits pour mieux d\u00e9velopper sa posture de leader [Atelier Tarmac]"},"content":{"rendered":"<div data-elementor-type=\"wp-post\" data-elementor-id=\"62001\" class=\"elementor elementor-62001\" data-elementor-post-type=\"post\">\n\t\t\t\t\t\t<section class=\"elementor-section elementor-top-section elementor-element elementor-element-1186bfd8 elementor-section-boxed elementor-section-height-default elementor-section-height-default\" data-id=\"1186bfd8\" data-element_type=\"section\" data-e-type=\"section\">\n\t\t\t\t\t\t<div class=\"elementor-container elementor-column-gap-default\">\n\t\t\t\t\t<div class=\"elementor-column elementor-col-100 elementor-top-column elementor-element elementor-element-20817997\" data-id=\"20817997\" data-element_type=\"column\" data-e-type=\"column\">\n\t\t\t<div class=\"elementor-widget-wrap elementor-element-populated\">\n\t\t\t\t\t\t<div class=\"elementor-element elementor-element-7625a736 elementor-widget elementor-widget-text-editor\" data-id=\"7625a736\" data-element_type=\"widget\" data-e-type=\"widget\" data-widget_type=\"text-editor.default\">\n\t\t\t\t<div class=\"elementor-widget-container\">\n\t\t\t\t\t\t\t\t\t<p>Dans un monde professionnel o\u00f9 les tensions sont in\u00e9vitables, savoir les apprivoiser peut faire toute la diff\u00e9rence. C\u2019est le postulat de l\u2019atelier <em>\u00ab Aborder les conflits pour mieux d\u00e9velopper sa posture de leader \u00bb<\/em>, organis\u00e9 au TARMAC, l\u2019incubateur tech de Meylan. Anim\u00e9e par <strong>Delphine Bressy Ransch<\/strong>, avocate-m\u00e9diatrice et formatrice exp\u00e9riment\u00e9e, cette session a r\u00e9uni 13 entrepreneurs, managers et porteurs de projets pour d\u00e9crypter les m\u00e9canismes des conflits et en faire un levier de croissance.<\/p>\n<p><strong>Des conflits, une r\u00e9alit\u00e9 \u00e0 d\u00e9coder<\/strong><\/p>\n<p><em>\u00ab Notre personnalit\u00e9, notre \u00e9ducation, nos valeurs influencent notre mani\u00e8re de r\u00e9agir face aux d\u00e9saccords \u00bb<\/em>, introduit Delphine Bressy Ransch en ouverture. Loin d\u2019\u00eatre des obstacles, les conflits sont des syst\u00e8mes dynamiques, r\u00e9v\u00e9lateurs des enjeux relationnels et organisationnels. Mais encore faut-il savoir les analyser.<\/p>\n<p>L\u2019atelier a d\u00e9but\u00e9 par un autodiagnostic permettant \u00e0 chacun d\u2019identifier son style de gestion des conflits parmi cinq approches :<\/p>\n<ul>\n<li><strong>L\u2019affrontement<\/strong>, souvent per\u00e7u comme agressif, peut pourtant \u00eatre une force pour les leaders, \u00e0 condition d\u2019\u00eatre ma\u00eetris\u00e9.<\/li>\n<li><strong>L\u2019accommodation<\/strong>, qui privil\u00e9gie la paix sociale, mais risque de laisser les probl\u00e8mes non r\u00e9solus.<\/li>\n<li><strong>L\u2019\u00e9vitement<\/strong>, utile pour gagner du temps, mais dangereux s\u2019il devient syst\u00e9matique.<\/li>\n<li><strong>Le compromis<\/strong>, solution pragmatique, mais parfois superficielle.<\/li>\n<li><strong>La r\u00e9solution de probl\u00e8me<\/strong>, seule m\u00e9thode pour traiter les conflits en profondeur et restaurer la confiance.<\/li>\n<\/ul>\n<p>Comme vous l\u2019aurez compris,<em> \u00ab Il n\u2019y a pas de bonne ou de mauvaise r\u00e9ponse, mais des choix adapt\u00e9s aux circonstances \u00bb<\/em>, souligne Delphine Bressy Ransch.<\/p>\n<p><strong>\u00c9motions et besoins : le c\u0153ur de la r\u00e9solution<\/strong><\/p>\n<p>Contrairement aux id\u00e9es re\u00e7ues, les conflits ne naissent pas seulement de d\u00e9saccords factuels. <em>\u00ab Une phrase anodine peut \u00eatre v\u00e9cue comme une agression selon l\u2019\u00e9tat \u00e9motionnel de chacun \u00bb<\/em>, explique la m\u00e9diatrice. D\u2019o\u00f9 l\u2019importance de nommer les \u00e9motions pour d\u00e9samorcer les tensions.<\/p>\n<p>L\u2019atelier a mis en pratique des outils concrets, comme la Communication Non Violente (CNV), pour distinguer :<\/p>\n<ul>\n<li>Les besoins (ex. : respect, reconnaissance)<\/li>\n<li>Les demandes (ex. : \u00ab Je veux que tu fasses ceci \u00bb)<\/li>\n<\/ul>\n<p><em>\u00ab Une \u00e9motion non exprim\u00e9e est une bombe \u00e0 retardement \u00bb<\/em>, r\u00e9sume un participant. La m\u00e9diation, en ce sens, joue un r\u00f4le cl\u00e9 : elle permet de lib\u00e9rer la parole, de clarifier les attentes et de trouver des solutions durables.<\/p>\n<p><strong>Requins, tortues et chouettes : quelle strat\u00e9gie adopter ?<\/strong><\/p>\n<p>Inspir\u00e9e des travaux de <strong>Thomas Kilmann<\/strong>, une typologie des profils d&rsquo;animaux a \u00e9t\u00e9 pr\u00e9sent\u00e9e pour que chacun des participants puisse mieux s&rsquo;identifier :\u00a0<\/p>\n<ul>\n<li><strong>Le requin<\/strong> (affrontement)<\/li>\n<li><strong>La tortue<\/strong> (\u00e9vitement)<\/li>\n<li><strong>Le nounours<\/strong> (accommodation)<\/li>\n<li><strong>Le renard<\/strong> (compromis)<\/li>\n<li><strong>La chouette<\/strong> (r\u00e9solution collaborative)<\/li>\n<\/ul>\n<p>Un moment tr\u00e8s appr\u00e9ci\u00e9 par nos participants, suscitant de nombreuses questions !\u00a0<\/p>\n<p><strong>Prochaine \u00e9tape ?<\/strong> Int\u00e9grer ces outils au quotidien, pour transformer les conflits en opportunit\u00e9s de dialogue et d\u2019innovation.<\/p>\n<p>\u00a0<\/p>\t\t\t\t\t\t\t\t<\/div>\n\t\t\t\t<\/div>\n\t\t\t\t\t<\/div>\n\t\t<\/div>\n\t\t\t\t\t<\/div>\n\t\t<\/section>\n\t\t\t\t<\/div>","protected":false},"excerpt":{"rendered":"<p>Dans un monde professionnel o\u00f9 les tensions sont in\u00e9vitables, savoir les apprivoiser peut faire toute la diff\u00e9rence. C\u2019est le postulat de l\u2019atelier \u00ab Aborder les conflits pour mieux d\u00e9velopper sa posture de leader \u00bb, organis\u00e9 au TARMAC, l\u2019incubateur tech de Meylan. Anim\u00e9e par Delphine Bressy Ransch, avocate-m\u00e9diatrice et formatrice exp\u00e9riment\u00e9e, cette session a r\u00e9uni 13 [&hellip;]<\/p>\n","protected":false},"author":60,"featured_media":62008,"comment_status":"closed","ping_status":"open","sticky":false,"template":"","format":"standard","meta":{"footnotes":""},"categories":[46,44],"tags":[3234,3236,3237],"class_list":["post-62001","post","type-post","status-publish","format-standard","has-post-thumbnail","hentry","category-vie-du-tarmac","category-tarmac-incubator","tag-gestion-conflit","tag-leader","tag-posture"],"yoast_head":"<!-- This site is optimized with the Yoast SEO plugin v27.4 - https:\/\/yoast.com\/product\/yoast-seo-wordpress\/ -->\n<title>Aborder les conflits pour mieux d\u00e9velopper sa posture de leader [Atelier Tarmac] - inovall\u00e9e<\/title>\n<meta name=\"description\" content=\"D\u00e9couvrez comment transformer les conflits en opportunit\u00e9s de croissance gr\u00e2ce \u00e0 l\u2019atelier Aborder les conflits pour mieux d\u00e9velopper sa posture de leader au TARMAC. Anim\u00e9 par Delphine Bressy Ransch, cet atelier r\u00e9v\u00e8le les 5 styles de gestion des conflits et des outils concrets comme la Communication Non Violente (CNV) pour les entrepreneurs et managers.\" \/>\n<meta name=\"robots\" content=\"index, follow, max-snippet:-1, max-image-preview:large, max-video-preview:-1\" \/>\n<link rel=\"canonical\" href=\"https:\/\/www.inovallee.com\/en\/gestion-conflits-posture-leader-atelier-tarmac\/\" \/>\n<meta property=\"og:locale\" content=\"en_GB\" \/>\n<meta property=\"og:type\" content=\"article\" \/>\n<meta property=\"og:title\" content=\"Aborder les conflits pour mieux d\u00e9velopper sa posture de leader [Atelier Tarmac] - inovall\u00e9e\" \/>\n<meta property=\"og:description\" content=\"D\u00e9couvrez comment transformer les conflits en opportunit\u00e9s de croissance gr\u00e2ce \u00e0 l\u2019atelier Aborder les conflits pour mieux d\u00e9velopper sa posture de leader au TARMAC. Anim\u00e9 par Delphine Bressy Ransch, cet atelier r\u00e9v\u00e8le les 5 styles de gestion des conflits et des outils concrets comme la Communication Non Violente (CNV) pour les entrepreneurs et managers.\" \/>\n<meta property=\"og:url\" content=\"https:\/\/www.inovallee.com\/en\/gestion-conflits-posture-leader-atelier-tarmac\/\" \/>\n<meta property=\"og:site_name\" content=\"inovall\u00e9e\" \/>\n<meta property=\"article:publisher\" content=\"https:\/\/www.facebook.com\/technopoleinovallee\/\" \/>\n<meta property=\"article:published_time\" content=\"2025-11-17T08:11:17+00:00\" \/>\n<meta property=\"article:modified_time\" content=\"2025-11-17T12:50:13+00:00\" \/>\n<meta property=\"og:image\" content=\"https:\/\/www.inovallee.com\/wp-content\/uploads\/2025\/11\/IMG_0560.jpeg\" \/>\n\t<meta property=\"og:image:width\" content=\"2000\" \/>\n\t<meta property=\"og:image:height\" content=\"1500\" \/>\n\t<meta property=\"og:image:type\" content=\"image\/jpeg\" \/>\n<meta name=\"author\" content=\"Ang\u00e9lique BLAYER-GIRARD\" \/>\n<meta name=\"twitter:card\" content=\"summary_large_image\" \/>\n<meta name=\"twitter:creator\" content=\"@inovallee\" \/>\n<meta name=\"twitter:site\" content=\"@inovallee\" \/>\n<meta name=\"twitter:label1\" content=\"Written by\" \/>\n\t<meta name=\"twitter:data1\" content=\"Ang\u00e9lique BLAYER-GIRARD\" \/>\n\t<meta name=\"twitter:label2\" content=\"Estimated reading time\" \/>\n\t<meta name=\"twitter:data2\" content=\"3 minutes\" \/>\n<script type=\"application\/ld+json\" class=\"yoast-schema-graph\">{\"@context\":\"https:\\\/\\\/schema.org\",\"@graph\":[{\"@type\":\"Article\",\"@id\":\"https:\\\/\\\/www.inovallee.com\\\/gestion-conflits-posture-leader-atelier-tarmac\\\/#article\",\"isPartOf\":{\"@id\":\"https:\\\/\\\/www.inovallee.com\\\/gestion-conflits-posture-leader-atelier-tarmac\\\/\"},\"author\":{\"name\":\"Ang\u00e9lique BLAYER-GIRARD\",\"@id\":\"https:\\\/\\\/www.inovallee.com\\\/#\\\/schema\\\/person\\\/3c9aadca889a0d8c78ccd513dc5ecb0d\"},\"headline\":\"Aborder les conflits pour mieux d\u00e9velopper sa posture de leader [Atelier Tarmac]\",\"datePublished\":\"2025-11-17T08:11:17+00:00\",\"dateModified\":\"2025-11-17T12:50:13+00:00\",\"mainEntityOfPage\":{\"@id\":\"https:\\\/\\\/www.inovallee.com\\\/gestion-conflits-posture-leader-atelier-tarmac\\\/\"},\"wordCount\":496,\"publisher\":{\"@id\":\"https:\\\/\\\/www.inovallee.com\\\/#organization\"},\"image\":{\"@id\":\"https:\\\/\\\/www.inovallee.com\\\/gestion-conflits-posture-leader-atelier-tarmac\\\/#primaryimage\"},\"thumbnailUrl\":\"https:\\\/\\\/www.inovallee.com\\\/wp-content\\\/uploads\\\/2025\\\/11\\\/IMG_0560.jpeg\",\"keywords\":[\"gestion conflit\",\"leader\",\"posture\"],\"articleSection\":[\"La vie du Tarmac\",\"Tarmac incubator\"],\"inLanguage\":\"en-GB\"},{\"@type\":\"WebPage\",\"@id\":\"https:\\\/\\\/www.inovallee.com\\\/gestion-conflits-posture-leader-atelier-tarmac\\\/\",\"url\":\"https:\\\/\\\/www.inovallee.com\\\/gestion-conflits-posture-leader-atelier-tarmac\\\/\",\"name\":\"Aborder les conflits pour mieux d\u00e9velopper sa posture de leader [Atelier Tarmac] - inovall\u00e9e\",\"isPartOf\":{\"@id\":\"https:\\\/\\\/www.inovallee.com\\\/#website\"},\"primaryImageOfPage\":{\"@id\":\"https:\\\/\\\/www.inovallee.com\\\/gestion-conflits-posture-leader-atelier-tarmac\\\/#primaryimage\"},\"image\":{\"@id\":\"https:\\\/\\\/www.inovallee.com\\\/gestion-conflits-posture-leader-atelier-tarmac\\\/#primaryimage\"},\"thumbnailUrl\":\"https:\\\/\\\/www.inovallee.com\\\/wp-content\\\/uploads\\\/2025\\\/11\\\/IMG_0560.jpeg\",\"datePublished\":\"2025-11-17T08:11:17+00:00\",\"dateModified\":\"2025-11-17T12:50:13+00:00\",\"description\":\"D\u00e9couvrez comment transformer les conflits en opportunit\u00e9s de croissance gr\u00e2ce \u00e0 l\u2019atelier Aborder les conflits pour mieux d\u00e9velopper sa posture de leader au TARMAC. Anim\u00e9 par Delphine Bressy Ransch, cet atelier r\u00e9v\u00e8le les 5 styles de gestion des conflits et des outils concrets comme la Communication Non Violente (CNV) pour les entrepreneurs et managers.\",\"breadcrumb\":{\"@id\":\"https:\\\/\\\/www.inovallee.com\\\/gestion-conflits-posture-leader-atelier-tarmac\\\/#breadcrumb\"},\"inLanguage\":\"en-GB\",\"potentialAction\":[{\"@type\":\"ReadAction\",\"target\":[\"https:\\\/\\\/www.inovallee.com\\\/gestion-conflits-posture-leader-atelier-tarmac\\\/\"]}]},{\"@type\":\"ImageObject\",\"inLanguage\":\"en-GB\",\"@id\":\"https:\\\/\\\/www.inovallee.com\\\/gestion-conflits-posture-leader-atelier-tarmac\\\/#primaryimage\",\"url\":\"https:\\\/\\\/www.inovallee.com\\\/wp-content\\\/uploads\\\/2025\\\/11\\\/IMG_0560.jpeg\",\"contentUrl\":\"https:\\\/\\\/www.inovallee.com\\\/wp-content\\\/uploads\\\/2025\\\/11\\\/IMG_0560.jpeg\",\"width\":2000,\"height\":1500},{\"@type\":\"BreadcrumbList\",\"@id\":\"https:\\\/\\\/www.inovallee.com\\\/gestion-conflits-posture-leader-atelier-tarmac\\\/#breadcrumb\",\"itemListElement\":[{\"@type\":\"ListItem\",\"position\":1,\"name\":\"Accueil\",\"item\":\"https:\\\/\\\/www.inovallee.com\\\/\"},{\"@type\":\"ListItem\",\"position\":2,\"name\":\"Aborder les conflits pour mieux d\u00e9velopper sa posture de leader [Atelier Tarmac]\"}]},{\"@type\":\"WebSite\",\"@id\":\"https:\\\/\\\/www.inovallee.com\\\/#website\",\"url\":\"https:\\\/\\\/www.inovallee.com\\\/\",\"name\":\"inovall\u00e9e technopole, Home to software & smart technologies\",\"description\":\"Home to software &amp; smart technologies\",\"publisher\":{\"@id\":\"https:\\\/\\\/www.inovallee.com\\\/#organization\"},\"potentialAction\":[{\"@type\":\"SearchAction\",\"target\":{\"@type\":\"EntryPoint\",\"urlTemplate\":\"https:\\\/\\\/www.inovallee.com\\\/?s={search_term_string}\"},\"query-input\":{\"@type\":\"PropertyValueSpecification\",\"valueRequired\":true,\"valueName\":\"search_term_string\"}}],\"inLanguage\":\"en-GB\"},{\"@type\":\"Organization\",\"@id\":\"https:\\\/\\\/www.inovallee.com\\\/#organization\",\"name\":\"inovall\u00e9e\",\"url\":\"https:\\\/\\\/www.inovallee.com\\\/\",\"logo\":{\"@type\":\"ImageObject\",\"inLanguage\":\"en-GB\",\"@id\":\"https:\\\/\\\/www.inovallee.com\\\/#\\\/schema\\\/logo\\\/image\\\/\",\"url\":\"https:\\\/\\\/www.inovallee.com\\\/wp-content\\\/uploads\\\/2023\\\/08\\\/inovallee_2022_GrenobleAlpes.png\",\"contentUrl\":\"https:\\\/\\\/www.inovallee.com\\\/wp-content\\\/uploads\\\/2023\\\/08\\\/inovallee_2022_GrenobleAlpes.png\",\"width\":945,\"height\":369,\"caption\":\"inovall\u00e9e\"},\"image\":{\"@id\":\"https:\\\/\\\/www.inovallee.com\\\/#\\\/schema\\\/logo\\\/image\\\/\"},\"sameAs\":[\"https:\\\/\\\/www.facebook.com\\\/technopoleinovallee\\\/\",\"https:\\\/\\\/x.com\\\/inovallee\",\"https:\\\/\\\/www.linkedin.com\\\/company\\\/inovall-e\\\/\",\"https:\\\/\\\/www.youtube.com\\\/user\\\/inovallee?reload=9\"]},{\"@type\":\"Person\",\"@id\":\"https:\\\/\\\/www.inovallee.com\\\/#\\\/schema\\\/person\\\/3c9aadca889a0d8c78ccd513dc5ecb0d\",\"name\":\"Ang\u00e9lique BLAYER-GIRARD\",\"sameAs\":[\"http:\\\/\\\/www.inovallee.com\"]}]}<\/script>\n<!-- \/ Yoast SEO plugin. -->","yoast_head_json":{"title":"Aborder les conflits pour mieux d\u00e9velopper sa posture de leader [Atelier Tarmac] - inovall\u00e9e","description":"D\u00e9couvrez comment transformer les conflits en opportunit\u00e9s de croissance gr\u00e2ce \u00e0 l\u2019atelier Aborder les conflits pour mieux d\u00e9velopper sa posture de leader au TARMAC. Anim\u00e9 par Delphine Bressy Ransch, cet atelier r\u00e9v\u00e8le les 5 styles de gestion des conflits et des outils concrets comme la Communication Non Violente (CNV) pour les entrepreneurs et managers.","robots":{"index":"index","follow":"follow","max-snippet":"max-snippet:-1","max-image-preview":"max-image-preview:large","max-video-preview":"max-video-preview:-1"},"canonical":"https:\/\/www.inovallee.com\/en\/gestion-conflits-posture-leader-atelier-tarmac\/","og_locale":"en_GB","og_type":"article","og_title":"Aborder les conflits pour mieux d\u00e9velopper sa posture de leader [Atelier Tarmac] - inovall\u00e9e","og_description":"D\u00e9couvrez comment transformer les conflits en opportunit\u00e9s de croissance gr\u00e2ce \u00e0 l\u2019atelier Aborder les conflits pour mieux d\u00e9velopper sa posture de leader au TARMAC. Anim\u00e9 par Delphine Bressy Ransch, cet atelier r\u00e9v\u00e8le les 5 styles de gestion des conflits et des outils concrets comme la Communication Non Violente (CNV) pour les entrepreneurs et managers.","og_url":"https:\/\/www.inovallee.com\/en\/gestion-conflits-posture-leader-atelier-tarmac\/","og_site_name":"inovall\u00e9e","article_publisher":"https:\/\/www.facebook.com\/technopoleinovallee\/","article_published_time":"2025-11-17T08:11:17+00:00","article_modified_time":"2025-11-17T12:50:13+00:00","og_image":[{"width":2000,"height":1500,"url":"https:\/\/www.inovallee.com\/wp-content\/uploads\/2025\/11\/IMG_0560.jpeg","type":"image\/jpeg"}],"author":"Ang\u00e9lique BLAYER-GIRARD","twitter_card":"summary_large_image","twitter_creator":"@inovallee","twitter_site":"@inovallee","twitter_misc":{"Written by":"Ang\u00e9lique BLAYER-GIRARD","Estimated reading time":"3 minutes"},"schema":{"@context":"https:\/\/schema.org","@graph":[{"@type":"Article","@id":"https:\/\/www.inovallee.com\/gestion-conflits-posture-leader-atelier-tarmac\/#article","isPartOf":{"@id":"https:\/\/www.inovallee.com\/gestion-conflits-posture-leader-atelier-tarmac\/"},"author":{"name":"Ang\u00e9lique BLAYER-GIRARD","@id":"https:\/\/www.inovallee.com\/#\/schema\/person\/3c9aadca889a0d8c78ccd513dc5ecb0d"},"headline":"Aborder les conflits pour mieux d\u00e9velopper sa posture de leader [Atelier Tarmac]","datePublished":"2025-11-17T08:11:17+00:00","dateModified":"2025-11-17T12:50:13+00:00","mainEntityOfPage":{"@id":"https:\/\/www.inovallee.com\/gestion-conflits-posture-leader-atelier-tarmac\/"},"wordCount":496,"publisher":{"@id":"https:\/\/www.inovallee.com\/#organization"},"image":{"@id":"https:\/\/www.inovallee.com\/gestion-conflits-posture-leader-atelier-tarmac\/#primaryimage"},"thumbnailUrl":"https:\/\/www.inovallee.com\/wp-content\/uploads\/2025\/11\/IMG_0560.jpeg","keywords":["gestion conflit","leader","posture"],"articleSection":["La vie du Tarmac","Tarmac incubator"],"inLanguage":"en-GB"},{"@type":"WebPage","@id":"https:\/\/www.inovallee.com\/gestion-conflits-posture-leader-atelier-tarmac\/","url":"https:\/\/www.inovallee.com\/gestion-conflits-posture-leader-atelier-tarmac\/","name":"Aborder les conflits pour mieux d\u00e9velopper sa posture de leader [Atelier Tarmac] - inovall\u00e9e","isPartOf":{"@id":"https:\/\/www.inovallee.com\/#website"},"primaryImageOfPage":{"@id":"https:\/\/www.inovallee.com\/gestion-conflits-posture-leader-atelier-tarmac\/#primaryimage"},"image":{"@id":"https:\/\/www.inovallee.com\/gestion-conflits-posture-leader-atelier-tarmac\/#primaryimage"},"thumbnailUrl":"https:\/\/www.inovallee.com\/wp-content\/uploads\/2025\/11\/IMG_0560.jpeg","datePublished":"2025-11-17T08:11:17+00:00","dateModified":"2025-11-17T12:50:13+00:00","description":"D\u00e9couvrez comment transformer les conflits en opportunit\u00e9s de croissance gr\u00e2ce \u00e0 l\u2019atelier Aborder les conflits pour mieux d\u00e9velopper sa posture de leader au TARMAC. Anim\u00e9 par Delphine Bressy Ransch, cet atelier r\u00e9v\u00e8le les 5 styles de gestion des conflits et des outils concrets comme la Communication Non Violente (CNV) pour les entrepreneurs et managers.","breadcrumb":{"@id":"https:\/\/www.inovallee.com\/gestion-conflits-posture-leader-atelier-tarmac\/#breadcrumb"},"inLanguage":"en-GB","potentialAction":[{"@type":"ReadAction","target":["https:\/\/www.inovallee.com\/gestion-conflits-posture-leader-atelier-tarmac\/"]}]},{"@type":"ImageObject","inLanguage":"en-GB","@id":"https:\/\/www.inovallee.com\/gestion-conflits-posture-leader-atelier-tarmac\/#primaryimage","url":"https:\/\/www.inovallee.com\/wp-content\/uploads\/2025\/11\/IMG_0560.jpeg","contentUrl":"https:\/\/www.inovallee.com\/wp-content\/uploads\/2025\/11\/IMG_0560.jpeg","width":2000,"height":1500},{"@type":"BreadcrumbList","@id":"https:\/\/www.inovallee.com\/gestion-conflits-posture-leader-atelier-tarmac\/#breadcrumb","itemListElement":[{"@type":"ListItem","position":1,"name":"Accueil","item":"https:\/\/www.inovallee.com\/"},{"@type":"ListItem","position":2,"name":"Aborder les conflits pour mieux d\u00e9velopper sa posture de leader [Atelier Tarmac]"}]},{"@type":"WebSite","@id":"https:\/\/www.inovallee.com\/#website","url":"https:\/\/www.inovallee.com\/","name":"inovall\u00e9e technopole, Home to software & smart technologies","description":"Home to software &amp; smart technologies","publisher":{"@id":"https:\/\/www.inovallee.com\/#organization"},"potentialAction":[{"@type":"SearchAction","target":{"@type":"EntryPoint","urlTemplate":"https:\/\/www.inovallee.com\/?s={search_term_string}"},"query-input":{"@type":"PropertyValueSpecification","valueRequired":true,"valueName":"search_term_string"}}],"inLanguage":"en-GB"},{"@type":"Organization","@id":"https:\/\/www.inovallee.com\/#organization","name":"inovall\u00e9e","url":"https:\/\/www.inovallee.com\/","logo":{"@type":"ImageObject","inLanguage":"en-GB","@id":"https:\/\/www.inovallee.com\/#\/schema\/logo\/image\/","url":"https:\/\/www.inovallee.com\/wp-content\/uploads\/2023\/08\/inovallee_2022_GrenobleAlpes.png","contentUrl":"https:\/\/www.inovallee.com\/wp-content\/uploads\/2023\/08\/inovallee_2022_GrenobleAlpes.png","width":945,"height":369,"caption":"inovall\u00e9e"},"image":{"@id":"https:\/\/www.inovallee.com\/#\/schema\/logo\/image\/"},"sameAs":["https:\/\/www.facebook.com\/technopoleinovallee\/","https:\/\/x.com\/inovallee","https:\/\/www.linkedin.com\/company\/inovall-e\/","https:\/\/www.youtube.com\/user\/inovallee?reload=9"]},{"@type":"Person","@id":"https:\/\/www.inovallee.com\/#\/schema\/person\/3c9aadca889a0d8c78ccd513dc5ecb0d","name":"Ang\u00e9lique BLAYER-GIRARD","sameAs":["http:\/\/www.inovallee.com"]}]}},"_links":{"self":[{"href":"https:\/\/www.inovallee.com\/en\/wp-json\/wp\/v2\/posts\/62001","targetHints":{"allow":["GET"]}}],"collection":[{"href":"https:\/\/www.inovallee.com\/en\/wp-json\/wp\/v2\/posts"}],"about":[{"href":"https:\/\/www.inovallee.com\/en\/wp-json\/wp\/v2\/types\/post"}],"author":[{"embeddable":true,"href":"https:\/\/www.inovallee.com\/en\/wp-json\/wp\/v2\/users\/60"}],"replies":[{"embeddable":true,"href":"https:\/\/www.inovallee.com\/en\/wp-json\/wp\/v2\/comments?post=62001"}],"version-history":[{"count":5,"href":"https:\/\/www.inovallee.com\/en\/wp-json\/wp\/v2\/posts\/62001\/revisions"}],"predecessor-version":[{"id":62014,"href":"https:\/\/www.inovallee.com\/en\/wp-json\/wp\/v2\/posts\/62001\/revisions\/62014"}],"wp:featuredmedia":[{"embeddable":true,"href":"https:\/\/www.inovallee.com\/en\/wp-json\/wp\/v2\/media\/62008"}],"wp:attachment":[{"href":"https:\/\/www.inovallee.com\/en\/wp-json\/wp\/v2\/media?parent=62001"}],"wp:term":[{"taxonomy":"category","embeddable":true,"href":"https:\/\/www.inovallee.com\/en\/wp-json\/wp\/v2\/categories?post=62001"},{"taxonomy":"post_tag","embeddable":true,"href":"https:\/\/www.inovallee.com\/en\/wp-json\/wp\/v2\/tags?post=62001"}],"curies":[{"name":"wp","href":"https:\/\/api.w.org\/{rel}","templated":true}]}}