{"id":62031,"date":"2025-11-28T11:11:32","date_gmt":"2025-11-28T10:11:32","guid":{"rendered":"https:\/\/www.inovallee.com\/?p=62031"},"modified":"2025-11-28T11:11:35","modified_gmt":"2025-11-28T10:11:35","slug":"quand-les-experts-de-la-decarbonation-rencontrent-les-entreprises-dinovallee-retour-sur-la-derniere-rencontre-de-la-transition","status":"publish","type":"post","link":"https:\/\/www.inovallee.com\/en\/quand-les-experts-de-la-decarbonation-rencontrent-les-entreprises-dinovallee-retour-sur-la-derniere-rencontre-de-la-transition\/","title":{"rendered":"Quand les experts de la d\u00e9carbonation rencontrent les entreprises d\u2019inovall\u00e9e : retour sur la derni\u00e8re rencontre de la transition"},"content":{"rendered":"<p>Le 20 novembre 2025, inovall\u00e9e a organis\u00e9 une nouvelle <strong>Rencontre de la Transition<\/strong>, consacr\u00e9e \u00e0 <strong><u>la d\u00e9carbonation des entreprises<\/u><\/strong>. Dans un contexte o\u00f9 les enjeux climatiques, r\u00e9glementaires et financiers se renforcent, dirigeants et responsables RSE ont pu rencontrer des experts de la d\u00e9carbonation, d\u00e9couvrir des solutions op\u00e9rationnelles et b\u00e9n\u00e9ficier de retours d\u2019exp\u00e9rience concrets pour engager ou acc\u00e9l\u00e9rer leur transition vers le bas carbone.<\/p>\n\n\n\n<p>L\u2019\u00e9v\u00e9nement s\u2019est structur\u00e9 autour de quatre grands axes : les leviers de d\u00e9carbonation, les outils de diagnostic, les m\u00e9thodologies strat\u00e9giques long terme et le t\u00e9moignage d\u2019une entreprise d\u00e9j\u00e0 engag\u00e9e dans l\u2019action.<\/p>\n\n\n\n<p>Parmi les intervenants : <strong>BPI, BTE, SAMI, Transylience<\/strong> et <strong>Depagne<\/strong>.<\/p>\n\n\n\n<h3 class=\"wp-block-heading\"><strong>Comprendre les enjeux et activer les bons leviers de d\u00e9carbonation<\/strong><\/h3>\n\n\n\n<p>Les premiers temps de la rencontre ont permis aux participants de mieux saisir les enjeux cl\u00e9s pour les entreprises : attentes croissantes des donneurs d\u2019ordre, pression r\u00e9glementaire (CSRD, BEGES), mont\u00e9e en puissance des crit\u00e8res ESG, anticipation des risques climatiques et exigences des talents en qu\u00eate d\u2019employeurs engag\u00e9s.<\/p>\n\n\n\n<p>Les intervenants ont insist\u00e9 sur une r\u00e9alit\u00e9 : la d\u00e9carbonation n\u2019est plus seulement une contrainte ; elle devient un facteur de comp\u00e9titivit\u00e9, d\u2019attractivit\u00e9 et de r\u00e9silience. Les entreprises capables de structurer une strat\u00e9gie bas carbone solide prennent d\u00e9sormais une longueur d\u2019avance sur leurs march\u00e9s.<\/p>\n\n\n\n<h3 class=\"wp-block-heading\"><strong>Diagnostics et accompagnements : des outils concrets pour d\u00e9marrer<\/strong><\/h3>\n\n\n\n<p>L\u2019une des cl\u00e9s du passage \u00e0 l\u2019action repose sur la capacit\u00e9 \u00e0 mesurer, comprendre et prioriser.<\/p>\n\n\n\n<h4 class=\"wp-block-heading\"><strong>Le Diag \u00c9co-Flux<\/strong> <strong>de la BPI<\/strong><\/h4>\n\n\n\n<p>Pr\u00e9sent\u00e9 par <strong>BPI<\/strong>, ce <a href=\"https:\/\/www.bpifrance.fr\/catalogue-offres\/diagnostic-eco-flux\">programme d\u2019accompagnement<\/a> permet d\u2019analyser les pratiques, identifier les \u00e9conomies r\u00e9alisables sur l\u2019\u00e9nergie, l\u2019eau, les mati\u00e8res et les d\u00e9chets, et accompagner la mise en place des actions. Il offre une vision claire des flux \u00e0 optimiser et des gains potentiels.<\/p>\n\n\n\n<h4 class=\"wp-block-heading\"><strong>Le Diag D\u00e9carbon\u2019action<\/strong><\/h4>\n\n\n\n<p>Un <a href=\"https:\/\/www.bpifrance.fr\/catalogue-offres\/diag-decarbonaction\">diagnostic carbone<\/a> approfondi, men\u00e9 sur plusieurs mois, reposant sur une collecte structur\u00e9e, une restitution d\u00e9taill\u00e9e et la co-construction d\u2019un plan d\u2019action personnalis\u00e9.<\/p>\n\n\n\n<p>Ces outils permettent aux entreprises d\u2019obtenir un bilan carbone robuste, de cartographier leurs flux et de disposer d\u2019une feuille de route op\u00e9rationnelle pour engager ou acc\u00e9l\u00e9rer leur trajectoire de r\u00e9duction d\u2019\u00e9missions.<\/p>\n\n\n\n<h3 class=\"wp-block-heading\"><strong>Financer, accompagner et structurer la transition \u00e9nerg\u00e9tique<\/strong><\/h3>\n\n\n\n<p>Cr\u00e9\u00e9e en 2020, la <strong><a href=\"https:\/\/www.banquepopulaire.fr\/sud\/banque-de-la-transition-energetique\/\">Banque de la Transition \u00c9nerg\u00e9tique (BTE)<\/a> <\/strong>poursuit un double objectif : permettre aux \u00e9pargnants de donner du sens \u00e0 leur \u00e9pargne et financer les projets de transition \u00e9nerg\u00e9tique port\u00e9s par les entreprises.<br>Son intervention lors de la rencontre a apport\u00e9 un \u00e9clairage concret sur les solutions financi\u00e8res, techniques et op\u00e9rationnelles aujourd\u2019hui accessibles aux PME pour acc\u00e9l\u00e9rer leur trajectoire bas carbone.<\/p>\n\n\n\n<p>La BTE propose un ensemble complet de services destin\u00e9s \u00e0 accompagner les entreprises \u00e0 chaque \u00e9tape de leur transition, notamment pour :<\/p>\n\n\n\n<ul class=\"wp-block-list\">\n<li>d\u00e9velopper des projets d\u2019autoconsommation et de production d\u2019\u00e9nergie renouvelable ;<\/li>\n\n\n\n<li>r\u00e9aliser audits \u00e9nerg\u00e9tiques, bilans carbone et plans de r\u00e9novation ;<\/li>\n\n\n\n<li>am\u00e9liorer l\u2019efficacit\u00e9 \u00e9nerg\u00e9tique des b\u00e2timents et des proc\u00e9d\u00e9s industriels ;<\/li>\n\n\n\n<li>optimiser l\u2019achat d\u2019\u00e9lectricit\u00e9 et de gaz gr\u00e2ce \u00e0 un accompagnement structur\u00e9 ;<\/li>\n\n\n\n<li>mobiliser des dispositifs de financement adapt\u00e9s (subventions, m\u00e9canismes incitatifs, solutions de financement d\u00e9di\u00e9es\u2026).<\/li>\n<\/ul>\n\n\n\n<p>Son approche repose sur une offre 360\u00b0, allant de l\u2019audit \u00e0 la d\u00e9finition du plan d\u2019actions, en passant par le suivi r\u00e9glementaire (D\u00e9cret Tertiaire, BACS), l\u2019appui \u00e0 la ma\u00eetrise d\u2019ouvrage et le pilotage des solutions techniques dans la dur\u00e9e.<\/p>\n\n\n\n<p>Enfin, la BTE a rappel\u00e9 l\u2019importance de structurer une strat\u00e9gie de d\u00e9carbonation coh\u00e9rente et op\u00e9rationnelle, fond\u00e9e sur la mesure, la planification et la communication. Au-del\u00e0 de l\u2019outillage financier, elle accompagne les entreprises pour rendre leurs projets techniquement viables, \u00e9conomiquement soutenables et compatibles avec les ambitions nationales de transition \u00e9nerg\u00e9tique.<\/p>\n\n\n\n<h3 class=\"wp-block-heading\"><strong>D\u00e9ployer un Bilan Carbone : m\u00e9thode et \u00e9tapes cl\u00e9s<\/strong><\/h3>\n\n\n\n<p><strong><a href=\"https:\/\/www.sami.eco\/en\">SAMI<\/a><\/strong> est venue pr\u00e9senter les incontournables d\u2019un bilan carbone complet :<\/p>\n\n\n\n<ul class=\"wp-block-list\">\n<li>Les trois scopes d\u2019\u00e9missions (directes, indirectes li\u00e9es \u00e0 l\u2019\u00e9nergie, autres indirectes)<\/li>\n\n\n\n<li>Les outils de collecte<\/li>\n\n\n\n<li>Les \u00e9tapes du processus : cadrage, collecte, traitement, restitution et plan de transition<\/li>\n\n\n\n<li>Les modalit\u00e9s d\u2019analyse via la plateforme num\u00e9rique pour un pilotage continu<\/li>\n<\/ul>\n\n\n\n<p>SAMI a soulign\u00e9 que le bilan carbone doit se traduire en plan d\u2019action structur\u00e9, chiffr\u00e9 et prioris\u00e9, avec des trajectoires compatibles avec les objectifs climatiques nationaux et internationaux.<\/p>\n\n\n\n<h3 class=\"wp-block-heading\"><strong>ACT Pas-\u00e0-Pas : structurer une strat\u00e9gie climat cr\u00e9dible et align\u00e9e avec l\u2019Accord de Paris<\/strong><\/h3>\n\n\n\n<p>J\u00e9r\u00e9my Alvarez-H\u00e9rault, directeur de <strong><a href=\"https:\/\/transylience.fr\/\">Transylience<\/a><\/strong>, a pr\u00e9sent\u00e9 la m\u00e9thodologie ACT Pas-\u00e0-Pas, compl\u00e9mentaire au bilan carbone, con\u00e7ue pour accompagner les entreprises dans la construction d\u2019une strat\u00e9gie climat ambitieuse en cinq \u00e9tapes :<\/p>\n\n\n\n<ol start=\"1\" class=\"wp-block-list\">\n<li>Analyse de la situation actuelle<\/li>\n\n\n\n<li>Identification des enjeux et d\u00e9fis<\/li>\n\n\n\n<li>D\u00e9finition d\u2019une vision bas carbone<\/li>\n\n\n\n<li>Construction d\u2019une nouvelle strat\u00e9gie<\/li>\n\n\n\n<li>\u00c9laboration d\u2019un plan d\u2019actions d\u00e9taill\u00e9 sur 12 \u00e0 18 mois<\/li>\n<\/ol>\n\n\n\n<p>La m\u00e9thodologie ACT permet \u00e9galement de structurer la gouvernance climat, mesurer la maturit\u00e9 carbone, analyser les risques et opportunit\u00e9s, et simuler des trajectoires align\u00e9es avec l\u2019Accord de Paris.<\/p>\n\n\n\n<figure class=\"wp-block-image size-full\"><img fetchpriority=\"high\" decoding=\"async\" width=\"756\" height=\"456\" src=\"https:\/\/www.inovallee.com\/wp-content\/uploads\/2025\/11\/image-1.png\" alt=\"\" class=\"wp-image-62032\" srcset=\"https:\/\/www.inovallee.com\/wp-content\/uploads\/2025\/11\/image-1.png 756w, https:\/\/www.inovallee.com\/wp-content\/uploads\/2025\/11\/image-1-300x181.png 300w, https:\/\/www.inovallee.com\/wp-content\/uploads\/2025\/11\/image-1-18x12.png 18w\" sizes=\"(max-width: 756px) 100vw, 756px\" \/><\/figure>\n\n\n\n<h3 class=\"wp-block-heading\"><strong>T\u00e9moignage de Depagne : une entreprise industrielle engag\u00e9e<\/strong><\/h3>\n\n\n\n<p>Paul Monestier, Charg\u00e9 de missions RSE \u2013 QHSE chez <strong><a href=\"https:\/\/www.depagne.fr\/\">Depagne<\/a><\/strong>, a partag\u00e9 le parcours de cette entreprise centenaire de la vall\u00e9e grenobloise qui con\u00e7oit et fabrique, en France, des solutions de raccordement au r\u00e9seau de distribution d&rsquo;\u00e9nergie :<\/p>\n\n\n\n<ul class=\"wp-block-list\">\n<li>Bilan carbone approfondi<\/li>\n\n\n\n<li>Cartographie pr\u00e9cise des flux<\/li>\n\n\n\n<li>Plan d\u2019action structur\u00e9 autour de leviers concrets :\n<ul class=\"wp-block-list\">\n<li>Optimisation des mati\u00e8res et \u00e9co-conception<\/li>\n\n\n\n<li>R\u00e9duction de l\u2019impact de la mobilit\u00e9<\/li>\n\n\n\n<li>Regroupement des sites pour am\u00e9liorer l\u2019efficacit\u00e9 \u00e9nerg\u00e9tique<\/li>\n\n\n\n<li>Modernisation d\u2019\u00e9quipements industriels<\/li>\n\n\n\n<li>Implication des fournisseurs<\/li>\n\n\n\n<li>Communication interne sur les d\u00e9marches environnementales<\/li>\n<\/ul>\n<\/li>\n<\/ul>\n\n\n\n<p>Depagne vise une r\u00e9duction de 30 % de ses \u00e9missions \u00e0 l\u2019horizon 2030, d\u00e9montrant qu\u2019une strat\u00e9gie de d\u00e9carbonation est possible m\u00eame dans un contexte industriel exigeant.<\/p>\n\n\n\n<h3 class=\"wp-block-heading\"><strong>Conclusion : de l\u2019intention \u00e0 l\u2019action, une transition accessible \u00e0 toutes les entreprises<\/strong><\/h3>\n\n\n\n<p>Cette Rencontre de la Transition a rappel\u00e9 une conviction forte : la d\u00e9carbonation n\u2019est plus un projet lointain. Elle peut \u00eatre engag\u00e9e d\u00e8s maintenant, de mani\u00e8re progressive, mesur\u00e9e et structur\u00e9e, gr\u00e2ce \u00e0 des outils, m\u00e9thodes et accompagnements \u00e9prouv\u00e9s.<\/p>\n\n\n\n<p>Les intervenants \u2014 <strong>BPI, BTE, SAMI, Transylience et Depagne<\/strong> \u2014 ont montr\u00e9 qu\u2019il existe aujourd\u2019hui des parcours de transition adapt\u00e9s \u00e0 tous les niveaux de maturit\u00e9, permettant \u00e0 chaque entreprise de tracer sa voie vers un mod\u00e8le plus sobre, plus r\u00e9silient et plus performant.<\/p>","protected":false},"excerpt":{"rendered":"<p>Le 20 novembre 2025, inovall\u00e9e a organis\u00e9 une nouvelle Rencontre de la Transition, consacr\u00e9e \u00e0 la d\u00e9carbonation des entreprises. Dans un contexte o\u00f9 les enjeux climatiques, r\u00e9glementaires et financiers se renforcent, dirigeants et responsables RSE ont pu rencontrer des experts de la d\u00e9carbonation, d\u00e9couvrir des solutions op\u00e9rationnelles et b\u00e9n\u00e9ficier de retours d\u2019exp\u00e9rience concrets pour engager [&hellip;]<\/p>\n","protected":false},"author":18,"featured_media":62033,"comment_status":"closed","ping_status":"open","sticky":false,"template":"","format":"standard","meta":{"footnotes":""},"categories":[185],"tags":[3238,2312],"class_list":["post-62031","post","type-post","status-publish","format-standard","has-post-thumbnail","hentry","category-developpement-durable","tag-decarbonation","tag-transition"],"yoast_head":"<!-- This site is optimized with the Yoast SEO plugin v27.4 - https:\/\/yoast.com\/product\/yoast-seo-wordpress\/ -->\n<title>Quand les experts de la d\u00e9carbonation rencontrent les entreprises d\u2019inovall\u00e9e : retour sur la derni\u00e8re rencontre de la transition - inovall\u00e9e<\/title>\n<meta name=\"description\" content=\"Le 20 novembre 2025, inovall\u00e9e a organis\u00e9 une nouvelle Rencontre de la Transition, consacr\u00e9e \u00e0 la d\u00e9carbonation des entreprises.\" \/>\n<meta name=\"robots\" content=\"index, follow, max-snippet:-1, max-image-preview:large, max-video-preview:-1\" \/>\n<link rel=\"canonical\" href=\"https:\/\/www.inovallee.com\/en\/quand-les-experts-de-la-decarbonation-rencontrent-les-entreprises-dinovallee-retour-sur-la-derniere-rencontre-de-la-transition\/\" \/>\n<meta property=\"og:locale\" content=\"en_GB\" \/>\n<meta property=\"og:type\" content=\"article\" \/>\n<meta property=\"og:title\" content=\"Quand les experts de la d\u00e9carbonation rencontrent les entreprises d\u2019inovall\u00e9e : retour sur la derni\u00e8re rencontre de la transition - inovall\u00e9e\" \/>\n<meta property=\"og:description\" content=\"Le 20 novembre 2025, inovall\u00e9e a organis\u00e9 une nouvelle Rencontre de la Transition, consacr\u00e9e \u00e0 la d\u00e9carbonation des entreprises.\" \/>\n<meta property=\"og:url\" content=\"https:\/\/www.inovallee.com\/en\/quand-les-experts-de-la-decarbonation-rencontrent-les-entreprises-dinovallee-retour-sur-la-derniere-rencontre-de-la-transition\/\" \/>\n<meta property=\"og:site_name\" content=\"inovall\u00e9e\" \/>\n<meta property=\"article:publisher\" content=\"https:\/\/www.facebook.com\/technopoleinovallee\/\" \/>\n<meta property=\"article:published_time\" content=\"2025-11-28T10:11:32+00:00\" \/>\n<meta property=\"article:modified_time\" content=\"2025-11-28T10:11:35+00:00\" \/>\n<meta property=\"og:image\" content=\"https:\/\/www.inovallee.com\/wp-content\/uploads\/2025\/11\/rencontres-transition-decarbonation-bte-1.jpg\" \/>\n\t<meta property=\"og:image:width\" content=\"1920\" \/>\n\t<meta property=\"og:image:height\" content=\"1440\" \/>\n\t<meta property=\"og:image:type\" content=\"image\/jpeg\" \/>\n<meta name=\"author\" content=\"Margaux De la Fuente\" \/>\n<meta name=\"twitter:card\" content=\"summary_large_image\" \/>\n<meta name=\"twitter:creator\" content=\"@inovallee\" \/>\n<meta name=\"twitter:site\" content=\"@inovallee\" \/>\n<meta name=\"twitter:label1\" content=\"Written by\" \/>\n\t<meta name=\"twitter:data1\" content=\"Margaux De la Fuente\" \/>\n\t<meta name=\"twitter:label2\" content=\"Estimated reading time\" \/>\n\t<meta name=\"twitter:data2\" content=\"6 minutes\" \/>\n<script type=\"application\/ld+json\" class=\"yoast-schema-graph\">{\"@context\":\"https:\\\/\\\/schema.org\",\"@graph\":[{\"@type\":\"Article\",\"@id\":\"https:\\\/\\\/www.inovallee.com\\\/quand-les-experts-de-la-decarbonation-rencontrent-les-entreprises-dinovallee-retour-sur-la-derniere-rencontre-de-la-transition\\\/#article\",\"isPartOf\":{\"@id\":\"https:\\\/\\\/www.inovallee.com\\\/quand-les-experts-de-la-decarbonation-rencontrent-les-entreprises-dinovallee-retour-sur-la-derniere-rencontre-de-la-transition\\\/\"},\"author\":{\"name\":\"Margaux De la Fuente\",\"@id\":\"https:\\\/\\\/www.inovallee.com\\\/#\\\/schema\\\/person\\\/92dc7fd313568f5cc54aba72aba732fe\"},\"headline\":\"Quand les experts de la d\u00e9carbonation rencontrent les entreprises d\u2019inovall\u00e9e : retour sur la derni\u00e8re rencontre de la transition\",\"datePublished\":\"2025-11-28T10:11:32+00:00\",\"dateModified\":\"2025-11-28T10:11:35+00:00\",\"mainEntityOfPage\":{\"@id\":\"https:\\\/\\\/www.inovallee.com\\\/quand-les-experts-de-la-decarbonation-rencontrent-les-entreprises-dinovallee-retour-sur-la-derniere-rencontre-de-la-transition\\\/\"},\"wordCount\":1138,\"publisher\":{\"@id\":\"https:\\\/\\\/www.inovallee.com\\\/#organization\"},\"image\":{\"@id\":\"https:\\\/\\\/www.inovallee.com\\\/quand-les-experts-de-la-decarbonation-rencontrent-les-entreprises-dinovallee-retour-sur-la-derniere-rencontre-de-la-transition\\\/#primaryimage\"},\"thumbnailUrl\":\"https:\\\/\\\/www.inovallee.com\\\/wp-content\\\/uploads\\\/2025\\\/11\\\/rencontres-transition-decarbonation-bte-1.jpg\",\"keywords\":[\"d\u00e9carbonation\",\"TRANSITION\"],\"articleSection\":[\"D\u00e9veloppement durable\"],\"inLanguage\":\"en-GB\"},{\"@type\":\"WebPage\",\"@id\":\"https:\\\/\\\/www.inovallee.com\\\/quand-les-experts-de-la-decarbonation-rencontrent-les-entreprises-dinovallee-retour-sur-la-derniere-rencontre-de-la-transition\\\/\",\"url\":\"https:\\\/\\\/www.inovallee.com\\\/quand-les-experts-de-la-decarbonation-rencontrent-les-entreprises-dinovallee-retour-sur-la-derniere-rencontre-de-la-transition\\\/\",\"name\":\"Quand les experts de la d\u00e9carbonation rencontrent les entreprises d\u2019inovall\u00e9e : retour sur la derni\u00e8re rencontre de la transition - inovall\u00e9e\",\"isPartOf\":{\"@id\":\"https:\\\/\\\/www.inovallee.com\\\/#website\"},\"primaryImageOfPage\":{\"@id\":\"https:\\\/\\\/www.inovallee.com\\\/quand-les-experts-de-la-decarbonation-rencontrent-les-entreprises-dinovallee-retour-sur-la-derniere-rencontre-de-la-transition\\\/#primaryimage\"},\"image\":{\"@id\":\"https:\\\/\\\/www.inovallee.com\\\/quand-les-experts-de-la-decarbonation-rencontrent-les-entreprises-dinovallee-retour-sur-la-derniere-rencontre-de-la-transition\\\/#primaryimage\"},\"thumbnailUrl\":\"https:\\\/\\\/www.inovallee.com\\\/wp-content\\\/uploads\\\/2025\\\/11\\\/rencontres-transition-decarbonation-bte-1.jpg\",\"datePublished\":\"2025-11-28T10:11:32+00:00\",\"dateModified\":\"2025-11-28T10:11:35+00:00\",\"description\":\"Le 20 novembre 2025, inovall\u00e9e a organis\u00e9 une nouvelle Rencontre de la Transition, consacr\u00e9e \u00e0 la d\u00e9carbonation des entreprises.\",\"breadcrumb\":{\"@id\":\"https:\\\/\\\/www.inovallee.com\\\/quand-les-experts-de-la-decarbonation-rencontrent-les-entreprises-dinovallee-retour-sur-la-derniere-rencontre-de-la-transition\\\/#breadcrumb\"},\"inLanguage\":\"en-GB\",\"potentialAction\":[{\"@type\":\"ReadAction\",\"target\":[\"https:\\\/\\\/www.inovallee.com\\\/quand-les-experts-de-la-decarbonation-rencontrent-les-entreprises-dinovallee-retour-sur-la-derniere-rencontre-de-la-transition\\\/\"]}]},{\"@type\":\"ImageObject\",\"inLanguage\":\"en-GB\",\"@id\":\"https:\\\/\\\/www.inovallee.com\\\/quand-les-experts-de-la-decarbonation-rencontrent-les-entreprises-dinovallee-retour-sur-la-derniere-rencontre-de-la-transition\\\/#primaryimage\",\"url\":\"https:\\\/\\\/www.inovallee.com\\\/wp-content\\\/uploads\\\/2025\\\/11\\\/rencontres-transition-decarbonation-bte-1.jpg\",\"contentUrl\":\"https:\\\/\\\/www.inovallee.com\\\/wp-content\\\/uploads\\\/2025\\\/11\\\/rencontres-transition-decarbonation-bte-1.jpg\",\"width\":1920,\"height\":1440},{\"@type\":\"BreadcrumbList\",\"@id\":\"https:\\\/\\\/www.inovallee.com\\\/quand-les-experts-de-la-decarbonation-rencontrent-les-entreprises-dinovallee-retour-sur-la-derniere-rencontre-de-la-transition\\\/#breadcrumb\",\"itemListElement\":[{\"@type\":\"ListItem\",\"position\":1,\"name\":\"Accueil\",\"item\":\"https:\\\/\\\/www.inovallee.com\\\/\"},{\"@type\":\"ListItem\",\"position\":2,\"name\":\"Quand les experts de la d\u00e9carbonation rencontrent les entreprises d\u2019inovall\u00e9e : retour sur la derni\u00e8re rencontre de la transition\"}]},{\"@type\":\"WebSite\",\"@id\":\"https:\\\/\\\/www.inovallee.com\\\/#website\",\"url\":\"https:\\\/\\\/www.inovallee.com\\\/\",\"name\":\"inovall\u00e9e technopole, Home to software & smart technologies\",\"description\":\"Home to software &amp; smart technologies\",\"publisher\":{\"@id\":\"https:\\\/\\\/www.inovallee.com\\\/#organization\"},\"potentialAction\":[{\"@type\":\"SearchAction\",\"target\":{\"@type\":\"EntryPoint\",\"urlTemplate\":\"https:\\\/\\\/www.inovallee.com\\\/?s={search_term_string}\"},\"query-input\":{\"@type\":\"PropertyValueSpecification\",\"valueRequired\":true,\"valueName\":\"search_term_string\"}}],\"inLanguage\":\"en-GB\"},{\"@type\":\"Organization\",\"@id\":\"https:\\\/\\\/www.inovallee.com\\\/#organization\",\"name\":\"inovall\u00e9e\",\"url\":\"https:\\\/\\\/www.inovallee.com\\\/\",\"logo\":{\"@type\":\"ImageObject\",\"inLanguage\":\"en-GB\",\"@id\":\"https:\\\/\\\/www.inovallee.com\\\/#\\\/schema\\\/logo\\\/image\\\/\",\"url\":\"https:\\\/\\\/www.inovallee.com\\\/wp-content\\\/uploads\\\/2023\\\/08\\\/inovallee_2022_GrenobleAlpes.png\",\"contentUrl\":\"https:\\\/\\\/www.inovallee.com\\\/wp-content\\\/uploads\\\/2023\\\/08\\\/inovallee_2022_GrenobleAlpes.png\",\"width\":945,\"height\":369,\"caption\":\"inovall\u00e9e\"},\"image\":{\"@id\":\"https:\\\/\\\/www.inovallee.com\\\/#\\\/schema\\\/logo\\\/image\\\/\"},\"sameAs\":[\"https:\\\/\\\/www.facebook.com\\\/technopoleinovallee\\\/\",\"https:\\\/\\\/x.com\\\/inovallee\",\"https:\\\/\\\/www.linkedin.com\\\/company\\\/inovall-e\\\/\",\"https:\\\/\\\/www.youtube.com\\\/user\\\/inovallee?reload=9\"]},{\"@type\":\"Person\",\"@id\":\"https:\\\/\\\/www.inovallee.com\\\/#\\\/schema\\\/person\\\/92dc7fd313568f5cc54aba72aba732fe\",\"name\":\"Margaux De la Fuente\"}]}<\/script>\n<!-- \/ Yoast SEO plugin. -->","yoast_head_json":{"title":"Quand les experts de la d\u00e9carbonation rencontrent les entreprises d\u2019inovall\u00e9e : retour sur la derni\u00e8re rencontre de la transition - inovall\u00e9e","description":"Le 20 novembre 2025, inovall\u00e9e a organis\u00e9 une nouvelle Rencontre de la Transition, consacr\u00e9e \u00e0 la d\u00e9carbonation des entreprises.","robots":{"index":"index","follow":"follow","max-snippet":"max-snippet:-1","max-image-preview":"max-image-preview:large","max-video-preview":"max-video-preview:-1"},"canonical":"https:\/\/www.inovallee.com\/en\/quand-les-experts-de-la-decarbonation-rencontrent-les-entreprises-dinovallee-retour-sur-la-derniere-rencontre-de-la-transition\/","og_locale":"en_GB","og_type":"article","og_title":"Quand les experts de la d\u00e9carbonation rencontrent les entreprises d\u2019inovall\u00e9e : retour sur la derni\u00e8re rencontre de la transition - inovall\u00e9e","og_description":"Le 20 novembre 2025, inovall\u00e9e a organis\u00e9 une nouvelle Rencontre de la Transition, consacr\u00e9e \u00e0 la d\u00e9carbonation des entreprises.","og_url":"https:\/\/www.inovallee.com\/en\/quand-les-experts-de-la-decarbonation-rencontrent-les-entreprises-dinovallee-retour-sur-la-derniere-rencontre-de-la-transition\/","og_site_name":"inovall\u00e9e","article_publisher":"https:\/\/www.facebook.com\/technopoleinovallee\/","article_published_time":"2025-11-28T10:11:32+00:00","article_modified_time":"2025-11-28T10:11:35+00:00","og_image":[{"width":1920,"height":1440,"url":"https:\/\/www.inovallee.com\/wp-content\/uploads\/2025\/11\/rencontres-transition-decarbonation-bte-1.jpg","type":"image\/jpeg"}],"author":"Margaux De la Fuente","twitter_card":"summary_large_image","twitter_creator":"@inovallee","twitter_site":"@inovallee","twitter_misc":{"Written by":"Margaux De la Fuente","Estimated reading time":"6 minutes"},"schema":{"@context":"https:\/\/schema.org","@graph":[{"@type":"Article","@id":"https:\/\/www.inovallee.com\/quand-les-experts-de-la-decarbonation-rencontrent-les-entreprises-dinovallee-retour-sur-la-derniere-rencontre-de-la-transition\/#article","isPartOf":{"@id":"https:\/\/www.inovallee.com\/quand-les-experts-de-la-decarbonation-rencontrent-les-entreprises-dinovallee-retour-sur-la-derniere-rencontre-de-la-transition\/"},"author":{"name":"Margaux De la Fuente","@id":"https:\/\/www.inovallee.com\/#\/schema\/person\/92dc7fd313568f5cc54aba72aba732fe"},"headline":"Quand les experts de la d\u00e9carbonation rencontrent les entreprises d\u2019inovall\u00e9e : retour sur la derni\u00e8re rencontre de la transition","datePublished":"2025-11-28T10:11:32+00:00","dateModified":"2025-11-28T10:11:35+00:00","mainEntityOfPage":{"@id":"https:\/\/www.inovallee.com\/quand-les-experts-de-la-decarbonation-rencontrent-les-entreprises-dinovallee-retour-sur-la-derniere-rencontre-de-la-transition\/"},"wordCount":1138,"publisher":{"@id":"https:\/\/www.inovallee.com\/#organization"},"image":{"@id":"https:\/\/www.inovallee.com\/quand-les-experts-de-la-decarbonation-rencontrent-les-entreprises-dinovallee-retour-sur-la-derniere-rencontre-de-la-transition\/#primaryimage"},"thumbnailUrl":"https:\/\/www.inovallee.com\/wp-content\/uploads\/2025\/11\/rencontres-transition-decarbonation-bte-1.jpg","keywords":["d\u00e9carbonation","TRANSITION"],"articleSection":["D\u00e9veloppement durable"],"inLanguage":"en-GB"},{"@type":"WebPage","@id":"https:\/\/www.inovallee.com\/quand-les-experts-de-la-decarbonation-rencontrent-les-entreprises-dinovallee-retour-sur-la-derniere-rencontre-de-la-transition\/","url":"https:\/\/www.inovallee.com\/quand-les-experts-de-la-decarbonation-rencontrent-les-entreprises-dinovallee-retour-sur-la-derniere-rencontre-de-la-transition\/","name":"Quand les experts de la d\u00e9carbonation rencontrent les entreprises d\u2019inovall\u00e9e : retour sur la derni\u00e8re rencontre de la transition - inovall\u00e9e","isPartOf":{"@id":"https:\/\/www.inovallee.com\/#website"},"primaryImageOfPage":{"@id":"https:\/\/www.inovallee.com\/quand-les-experts-de-la-decarbonation-rencontrent-les-entreprises-dinovallee-retour-sur-la-derniere-rencontre-de-la-transition\/#primaryimage"},"image":{"@id":"https:\/\/www.inovallee.com\/quand-les-experts-de-la-decarbonation-rencontrent-les-entreprises-dinovallee-retour-sur-la-derniere-rencontre-de-la-transition\/#primaryimage"},"thumbnailUrl":"https:\/\/www.inovallee.com\/wp-content\/uploads\/2025\/11\/rencontres-transition-decarbonation-bte-1.jpg","datePublished":"2025-11-28T10:11:32+00:00","dateModified":"2025-11-28T10:11:35+00:00","description":"Le 20 novembre 2025, inovall\u00e9e a organis\u00e9 une nouvelle Rencontre de la Transition, consacr\u00e9e \u00e0 la d\u00e9carbonation des entreprises.","breadcrumb":{"@id":"https:\/\/www.inovallee.com\/quand-les-experts-de-la-decarbonation-rencontrent-les-entreprises-dinovallee-retour-sur-la-derniere-rencontre-de-la-transition\/#breadcrumb"},"inLanguage":"en-GB","potentialAction":[{"@type":"ReadAction","target":["https:\/\/www.inovallee.com\/quand-les-experts-de-la-decarbonation-rencontrent-les-entreprises-dinovallee-retour-sur-la-derniere-rencontre-de-la-transition\/"]}]},{"@type":"ImageObject","inLanguage":"en-GB","@id":"https:\/\/www.inovallee.com\/quand-les-experts-de-la-decarbonation-rencontrent-les-entreprises-dinovallee-retour-sur-la-derniere-rencontre-de-la-transition\/#primaryimage","url":"https:\/\/www.inovallee.com\/wp-content\/uploads\/2025\/11\/rencontres-transition-decarbonation-bte-1.jpg","contentUrl":"https:\/\/www.inovallee.com\/wp-content\/uploads\/2025\/11\/rencontres-transition-decarbonation-bte-1.jpg","width":1920,"height":1440},{"@type":"BreadcrumbList","@id":"https:\/\/www.inovallee.com\/quand-les-experts-de-la-decarbonation-rencontrent-les-entreprises-dinovallee-retour-sur-la-derniere-rencontre-de-la-transition\/#breadcrumb","itemListElement":[{"@type":"ListItem","position":1,"name":"Accueil","item":"https:\/\/www.inovallee.com\/"},{"@type":"ListItem","position":2,"name":"Quand les experts de la d\u00e9carbonation rencontrent les entreprises d\u2019inovall\u00e9e : retour sur la derni\u00e8re rencontre de la transition"}]},{"@type":"WebSite","@id":"https:\/\/www.inovallee.com\/#website","url":"https:\/\/www.inovallee.com\/","name":"inovall\u00e9e technopole, Home to software & smart technologies","description":"Home to software &amp; smart technologies","publisher":{"@id":"https:\/\/www.inovallee.com\/#organization"},"potentialAction":[{"@type":"SearchAction","target":{"@type":"EntryPoint","urlTemplate":"https:\/\/www.inovallee.com\/?s={search_term_string}"},"query-input":{"@type":"PropertyValueSpecification","valueRequired":true,"valueName":"search_term_string"}}],"inLanguage":"en-GB"},{"@type":"Organization","@id":"https:\/\/www.inovallee.com\/#organization","name":"inovall\u00e9e","url":"https:\/\/www.inovallee.com\/","logo":{"@type":"ImageObject","inLanguage":"en-GB","@id":"https:\/\/www.inovallee.com\/#\/schema\/logo\/image\/","url":"https:\/\/www.inovallee.com\/wp-content\/uploads\/2023\/08\/inovallee_2022_GrenobleAlpes.png","contentUrl":"https:\/\/www.inovallee.com\/wp-content\/uploads\/2023\/08\/inovallee_2022_GrenobleAlpes.png","width":945,"height":369,"caption":"inovall\u00e9e"},"image":{"@id":"https:\/\/www.inovallee.com\/#\/schema\/logo\/image\/"},"sameAs":["https:\/\/www.facebook.com\/technopoleinovallee\/","https:\/\/x.com\/inovallee","https:\/\/www.linkedin.com\/company\/inovall-e\/","https:\/\/www.youtube.com\/user\/inovallee?reload=9"]},{"@type":"Person","@id":"https:\/\/www.inovallee.com\/#\/schema\/person\/92dc7fd313568f5cc54aba72aba732fe","name":"Margaux De la Fuente"}]}},"_links":{"self":[{"href":"https:\/\/www.inovallee.com\/en\/wp-json\/wp\/v2\/posts\/62031","targetHints":{"allow":["GET"]}}],"collection":[{"href":"https:\/\/www.inovallee.com\/en\/wp-json\/wp\/v2\/posts"}],"about":[{"href":"https:\/\/www.inovallee.com\/en\/wp-json\/wp\/v2\/types\/post"}],"author":[{"embeddable":true,"href":"https:\/\/www.inovallee.com\/en\/wp-json\/wp\/v2\/users\/18"}],"replies":[{"embeddable":true,"href":"https:\/\/www.inovallee.com\/en\/wp-json\/wp\/v2\/comments?post=62031"}],"version-history":[{"count":3,"href":"https:\/\/www.inovallee.com\/en\/wp-json\/wp\/v2\/posts\/62031\/revisions"}],"predecessor-version":[{"id":62041,"href":"https:\/\/www.inovallee.com\/en\/wp-json\/wp\/v2\/posts\/62031\/revisions\/62041"}],"wp:featuredmedia":[{"embeddable":true,"href":"https:\/\/www.inovallee.com\/en\/wp-json\/wp\/v2\/media\/62033"}],"wp:attachment":[{"href":"https:\/\/www.inovallee.com\/en\/wp-json\/wp\/v2\/media?parent=62031"}],"wp:term":[{"taxonomy":"category","embeddable":true,"href":"https:\/\/www.inovallee.com\/en\/wp-json\/wp\/v2\/categories?post=62031"},{"taxonomy":"post_tag","embeddable":true,"href":"https:\/\/www.inovallee.com\/en\/wp-json\/wp\/v2\/tags?post=62031"}],"curies":[{"name":"wp","href":"https:\/\/api.w.org\/{rel}","templated":true}]}}