{"id":62036,"date":"2025-11-27T17:19:45","date_gmt":"2025-11-27T16:19:45","guid":{"rendered":"https:\/\/www.inovallee.com\/?p=62036"},"modified":"2025-11-28T11:18:36","modified_gmt":"2025-11-28T10:18:36","slug":"retour-sur-les-pauses-bien-etre-de-novembre-axees-sur-la-meditation-et-la-reconnexion","status":"publish","type":"post","link":"https:\/\/www.inovallee.com\/en\/retour-sur-les-pauses-bien-etre-de-novembre-axees-sur-la-meditation-et-la-reconnexion\/","title":{"rendered":"Retour sur les pauses bien-\u00eatre de novembre ax\u00e9es sur la m\u00e9ditation et la reconnexion"},"content":{"rendered":"<p><strong>Parce qu\u2019il devient essentiel de s\u2019accorder au c\u0153ur d\u2019un quotidien professionnel dense, des temps pour respirer, se recentrer et nourrir son \u00e9quilibre personnel, deux nouvelles pauses bien-\u00eatre ont \u00e9t\u00e9 propos\u00e9es ces derni\u00e8res semaines aux salari\u00e9s de la technopole<\/strong>.<br>Des moments pens\u00e9s pour que chacun puisse prendre soin de soi, d\u00e9couvrir de nouvelles pratiques et repartir plus serein, plus align\u00e9, plus pr\u00e9sent \u00e0 ce qu\u2019il vit.<\/p>\n\n\n\n<h2 class=\"wp-block-heading\"><strong>Une initiation \u00e0 la m\u00e9ditation de pleine conscience<\/strong><\/h2>\n\n\n\n<p>La premi\u00e8re pause du vendredi 21 novembre a offert aux salari\u00e9s une <strong>d\u00e9couverte de la m\u00e9ditation de pleine conscience<\/strong>, une pratique reconnue pour r\u00e9duire le stress, am\u00e9liorer la concentration et d\u00e9velopper une pr\u00e9sence plus apais\u00e9e au quotidien.<br>Anim\u00e9e par <strong><a href=\"https:\/\/www.monaccompagnementcoaching.fr\/\">Laur\u00e8ne SUDOUR<\/a><\/strong>, coach professionnelle certifi\u00e9e et form\u00e9e au programme MBSR, cette s\u00e9ance a r\u00e9uni 10 participants, tous venus avec l\u2019envie de prendre un moment pour eux.<\/p>\n\n\n\n<p>Au cours de cette pause, les participants ont d\u2019abord b\u00e9n\u00e9fici\u00e9 d\u2019une pr\u00e9sentation accessible du programme MBSR, avant de se pr\u00e9parer par un \u00e9chauffement en douceur gr\u00e2ce \u00e0 des auto-massages. Ils ont ensuite v\u00e9cu une m\u00e9ditation guid\u00e9e centr\u00e9e sur l\u2019attention au souffle : chacun \u00e9tait invit\u00e9 \u00e0 choisir une zone li\u00e9e \u00e0 la respiration, \u00e0 en observer les sensations, puis \u00e0 ramener doucement son attention chaque fois que l\u2019esprit s\u2019\u00e9vadait, dans une posture de t\u00e9moin silencieux et bienveillant. La s\u00e9ance s\u2019est cl\u00f4tur\u00e9e par un temps d\u2019\u00e9changes simple et chaleureux, permettant \u00e0 chacun de partager son ressenti et ses d\u00e9couvertes.<\/p>\n\n\n\n<p>Gr\u00e2ce \u00e0 l\u2019\u00e9quilibre entre th\u00e9orie et pratique propos\u00e9 par Laur\u00e8ne, la s\u00e9ance a permis \u00e0 chacun d\u2019exp\u00e9rimenter concr\u00e8tement ce que signifie \u201c\u00eatre pleinement pr\u00e9sent\u201d. Les retours ont \u00e9t\u00e9 tr\u00e8s positifs : un vrai moment de recentrage, de calme et de respiration.<\/p>\n\n\n\n<h2 class=\"wp-block-heading\"><strong>Cr\u00e9er son Arbre de Vie pour se reconnecter \u00e0 ses forces<\/strong><\/h2>\n\n\n\n<p>La deuxi\u00e8me pause, anim\u00e9e le jeudi 27 novembre, par<a href=\"https:\/\/www.google.com\/url?sa=t&amp;source=web&amp;rct=j&amp;opi=89978449&amp;url=https:\/\/fr.linkedin.com\/in\/sandrarethore&amp;ved=2ahUKEwigvsPyh4OQAxWeT6QEHb8JNLwQFnoECBkQAQ&amp;usg=AOvVaw29-3liRK5N9S0u9ikG4hFu\"> <strong>Sandra R\u00e9thor\u00e9<\/strong><\/a>, coach certifi\u00e9e, formatrice et facilitatrice, a offert un tout autre voyage int\u00e9rieur : la cr\u00e9ation de son <strong>Arbre de Vie<\/strong>.<br>Cet atelier, qui a r\u00e9uni 9 salari\u00e9es, s\u2019est d\u00e9roul\u00e9 dans une ambiance douce, chaleureuse et profond\u00e9ment bienveillante.<\/p>\n\n\n\n<p>L\u2019objectif : permettre \u00e0 chacun de lever la t\u00eate, de prendre du recul, et de retrouver de la clart\u00e9 sur ce qui le nourrit, l\u2019anime et le porte au quotidien.<\/p>\n\n\n\n<p>\u00c0 travers la cr\u00e9ation de leur Arbre de Vie, les participantes ont pu revisiter leurs valeurs et ce qui les nourrit profond\u00e9ment, mettre en lumi\u00e8re leurs forces et leurs r\u00e9ussites, visualiser leurs projets et les intentions qu\u2019elles souhaitent cultiver, tout en r\u00e9activant confiance, \u00e9nergie et motivation pour la suite.<\/p>\n\n\n\n<p>Elles sont reparties avec un sentiment d\u2019ancrage, de s\u00e9r\u00e9nit\u00e9, mais aussi avec des pistes concr\u00e8tes pour faire germer de nouveaux projets personnels ou professionnels. L\u2019accompagnement profond, structur\u00e9 et humain de Sandra a largement contribu\u00e9 \u00e0 cette atmosph\u00e8re apaisante et inspirante.<\/p>\n\n\n\n<h2 class=\"wp-block-heading\"><strong>Les Pauses bien-\u00eatre d&rsquo;inovall\u00e9e : Prendre soin de soi pour mieux avancer<\/strong><\/h2>\n\n\n\n<p>Ces deux ateliers, compl\u00e9mentaires, ont un point commun essentiel : <strong>ils offrent un espace pour souffler<\/strong>, loin du rythme parfois soutenu du quotidien.<br>S\u2019accorder ces pauses, c\u2019est :<\/p>\n\n\n\n<ul class=\"wp-block-list\">\n<li>renforcer son bien-\u00eatre mental et \u00e9motionnel,<\/li>\n\n\n\n<li>d\u00e9velopper sa capacit\u00e9 de recul,<\/li>\n\n\n\n<li>agir positivement sur sa concentration et son \u00e9nergie,<\/li>\n\n\n\n<li>se reconnecter \u00e0 ce qui fait sens,<\/li>\n\n\n\n<li>mieux se conna\u00eetre pour mieux avancer.<\/li>\n<\/ul>\n\n\n\n<p>Ces moments sont aussi une belle mani\u00e8re de renforcer le sentiment de coh\u00e9sion et de bienveillance au sein des \u00e9quipes.<\/p>\n\n\n\n<h2 class=\"wp-block-heading\"><strong>Les prochaines dates \u00e0 venir <\/strong><\/h2>\n\n\n\n<p>La dynamique se poursuit, deux nouvelles pauses bien-\u00eatre sont d\u00e9j\u00e0 programm\u00e9es :<\/p>\n\n\n\n<ul class=\"wp-block-list\">\n<li><strong>15 janvier<\/strong> : un nouvel atelier anim\u00e9 par <strong>Sandra R\u00e9thor\u00e9<\/strong>,<\/li>\n\n\n\n<li><strong>23 janvier<\/strong> : une s\u00e9ance d\u00e9di\u00e9e \u00e0 la <strong>sophrologie<\/strong>.<\/li>\n\n\n\n<li><strong>30 janvier : <\/strong>anim\u00e9e par <strong>Laur\u00e8ne Sudour.<\/strong> <\/li>\n<\/ul>\n\n\n\n<p><a href=\"https:\/\/inovallee.assoconnect.com\/page\/1837109-evenements-collaborateurs\">A d\u00e9couvrir sur notre agenda. <\/a><\/p>\n\n\n\n<p><strong>De nouvelles occasions de prendre soin de soi, d\u2019explorer d\u2019autres pratiques et de continuer \u00e0 cultiver une culture du bien-\u00eatre au travail.<\/strong><\/p>","protected":false},"excerpt":{"rendered":"<p>Parce qu\u2019il devient essentiel de s\u2019accorder au c\u0153ur d\u2019un quotidien professionnel dense, des temps pour respirer, se recentrer et nourrir son \u00e9quilibre personnel, deux nouvelles pauses bien-\u00eatre ont \u00e9t\u00e9 propos\u00e9es ces derni\u00e8res semaines aux salari\u00e9s de la technopole.Des moments pens\u00e9s pour que chacun puisse prendre soin de soi, d\u00e9couvrir de nouvelles pratiques et repartir plus [&hellip;]<\/p>\n","protected":false},"author":18,"featured_media":62042,"comment_status":"closed","ping_status":"open","sticky":false,"template":"","format":"standard","meta":{"footnotes":""},"categories":[37],"tags":[3239],"class_list":["post-62036","post","type-post","status-publish","format-standard","has-post-thumbnail","hentry","category-my-ino","tag-bienetre"],"yoast_head":"<!-- This site is optimized with the Yoast SEO plugin v27.4 - https:\/\/yoast.com\/product\/yoast-seo-wordpress\/ -->\n<title>Retour sur les pauses bien-\u00eatre de novembre ax\u00e9es sur la m\u00e9ditation et la reconnexion - inovall\u00e9e<\/title>\n<meta name=\"description\" content=\"D\u00e9couvrez les rdv bien-\u00eatre organis\u00e9s pour le bien \u00eatre des salari\u00e9s de la technopole d&#039;inovall\u00e9e encadr\u00e9s par des professionnels.\" \/>\n<meta name=\"robots\" content=\"index, follow, max-snippet:-1, max-image-preview:large, max-video-preview:-1\" \/>\n<link rel=\"canonical\" href=\"https:\/\/www.inovallee.com\/en\/retour-sur-les-pauses-bien-etre-de-novembre-axees-sur-la-meditation-et-la-reconnexion\/\" \/>\n<meta property=\"og:locale\" content=\"en_GB\" \/>\n<meta property=\"og:type\" content=\"article\" \/>\n<meta property=\"og:title\" content=\"Retour sur les pauses bien-\u00eatre de novembre ax\u00e9es sur la m\u00e9ditation et la reconnexion - inovall\u00e9e\" \/>\n<meta property=\"og:description\" content=\"D\u00e9couvrez les rdv bien-\u00eatre organis\u00e9s pour le bien \u00eatre des salari\u00e9s de la technopole d&#039;inovall\u00e9e encadr\u00e9s par des professionnels.\" \/>\n<meta property=\"og:url\" content=\"https:\/\/www.inovallee.com\/en\/retour-sur-les-pauses-bien-etre-de-novembre-axees-sur-la-meditation-et-la-reconnexion\/\" \/>\n<meta property=\"og:site_name\" content=\"inovall\u00e9e\" \/>\n<meta property=\"article:publisher\" content=\"https:\/\/www.facebook.com\/technopoleinovallee\/\" \/>\n<meta property=\"article:published_time\" content=\"2025-11-27T16:19:45+00:00\" \/>\n<meta property=\"article:modified_time\" content=\"2025-11-28T10:18:36+00:00\" \/>\n<meta property=\"og:image\" content=\"https:\/\/www.inovallee.com\/wp-content\/uploads\/2025\/11\/Pause-bien-etre-27-novembre-Arbre-de-vie-2.jpg\" \/>\n\t<meta property=\"og:image:width\" content=\"1440\" \/>\n\t<meta property=\"og:image:height\" content=\"1920\" \/>\n\t<meta property=\"og:image:type\" content=\"image\/jpeg\" \/>\n<meta name=\"author\" content=\"Margaux De la Fuente\" \/>\n<meta name=\"twitter:card\" content=\"summary_large_image\" \/>\n<meta name=\"twitter:creator\" content=\"@inovallee\" \/>\n<meta name=\"twitter:site\" content=\"@inovallee\" \/>\n<meta name=\"twitter:label1\" content=\"Written by\" \/>\n\t<meta name=\"twitter:data1\" content=\"Margaux De la Fuente\" \/>\n\t<meta name=\"twitter:label2\" content=\"Estimated reading time\" \/>\n\t<meta name=\"twitter:data2\" content=\"4 minutes\" \/>\n<script type=\"application\/ld+json\" class=\"yoast-schema-graph\">{\"@context\":\"https:\\\/\\\/schema.org\",\"@graph\":[{\"@type\":\"Article\",\"@id\":\"https:\\\/\\\/www.inovallee.com\\\/retour-sur-les-pauses-bien-etre-de-novembre-axees-sur-la-meditation-et-la-reconnexion\\\/#article\",\"isPartOf\":{\"@id\":\"https:\\\/\\\/www.inovallee.com\\\/retour-sur-les-pauses-bien-etre-de-novembre-axees-sur-la-meditation-et-la-reconnexion\\\/\"},\"author\":{\"name\":\"Margaux De la Fuente\",\"@id\":\"https:\\\/\\\/www.inovallee.com\\\/#\\\/schema\\\/person\\\/92dc7fd313568f5cc54aba72aba732fe\"},\"headline\":\"Retour sur les pauses bien-\u00eatre de novembre ax\u00e9es sur la m\u00e9ditation et la reconnexion\",\"datePublished\":\"2025-11-27T16:19:45+00:00\",\"dateModified\":\"2025-11-28T10:18:36+00:00\",\"mainEntityOfPage\":{\"@id\":\"https:\\\/\\\/www.inovallee.com\\\/retour-sur-les-pauses-bien-etre-de-novembre-axees-sur-la-meditation-et-la-reconnexion\\\/\"},\"wordCount\":710,\"publisher\":{\"@id\":\"https:\\\/\\\/www.inovallee.com\\\/#organization\"},\"image\":{\"@id\":\"https:\\\/\\\/www.inovallee.com\\\/retour-sur-les-pauses-bien-etre-de-novembre-axees-sur-la-meditation-et-la-reconnexion\\\/#primaryimage\"},\"thumbnailUrl\":\"https:\\\/\\\/www.inovallee.com\\\/wp-content\\\/uploads\\\/2025\\\/11\\\/Pause-bien-etre-27-novembre-Arbre-de-vie-2.jpg\",\"keywords\":[\"bienetre\"],\"articleSection\":[\"My Ino : Vivre &amp; travailler sur inovall\u00e9e\"],\"inLanguage\":\"en-GB\"},{\"@type\":\"WebPage\",\"@id\":\"https:\\\/\\\/www.inovallee.com\\\/retour-sur-les-pauses-bien-etre-de-novembre-axees-sur-la-meditation-et-la-reconnexion\\\/\",\"url\":\"https:\\\/\\\/www.inovallee.com\\\/retour-sur-les-pauses-bien-etre-de-novembre-axees-sur-la-meditation-et-la-reconnexion\\\/\",\"name\":\"Retour sur les pauses bien-\u00eatre de novembre ax\u00e9es sur la m\u00e9ditation et la reconnexion - inovall\u00e9e\",\"isPartOf\":{\"@id\":\"https:\\\/\\\/www.inovallee.com\\\/#website\"},\"primaryImageOfPage\":{\"@id\":\"https:\\\/\\\/www.inovallee.com\\\/retour-sur-les-pauses-bien-etre-de-novembre-axees-sur-la-meditation-et-la-reconnexion\\\/#primaryimage\"},\"image\":{\"@id\":\"https:\\\/\\\/www.inovallee.com\\\/retour-sur-les-pauses-bien-etre-de-novembre-axees-sur-la-meditation-et-la-reconnexion\\\/#primaryimage\"},\"thumbnailUrl\":\"https:\\\/\\\/www.inovallee.com\\\/wp-content\\\/uploads\\\/2025\\\/11\\\/Pause-bien-etre-27-novembre-Arbre-de-vie-2.jpg\",\"datePublished\":\"2025-11-27T16:19:45+00:00\",\"dateModified\":\"2025-11-28T10:18:36+00:00\",\"description\":\"D\u00e9couvrez les rdv bien-\u00eatre organis\u00e9s pour le bien \u00eatre des salari\u00e9s de la technopole d'inovall\u00e9e encadr\u00e9s par des professionnels.\",\"breadcrumb\":{\"@id\":\"https:\\\/\\\/www.inovallee.com\\\/retour-sur-les-pauses-bien-etre-de-novembre-axees-sur-la-meditation-et-la-reconnexion\\\/#breadcrumb\"},\"inLanguage\":\"en-GB\",\"potentialAction\":[{\"@type\":\"ReadAction\",\"target\":[\"https:\\\/\\\/www.inovallee.com\\\/retour-sur-les-pauses-bien-etre-de-novembre-axees-sur-la-meditation-et-la-reconnexion\\\/\"]}]},{\"@type\":\"ImageObject\",\"inLanguage\":\"en-GB\",\"@id\":\"https:\\\/\\\/www.inovallee.com\\\/retour-sur-les-pauses-bien-etre-de-novembre-axees-sur-la-meditation-et-la-reconnexion\\\/#primaryimage\",\"url\":\"https:\\\/\\\/www.inovallee.com\\\/wp-content\\\/uploads\\\/2025\\\/11\\\/Pause-bien-etre-27-novembre-Arbre-de-vie-2.jpg\",\"contentUrl\":\"https:\\\/\\\/www.inovallee.com\\\/wp-content\\\/uploads\\\/2025\\\/11\\\/Pause-bien-etre-27-novembre-Arbre-de-vie-2.jpg\",\"width\":1440,\"height\":1920},{\"@type\":\"BreadcrumbList\",\"@id\":\"https:\\\/\\\/www.inovallee.com\\\/retour-sur-les-pauses-bien-etre-de-novembre-axees-sur-la-meditation-et-la-reconnexion\\\/#breadcrumb\",\"itemListElement\":[{\"@type\":\"ListItem\",\"position\":1,\"name\":\"Accueil\",\"item\":\"https:\\\/\\\/www.inovallee.com\\\/\"},{\"@type\":\"ListItem\",\"position\":2,\"name\":\"Retour sur les pauses bien-\u00eatre de novembre ax\u00e9es sur la m\u00e9ditation et la reconnexion\"}]},{\"@type\":\"WebSite\",\"@id\":\"https:\\\/\\\/www.inovallee.com\\\/#website\",\"url\":\"https:\\\/\\\/www.inovallee.com\\\/\",\"name\":\"inovall\u00e9e technopole, Home to software & smart technologies\",\"description\":\"Home to software &amp; smart technologies\",\"publisher\":{\"@id\":\"https:\\\/\\\/www.inovallee.com\\\/#organization\"},\"potentialAction\":[{\"@type\":\"SearchAction\",\"target\":{\"@type\":\"EntryPoint\",\"urlTemplate\":\"https:\\\/\\\/www.inovallee.com\\\/?s={search_term_string}\"},\"query-input\":{\"@type\":\"PropertyValueSpecification\",\"valueRequired\":true,\"valueName\":\"search_term_string\"}}],\"inLanguage\":\"en-GB\"},{\"@type\":\"Organization\",\"@id\":\"https:\\\/\\\/www.inovallee.com\\\/#organization\",\"name\":\"inovall\u00e9e\",\"url\":\"https:\\\/\\\/www.inovallee.com\\\/\",\"logo\":{\"@type\":\"ImageObject\",\"inLanguage\":\"en-GB\",\"@id\":\"https:\\\/\\\/www.inovallee.com\\\/#\\\/schema\\\/logo\\\/image\\\/\",\"url\":\"https:\\\/\\\/www.inovallee.com\\\/wp-content\\\/uploads\\\/2023\\\/08\\\/inovallee_2022_GrenobleAlpes.png\",\"contentUrl\":\"https:\\\/\\\/www.inovallee.com\\\/wp-content\\\/uploads\\\/2023\\\/08\\\/inovallee_2022_GrenobleAlpes.png\",\"width\":945,\"height\":369,\"caption\":\"inovall\u00e9e\"},\"image\":{\"@id\":\"https:\\\/\\\/www.inovallee.com\\\/#\\\/schema\\\/logo\\\/image\\\/\"},\"sameAs\":[\"https:\\\/\\\/www.facebook.com\\\/technopoleinovallee\\\/\",\"https:\\\/\\\/x.com\\\/inovallee\",\"https:\\\/\\\/www.linkedin.com\\\/company\\\/inovall-e\\\/\",\"https:\\\/\\\/www.youtube.com\\\/user\\\/inovallee?reload=9\"]},{\"@type\":\"Person\",\"@id\":\"https:\\\/\\\/www.inovallee.com\\\/#\\\/schema\\\/person\\\/92dc7fd313568f5cc54aba72aba732fe\",\"name\":\"Margaux De la Fuente\"}]}<\/script>\n<!-- \/ Yoast SEO plugin. -->","yoast_head_json":{"title":"Retour sur les pauses bien-\u00eatre de novembre ax\u00e9es sur la m\u00e9ditation et la reconnexion - inovall\u00e9e","description":"D\u00e9couvrez les rdv bien-\u00eatre organis\u00e9s pour le bien \u00eatre des salari\u00e9s de la technopole d'inovall\u00e9e encadr\u00e9s par des professionnels.","robots":{"index":"index","follow":"follow","max-snippet":"max-snippet:-1","max-image-preview":"max-image-preview:large","max-video-preview":"max-video-preview:-1"},"canonical":"https:\/\/www.inovallee.com\/en\/retour-sur-les-pauses-bien-etre-de-novembre-axees-sur-la-meditation-et-la-reconnexion\/","og_locale":"en_GB","og_type":"article","og_title":"Retour sur les pauses bien-\u00eatre de novembre ax\u00e9es sur la m\u00e9ditation et la reconnexion - inovall\u00e9e","og_description":"D\u00e9couvrez les rdv bien-\u00eatre organis\u00e9s pour le bien \u00eatre des salari\u00e9s de la technopole d'inovall\u00e9e encadr\u00e9s par des professionnels.","og_url":"https:\/\/www.inovallee.com\/en\/retour-sur-les-pauses-bien-etre-de-novembre-axees-sur-la-meditation-et-la-reconnexion\/","og_site_name":"inovall\u00e9e","article_publisher":"https:\/\/www.facebook.com\/technopoleinovallee\/","article_published_time":"2025-11-27T16:19:45+00:00","article_modified_time":"2025-11-28T10:18:36+00:00","og_image":[{"width":1440,"height":1920,"url":"https:\/\/www.inovallee.com\/wp-content\/uploads\/2025\/11\/Pause-bien-etre-27-novembre-Arbre-de-vie-2.jpg","type":"image\/jpeg"}],"author":"Margaux De la Fuente","twitter_card":"summary_large_image","twitter_creator":"@inovallee","twitter_site":"@inovallee","twitter_misc":{"Written by":"Margaux De la Fuente","Estimated reading time":"4 minutes"},"schema":{"@context":"https:\/\/schema.org","@graph":[{"@type":"Article","@id":"https:\/\/www.inovallee.com\/retour-sur-les-pauses-bien-etre-de-novembre-axees-sur-la-meditation-et-la-reconnexion\/#article","isPartOf":{"@id":"https:\/\/www.inovallee.com\/retour-sur-les-pauses-bien-etre-de-novembre-axees-sur-la-meditation-et-la-reconnexion\/"},"author":{"name":"Margaux De la Fuente","@id":"https:\/\/www.inovallee.com\/#\/schema\/person\/92dc7fd313568f5cc54aba72aba732fe"},"headline":"Retour sur les pauses bien-\u00eatre de novembre ax\u00e9es sur la m\u00e9ditation et la reconnexion","datePublished":"2025-11-27T16:19:45+00:00","dateModified":"2025-11-28T10:18:36+00:00","mainEntityOfPage":{"@id":"https:\/\/www.inovallee.com\/retour-sur-les-pauses-bien-etre-de-novembre-axees-sur-la-meditation-et-la-reconnexion\/"},"wordCount":710,"publisher":{"@id":"https:\/\/www.inovallee.com\/#organization"},"image":{"@id":"https:\/\/www.inovallee.com\/retour-sur-les-pauses-bien-etre-de-novembre-axees-sur-la-meditation-et-la-reconnexion\/#primaryimage"},"thumbnailUrl":"https:\/\/www.inovallee.com\/wp-content\/uploads\/2025\/11\/Pause-bien-etre-27-novembre-Arbre-de-vie-2.jpg","keywords":["bienetre"],"articleSection":["My Ino : Vivre &amp; travailler sur inovall\u00e9e"],"inLanguage":"en-GB"},{"@type":"WebPage","@id":"https:\/\/www.inovallee.com\/retour-sur-les-pauses-bien-etre-de-novembre-axees-sur-la-meditation-et-la-reconnexion\/","url":"https:\/\/www.inovallee.com\/retour-sur-les-pauses-bien-etre-de-novembre-axees-sur-la-meditation-et-la-reconnexion\/","name":"Retour sur les pauses bien-\u00eatre de novembre ax\u00e9es sur la m\u00e9ditation et la reconnexion - inovall\u00e9e","isPartOf":{"@id":"https:\/\/www.inovallee.com\/#website"},"primaryImageOfPage":{"@id":"https:\/\/www.inovallee.com\/retour-sur-les-pauses-bien-etre-de-novembre-axees-sur-la-meditation-et-la-reconnexion\/#primaryimage"},"image":{"@id":"https:\/\/www.inovallee.com\/retour-sur-les-pauses-bien-etre-de-novembre-axees-sur-la-meditation-et-la-reconnexion\/#primaryimage"},"thumbnailUrl":"https:\/\/www.inovallee.com\/wp-content\/uploads\/2025\/11\/Pause-bien-etre-27-novembre-Arbre-de-vie-2.jpg","datePublished":"2025-11-27T16:19:45+00:00","dateModified":"2025-11-28T10:18:36+00:00","description":"D\u00e9couvrez les rdv bien-\u00eatre organis\u00e9s pour le bien \u00eatre des salari\u00e9s de la technopole d'inovall\u00e9e encadr\u00e9s par des professionnels.","breadcrumb":{"@id":"https:\/\/www.inovallee.com\/retour-sur-les-pauses-bien-etre-de-novembre-axees-sur-la-meditation-et-la-reconnexion\/#breadcrumb"},"inLanguage":"en-GB","potentialAction":[{"@type":"ReadAction","target":["https:\/\/www.inovallee.com\/retour-sur-les-pauses-bien-etre-de-novembre-axees-sur-la-meditation-et-la-reconnexion\/"]}]},{"@type":"ImageObject","inLanguage":"en-GB","@id":"https:\/\/www.inovallee.com\/retour-sur-les-pauses-bien-etre-de-novembre-axees-sur-la-meditation-et-la-reconnexion\/#primaryimage","url":"https:\/\/www.inovallee.com\/wp-content\/uploads\/2025\/11\/Pause-bien-etre-27-novembre-Arbre-de-vie-2.jpg","contentUrl":"https:\/\/www.inovallee.com\/wp-content\/uploads\/2025\/11\/Pause-bien-etre-27-novembre-Arbre-de-vie-2.jpg","width":1440,"height":1920},{"@type":"BreadcrumbList","@id":"https:\/\/www.inovallee.com\/retour-sur-les-pauses-bien-etre-de-novembre-axees-sur-la-meditation-et-la-reconnexion\/#breadcrumb","itemListElement":[{"@type":"ListItem","position":1,"name":"Accueil","item":"https:\/\/www.inovallee.com\/"},{"@type":"ListItem","position":2,"name":"Retour sur les pauses bien-\u00eatre de novembre ax\u00e9es sur la m\u00e9ditation et la reconnexion"}]},{"@type":"WebSite","@id":"https:\/\/www.inovallee.com\/#website","url":"https:\/\/www.inovallee.com\/","name":"inovall\u00e9e technopole, Home to software & smart technologies","description":"Home to software &amp; smart technologies","publisher":{"@id":"https:\/\/www.inovallee.com\/#organization"},"potentialAction":[{"@type":"SearchAction","target":{"@type":"EntryPoint","urlTemplate":"https:\/\/www.inovallee.com\/?s={search_term_string}"},"query-input":{"@type":"PropertyValueSpecification","valueRequired":true,"valueName":"search_term_string"}}],"inLanguage":"en-GB"},{"@type":"Organization","@id":"https:\/\/www.inovallee.com\/#organization","name":"inovall\u00e9e","url":"https:\/\/www.inovallee.com\/","logo":{"@type":"ImageObject","inLanguage":"en-GB","@id":"https:\/\/www.inovallee.com\/#\/schema\/logo\/image\/","url":"https:\/\/www.inovallee.com\/wp-content\/uploads\/2023\/08\/inovallee_2022_GrenobleAlpes.png","contentUrl":"https:\/\/www.inovallee.com\/wp-content\/uploads\/2023\/08\/inovallee_2022_GrenobleAlpes.png","width":945,"height":369,"caption":"inovall\u00e9e"},"image":{"@id":"https:\/\/www.inovallee.com\/#\/schema\/logo\/image\/"},"sameAs":["https:\/\/www.facebook.com\/technopoleinovallee\/","https:\/\/x.com\/inovallee","https:\/\/www.linkedin.com\/company\/inovall-e\/","https:\/\/www.youtube.com\/user\/inovallee?reload=9"]},{"@type":"Person","@id":"https:\/\/www.inovallee.com\/#\/schema\/person\/92dc7fd313568f5cc54aba72aba732fe","name":"Margaux De la Fuente"}]}},"_links":{"self":[{"href":"https:\/\/www.inovallee.com\/en\/wp-json\/wp\/v2\/posts\/62036","targetHints":{"allow":["GET"]}}],"collection":[{"href":"https:\/\/www.inovallee.com\/en\/wp-json\/wp\/v2\/posts"}],"about":[{"href":"https:\/\/www.inovallee.com\/en\/wp-json\/wp\/v2\/types\/post"}],"author":[{"embeddable":true,"href":"https:\/\/www.inovallee.com\/en\/wp-json\/wp\/v2\/users\/18"}],"replies":[{"embeddable":true,"href":"https:\/\/www.inovallee.com\/en\/wp-json\/wp\/v2\/comments?post=62036"}],"version-history":[{"count":3,"href":"https:\/\/www.inovallee.com\/en\/wp-json\/wp\/v2\/posts\/62036\/revisions"}],"predecessor-version":[{"id":62040,"href":"https:\/\/www.inovallee.com\/en\/wp-json\/wp\/v2\/posts\/62036\/revisions\/62040"}],"wp:featuredmedia":[{"embeddable":true,"href":"https:\/\/www.inovallee.com\/en\/wp-json\/wp\/v2\/media\/62042"}],"wp:attachment":[{"href":"https:\/\/www.inovallee.com\/en\/wp-json\/wp\/v2\/media?parent=62036"}],"wp:term":[{"taxonomy":"category","embeddable":true,"href":"https:\/\/www.inovallee.com\/en\/wp-json\/wp\/v2\/categories?post=62036"},{"taxonomy":"post_tag","embeddable":true,"href":"https:\/\/www.inovallee.com\/en\/wp-json\/wp\/v2\/tags?post=62036"}],"curies":[{"name":"wp","href":"https:\/\/api.w.org\/{rel}","templated":true}]}}