{"id":62165,"date":"2025-12-11T18:13:11","date_gmt":"2025-12-11T17:13:11","guid":{"rendered":"https:\/\/www.inovallee.com\/?p=62165"},"modified":"2025-12-11T18:13:13","modified_gmt":"2025-12-11T17:13:13","slug":"capgemini-medtech-accelerator-forum","status":"publish","type":"post","link":"https:\/\/www.inovallee.com\/en\/capgemini-medtech-accelerator-forum\/","title":{"rendered":"Capgemini rassemble plus de 120 leaders de la sant\u00e9 \u00e0 Grenoble pour sa seconde \u00e9dition du Medtech Accelerator Forum, un succ\u00e8s \u00e0 l\u2019image du poids de Grenoble Alpes dans la fili\u00e8re d\u2019excellence fran\u00e7aise\u00a0!"},"content":{"rendered":"<h3 class=\"wp-block-heading\">120 leaders, 5 tables rondes, 1 keynote, et 30 speakers pour \u00e9changer sur les enjeux de la sant\u00e9<\/h3>\n\n\n\n<p><a href=\"https:\/\/www.capgemini.com\/\">Capgemini <\/a>organisait le 26 novembre dernier \u00e0 Grenoble la 2\u00e8me \u00e9dition du <a href=\"https:\/\/www.capgemini.com\/fr-fr\/actualites\/evenements\/medtech-accelerator-forum\/\">Medtech accelerator forum<\/a>. Entre la premi\u00e8re \u00e9dition \u00e0 Paris et la seconde \u00e0 Grenoble, l\u2019\u00e9v\u00e9nement a pris de l\u2019ampleur avec une participation qui plus que tripl\u00e9 en un an. En effet, l\u2019\u00e9v\u00e9nement organis\u00e9 \u00e0 Minatec a rassembl\u00e9 plus de 120 leaders, preuve que Grenoble est un plus que jamais un acteur cl\u00e9 de la fili\u00e8re healthtech\u00a0!<\/p>\n\n\n\n<p>Un objectif, rappel\u00e9 en introduction\u00a0 \u00a0par \u00a0<a href=\"https:\/\/www.linkedin.com\/in\/audrey-carpentier-05399b1b\/\">Audrey Carpentier<\/a>, Directrice du secteur Life Sciences chez Capgemini Engineering en France, \u00a0: \u00ab\u00a0ouvrir de nouvelles perspectives, faire \u00e9merger des strat\u00e9gies et des d\u00e9cisions collectives, acc\u00e9l\u00e9rer le d\u00e9veloppement de solutions innovantes au b\u00e9n\u00e9fice des patients, mais surtout partager et \u00e9changer pour cr\u00e9er de l\u2019impact, tous ensemble\u00a0\u00bb.<\/p>\n\n\n\n<p>Au programme, 5 tables rondes et une keynote pour explorer les enjeux de la fili\u00e8re Medtech \u00e0 tous les niveaux&nbsp;:&nbsp; d\u00e9veloppement du produit, performance industrielle, durabilit\u00e9, interop\u00e9rabilit\u00e9, r\u00f4le des semi-conducteurs dans l\u2019innovation Medtech ou encore savoir-faire deeptech.<\/p>\n\n\n\n<p>Et une trentaine d\u2019intervenants \u00e0 la pointe du domaine&nbsp;: biomerieux, EOS Imaging, MinMaxMedical, Therasonic, A Raymond Life, BD France, GE Healthcare, le CEA Leti, Roche Diagnostics France, le CGUGA&nbsp;, Philips, mais aussi le Snitem, le fonds Clinatec, France Biotech et Medicalps.<\/p>\n\n\n\n<p><a href=\"https:\/\/www.linkedin.com\/in\/olivier-chabanon\/\">Olivier Chabanon<\/a> <a href=\"https:\/\/www.linkedin.com\/in\/melanie-alias-27051b3\/\">Melanie ALIAS<\/a>, <a href=\"https:\/\/www.linkedin.com\/in\/paul-antoine-beaudoin-952967197\/\">Paul-Antoine Beaudoin<\/a>, <a href=\"https:\/\/www.linkedin.com\/in\/jerome-beucher-184a94282\/\">Jerome BEUCHER<\/a>, <a href=\"https:\/\/www.linkedin.com\/in\/patrice-blavette-8b58ab148\/\">Patrice Blavette<\/a>, <a href=\"https:\/\/www.linkedin.com\/in\/b%C3%A9n%C3%A9dicte-blot-167b045b\/\">B\u00e9n\u00e9dicte Blot<\/a>, <a href=\"https:\/\/www.linkedin.com\/in\/jean-marie-cabri%C3%A8res-70bb9314\/\">Jean-Marie Cabri\u00e8res<\/a>, <a href=\"https:\/\/www.linkedin.com\/in\/baptiste-chaboud-938b3313\/\">Baptiste CHABOUD<\/a>, <a href=\"https:\/\/www.linkedin.com\/in\/fabrice-dabilly-5347501\/\">Fabrice Dabilly<\/a>, <a href=\"https:\/\/www.linkedin.com\/in\/patrick-delorme-31b6461\/\">Patrick Delorme<\/a>, <a href=\"https:\/\/www.linkedin.com\/in\/leandro-pires-dos-santos-27397797\/\">Leandro PIRES DOS SANTOS<\/a>, <a href=\"https:\/\/www.linkedin.com\/in\/franckfoschiatti\/\">Franck Foschiatti<\/a>, <a href=\"https:\/\/www.linkedin.com\/in\/anne-laure-gavory-81290226\/\">Anne-Laure GAVORY<\/a>, <a href=\"https:\/\/www.linkedin.com\/in\/fr%C3%A9d%C3%A9ric-girard-8a30319\/\">Fr\u00e9d\u00e9ric Girard<\/a>, <a href=\"https:\/\/www.linkedin.com\/in\/jacqueshusser\/\">Jacques HUSSER<\/a>, <a href=\"https:\/\/www.linkedin.com\/in\/g%C3%A9raldine-le-duc-801837b1\/\">G\u00e9raldine Le Duc<\/a>, <a href=\"https:\/\/www.linkedin.com\/in\/thomas-lonjaret\/\">Thomas Lonjaret<\/a>, <a href=\"https:\/\/www.linkedin.com\/in\/fabienmoelo\/\">Fabien MO\u00cbLO<\/a>, <a href=\"https:\/\/www.linkedin.com\/in\/sonia-thareau-a45b1619\/\">Sonia Thareau<\/a>, <a href=\"https:\/\/www.linkedin.com\/in\/jean-luc-triouleyre\/\">Jean-Luc Triouleyre<\/a>, <a href=\"https:\/\/www.linkedin.com\/in\/sebastien-weisbuch\/\">S\u00e9bastien WEISBUCH<\/a>, <a href=\"https:\/\/www.linkedin.com\/in\/charles-andr%C3%A9-philip-21b8b420b\/\">Charles-Andr\u00e9 PHILIP<\/a> <a href=\"https:\/\/www.linkedin.com\/in\/anne-sophie-silvent-42788950\/\">anne-sophie silvent<\/a> <a href=\"https:\/\/www.linkedin.com\/in\/laurent-herault-eu\/\">Laurent H\u00e9rault<\/a> <a href=\"https:\/\/www.linkedin.com\/in\/jacqueshusser\/\">Jacques HUSSER<\/a> et <a href=\"https:\/\/www.linkedin.com\/in\/val%C3%A9rie-perhirin-1b399b8\/\">Val\u00e9rie Perhirin<\/a><br><br>Des temps forts anim\u00e9s par les experts Capgemini: <a href=\"https:\/\/www.linkedin.com\/in\/bertrandraillard\/\">Bertrand Raillard<\/a> <a href=\"https:\/\/www.linkedin.com\/in\/yvespelissier\/\">Yves P\u00e9lissier<\/a> <a href=\"https:\/\/www.linkedin.com\/in\/michel-vasmer-93229740\/\">Michel VASMER<\/a> <a href=\"https:\/\/www.linkedin.com\/in\/valerie-henrard-35134992\/\">Valerie HENRARD<\/a> <a href=\"https:\/\/www.linkedin.com\/in\/patrickburger1210\/\">Patrick BURGER<\/a> <a href=\"https:\/\/www.linkedin.com\/in\/agnes-fritsch-bb242315\/\">Agnes Fritsch<\/a> <a href=\"https:\/\/www.linkedin.com\/in\/jean-fran%C3%A7ois-valente-bb920622\/\">Jean-Fran\u00e7ois VALENTE<\/a><br><br>Mais aussi l\u2019occasion de d\u00e9couvrir \/ red\u00e9couvrir de nombreuses innovations made-in Grenoble qui fa\u00e7onnent l\u2019avenir de la sant\u00e9, comme&nbsp;les tubes sanguins connect\u00e9s, qui gr\u00e2ce aux coop\u00e9rations entre BD et Roche, pourraient r\u00e9duire les erreurs d\u2019\u00e9tiquetage et diviser par 4 le temps de traitement des donn\u00e9es, ou encore les technologies prometteuses de stimulation c\u00e9r\u00e9brale profonde de Clinatec pour lutter contre les maladies d\u00e9g\u00e9n\u00e9ratives.<\/p>\n\n\n\n<h3 class=\"wp-block-heading\">La France leader europ\u00e9en de la fili\u00e8re Healthtech<\/h3>\n\n\n\n<p>Comme le rappelait <a href=\"https:\/\/www.linkedin.com\/in\/olivier-chabanon\/\">Olivier Chabanon<\/a>, Directeur D\u00e9l\u00e9gu\u00e9 du plan French Care \u00e0 BPI en introduction, la France est un acteur majeur de la fili\u00e8re en Europe, gr\u00e2ce \u00e0 son excellence acad\u00e9mique et scientifique.<\/p>\n\n\n\n<p>La Healthtech fran\u00e7aise repr\u00e9sente plus de 2700 entreprises et 84&nbsp;000 emplois directs.<\/p>\n\n\n\n<p>Chaque ann\u00e9e, ce sont plus de 60 entreprises de biotechnologies qui voient le jour, sachant qu\u2019avec 52 sites industriels, la France est \u00e9galement leader de la bioproduction de m\u00e9dicaments en Europe.<\/p>\n\n\n\n<p>A horizon 2030, France Biotech envisage la cr\u00e9ation de 130&nbsp;000 emplois suppl\u00e9mentaires et 250 millions de patients potentiellement trait\u00e9s par les 20 entreprises fran\u00e7aises les plus prometteuses.<\/p>\n\n\n\n<p>Plus de 4000 innovations m\u00e9dicales sont en d\u00e9veloppement ou commercialis\u00e9es, avec toutes un objectif commun&nbsp;: am\u00e9liorer la prise en charge des patients, le parcours de soin et le syst\u00e8me de sant\u00e9.<\/p>","protected":false},"excerpt":{"rendered":"<p>120 leaders, 5 tables rondes, 1 keynote, et 30 speakers pour \u00e9changer sur les enjeux de la sant\u00e9 Capgemini organisait le 26 novembre dernier \u00e0 Grenoble la 2\u00e8me \u00e9dition du Medtech accelerator forum. Entre la premi\u00e8re \u00e9dition \u00e0 Paris et la seconde \u00e0 Grenoble, l\u2019\u00e9v\u00e9nement a pris de l\u2019ampleur avec une participation qui plus que [&hellip;]<\/p>\n","protected":false},"author":4,"featured_media":62166,"comment_status":"closed","ping_status":"open","sticky":false,"template":"","format":"standard","meta":{"footnotes":""},"categories":[51,29],"tags":[1803,1676,116,3250],"class_list":["post-62165","post","type-post","status-publish","format-standard","has-post-thumbnail","hentry","category-ecosysteme-innovation","category-evenements","tag-capgemini","tag-grenoble","tag-medtech","tag-medtech-accelerator-forum"],"yoast_head":"<!-- This site is optimized with the Yoast SEO plugin v27.4 - https:\/\/yoast.com\/product\/yoast-seo-wordpress\/ -->\n<title>Capgemini rassemble plus de 120 leaders de la sant\u00e9 \u00e0 Grenoble pour sa seconde \u00e9dition du Medtech Accelerator Forum, un succ\u00e8s \u00e0 l\u2019image du poids de Grenoble Alpes dans la fili\u00e8re d\u2019excellence fran\u00e7aise\u00a0! - inovall\u00e9e<\/title>\n<meta name=\"description\" content=\"120 leaders r\u00e9unis \u00e0 Grenoble sous l&#039;\u00e9gide de Capgemini pour \u00e9changer sur l&#039;avenir de la Medtech\" \/>\n<meta name=\"robots\" content=\"index, follow, max-snippet:-1, max-image-preview:large, max-video-preview:-1\" \/>\n<link rel=\"canonical\" href=\"https:\/\/www.inovallee.com\/en\/capgemini-medtech-accelerator-forum\/\" \/>\n<meta property=\"og:locale\" content=\"en_GB\" \/>\n<meta property=\"og:type\" content=\"article\" \/>\n<meta property=\"og:title\" content=\"Capgemini rassemble plus de 120 leaders de la sant\u00e9 \u00e0 Grenoble pour sa seconde \u00e9dition du Medtech Accelerator Forum, un succ\u00e8s \u00e0 l\u2019image du poids de Grenoble Alpes dans la fili\u00e8re d\u2019excellence fran\u00e7aise\u00a0! - inovall\u00e9e\" \/>\n<meta property=\"og:description\" content=\"120 leaders r\u00e9unis \u00e0 Grenoble sous l&#039;\u00e9gide de Capgemini pour \u00e9changer sur l&#039;avenir de la Medtech\" \/>\n<meta property=\"og:url\" content=\"https:\/\/www.inovallee.com\/en\/capgemini-medtech-accelerator-forum\/\" \/>\n<meta property=\"og:site_name\" content=\"inovall\u00e9e\" \/>\n<meta property=\"article:publisher\" content=\"https:\/\/www.facebook.com\/technopoleinovallee\/\" \/>\n<meta property=\"article:published_time\" content=\"2025-12-11T17:13:11+00:00\" \/>\n<meta property=\"article:modified_time\" content=\"2025-12-11T17:13:13+00:00\" \/>\n<meta property=\"og:image\" content=\"https:\/\/www.inovallee.com\/wp-content\/uploads\/2025\/12\/image-4.png\" \/>\n\t<meta property=\"og:image:width\" content=\"756\" \/>\n\t<meta property=\"og:image:height\" content=\"504\" \/>\n\t<meta property=\"og:image:type\" content=\"image\/png\" \/>\n<meta name=\"author\" content=\"Claire Chanterelle\" \/>\n<meta name=\"twitter:card\" content=\"summary_large_image\" \/>\n<meta name=\"twitter:creator\" content=\"@inovallee\" \/>\n<meta name=\"twitter:site\" content=\"@inovallee\" \/>\n<meta name=\"twitter:label1\" content=\"Written by\" \/>\n\t<meta name=\"twitter:data1\" content=\"Claire Chanterelle\" \/>\n\t<meta name=\"twitter:label2\" content=\"Estimated reading time\" \/>\n\t<meta name=\"twitter:data2\" content=\"3 minutes\" \/>\n<script type=\"application\/ld+json\" class=\"yoast-schema-graph\">{\"@context\":\"https:\\\/\\\/schema.org\",\"@graph\":[{\"@type\":\"Article\",\"@id\":\"https:\\\/\\\/www.inovallee.com\\\/capgemini-medtech-accelerator-forum\\\/#article\",\"isPartOf\":{\"@id\":\"https:\\\/\\\/www.inovallee.com\\\/capgemini-medtech-accelerator-forum\\\/\"},\"author\":{\"name\":\"Claire Chanterelle\",\"@id\":\"https:\\\/\\\/www.inovallee.com\\\/#\\\/schema\\\/person\\\/6cdcf0ed58ac3e1ef08041bdf7815902\"},\"headline\":\"Capgemini rassemble plus de 120 leaders de la sant\u00e9 \u00e0 Grenoble pour sa seconde \u00e9dition du Medtech Accelerator Forum, un succ\u00e8s \u00e0 l\u2019image du poids de Grenoble Alpes dans la fili\u00e8re d\u2019excellence fran\u00e7aise\u00a0!\",\"datePublished\":\"2025-12-11T17:13:11+00:00\",\"dateModified\":\"2025-12-11T17:13:13+00:00\",\"mainEntityOfPage\":{\"@id\":\"https:\\\/\\\/www.inovallee.com\\\/capgemini-medtech-accelerator-forum\\\/\"},\"wordCount\":587,\"publisher\":{\"@id\":\"https:\\\/\\\/www.inovallee.com\\\/#organization\"},\"image\":{\"@id\":\"https:\\\/\\\/www.inovallee.com\\\/capgemini-medtech-accelerator-forum\\\/#primaryimage\"},\"thumbnailUrl\":\"https:\\\/\\\/www.inovallee.com\\\/wp-content\\\/uploads\\\/2025\\\/12\\\/image-4.png\",\"keywords\":[\"Capgemini\",\"Grenoble\",\"medtech\",\"Medtech Accelerator Forum\"],\"articleSection\":[\"Ecosyst\u00e8me de l'innovation\",\"Technopole inovall\u00e9e\"],\"inLanguage\":\"en-GB\"},{\"@type\":\"WebPage\",\"@id\":\"https:\\\/\\\/www.inovallee.com\\\/capgemini-medtech-accelerator-forum\\\/\",\"url\":\"https:\\\/\\\/www.inovallee.com\\\/capgemini-medtech-accelerator-forum\\\/\",\"name\":\"Capgemini rassemble plus de 120 leaders de la sant\u00e9 \u00e0 Grenoble pour sa seconde \u00e9dition du Medtech Accelerator Forum, un succ\u00e8s \u00e0 l\u2019image du poids de Grenoble Alpes dans la fili\u00e8re d\u2019excellence fran\u00e7aise\u00a0! - inovall\u00e9e\",\"isPartOf\":{\"@id\":\"https:\\\/\\\/www.inovallee.com\\\/#website\"},\"primaryImageOfPage\":{\"@id\":\"https:\\\/\\\/www.inovallee.com\\\/capgemini-medtech-accelerator-forum\\\/#primaryimage\"},\"image\":{\"@id\":\"https:\\\/\\\/www.inovallee.com\\\/capgemini-medtech-accelerator-forum\\\/#primaryimage\"},\"thumbnailUrl\":\"https:\\\/\\\/www.inovallee.com\\\/wp-content\\\/uploads\\\/2025\\\/12\\\/image-4.png\",\"datePublished\":\"2025-12-11T17:13:11+00:00\",\"dateModified\":\"2025-12-11T17:13:13+00:00\",\"description\":\"120 leaders r\u00e9unis \u00e0 Grenoble sous l'\u00e9gide de Capgemini pour \u00e9changer sur l'avenir de la Medtech\",\"breadcrumb\":{\"@id\":\"https:\\\/\\\/www.inovallee.com\\\/capgemini-medtech-accelerator-forum\\\/#breadcrumb\"},\"inLanguage\":\"en-GB\",\"potentialAction\":[{\"@type\":\"ReadAction\",\"target\":[\"https:\\\/\\\/www.inovallee.com\\\/capgemini-medtech-accelerator-forum\\\/\"]}]},{\"@type\":\"ImageObject\",\"inLanguage\":\"en-GB\",\"@id\":\"https:\\\/\\\/www.inovallee.com\\\/capgemini-medtech-accelerator-forum\\\/#primaryimage\",\"url\":\"https:\\\/\\\/www.inovallee.com\\\/wp-content\\\/uploads\\\/2025\\\/12\\\/image-4.png\",\"contentUrl\":\"https:\\\/\\\/www.inovallee.com\\\/wp-content\\\/uploads\\\/2025\\\/12\\\/image-4.png\",\"width\":756,\"height\":504},{\"@type\":\"BreadcrumbList\",\"@id\":\"https:\\\/\\\/www.inovallee.com\\\/capgemini-medtech-accelerator-forum\\\/#breadcrumb\",\"itemListElement\":[{\"@type\":\"ListItem\",\"position\":1,\"name\":\"Accueil\",\"item\":\"https:\\\/\\\/www.inovallee.com\\\/\"},{\"@type\":\"ListItem\",\"position\":2,\"name\":\"Capgemini rassemble plus de 120 leaders de la sant\u00e9 \u00e0 Grenoble pour sa seconde \u00e9dition du Medtech Accelerator Forum, un succ\u00e8s \u00e0 l\u2019image du poids de Grenoble Alpes dans la fili\u00e8re d\u2019excellence fran\u00e7aise\u00a0!\"}]},{\"@type\":\"WebSite\",\"@id\":\"https:\\\/\\\/www.inovallee.com\\\/#website\",\"url\":\"https:\\\/\\\/www.inovallee.com\\\/\",\"name\":\"inovall\u00e9e technopole, Home to software & smart technologies\",\"description\":\"Home to software &amp; smart technologies\",\"publisher\":{\"@id\":\"https:\\\/\\\/www.inovallee.com\\\/#organization\"},\"potentialAction\":[{\"@type\":\"SearchAction\",\"target\":{\"@type\":\"EntryPoint\",\"urlTemplate\":\"https:\\\/\\\/www.inovallee.com\\\/?s={search_term_string}\"},\"query-input\":{\"@type\":\"PropertyValueSpecification\",\"valueRequired\":true,\"valueName\":\"search_term_string\"}}],\"inLanguage\":\"en-GB\"},{\"@type\":\"Organization\",\"@id\":\"https:\\\/\\\/www.inovallee.com\\\/#organization\",\"name\":\"inovall\u00e9e\",\"url\":\"https:\\\/\\\/www.inovallee.com\\\/\",\"logo\":{\"@type\":\"ImageObject\",\"inLanguage\":\"en-GB\",\"@id\":\"https:\\\/\\\/www.inovallee.com\\\/#\\\/schema\\\/logo\\\/image\\\/\",\"url\":\"https:\\\/\\\/www.inovallee.com\\\/wp-content\\\/uploads\\\/2023\\\/08\\\/inovallee_2022_GrenobleAlpes.png\",\"contentUrl\":\"https:\\\/\\\/www.inovallee.com\\\/wp-content\\\/uploads\\\/2023\\\/08\\\/inovallee_2022_GrenobleAlpes.png\",\"width\":945,\"height\":369,\"caption\":\"inovall\u00e9e\"},\"image\":{\"@id\":\"https:\\\/\\\/www.inovallee.com\\\/#\\\/schema\\\/logo\\\/image\\\/\"},\"sameAs\":[\"https:\\\/\\\/www.facebook.com\\\/technopoleinovallee\\\/\",\"https:\\\/\\\/x.com\\\/inovallee\",\"https:\\\/\\\/www.linkedin.com\\\/company\\\/inovall-e\\\/\",\"https:\\\/\\\/www.youtube.com\\\/user\\\/inovallee?reload=9\"]},{\"@type\":\"Person\",\"@id\":\"https:\\\/\\\/www.inovallee.com\\\/#\\\/schema\\\/person\\\/6cdcf0ed58ac3e1ef08041bdf7815902\",\"name\":\"Claire Chanterelle\"}]}<\/script>\n<!-- \/ Yoast SEO plugin. -->","yoast_head_json":{"title":"Capgemini rassemble plus de 120 leaders de la sant\u00e9 \u00e0 Grenoble pour sa seconde \u00e9dition du Medtech Accelerator Forum, un succ\u00e8s \u00e0 l\u2019image du poids de Grenoble Alpes dans la fili\u00e8re d\u2019excellence fran\u00e7aise\u00a0! - inovall\u00e9e","description":"120 leaders r\u00e9unis \u00e0 Grenoble sous l'\u00e9gide de Capgemini pour \u00e9changer sur l'avenir de la Medtech","robots":{"index":"index","follow":"follow","max-snippet":"max-snippet:-1","max-image-preview":"max-image-preview:large","max-video-preview":"max-video-preview:-1"},"canonical":"https:\/\/www.inovallee.com\/en\/capgemini-medtech-accelerator-forum\/","og_locale":"en_GB","og_type":"article","og_title":"Capgemini rassemble plus de 120 leaders de la sant\u00e9 \u00e0 Grenoble pour sa seconde \u00e9dition du Medtech Accelerator Forum, un succ\u00e8s \u00e0 l\u2019image du poids de Grenoble Alpes dans la fili\u00e8re d\u2019excellence fran\u00e7aise\u00a0! - inovall\u00e9e","og_description":"120 leaders r\u00e9unis \u00e0 Grenoble sous l'\u00e9gide de Capgemini pour \u00e9changer sur l'avenir de la Medtech","og_url":"https:\/\/www.inovallee.com\/en\/capgemini-medtech-accelerator-forum\/","og_site_name":"inovall\u00e9e","article_publisher":"https:\/\/www.facebook.com\/technopoleinovallee\/","article_published_time":"2025-12-11T17:13:11+00:00","article_modified_time":"2025-12-11T17:13:13+00:00","og_image":[{"width":756,"height":504,"url":"https:\/\/www.inovallee.com\/wp-content\/uploads\/2025\/12\/image-4.png","type":"image\/png"}],"author":"Claire Chanterelle","twitter_card":"summary_large_image","twitter_creator":"@inovallee","twitter_site":"@inovallee","twitter_misc":{"Written by":"Claire Chanterelle","Estimated reading time":"3 minutes"},"schema":{"@context":"https:\/\/schema.org","@graph":[{"@type":"Article","@id":"https:\/\/www.inovallee.com\/capgemini-medtech-accelerator-forum\/#article","isPartOf":{"@id":"https:\/\/www.inovallee.com\/capgemini-medtech-accelerator-forum\/"},"author":{"name":"Claire Chanterelle","@id":"https:\/\/www.inovallee.com\/#\/schema\/person\/6cdcf0ed58ac3e1ef08041bdf7815902"},"headline":"Capgemini rassemble plus de 120 leaders de la sant\u00e9 \u00e0 Grenoble pour sa seconde \u00e9dition du Medtech Accelerator Forum, un succ\u00e8s \u00e0 l\u2019image du poids de Grenoble Alpes dans la fili\u00e8re d\u2019excellence fran\u00e7aise\u00a0!","datePublished":"2025-12-11T17:13:11+00:00","dateModified":"2025-12-11T17:13:13+00:00","mainEntityOfPage":{"@id":"https:\/\/www.inovallee.com\/capgemini-medtech-accelerator-forum\/"},"wordCount":587,"publisher":{"@id":"https:\/\/www.inovallee.com\/#organization"},"image":{"@id":"https:\/\/www.inovallee.com\/capgemini-medtech-accelerator-forum\/#primaryimage"},"thumbnailUrl":"https:\/\/www.inovallee.com\/wp-content\/uploads\/2025\/12\/image-4.png","keywords":["Capgemini","Grenoble","medtech","Medtech Accelerator Forum"],"articleSection":["Ecosyst\u00e8me de l'innovation","Technopole inovall\u00e9e"],"inLanguage":"en-GB"},{"@type":"WebPage","@id":"https:\/\/www.inovallee.com\/capgemini-medtech-accelerator-forum\/","url":"https:\/\/www.inovallee.com\/capgemini-medtech-accelerator-forum\/","name":"Capgemini rassemble plus de 120 leaders de la sant\u00e9 \u00e0 Grenoble pour sa seconde \u00e9dition du Medtech Accelerator Forum, un succ\u00e8s \u00e0 l\u2019image du poids de Grenoble Alpes dans la fili\u00e8re d\u2019excellence fran\u00e7aise\u00a0! - inovall\u00e9e","isPartOf":{"@id":"https:\/\/www.inovallee.com\/#website"},"primaryImageOfPage":{"@id":"https:\/\/www.inovallee.com\/capgemini-medtech-accelerator-forum\/#primaryimage"},"image":{"@id":"https:\/\/www.inovallee.com\/capgemini-medtech-accelerator-forum\/#primaryimage"},"thumbnailUrl":"https:\/\/www.inovallee.com\/wp-content\/uploads\/2025\/12\/image-4.png","datePublished":"2025-12-11T17:13:11+00:00","dateModified":"2025-12-11T17:13:13+00:00","description":"120 leaders r\u00e9unis \u00e0 Grenoble sous l'\u00e9gide de Capgemini pour \u00e9changer sur l'avenir de la Medtech","breadcrumb":{"@id":"https:\/\/www.inovallee.com\/capgemini-medtech-accelerator-forum\/#breadcrumb"},"inLanguage":"en-GB","potentialAction":[{"@type":"ReadAction","target":["https:\/\/www.inovallee.com\/capgemini-medtech-accelerator-forum\/"]}]},{"@type":"ImageObject","inLanguage":"en-GB","@id":"https:\/\/www.inovallee.com\/capgemini-medtech-accelerator-forum\/#primaryimage","url":"https:\/\/www.inovallee.com\/wp-content\/uploads\/2025\/12\/image-4.png","contentUrl":"https:\/\/www.inovallee.com\/wp-content\/uploads\/2025\/12\/image-4.png","width":756,"height":504},{"@type":"BreadcrumbList","@id":"https:\/\/www.inovallee.com\/capgemini-medtech-accelerator-forum\/#breadcrumb","itemListElement":[{"@type":"ListItem","position":1,"name":"Accueil","item":"https:\/\/www.inovallee.com\/"},{"@type":"ListItem","position":2,"name":"Capgemini rassemble plus de 120 leaders de la sant\u00e9 \u00e0 Grenoble pour sa seconde \u00e9dition du Medtech Accelerator Forum, un succ\u00e8s \u00e0 l\u2019image du poids de Grenoble Alpes dans la fili\u00e8re d\u2019excellence fran\u00e7aise\u00a0!"}]},{"@type":"WebSite","@id":"https:\/\/www.inovallee.com\/#website","url":"https:\/\/www.inovallee.com\/","name":"inovall\u00e9e technopole, Home to software & smart technologies","description":"Home to software &amp; smart technologies","publisher":{"@id":"https:\/\/www.inovallee.com\/#organization"},"potentialAction":[{"@type":"SearchAction","target":{"@type":"EntryPoint","urlTemplate":"https:\/\/www.inovallee.com\/?s={search_term_string}"},"query-input":{"@type":"PropertyValueSpecification","valueRequired":true,"valueName":"search_term_string"}}],"inLanguage":"en-GB"},{"@type":"Organization","@id":"https:\/\/www.inovallee.com\/#organization","name":"inovall\u00e9e","url":"https:\/\/www.inovallee.com\/","logo":{"@type":"ImageObject","inLanguage":"en-GB","@id":"https:\/\/www.inovallee.com\/#\/schema\/logo\/image\/","url":"https:\/\/www.inovallee.com\/wp-content\/uploads\/2023\/08\/inovallee_2022_GrenobleAlpes.png","contentUrl":"https:\/\/www.inovallee.com\/wp-content\/uploads\/2023\/08\/inovallee_2022_GrenobleAlpes.png","width":945,"height":369,"caption":"inovall\u00e9e"},"image":{"@id":"https:\/\/www.inovallee.com\/#\/schema\/logo\/image\/"},"sameAs":["https:\/\/www.facebook.com\/technopoleinovallee\/","https:\/\/x.com\/inovallee","https:\/\/www.linkedin.com\/company\/inovall-e\/","https:\/\/www.youtube.com\/user\/inovallee?reload=9"]},{"@type":"Person","@id":"https:\/\/www.inovallee.com\/#\/schema\/person\/6cdcf0ed58ac3e1ef08041bdf7815902","name":"Claire Chanterelle"}]}},"_links":{"self":[{"href":"https:\/\/www.inovallee.com\/en\/wp-json\/wp\/v2\/posts\/62165","targetHints":{"allow":["GET"]}}],"collection":[{"href":"https:\/\/www.inovallee.com\/en\/wp-json\/wp\/v2\/posts"}],"about":[{"href":"https:\/\/www.inovallee.com\/en\/wp-json\/wp\/v2\/types\/post"}],"author":[{"embeddable":true,"href":"https:\/\/www.inovallee.com\/en\/wp-json\/wp\/v2\/users\/4"}],"replies":[{"embeddable":true,"href":"https:\/\/www.inovallee.com\/en\/wp-json\/wp\/v2\/comments?post=62165"}],"version-history":[{"count":1,"href":"https:\/\/www.inovallee.com\/en\/wp-json\/wp\/v2\/posts\/62165\/revisions"}],"predecessor-version":[{"id":62167,"href":"https:\/\/www.inovallee.com\/en\/wp-json\/wp\/v2\/posts\/62165\/revisions\/62167"}],"wp:featuredmedia":[{"embeddable":true,"href":"https:\/\/www.inovallee.com\/en\/wp-json\/wp\/v2\/media\/62166"}],"wp:attachment":[{"href":"https:\/\/www.inovallee.com\/en\/wp-json\/wp\/v2\/media?parent=62165"}],"wp:term":[{"taxonomy":"category","embeddable":true,"href":"https:\/\/www.inovallee.com\/en\/wp-json\/wp\/v2\/categories?post=62165"},{"taxonomy":"post_tag","embeddable":true,"href":"https:\/\/www.inovallee.com\/en\/wp-json\/wp\/v2\/tags?post=62165"}],"curies":[{"name":"wp","href":"https:\/\/api.w.org\/{rel}","templated":true}]}}