{"id":63868,"date":"2026-04-29T22:42:32","date_gmt":"2026-04-29T20:42:32","guid":{"rendered":"https:\/\/www.inovallee.com\/?p=63868"},"modified":"2026-04-29T22:42:35","modified_gmt":"2026-04-29T20:42:35","slug":"plus-de-350-participants-reunis-a-grenoble-pour-questionner-le-sens-du-progres-technologique","status":"publish","type":"post","link":"https:\/\/www.inovallee.com\/en\/plus-de-350-participants-reunis-a-grenoble-pour-questionner-le-sens-du-progres-technologique\/","title":{"rendered":"Plus de 350 participants r\u00e9unis \u00e0 Grenoble pour questionner le sens du progr\u00e8s technologique"},"content":{"rendered":"<p>La soir\u00e9e RIGHT TECH, co\u2011organis\u00e9e par Inovall\u00e9e et la <a href=\"https:\/\/fondation-grenoble-inp.fr\/\">Fondation Grenoble INP<\/a> en partenariat avec <a href=\"https:\/\/www.tech-fest.fr\/\">Tech&amp;Fest<\/a>, a r\u00e9uni plus de 350 acteurs de l\u2019\u00e9cosyst\u00e8me grenoblois. Un temps fort marqu\u00e9 par des \u00e9changes engag\u00e9s, des t\u00e9moignages sans langue de bois et une r\u00e9flexion collective sur la responsabilit\u00e9 des choix technologiques.<\/p>\n\n\n\n<h3 class=\"wp-block-heading\">Temps fort de la soir\u00e9e, la table ronde &#8211; Quand entrepreneuriat et philosophie des sciences se croisent pour donner du sens<\/h3>\n\n\n\n<p>Au c\u0153ur de la soir\u00e9e, la th\u00e9matique RIGHT TECH a trouv\u00e9 une r\u00e9sonance particuli\u00e8re, \u00e0 travers des interventions fortes et compl\u00e9mentaires&nbsp;:<\/p>\n\n\n\n<p>\ud83d\udd39 <a href=\"https:\/\/www.linkedin.com\/in\/anthonybabkine\/\">Anthony Babkine<\/a>, entrepreneur social, fondateur de Diversidays, a livr\u00e9 un t\u00e9moignage sans d\u00e9tour sur les enjeux d\u2019inclusion dans la tech, appelant entreprises et \u00e9cosyst\u00e8mes \u00e0 <em>\u201cpasser des intentions aux actes\u00a0 en ouvrant les barri\u00e8res pour laisser une place \u00e0 tous les profils d\u2019entrepreneurs et nourrir la tech de demain gr\u00e2ce \u00e0 la richesse de la diversit\u00e9\u201d<\/em>.<\/p>\n\n\n\n<p><br>\ud83d\udd39 <a href=\"https:\/\/cea.academia.edu\/VincentBontems\/CurriculumVitae\">Vincent Bontems<\/a>, philosophe des sciences et chercheur au CEA (Saclay), a invit\u00e9 le public \u00e0 repenser le sens du progr\u00e8s technologique, interrogeant la responsabilit\u00e9 des ing\u00e9nieurs, des dirigeants et des organisations face aux impacts soci\u00e9taux et environnementaux. Un message \u00e9galement visant \u00e0 ralentir sans le voir comme une r\u00e9gression, un appel \u00e0 d\u00e9passer les clivages de la bonne ou mauvaise tech et \u00e0 \u00e9lever le d\u00e9bat, notamment autour de l\u2019IA :<\/p>\n\n\n\n<p><em>\u201c L\u2019IA est un formidable outil pour nous aider \u00e0 traiter les probl\u00e8mes complexes auxquels nous allons devoir faire face, mais son utilisation pr\u00e9sente des risques syst\u00e9matiques \u00e0 tous les niveaux (\u00e9conomique, social, \u00e9cologique&#8230;) qu\u2019il ne faut pas sous-estimer. Le v\u00e9ritable enjeu de la r\u00e9volution IA r\u00e9sulte dans la question de l\u2019accompagnement de cette transition et dans la responsabilisation des ses usages.\u201d<\/em><\/p>\n\n\n\n<p>Leur dialogue crois\u00e9, anim\u00e9 par <a href=\"https:\/\/www.linkedin.com\/in\/georges-bosi-4497664\/\">Georges Bosi<\/a>, a donn\u00e9 lieu \u00e0 des \u00e9changes francs et exigeants, illustrant une conviction partag\u00e9e par Inovall\u00e9e comme par Grenoble INP : \u00a0la technologie n\u2019a de valeur que si elle est juste, utile, responsable et assum\u00e9e collectivement.<\/p>\n\n\n\n<p>Autre moment marquant : l\u2019intervention de <a href=\"https:\/\/www.linkedin.com\/in\/gwenaellebailly\/\">Gwena\u00eblle Bailly<\/a>, ing\u00e9nieure Grenoble INP \u2013 Phelma et cofondatrice de <em>Girls &amp; Tech<\/em>, venue livrer un t\u00e9moignage direct et engag\u00e9 sur la place des femmes dans la tech et l\u2019acc\u00e8s au financement des projets entrepreneuriaux.<\/p>\n\n\n\n<figure class=\"wp-block-image size-full\"><img fetchpriority=\"high\" decoding=\"async\" width=\"757\" height=\"504\" src=\"https:\/\/www.inovallee.com\/wp-content\/uploads\/2026\/04\/image.jpeg\" alt=\"\" class=\"wp-image-63869\" srcset=\"https:\/\/www.inovallee.com\/wp-content\/uploads\/2026\/04\/image.jpeg 757w, https:\/\/www.inovallee.com\/wp-content\/uploads\/2026\/04\/image-300x200.jpeg 300w, https:\/\/www.inovallee.com\/wp-content\/uploads\/2026\/04\/image-18x12.jpeg 18w\" sizes=\"(max-width: 757px) 100vw, 757px\" \/><\/figure>\n\n\n\n<h3 class=\"wp-block-heading\"><strong>Des projets concrets pour illustrer la RIGHT TECH<\/strong><\/h3>\n\n\n\n<p>La deuxi\u00e8me partie de la soir\u00e9e a mis en lumi\u00e8re plusieurs projets embl\u00e9matiques soutenus par la Fondation Grenoble INP et l\u2019\u00e9cosyst\u00e8me :<\/p>\n\n\n\n<ul class=\"wp-block-list\">\n<li><strong><a href=\"https:\/\/fondation-grenoble-inp.fr\/nos-actions\/exospy-concours-igem-2025\/\">Exospy<\/a><\/strong>, m\u00e9daille d\u2019argent du concours iGEM 2025 du MIT, pour un projet de diagnostic pr\u00e9coce du cancer du pancr\u00e9as<\/li>\n\n\n\n<li>La <strong><a href=\"https:\/\/fondation-grenoble-inp.fr\/nos-actions\/cellulose-valley\/\">Chaire Cellulose Valley<\/a><\/strong>, renouvel\u00e9e pour 5 ans, qui \u0153uvre pour des solutions d\u2019emballages innovants \u00e0 base de cellulose (mati\u00e8re 100% v\u00e9g\u00e9tale).<\/li>\n\n\n\n<li><strong><a href=\"https:\/\/fondation-grenoble-inp.fr\/rencontre-avec-guillaume-lavastre-co-fondateur-de-protealpes\/\">Prot\u00e9alpes<\/a><\/strong>, startup de nutrition sportive responsable\u00a0: le soutien de la fondation lui a permis d\u2019investir dans le mat\u00e9riel de sa toute premi\u00e8re production de compl\u00e9ment prot\u00e9in\u00e9, puis elle a \u00e9t\u00e9 incub\u00e9e au Tarmac. Elle double aujourd\u2019hui sa production 100% r\u00e9gionale et son chiffre d\u2019affaires chaque ann\u00e9e.<\/li>\n\n\n\n<li>des <strong>\u00e9tudiants sportifs de haut niveau<\/strong>, accompagn\u00e9s jusqu\u2019aux Jeux Olympiques<\/li>\n<\/ul>\n\n\n\n<p>Autant d\u2019exemples concrets montrant que la <strong>RIGHT TECH<\/strong> se joue autant dans les choix technologiques que dans les usages et les parcours humains qu\u2019elle soutient.<\/p>\n\n\n\n<figure class=\"wp-block-image size-full\"><img decoding=\"async\" width=\"757\" height=\"504\" src=\"https:\/\/www.inovallee.com\/wp-content\/uploads\/2026\/04\/image-1.jpeg\" alt=\"\" class=\"wp-image-63871\" srcset=\"https:\/\/www.inovallee.com\/wp-content\/uploads\/2026\/04\/image-1.jpeg 757w, https:\/\/www.inovallee.com\/wp-content\/uploads\/2026\/04\/image-1-300x200.jpeg 300w, https:\/\/www.inovallee.com\/wp-content\/uploads\/2026\/04\/image-1-18x12.jpeg 18w\" sizes=\"(max-width: 757px) 100vw, 757px\" \/><\/figure>\n\n\n\n<p>Au final, une soir\u00e9e dynamisante pour l\u2019\u00e9cosyst\u00e8me, riche d\u2019enseignements et porteuse d\u2019espoir qui vient illustrer une nouvelle fois en quoi Grenoble porte \u00e0 juste titre la banni\u00e8re de capitale europ\u00e9enne de l\u2019innovation !<\/p>","protected":false},"excerpt":{"rendered":"<p>La soir\u00e9e RIGHT TECH, co\u2011organis\u00e9e par Inovall\u00e9e et la Fondation Grenoble INP en partenariat avec Tech&amp;Fest, a r\u00e9uni plus de 350 acteurs de l\u2019\u00e9cosyst\u00e8me grenoblois. Un temps fort marqu\u00e9 par des \u00e9changes engag\u00e9s, des t\u00e9moignages sans langue de bois et une r\u00e9flexion collective sur la responsabilit\u00e9 des choix technologiques. Temps fort de la soir\u00e9e, la [&hellip;]<\/p>\n","protected":false},"author":4,"featured_media":63871,"comment_status":"closed","ping_status":"open","sticky":false,"template":"","format":"standard","meta":{"footnotes":""},"categories":[41,42],"tags":[],"class_list":["post-63868","post","type-post","status-publish","format-standard","has-post-thumbnail","hentry","category-entrepreneur-competences","category-entrepreneur-strategie-innovation"],"yoast_head":"<!-- This site is optimized with the Yoast SEO plugin v27.4 - https:\/\/yoast.com\/product\/yoast-seo-wordpress\/ -->\n<title>Plus de 350 participants r\u00e9unis \u00e0 Grenoble pour questionner le sens du progr\u00e8s technologique - inovall\u00e9e<\/title>\n<meta name=\"description\" content=\"Une soir\u00e9e inovall\u00e9e \/ grenoble INP et sa fondation pour interroger le sens de la tech : cap vers une tech juste, utile et inclusive.\" \/>\n<meta name=\"robots\" content=\"index, follow, max-snippet:-1, max-image-preview:large, max-video-preview:-1\" \/>\n<link rel=\"canonical\" href=\"https:\/\/www.inovallee.com\/en\/plus-de-350-participants-reunis-a-grenoble-pour-questionner-le-sens-du-progres-technologique\/\" \/>\n<meta property=\"og:locale\" content=\"en_GB\" \/>\n<meta property=\"og:type\" content=\"article\" \/>\n<meta property=\"og:title\" content=\"Plus de 350 participants r\u00e9unis \u00e0 Grenoble pour questionner le sens du progr\u00e8s technologique - inovall\u00e9e\" \/>\n<meta property=\"og:description\" content=\"Une soir\u00e9e inovall\u00e9e \/ grenoble INP et sa fondation pour interroger le sens de la tech : cap vers une tech juste, utile et inclusive.\" \/>\n<meta property=\"og:url\" content=\"https:\/\/www.inovallee.com\/en\/plus-de-350-participants-reunis-a-grenoble-pour-questionner-le-sens-du-progres-technologique\/\" \/>\n<meta property=\"og:site_name\" content=\"inovall\u00e9e\" \/>\n<meta property=\"article:publisher\" content=\"https:\/\/www.facebook.com\/technopoleinovallee\/\" \/>\n<meta property=\"article:published_time\" content=\"2026-04-29T20:42:32+00:00\" \/>\n<meta property=\"article:modified_time\" content=\"2026-04-29T20:42:35+00:00\" \/>\n<meta property=\"og:image\" content=\"https:\/\/www.inovallee.com\/wp-content\/uploads\/2026\/04\/image-1.jpeg\" \/>\n\t<meta property=\"og:image:width\" content=\"757\" \/>\n\t<meta property=\"og:image:height\" content=\"504\" \/>\n\t<meta property=\"og:image:type\" content=\"image\/jpeg\" \/>\n<meta name=\"author\" content=\"Claire Chanterelle\" \/>\n<meta name=\"twitter:card\" content=\"summary_large_image\" \/>\n<meta name=\"twitter:creator\" content=\"@inovallee\" \/>\n<meta name=\"twitter:site\" content=\"@inovallee\" \/>\n<meta name=\"twitter:label1\" content=\"Written by\" \/>\n\t<meta name=\"twitter:data1\" content=\"Claire Chanterelle\" \/>\n\t<meta name=\"twitter:label2\" content=\"Estimated reading time\" \/>\n\t<meta name=\"twitter:data2\" content=\"4 minutes\" \/>\n<script type=\"application\/ld+json\" class=\"yoast-schema-graph\">{\"@context\":\"https:\\\/\\\/schema.org\",\"@graph\":[{\"@type\":\"Article\",\"@id\":\"https:\\\/\\\/www.inovallee.com\\\/plus-de-350-participants-reunis-a-grenoble-pour-questionner-le-sens-du-progres-technologique\\\/#article\",\"isPartOf\":{\"@id\":\"https:\\\/\\\/www.inovallee.com\\\/plus-de-350-participants-reunis-a-grenoble-pour-questionner-le-sens-du-progres-technologique\\\/\"},\"author\":{\"name\":\"Claire Chanterelle\",\"@id\":\"https:\\\/\\\/www.inovallee.com\\\/#\\\/schema\\\/person\\\/6cdcf0ed58ac3e1ef08041bdf7815902\"},\"headline\":\"Plus de 350 participants r\u00e9unis \u00e0 Grenoble pour questionner le sens du progr\u00e8s technologique\",\"datePublished\":\"2026-04-29T20:42:32+00:00\",\"dateModified\":\"2026-04-29T20:42:35+00:00\",\"mainEntityOfPage\":{\"@id\":\"https:\\\/\\\/www.inovallee.com\\\/plus-de-350-participants-reunis-a-grenoble-pour-questionner-le-sens-du-progres-technologique\\\/\"},\"wordCount\":628,\"publisher\":{\"@id\":\"https:\\\/\\\/www.inovallee.com\\\/#organization\"},\"image\":{\"@id\":\"https:\\\/\\\/www.inovallee.com\\\/plus-de-350-participants-reunis-a-grenoble-pour-questionner-le-sens-du-progres-technologique\\\/#primaryimage\"},\"thumbnailUrl\":\"https:\\\/\\\/www.inovallee.com\\\/wp-content\\\/uploads\\\/2026\\\/04\\\/image-1.jpeg\",\"articleSection\":[\"Entreprendre et d\u00e9velopper ses comp\u00e9tences\",\"Entrepreneuriat et strat\u00e9gie d'innovation\"],\"inLanguage\":\"en-GB\"},{\"@type\":\"WebPage\",\"@id\":\"https:\\\/\\\/www.inovallee.com\\\/plus-de-350-participants-reunis-a-grenoble-pour-questionner-le-sens-du-progres-technologique\\\/\",\"url\":\"https:\\\/\\\/www.inovallee.com\\\/plus-de-350-participants-reunis-a-grenoble-pour-questionner-le-sens-du-progres-technologique\\\/\",\"name\":\"Plus de 350 participants r\u00e9unis \u00e0 Grenoble pour questionner le sens du progr\u00e8s technologique - inovall\u00e9e\",\"isPartOf\":{\"@id\":\"https:\\\/\\\/www.inovallee.com\\\/#website\"},\"primaryImageOfPage\":{\"@id\":\"https:\\\/\\\/www.inovallee.com\\\/plus-de-350-participants-reunis-a-grenoble-pour-questionner-le-sens-du-progres-technologique\\\/#primaryimage\"},\"image\":{\"@id\":\"https:\\\/\\\/www.inovallee.com\\\/plus-de-350-participants-reunis-a-grenoble-pour-questionner-le-sens-du-progres-technologique\\\/#primaryimage\"},\"thumbnailUrl\":\"https:\\\/\\\/www.inovallee.com\\\/wp-content\\\/uploads\\\/2026\\\/04\\\/image-1.jpeg\",\"datePublished\":\"2026-04-29T20:42:32+00:00\",\"dateModified\":\"2026-04-29T20:42:35+00:00\",\"description\":\"Une soir\u00e9e inovall\u00e9e \\\/ grenoble INP et sa fondation pour interroger le sens de la tech : cap vers une tech juste, utile et inclusive.\",\"breadcrumb\":{\"@id\":\"https:\\\/\\\/www.inovallee.com\\\/plus-de-350-participants-reunis-a-grenoble-pour-questionner-le-sens-du-progres-technologique\\\/#breadcrumb\"},\"inLanguage\":\"en-GB\",\"potentialAction\":[{\"@type\":\"ReadAction\",\"target\":[\"https:\\\/\\\/www.inovallee.com\\\/plus-de-350-participants-reunis-a-grenoble-pour-questionner-le-sens-du-progres-technologique\\\/\"]}]},{\"@type\":\"ImageObject\",\"inLanguage\":\"en-GB\",\"@id\":\"https:\\\/\\\/www.inovallee.com\\\/plus-de-350-participants-reunis-a-grenoble-pour-questionner-le-sens-du-progres-technologique\\\/#primaryimage\",\"url\":\"https:\\\/\\\/www.inovallee.com\\\/wp-content\\\/uploads\\\/2026\\\/04\\\/image-1.jpeg\",\"contentUrl\":\"https:\\\/\\\/www.inovallee.com\\\/wp-content\\\/uploads\\\/2026\\\/04\\\/image-1.jpeg\",\"width\":757,\"height\":504},{\"@type\":\"BreadcrumbList\",\"@id\":\"https:\\\/\\\/www.inovallee.com\\\/plus-de-350-participants-reunis-a-grenoble-pour-questionner-le-sens-du-progres-technologique\\\/#breadcrumb\",\"itemListElement\":[{\"@type\":\"ListItem\",\"position\":1,\"name\":\"Accueil\",\"item\":\"https:\\\/\\\/www.inovallee.com\\\/\"},{\"@type\":\"ListItem\",\"position\":2,\"name\":\"Plus de 350 participants r\u00e9unis \u00e0 Grenoble pour questionner le sens du progr\u00e8s technologique\"}]},{\"@type\":\"WebSite\",\"@id\":\"https:\\\/\\\/www.inovallee.com\\\/#website\",\"url\":\"https:\\\/\\\/www.inovallee.com\\\/\",\"name\":\"inovall\u00e9e technopole, Home to software & smart technologies\",\"description\":\"Home to software &amp; smart technologies\",\"publisher\":{\"@id\":\"https:\\\/\\\/www.inovallee.com\\\/#organization\"},\"potentialAction\":[{\"@type\":\"SearchAction\",\"target\":{\"@type\":\"EntryPoint\",\"urlTemplate\":\"https:\\\/\\\/www.inovallee.com\\\/?s={search_term_string}\"},\"query-input\":{\"@type\":\"PropertyValueSpecification\",\"valueRequired\":true,\"valueName\":\"search_term_string\"}}],\"inLanguage\":\"en-GB\"},{\"@type\":\"Organization\",\"@id\":\"https:\\\/\\\/www.inovallee.com\\\/#organization\",\"name\":\"inovall\u00e9e\",\"url\":\"https:\\\/\\\/www.inovallee.com\\\/\",\"logo\":{\"@type\":\"ImageObject\",\"inLanguage\":\"en-GB\",\"@id\":\"https:\\\/\\\/www.inovallee.com\\\/#\\\/schema\\\/logo\\\/image\\\/\",\"url\":\"https:\\\/\\\/www.inovallee.com\\\/wp-content\\\/uploads\\\/2023\\\/08\\\/inovallee_2022_GrenobleAlpes.png\",\"contentUrl\":\"https:\\\/\\\/www.inovallee.com\\\/wp-content\\\/uploads\\\/2023\\\/08\\\/inovallee_2022_GrenobleAlpes.png\",\"width\":945,\"height\":369,\"caption\":\"inovall\u00e9e\"},\"image\":{\"@id\":\"https:\\\/\\\/www.inovallee.com\\\/#\\\/schema\\\/logo\\\/image\\\/\"},\"sameAs\":[\"https:\\\/\\\/www.facebook.com\\\/technopoleinovallee\\\/\",\"https:\\\/\\\/x.com\\\/inovallee\",\"https:\\\/\\\/www.linkedin.com\\\/company\\\/inovall-e\\\/\",\"https:\\\/\\\/www.youtube.com\\\/user\\\/inovallee?reload=9\"]},{\"@type\":\"Person\",\"@id\":\"https:\\\/\\\/www.inovallee.com\\\/#\\\/schema\\\/person\\\/6cdcf0ed58ac3e1ef08041bdf7815902\",\"name\":\"Claire Chanterelle\"}]}<\/script>\n<!-- \/ Yoast SEO plugin. -->","yoast_head_json":{"title":"Plus de 350 participants r\u00e9unis \u00e0 Grenoble pour questionner le sens du progr\u00e8s technologique - inovall\u00e9e","description":"Une soir\u00e9e inovall\u00e9e \/ grenoble INP et sa fondation pour interroger le sens de la tech : cap vers une tech juste, utile et inclusive.","robots":{"index":"index","follow":"follow","max-snippet":"max-snippet:-1","max-image-preview":"max-image-preview:large","max-video-preview":"max-video-preview:-1"},"canonical":"https:\/\/www.inovallee.com\/en\/plus-de-350-participants-reunis-a-grenoble-pour-questionner-le-sens-du-progres-technologique\/","og_locale":"en_GB","og_type":"article","og_title":"Plus de 350 participants r\u00e9unis \u00e0 Grenoble pour questionner le sens du progr\u00e8s technologique - inovall\u00e9e","og_description":"Une soir\u00e9e inovall\u00e9e \/ grenoble INP et sa fondation pour interroger le sens de la tech : cap vers une tech juste, utile et inclusive.","og_url":"https:\/\/www.inovallee.com\/en\/plus-de-350-participants-reunis-a-grenoble-pour-questionner-le-sens-du-progres-technologique\/","og_site_name":"inovall\u00e9e","article_publisher":"https:\/\/www.facebook.com\/technopoleinovallee\/","article_published_time":"2026-04-29T20:42:32+00:00","article_modified_time":"2026-04-29T20:42:35+00:00","og_image":[{"width":757,"height":504,"url":"https:\/\/www.inovallee.com\/wp-content\/uploads\/2026\/04\/image-1.jpeg","type":"image\/jpeg"}],"author":"Claire Chanterelle","twitter_card":"summary_large_image","twitter_creator":"@inovallee","twitter_site":"@inovallee","twitter_misc":{"Written by":"Claire Chanterelle","Estimated reading time":"4 minutes"},"schema":{"@context":"https:\/\/schema.org","@graph":[{"@type":"Article","@id":"https:\/\/www.inovallee.com\/plus-de-350-participants-reunis-a-grenoble-pour-questionner-le-sens-du-progres-technologique\/#article","isPartOf":{"@id":"https:\/\/www.inovallee.com\/plus-de-350-participants-reunis-a-grenoble-pour-questionner-le-sens-du-progres-technologique\/"},"author":{"name":"Claire Chanterelle","@id":"https:\/\/www.inovallee.com\/#\/schema\/person\/6cdcf0ed58ac3e1ef08041bdf7815902"},"headline":"Plus de 350 participants r\u00e9unis \u00e0 Grenoble pour questionner le sens du progr\u00e8s technologique","datePublished":"2026-04-29T20:42:32+00:00","dateModified":"2026-04-29T20:42:35+00:00","mainEntityOfPage":{"@id":"https:\/\/www.inovallee.com\/plus-de-350-participants-reunis-a-grenoble-pour-questionner-le-sens-du-progres-technologique\/"},"wordCount":628,"publisher":{"@id":"https:\/\/www.inovallee.com\/#organization"},"image":{"@id":"https:\/\/www.inovallee.com\/plus-de-350-participants-reunis-a-grenoble-pour-questionner-le-sens-du-progres-technologique\/#primaryimage"},"thumbnailUrl":"https:\/\/www.inovallee.com\/wp-content\/uploads\/2026\/04\/image-1.jpeg","articleSection":["Entreprendre et d\u00e9velopper ses comp\u00e9tences","Entrepreneuriat et strat\u00e9gie d'innovation"],"inLanguage":"en-GB"},{"@type":"WebPage","@id":"https:\/\/www.inovallee.com\/plus-de-350-participants-reunis-a-grenoble-pour-questionner-le-sens-du-progres-technologique\/","url":"https:\/\/www.inovallee.com\/plus-de-350-participants-reunis-a-grenoble-pour-questionner-le-sens-du-progres-technologique\/","name":"Plus de 350 participants r\u00e9unis \u00e0 Grenoble pour questionner le sens du progr\u00e8s technologique - inovall\u00e9e","isPartOf":{"@id":"https:\/\/www.inovallee.com\/#website"},"primaryImageOfPage":{"@id":"https:\/\/www.inovallee.com\/plus-de-350-participants-reunis-a-grenoble-pour-questionner-le-sens-du-progres-technologique\/#primaryimage"},"image":{"@id":"https:\/\/www.inovallee.com\/plus-de-350-participants-reunis-a-grenoble-pour-questionner-le-sens-du-progres-technologique\/#primaryimage"},"thumbnailUrl":"https:\/\/www.inovallee.com\/wp-content\/uploads\/2026\/04\/image-1.jpeg","datePublished":"2026-04-29T20:42:32+00:00","dateModified":"2026-04-29T20:42:35+00:00","description":"Une soir\u00e9e inovall\u00e9e \/ grenoble INP et sa fondation pour interroger le sens de la tech : cap vers une tech juste, utile et inclusive.","breadcrumb":{"@id":"https:\/\/www.inovallee.com\/plus-de-350-participants-reunis-a-grenoble-pour-questionner-le-sens-du-progres-technologique\/#breadcrumb"},"inLanguage":"en-GB","potentialAction":[{"@type":"ReadAction","target":["https:\/\/www.inovallee.com\/plus-de-350-participants-reunis-a-grenoble-pour-questionner-le-sens-du-progres-technologique\/"]}]},{"@type":"ImageObject","inLanguage":"en-GB","@id":"https:\/\/www.inovallee.com\/plus-de-350-participants-reunis-a-grenoble-pour-questionner-le-sens-du-progres-technologique\/#primaryimage","url":"https:\/\/www.inovallee.com\/wp-content\/uploads\/2026\/04\/image-1.jpeg","contentUrl":"https:\/\/www.inovallee.com\/wp-content\/uploads\/2026\/04\/image-1.jpeg","width":757,"height":504},{"@type":"BreadcrumbList","@id":"https:\/\/www.inovallee.com\/plus-de-350-participants-reunis-a-grenoble-pour-questionner-le-sens-du-progres-technologique\/#breadcrumb","itemListElement":[{"@type":"ListItem","position":1,"name":"Accueil","item":"https:\/\/www.inovallee.com\/"},{"@type":"ListItem","position":2,"name":"Plus de 350 participants r\u00e9unis \u00e0 Grenoble pour questionner le sens du progr\u00e8s technologique"}]},{"@type":"WebSite","@id":"https:\/\/www.inovallee.com\/#website","url":"https:\/\/www.inovallee.com\/","name":"inovall\u00e9e technopole, Home to software & smart technologies","description":"Home to software &amp; smart technologies","publisher":{"@id":"https:\/\/www.inovallee.com\/#organization"},"potentialAction":[{"@type":"SearchAction","target":{"@type":"EntryPoint","urlTemplate":"https:\/\/www.inovallee.com\/?s={search_term_string}"},"query-input":{"@type":"PropertyValueSpecification","valueRequired":true,"valueName":"search_term_string"}}],"inLanguage":"en-GB"},{"@type":"Organization","@id":"https:\/\/www.inovallee.com\/#organization","name":"inovall\u00e9e","url":"https:\/\/www.inovallee.com\/","logo":{"@type":"ImageObject","inLanguage":"en-GB","@id":"https:\/\/www.inovallee.com\/#\/schema\/logo\/image\/","url":"https:\/\/www.inovallee.com\/wp-content\/uploads\/2023\/08\/inovallee_2022_GrenobleAlpes.png","contentUrl":"https:\/\/www.inovallee.com\/wp-content\/uploads\/2023\/08\/inovallee_2022_GrenobleAlpes.png","width":945,"height":369,"caption":"inovall\u00e9e"},"image":{"@id":"https:\/\/www.inovallee.com\/#\/schema\/logo\/image\/"},"sameAs":["https:\/\/www.facebook.com\/technopoleinovallee\/","https:\/\/x.com\/inovallee","https:\/\/www.linkedin.com\/company\/inovall-e\/","https:\/\/www.youtube.com\/user\/inovallee?reload=9"]},{"@type":"Person","@id":"https:\/\/www.inovallee.com\/#\/schema\/person\/6cdcf0ed58ac3e1ef08041bdf7815902","name":"Claire Chanterelle"}]}},"_links":{"self":[{"href":"https:\/\/www.inovallee.com\/en\/wp-json\/wp\/v2\/posts\/63868","targetHints":{"allow":["GET"]}}],"collection":[{"href":"https:\/\/www.inovallee.com\/en\/wp-json\/wp\/v2\/posts"}],"about":[{"href":"https:\/\/www.inovallee.com\/en\/wp-json\/wp\/v2\/types\/post"}],"author":[{"embeddable":true,"href":"https:\/\/www.inovallee.com\/en\/wp-json\/wp\/v2\/users\/4"}],"replies":[{"embeddable":true,"href":"https:\/\/www.inovallee.com\/en\/wp-json\/wp\/v2\/comments?post=63868"}],"version-history":[{"count":1,"href":"https:\/\/www.inovallee.com\/en\/wp-json\/wp\/v2\/posts\/63868\/revisions"}],"predecessor-version":[{"id":63872,"href":"https:\/\/www.inovallee.com\/en\/wp-json\/wp\/v2\/posts\/63868\/revisions\/63872"}],"wp:featuredmedia":[{"embeddable":true,"href":"https:\/\/www.inovallee.com\/en\/wp-json\/wp\/v2\/media\/63871"}],"wp:attachment":[{"href":"https:\/\/www.inovallee.com\/en\/wp-json\/wp\/v2\/media?parent=63868"}],"wp:term":[{"taxonomy":"category","embeddable":true,"href":"https:\/\/www.inovallee.com\/en\/wp-json\/wp\/v2\/categories?post=63868"},{"taxonomy":"post_tag","embeddable":true,"href":"https:\/\/www.inovallee.com\/en\/wp-json\/wp\/v2\/tags?post=63868"}],"curies":[{"name":"wp","href":"https:\/\/api.w.org\/{rel}","templated":true}]}}