{"id":63880,"date":"2026-04-29T23:05:50","date_gmt":"2026-04-29T21:05:50","guid":{"rendered":"https:\/\/www.inovallee.com\/?p=63880"},"modified":"2026-04-29T23:05:52","modified_gmt":"2026-04-29T21:05:52","slug":"gouvernance-inovallee-renouvelle-son-conseil-dadministration-et-affirme-une-vision-engagee-de-linnovation-les-visages-et-parcours-des-8-administrateurs-administratrices","status":"publish","type":"post","link":"https:\/\/www.inovallee.com\/en\/gouvernance-inovallee-renouvelle-son-conseil-dadministration-et-affirme-une-vision-engagee-de-linnovation-les-visages-et-parcours-des-8-administrateurs-administratrices\/","title":{"rendered":"Gouvernance : Inovall\u00e9e renouvelle son Conseil d\u2019Administration et affirme une vision engag\u00e9e de l\u2019innovation \u2013 Les visages et parcours des 8 administrateurs \/ administratrices 2026"},"content":{"rendered":"<p>\u00c0 l\u2019occasion de sa derni\u00e8re Assembl\u00e9e G\u00e9n\u00e9rale, Inovall\u00e9e a proc\u00e9d\u00e9 au renouvellement d\u2019un quart de son Conseil d\u2019Administration. Huit administrateurs ont ainsi \u00e9t\u00e9 \u00e9lus pour les prochaines ann\u00e9es, m\u00ealant continuit\u00e9 et nouveaux regards. \u00c0 travers ces profils exp\u00e9riment\u00e9s et engag\u00e9s, la technopole grenobloise r\u00e9affirme une conviction forte : l\u2019innovation durable repose autant sur l\u2019excellence technologique que sur l\u2019humain et le collectif.<\/p>\n\n\n\n<h3 class=\"wp-block-heading\">11 candidats &#8211; 8 postes \u00e0 pourvoir<\/h3>\n\n\n\n<p>Conform\u00e9ment \u00e0 ses statuts, le Conseil d\u2019Administration d\u2019Inovall\u00e9e se renouvelle par quart chaque ann\u00e9e. Pour cette \u00e9dition 2026, huit postes \u00e9taient \u00e0 pourvoir. L\u2019appel \u00e0 candidatures a suscit\u00e9 une forte mobilisation, avec <strong>11 dirigeants candidats<\/strong>, dont <strong>5 administrateurs sortants<\/strong> et <strong>6 nouvelles candidatures<\/strong>. \u00c0 l\u2019issue du vote, <strong>8 administrateurs ont \u00e9t\u00e9 \u00e9lus : 4 r\u00e9\u00e9lus et 4 nouveaux<\/strong>, parmi lesquels <strong>deux femmes dirigeantes<\/strong>, venant renforcer la diversit\u00e9 et la repr\u00e9sentativit\u00e9 des parcours.<\/p>\n\n\n\n<h3 class=\"wp-block-heading\">La continuit\u00e9 au service de l\u2019exp\u00e9rience et de la transmission\u00a0: 4 administrateurs r\u00e9-\u00e9lus<\/h3>\n\n\n\n<p>Parmi les administrateurs r\u00e9\u00e9lus, Inovall\u00e9e s\u2019appuie sur des profils qui incarnent la trajectoire m\u00eame de la technopole : celle d\u2019un territoire o\u00f9 naissent, grandissent et s\u2019ancrent des entreprises technologiques ambitieuses.<\/p>\n\n\n\n<figure class=\"wp-block-table\"><table class=\"has-fixed-layout\"><tbody><tr><td><img fetchpriority=\"high\" decoding=\"async\" width=\"262\" height=\"262\" src=\"blob:https:\/\/www.inovallee.com\/aaf372ce-43fa-443a-8802-9199ca07403c\"><\/td><td><strong><a href=\"https:\/\/www.linkedin.com\/in\/antoine-auberton\/\">Antoine Auberton<\/a><\/strong>, cofondateur d\u2019une scale-up industrielle n\u00e9e au Tarmac en 2015, aujourd\u2019hui forte de 40 collaborateurs et r\u00e9alisant 75 % de son chiffre d\u2019affaires \u00e0 l\u2019international, illustre parfaitement ce parcours. Laur\u00e9ate du <strong>Grand Prix Export 2025<\/strong>, son entreprise d\u00e9veloppe des solutions de cam\u00e9ras intelligentes de timelapse adoss\u00e9es \u00e0 une plateforme IA pour le suivi de chantiers. Il apporte \u00e0 Inovall\u00e9e une expertise pr\u00e9cieuse sur le <strong>passage \u00e0 l\u2019\u00e9chelle<\/strong>, notamment pour les startups industrielles \u00e0 ambition internationale. \u00a0<\/td><\/tr><tr><td><img decoding=\"async\" width=\"266\" height=\"241\" src=\"blob:https:\/\/www.inovallee.com\/064f9194-2330-4eaa-b637-ee9f5cc2afc2\"><\/td><td><strong><a href=\"https:\/\/www.linkedin.com\/in\/laurent-duvic-944662171\/\">Laurent Duvic<\/a><\/strong> conna\u00eet Inovall\u00e9e de l\u2019int\u00e9rieur depuis plus de dix ans. Apr\u00e8s y avoir cr\u00e9\u00e9 le p\u00f4le startups des Banques Populaires, il fonde l\u2019antenne grenobloise de Dynergie au Tarmac, d\u00e9di\u00e9e \u00e0 l\u2019accompagnement des entreprises de croissance dans leurs plans de financement. Avec <strong>plus de 450 entreprises innovantes accompagn\u00e9es<\/strong>, il apporte une <strong>exp\u00e9rience terrain profonde<\/strong>, ancr\u00e9e dans les r\u00e9alit\u00e9s \u00e9conomiques des dirigeants tech. \u00a0<\/td><\/tr><tr><td><img decoding=\"async\" width=\"270\" height=\"270\" src=\"blob:https:\/\/www.inovallee.com\/bafd9239-318b-4ddb-ae3b-aa68a38575b2\"><\/td><td><strong><a href=\"https:\/\/www.linkedin.com\/in\/jacqueshusser\/\">Jacques Husser<\/a><\/strong>, tr\u00e9sorier d\u2019Inovall\u00e9e, est cofondateur et pr\u00e9sident de la medtech <strong>Remedee Labs<\/strong>, qui commercialise le premier dispositif m\u00e9dical mondial non m\u00e9dicamenteux de soulagement de la douleur par ondes millim\u00e9triques. \u00c9galement pr\u00e9sident de <strong>Medicalps<\/strong>, le cluster alpin des industries de sant\u00e9, et partner chez 50 Partners Health, il incarne un engagement fort pour l\u2019innovation collective, notamment dans le champ de la sant\u00e9, qui repr\u00e9sente aujourd\u2019hui <strong>20 % des emplois d\u2019Inovall\u00e9e<\/strong>. Fort de <strong>35 ans d\u2019exp\u00e9rience<\/strong> dans le pilotage d\u2019entreprises industrielles, il contribue \u00e0 structurer une vision durable et exigeante. \u00a0<\/td><\/tr><tr><td><img loading=\"lazy\" decoding=\"async\" width=\"282\" height=\"258\" src=\"blob:https:\/\/www.inovallee.com\/7bb20ba5-40ab-44d0-afe4-3664a4ecd51d\"><\/td><td><strong><a href=\"https:\/\/www.linkedin.com\/in\/jean-fran%C3%A7ois-valente-bb920622\/\">Jean\u2011Fran\u00e7ois Valente<\/a><\/strong>, vice\u2011pr\u00e9sident d\u2019Inovall\u00e9e et directeur r\u00e9gional de <strong>Capgemini<\/strong>, compl\u00e8te ce socle d\u2019exp\u00e9rience. Avec plus de <strong>30 ans d\u2019engagement<\/strong> dans la transformation et la performance collective des organisations, il accompagne Inovall\u00e9e dans ses enjeux strat\u00e9giques et organisationnels, avec une approche m\u00ealant vision long terme et efficacit\u00e9 op\u00e9rationnelle. \u00a0<\/td><\/tr><\/tbody><\/table><\/figure>\n\n\n\n<h3 class=\"wp-block-heading\">Le nouvel \u00e9lan : 2 dirigeantes et 2 dirigeants, tous riches de nouvelles exp\u00e9riences <\/h3>\n\n\n\n<p>Le Conseil d\u2019Administration accueille \u00e9galement <strong>quatre nouveaux profils<\/strong>, issus de grands groupes, de l\u2019entrepreneuriat et de l\u2019\u00e9dition logicielle, partageant une m\u00eame volont\u00e9 : <strong>s\u2019engager personnellement<\/strong> au service du collectif Inovall\u00e9e.<\/p>\n\n\n\n<figure class=\"wp-block-table\"><table class=\"has-fixed-layout\"><tbody><tr><td><img loading=\"lazy\" decoding=\"async\" width=\"245\" height=\"283\" src=\"blob:https:\/\/www.inovallee.com\/5dbe22e1-630d-4b35-82be-ff9c2a82e172\"><\/td><td><strong><a href=\"https:\/\/www.linkedin.com\/in\/celine-balmand-51726a138\/\">C\u00e9line Balmand<\/a><\/strong>, cheffe d\u2019\u00e9tablissement du site grenoblois de <strong>Framatome<\/strong>, marque l\u2019arriv\u00e9e d\u2019un grand industriel de rang mondial au sein de la gouvernance. L\u2019entreprise a choisi d\u2019investir durablement sur Inovall\u00e9e avec un nouveau campus \u00e0 Montbonnot, pour accompagner une croissance industrielle exigeante et accueillir \u00e0 terme <strong>1 300 collaborateurs<\/strong>. Son engagement au Conseil d\u2019Administration vise notamment \u00e0 <strong>favoriser les synergies<\/strong> entre startups, PME et grands groupes internationaux. \u00a0<\/td><\/tr><tr><td><img loading=\"lazy\" decoding=\"async\" width=\"243\" height=\"255\" src=\"blob:https:\/\/www.inovallee.com\/2f9d9304-f702-4898-baa4-0c1887649b20\"><\/td><td><strong><a href=\"https:\/\/www.linkedin.com\/in\/biancaclapot-dynamiquesdalliances\/\">Bianca Clapot<\/a><\/strong>, fondatrice et CEO d\u2019<strong>Enneagone<\/strong>, incarne l\u2019\u00e9nergie entrepreneuriale du territoire. Serial entrepreneure, \u00e0 la t\u00eate de trois structures implant\u00e9es sur Inovall\u00e9e, elle a accompagn\u00e9 en <strong>20 ans plus de 4 000 dirigeants<\/strong>, g\u00e9n\u00e9rant pr\u00e8s d\u2019un <strong>demi\u2011milliard d\u2019euros de chiffre d\u2019affaires<\/strong> par la recommandation d\u2019affaires. Elle souhaite mettre cette expertise des <strong>r\u00e9seaux d\u2019affaires<\/strong> au service d\u2019Inovall\u00e9e pour renforcer encore les connexions entre dirigeants et encourager les collaborations concr\u00e8tes. \u00a0<\/td><\/tr><tr><td><img loading=\"lazy\" decoding=\"async\" width=\"235\" height=\"244\" src=\"blob:https:\/\/www.inovallee.com\/a9de9b01-19a7-4904-bf8f-e89bce92e1ab\" alt=\"IMG_9061.jpeg\"><\/td><td><strong><a href=\"https:\/\/www.linkedin.com\/in\/fabrice-fernandez-a402387\/\">Fabrice Fernandez<\/a><\/strong>, ing\u00e9nieur INP, est un acteur reconnu de l\u2019\u00e9dition logicielle. Cofondateur de <strong>Kercia<\/strong>, sp\u00e9cialiste des \u00e9lections d\u00e9mat\u00e9rialis\u00e9es, qu\u2019il a d\u00e9velopp\u00e9e en bootstrap jusqu\u2019\u00e0 en faire une entreprise de <strong>70 collaborateurs<\/strong>, il apporte une exp\u00e9rience pr\u00e9cieuse sur les sujets de <strong>croissance ma\u00eetris\u00e9e<\/strong>, de <strong>certifications exigeantes<\/strong>, de <strong>CSR<\/strong> (m\u00e9daille d\u2019argent Ecovadis 2026, ISO 27001) et de <strong>fid\u00e9lisation des talents<\/strong>. \u00a0<\/td><\/tr><tr><td><img loading=\"lazy\" decoding=\"async\" width=\"235\" height=\"235\" src=\"blob:https:\/\/www.inovallee.com\/120eceb1-65eb-4520-8d0f-bef30f15020f\"><\/td><td><strong><a href=\"https:\/\/www.linkedin.com\/in\/garniercedric\/\">C\u00e9dric Garnier<\/a><\/strong>, r\u00e9cemment nomm\u00e9 \u00e0 la t\u00eate de <strong>Technidata<\/strong>, \u00e9diteur international de logiciels de gestion de laboratoires cr\u00e9\u00e9 sur Inovall\u00e9e il y a plus de 30 ans, compl\u00e8te ce renouvellement. Convaincu que la performance durable repose autant sur l\u2019humain que sur la technologie, il d\u00e9fend une <strong>innovation utile, responsable et ancr\u00e9e dans les r\u00e9alit\u00e9s<\/strong>. Son engagement s\u2019inscrit dans une volont\u00e9 d\u2019action collective au service du progr\u00e8s.<\/td><\/tr><\/tbody><\/table><\/figure>\n\n\n\n<h3 class=\"wp-block-heading\">Une gouvernance fid\u00e8le \u00e0 l\u2019ADN d\u2019Inovall\u00e9e<\/h3>\n\n\n\n<p>\u00c0 travers ce renouvellement, Inovall\u00e9e confirme une gouvernance \u00e0 son image : <strong>plurielle, engag\u00e9e et profond\u00e9ment humaine<\/strong>. Un Conseil d\u2019Administration compos\u00e9 de dirigeants qui connaissent les r\u00e9alit\u00e9s du terrain, partagent leurs exp\u00e9riences sans posture, et s\u2019impliquent concr\u00e8tement pour faire de la technopole un <strong>outil au service des entreprises, des dirigeants et des collaborateurs<\/strong>.<\/p>\n\n\n\n<p>Dans un contexte de transformations acc\u00e9l\u00e9r\u00e9es, Inovall\u00e9e assume plus que jamais son r\u00f4le de <strong>facilitateur de coop\u00e9rations<\/strong>, de plateforme d\u2019engagement et de lieu o\u00f9 l\u2019innovation se pense et se construit collectivement.<\/p>","protected":false},"excerpt":{"rendered":"<p>\u00c0 l\u2019occasion de sa derni\u00e8re Assembl\u00e9e G\u00e9n\u00e9rale, Inovall\u00e9e a proc\u00e9d\u00e9 au renouvellement d\u2019un quart de son Conseil d\u2019Administration. Huit administrateurs ont ainsi \u00e9t\u00e9 \u00e9lus pour les prochaines ann\u00e9es, m\u00ealant continuit\u00e9 et nouveaux regards. \u00c0 travers ces profils exp\u00e9riment\u00e9s et engag\u00e9s, la technopole grenobloise r\u00e9affirme une conviction forte : l\u2019innovation durable repose autant sur l\u2019excellence technologique [&hellip;]<\/p>\n","protected":false},"author":4,"featured_media":63881,"comment_status":"closed","ping_status":"open","sticky":false,"template":"","format":"standard","meta":{"footnotes":""},"categories":[29,31],"tags":[],"class_list":["post-63880","post","type-post","status-publish","format-standard","has-post-thumbnail","hentry","category-evenements","category-vie-technopole-inovallee"],"yoast_head":"<!-- This site is optimized with the Yoast SEO plugin v27.4 - https:\/\/yoast.com\/product\/yoast-seo-wordpress\/ -->\n<title>Gouvernance : Inovall\u00e9e renouvelle son Conseil d\u2019Administration et affirme une vision engag\u00e9e de l\u2019innovation \u2013 Les visages et parcours des 8 administrateurs \/ administratrices 2026 - inovall\u00e9e<\/title>\n<meta name=\"description\" content=\"Zoom sur les dirigeants et dirigeantes de la tech qui rejoignent le board d&#039;inovall\u00e9e\" \/>\n<meta name=\"robots\" content=\"index, follow, max-snippet:-1, max-image-preview:large, max-video-preview:-1\" \/>\n<link rel=\"canonical\" href=\"https:\/\/www.inovallee.com\/en\/gouvernance-inovallee-renouvelle-son-conseil-dadministration-et-affirme-une-vision-engagee-de-linnovation-les-visages-et-parcours-des-8-administrateurs-administratrices\/\" \/>\n<meta property=\"og:locale\" content=\"en_GB\" \/>\n<meta property=\"og:type\" content=\"article\" \/>\n<meta property=\"og:title\" content=\"Gouvernance : Inovall\u00e9e renouvelle son Conseil d\u2019Administration et affirme une vision engag\u00e9e de l\u2019innovation \u2013 Les visages et parcours des 8 administrateurs \/ administratrices 2026 - inovall\u00e9e\" \/>\n<meta property=\"og:description\" content=\"Zoom sur les dirigeants et dirigeantes de la tech qui rejoignent le board d&#039;inovall\u00e9e\" \/>\n<meta property=\"og:url\" content=\"https:\/\/www.inovallee.com\/en\/gouvernance-inovallee-renouvelle-son-conseil-dadministration-et-affirme-une-vision-engagee-de-linnovation-les-visages-et-parcours-des-8-administrateurs-administratrices\/\" \/>\n<meta property=\"og:site_name\" content=\"inovall\u00e9e\" \/>\n<meta property=\"article:publisher\" content=\"https:\/\/www.facebook.com\/technopoleinovallee\/\" \/>\n<meta property=\"article:published_time\" content=\"2026-04-29T21:05:50+00:00\" \/>\n<meta property=\"article:modified_time\" content=\"2026-04-29T21:05:52+00:00\" \/>\n<meta property=\"og:image\" content=\"https:\/\/www.inovallee.com\/wp-content\/uploads\/2026\/04\/image-7.jpeg\" \/>\n\t<meta property=\"og:image:width\" content=\"757\" \/>\n\t<meta property=\"og:image:height\" content=\"485\" \/>\n\t<meta property=\"og:image:type\" content=\"image\/jpeg\" \/>\n<meta name=\"author\" content=\"Claire Chanterelle\" \/>\n<meta name=\"twitter:card\" content=\"summary_large_image\" \/>\n<meta name=\"twitter:creator\" content=\"@inovallee\" \/>\n<meta name=\"twitter:site\" content=\"@inovallee\" \/>\n<meta name=\"twitter:label1\" content=\"Written by\" \/>\n\t<meta name=\"twitter:data1\" content=\"Claire Chanterelle\" \/>\n\t<meta name=\"twitter:label2\" content=\"Estimated reading time\" \/>\n\t<meta name=\"twitter:data2\" content=\"7 minutes\" \/>\n<script type=\"application\/ld+json\" class=\"yoast-schema-graph\">{\"@context\":\"https:\\\/\\\/schema.org\",\"@graph\":[{\"@type\":\"Article\",\"@id\":\"https:\\\/\\\/www.inovallee.com\\\/gouvernance-inovallee-renouvelle-son-conseil-dadministration-et-affirme-une-vision-engagee-de-linnovation-les-visages-et-parcours-des-8-administrateurs-administratrices\\\/#article\",\"isPartOf\":{\"@id\":\"https:\\\/\\\/www.inovallee.com\\\/gouvernance-inovallee-renouvelle-son-conseil-dadministration-et-affirme-une-vision-engagee-de-linnovation-les-visages-et-parcours-des-8-administrateurs-administratrices\\\/\"},\"author\":{\"name\":\"Claire Chanterelle\",\"@id\":\"https:\\\/\\\/www.inovallee.com\\\/#\\\/schema\\\/person\\\/6cdcf0ed58ac3e1ef08041bdf7815902\"},\"headline\":\"Gouvernance : Inovall\u00e9e renouvelle son Conseil d\u2019Administration et affirme une vision engag\u00e9e de l\u2019innovation \u2013 Les visages et parcours des 8 administrateurs \\\/ administratrices 2026\",\"datePublished\":\"2026-04-29T21:05:50+00:00\",\"dateModified\":\"2026-04-29T21:05:52+00:00\",\"mainEntityOfPage\":{\"@id\":\"https:\\\/\\\/www.inovallee.com\\\/gouvernance-inovallee-renouvelle-son-conseil-dadministration-et-affirme-une-vision-engagee-de-linnovation-les-visages-et-parcours-des-8-administrateurs-administratrices\\\/\"},\"wordCount\":993,\"publisher\":{\"@id\":\"https:\\\/\\\/www.inovallee.com\\\/#organization\"},\"image\":{\"@id\":\"https:\\\/\\\/www.inovallee.com\\\/gouvernance-inovallee-renouvelle-son-conseil-dadministration-et-affirme-une-vision-engagee-de-linnovation-les-visages-et-parcours-des-8-administrateurs-administratrices\\\/#primaryimage\"},\"thumbnailUrl\":\"https:\\\/\\\/www.inovallee.com\\\/wp-content\\\/uploads\\\/2026\\\/04\\\/image-7.jpeg\",\"articleSection\":[\"Technopole inovall\u00e9e\",\"Vie de la technopole inovall\u00e9e\"],\"inLanguage\":\"en-GB\"},{\"@type\":\"WebPage\",\"@id\":\"https:\\\/\\\/www.inovallee.com\\\/gouvernance-inovallee-renouvelle-son-conseil-dadministration-et-affirme-une-vision-engagee-de-linnovation-les-visages-et-parcours-des-8-administrateurs-administratrices\\\/\",\"url\":\"https:\\\/\\\/www.inovallee.com\\\/gouvernance-inovallee-renouvelle-son-conseil-dadministration-et-affirme-une-vision-engagee-de-linnovation-les-visages-et-parcours-des-8-administrateurs-administratrices\\\/\",\"name\":\"Gouvernance : Inovall\u00e9e renouvelle son Conseil d\u2019Administration et affirme une vision engag\u00e9e de l\u2019innovation \u2013 Les visages et parcours des 8 administrateurs \\\/ administratrices 2026 - inovall\u00e9e\",\"isPartOf\":{\"@id\":\"https:\\\/\\\/www.inovallee.com\\\/#website\"},\"primaryImageOfPage\":{\"@id\":\"https:\\\/\\\/www.inovallee.com\\\/gouvernance-inovallee-renouvelle-son-conseil-dadministration-et-affirme-une-vision-engagee-de-linnovation-les-visages-et-parcours-des-8-administrateurs-administratrices\\\/#primaryimage\"},\"image\":{\"@id\":\"https:\\\/\\\/www.inovallee.com\\\/gouvernance-inovallee-renouvelle-son-conseil-dadministration-et-affirme-une-vision-engagee-de-linnovation-les-visages-et-parcours-des-8-administrateurs-administratrices\\\/#primaryimage\"},\"thumbnailUrl\":\"https:\\\/\\\/www.inovallee.com\\\/wp-content\\\/uploads\\\/2026\\\/04\\\/image-7.jpeg\",\"datePublished\":\"2026-04-29T21:05:50+00:00\",\"dateModified\":\"2026-04-29T21:05:52+00:00\",\"description\":\"Zoom sur les dirigeants et dirigeantes de la tech qui rejoignent le board d'inovall\u00e9e\",\"breadcrumb\":{\"@id\":\"https:\\\/\\\/www.inovallee.com\\\/gouvernance-inovallee-renouvelle-son-conseil-dadministration-et-affirme-une-vision-engagee-de-linnovation-les-visages-et-parcours-des-8-administrateurs-administratrices\\\/#breadcrumb\"},\"inLanguage\":\"en-GB\",\"potentialAction\":[{\"@type\":\"ReadAction\",\"target\":[\"https:\\\/\\\/www.inovallee.com\\\/gouvernance-inovallee-renouvelle-son-conseil-dadministration-et-affirme-une-vision-engagee-de-linnovation-les-visages-et-parcours-des-8-administrateurs-administratrices\\\/\"]}]},{\"@type\":\"ImageObject\",\"inLanguage\":\"en-GB\",\"@id\":\"https:\\\/\\\/www.inovallee.com\\\/gouvernance-inovallee-renouvelle-son-conseil-dadministration-et-affirme-une-vision-engagee-de-linnovation-les-visages-et-parcours-des-8-administrateurs-administratrices\\\/#primaryimage\",\"url\":\"https:\\\/\\\/www.inovallee.com\\\/wp-content\\\/uploads\\\/2026\\\/04\\\/image-7.jpeg\",\"contentUrl\":\"https:\\\/\\\/www.inovallee.com\\\/wp-content\\\/uploads\\\/2026\\\/04\\\/image-7.jpeg\",\"width\":757,\"height\":485},{\"@type\":\"BreadcrumbList\",\"@id\":\"https:\\\/\\\/www.inovallee.com\\\/gouvernance-inovallee-renouvelle-son-conseil-dadministration-et-affirme-une-vision-engagee-de-linnovation-les-visages-et-parcours-des-8-administrateurs-administratrices\\\/#breadcrumb\",\"itemListElement\":[{\"@type\":\"ListItem\",\"position\":1,\"name\":\"Accueil\",\"item\":\"https:\\\/\\\/www.inovallee.com\\\/\"},{\"@type\":\"ListItem\",\"position\":2,\"name\":\"Gouvernance : Inovall\u00e9e renouvelle son Conseil d\u2019Administration et affirme une vision engag\u00e9e de l\u2019innovation \u2013 Les visages et parcours des 8 administrateurs \\\/ administratrices 2026\"}]},{\"@type\":\"WebSite\",\"@id\":\"https:\\\/\\\/www.inovallee.com\\\/#website\",\"url\":\"https:\\\/\\\/www.inovallee.com\\\/\",\"name\":\"inovall\u00e9e technopole, Home to software & smart technologies\",\"description\":\"Home to software &amp; smart technologies\",\"publisher\":{\"@id\":\"https:\\\/\\\/www.inovallee.com\\\/#organization\"},\"potentialAction\":[{\"@type\":\"SearchAction\",\"target\":{\"@type\":\"EntryPoint\",\"urlTemplate\":\"https:\\\/\\\/www.inovallee.com\\\/?s={search_term_string}\"},\"query-input\":{\"@type\":\"PropertyValueSpecification\",\"valueRequired\":true,\"valueName\":\"search_term_string\"}}],\"inLanguage\":\"en-GB\"},{\"@type\":\"Organization\",\"@id\":\"https:\\\/\\\/www.inovallee.com\\\/#organization\",\"name\":\"inovall\u00e9e\",\"url\":\"https:\\\/\\\/www.inovallee.com\\\/\",\"logo\":{\"@type\":\"ImageObject\",\"inLanguage\":\"en-GB\",\"@id\":\"https:\\\/\\\/www.inovallee.com\\\/#\\\/schema\\\/logo\\\/image\\\/\",\"url\":\"https:\\\/\\\/www.inovallee.com\\\/wp-content\\\/uploads\\\/2023\\\/08\\\/inovallee_2022_GrenobleAlpes.png\",\"contentUrl\":\"https:\\\/\\\/www.inovallee.com\\\/wp-content\\\/uploads\\\/2023\\\/08\\\/inovallee_2022_GrenobleAlpes.png\",\"width\":945,\"height\":369,\"caption\":\"inovall\u00e9e\"},\"image\":{\"@id\":\"https:\\\/\\\/www.inovallee.com\\\/#\\\/schema\\\/logo\\\/image\\\/\"},\"sameAs\":[\"https:\\\/\\\/www.facebook.com\\\/technopoleinovallee\\\/\",\"https:\\\/\\\/x.com\\\/inovallee\",\"https:\\\/\\\/www.linkedin.com\\\/company\\\/inovall-e\\\/\",\"https:\\\/\\\/www.youtube.com\\\/user\\\/inovallee?reload=9\"]},{\"@type\":\"Person\",\"@id\":\"https:\\\/\\\/www.inovallee.com\\\/#\\\/schema\\\/person\\\/6cdcf0ed58ac3e1ef08041bdf7815902\",\"name\":\"Claire Chanterelle\"}]}<\/script>\n<!-- \/ Yoast SEO plugin. -->","yoast_head_json":{"title":"Gouvernance : Inovall\u00e9e renouvelle son Conseil d\u2019Administration et affirme une vision engag\u00e9e de l\u2019innovation \u2013 Les visages et parcours des 8 administrateurs \/ administratrices 2026 - inovall\u00e9e","description":"Zoom sur les dirigeants et dirigeantes de la tech qui rejoignent le board d'inovall\u00e9e","robots":{"index":"index","follow":"follow","max-snippet":"max-snippet:-1","max-image-preview":"max-image-preview:large","max-video-preview":"max-video-preview:-1"},"canonical":"https:\/\/www.inovallee.com\/en\/gouvernance-inovallee-renouvelle-son-conseil-dadministration-et-affirme-une-vision-engagee-de-linnovation-les-visages-et-parcours-des-8-administrateurs-administratrices\/","og_locale":"en_GB","og_type":"article","og_title":"Gouvernance : Inovall\u00e9e renouvelle son Conseil d\u2019Administration et affirme une vision engag\u00e9e de l\u2019innovation \u2013 Les visages et parcours des 8 administrateurs \/ administratrices 2026 - inovall\u00e9e","og_description":"Zoom sur les dirigeants et dirigeantes de la tech qui rejoignent le board d'inovall\u00e9e","og_url":"https:\/\/www.inovallee.com\/en\/gouvernance-inovallee-renouvelle-son-conseil-dadministration-et-affirme-une-vision-engagee-de-linnovation-les-visages-et-parcours-des-8-administrateurs-administratrices\/","og_site_name":"inovall\u00e9e","article_publisher":"https:\/\/www.facebook.com\/technopoleinovallee\/","article_published_time":"2026-04-29T21:05:50+00:00","article_modified_time":"2026-04-29T21:05:52+00:00","og_image":[{"width":757,"height":485,"url":"https:\/\/www.inovallee.com\/wp-content\/uploads\/2026\/04\/image-7.jpeg","type":"image\/jpeg"}],"author":"Claire Chanterelle","twitter_card":"summary_large_image","twitter_creator":"@inovallee","twitter_site":"@inovallee","twitter_misc":{"Written by":"Claire Chanterelle","Estimated reading time":"7 minutes"},"schema":{"@context":"https:\/\/schema.org","@graph":[{"@type":"Article","@id":"https:\/\/www.inovallee.com\/gouvernance-inovallee-renouvelle-son-conseil-dadministration-et-affirme-une-vision-engagee-de-linnovation-les-visages-et-parcours-des-8-administrateurs-administratrices\/#article","isPartOf":{"@id":"https:\/\/www.inovallee.com\/gouvernance-inovallee-renouvelle-son-conseil-dadministration-et-affirme-une-vision-engagee-de-linnovation-les-visages-et-parcours-des-8-administrateurs-administratrices\/"},"author":{"name":"Claire Chanterelle","@id":"https:\/\/www.inovallee.com\/#\/schema\/person\/6cdcf0ed58ac3e1ef08041bdf7815902"},"headline":"Gouvernance : Inovall\u00e9e renouvelle son Conseil d\u2019Administration et affirme une vision engag\u00e9e de l\u2019innovation \u2013 Les visages et parcours des 8 administrateurs \/ administratrices 2026","datePublished":"2026-04-29T21:05:50+00:00","dateModified":"2026-04-29T21:05:52+00:00","mainEntityOfPage":{"@id":"https:\/\/www.inovallee.com\/gouvernance-inovallee-renouvelle-son-conseil-dadministration-et-affirme-une-vision-engagee-de-linnovation-les-visages-et-parcours-des-8-administrateurs-administratrices\/"},"wordCount":993,"publisher":{"@id":"https:\/\/www.inovallee.com\/#organization"},"image":{"@id":"https:\/\/www.inovallee.com\/gouvernance-inovallee-renouvelle-son-conseil-dadministration-et-affirme-une-vision-engagee-de-linnovation-les-visages-et-parcours-des-8-administrateurs-administratrices\/#primaryimage"},"thumbnailUrl":"https:\/\/www.inovallee.com\/wp-content\/uploads\/2026\/04\/image-7.jpeg","articleSection":["Technopole inovall\u00e9e","Vie de la technopole inovall\u00e9e"],"inLanguage":"en-GB"},{"@type":"WebPage","@id":"https:\/\/www.inovallee.com\/gouvernance-inovallee-renouvelle-son-conseil-dadministration-et-affirme-une-vision-engagee-de-linnovation-les-visages-et-parcours-des-8-administrateurs-administratrices\/","url":"https:\/\/www.inovallee.com\/gouvernance-inovallee-renouvelle-son-conseil-dadministration-et-affirme-une-vision-engagee-de-linnovation-les-visages-et-parcours-des-8-administrateurs-administratrices\/","name":"Gouvernance : Inovall\u00e9e renouvelle son Conseil d\u2019Administration et affirme une vision engag\u00e9e de l\u2019innovation \u2013 Les visages et parcours des 8 administrateurs \/ administratrices 2026 - inovall\u00e9e","isPartOf":{"@id":"https:\/\/www.inovallee.com\/#website"},"primaryImageOfPage":{"@id":"https:\/\/www.inovallee.com\/gouvernance-inovallee-renouvelle-son-conseil-dadministration-et-affirme-une-vision-engagee-de-linnovation-les-visages-et-parcours-des-8-administrateurs-administratrices\/#primaryimage"},"image":{"@id":"https:\/\/www.inovallee.com\/gouvernance-inovallee-renouvelle-son-conseil-dadministration-et-affirme-une-vision-engagee-de-linnovation-les-visages-et-parcours-des-8-administrateurs-administratrices\/#primaryimage"},"thumbnailUrl":"https:\/\/www.inovallee.com\/wp-content\/uploads\/2026\/04\/image-7.jpeg","datePublished":"2026-04-29T21:05:50+00:00","dateModified":"2026-04-29T21:05:52+00:00","description":"Zoom sur les dirigeants et dirigeantes de la tech qui rejoignent le board d'inovall\u00e9e","breadcrumb":{"@id":"https:\/\/www.inovallee.com\/gouvernance-inovallee-renouvelle-son-conseil-dadministration-et-affirme-une-vision-engagee-de-linnovation-les-visages-et-parcours-des-8-administrateurs-administratrices\/#breadcrumb"},"inLanguage":"en-GB","potentialAction":[{"@type":"ReadAction","target":["https:\/\/www.inovallee.com\/gouvernance-inovallee-renouvelle-son-conseil-dadministration-et-affirme-une-vision-engagee-de-linnovation-les-visages-et-parcours-des-8-administrateurs-administratrices\/"]}]},{"@type":"ImageObject","inLanguage":"en-GB","@id":"https:\/\/www.inovallee.com\/gouvernance-inovallee-renouvelle-son-conseil-dadministration-et-affirme-une-vision-engagee-de-linnovation-les-visages-et-parcours-des-8-administrateurs-administratrices\/#primaryimage","url":"https:\/\/www.inovallee.com\/wp-content\/uploads\/2026\/04\/image-7.jpeg","contentUrl":"https:\/\/www.inovallee.com\/wp-content\/uploads\/2026\/04\/image-7.jpeg","width":757,"height":485},{"@type":"BreadcrumbList","@id":"https:\/\/www.inovallee.com\/gouvernance-inovallee-renouvelle-son-conseil-dadministration-et-affirme-une-vision-engagee-de-linnovation-les-visages-et-parcours-des-8-administrateurs-administratrices\/#breadcrumb","itemListElement":[{"@type":"ListItem","position":1,"name":"Accueil","item":"https:\/\/www.inovallee.com\/"},{"@type":"ListItem","position":2,"name":"Gouvernance : Inovall\u00e9e renouvelle son Conseil d\u2019Administration et affirme une vision engag\u00e9e de l\u2019innovation \u2013 Les visages et parcours des 8 administrateurs \/ administratrices 2026"}]},{"@type":"WebSite","@id":"https:\/\/www.inovallee.com\/#website","url":"https:\/\/www.inovallee.com\/","name":"inovall\u00e9e technopole, Home to software & smart technologies","description":"Home to software &amp; smart technologies","publisher":{"@id":"https:\/\/www.inovallee.com\/#organization"},"potentialAction":[{"@type":"SearchAction","target":{"@type":"EntryPoint","urlTemplate":"https:\/\/www.inovallee.com\/?s={search_term_string}"},"query-input":{"@type":"PropertyValueSpecification","valueRequired":true,"valueName":"search_term_string"}}],"inLanguage":"en-GB"},{"@type":"Organization","@id":"https:\/\/www.inovallee.com\/#organization","name":"inovall\u00e9e","url":"https:\/\/www.inovallee.com\/","logo":{"@type":"ImageObject","inLanguage":"en-GB","@id":"https:\/\/www.inovallee.com\/#\/schema\/logo\/image\/","url":"https:\/\/www.inovallee.com\/wp-content\/uploads\/2023\/08\/inovallee_2022_GrenobleAlpes.png","contentUrl":"https:\/\/www.inovallee.com\/wp-content\/uploads\/2023\/08\/inovallee_2022_GrenobleAlpes.png","width":945,"height":369,"caption":"inovall\u00e9e"},"image":{"@id":"https:\/\/www.inovallee.com\/#\/schema\/logo\/image\/"},"sameAs":["https:\/\/www.facebook.com\/technopoleinovallee\/","https:\/\/x.com\/inovallee","https:\/\/www.linkedin.com\/company\/inovall-e\/","https:\/\/www.youtube.com\/user\/inovallee?reload=9"]},{"@type":"Person","@id":"https:\/\/www.inovallee.com\/#\/schema\/person\/6cdcf0ed58ac3e1ef08041bdf7815902","name":"Claire Chanterelle"}]}},"_links":{"self":[{"href":"https:\/\/www.inovallee.com\/en\/wp-json\/wp\/v2\/posts\/63880","targetHints":{"allow":["GET"]}}],"collection":[{"href":"https:\/\/www.inovallee.com\/en\/wp-json\/wp\/v2\/posts"}],"about":[{"href":"https:\/\/www.inovallee.com\/en\/wp-json\/wp\/v2\/types\/post"}],"author":[{"embeddable":true,"href":"https:\/\/www.inovallee.com\/en\/wp-json\/wp\/v2\/users\/4"}],"replies":[{"embeddable":true,"href":"https:\/\/www.inovallee.com\/en\/wp-json\/wp\/v2\/comments?post=63880"}],"version-history":[{"count":1,"href":"https:\/\/www.inovallee.com\/en\/wp-json\/wp\/v2\/posts\/63880\/revisions"}],"predecessor-version":[{"id":63882,"href":"https:\/\/www.inovallee.com\/en\/wp-json\/wp\/v2\/posts\/63880\/revisions\/63882"}],"wp:featuredmedia":[{"embeddable":true,"href":"https:\/\/www.inovallee.com\/en\/wp-json\/wp\/v2\/media\/63881"}],"wp:attachment":[{"href":"https:\/\/www.inovallee.com\/en\/wp-json\/wp\/v2\/media?parent=63880"}],"wp:term":[{"taxonomy":"category","embeddable":true,"href":"https:\/\/www.inovallee.com\/en\/wp-json\/wp\/v2\/categories?post=63880"},{"taxonomy":"post_tag","embeddable":true,"href":"https:\/\/www.inovallee.com\/en\/wp-json\/wp\/v2\/tags?post=63880"}],"curies":[{"name":"wp","href":"https:\/\/api.w.org\/{rel}","templated":true}]}}