{"id":63901,"date":"2026-04-30T01:01:06","date_gmt":"2026-04-29T23:01:06","guid":{"rendered":"https:\/\/www.inovallee.com\/?p=63901"},"modified":"2026-04-30T01:01:09","modified_gmt":"2026-04-29T23:01:09","slug":"rapport-moral-president-innovation-technopole","status":"publish","type":"post","link":"https:\/\/www.inovallee.com\/en\/rapport-moral-president-innovation-technopole\/","title":{"rendered":"Innover, oui. Mais dans quel sens ? La tribune de Laurent Monge, Pr\u00e9sident d\u2019Inovall\u00e9e"},"content":{"rendered":"<p>\u00c0 Inovall\u00e9e, nous accompagnons l\u2019innovation depuis plus de cinquante ans.<br>Et pourtant, en 2025 peut\u2011\u00eatre plus que jamais, une question s\u2019est impos\u00e9e \u00e0 nous : <strong>innover, oui\u2026 mais dans quel sens ?<\/strong><\/p>\n\n\n\n<p>Dans un contexte de forte acc\u00e9l\u00e9ration technologique, de tensions \u00e9conomiques, de transitions multiples \u2014 environnementales, soci\u00e9tales, industrielles \u2014 l\u2019innovation ne peut plus \u00eatre consid\u00e9r\u00e9e comme une fin en soi. Elle devient un <strong>choix collectif<\/strong>, une responsabilit\u00e9 partag\u00e9e, un levier puissant\u2026 \u00e0 condition d\u2019\u00eatre orient\u00e9e.<\/p>\n\n\n\n<p>C\u2019est cette conviction qui traverse notre <strong>rapport d\u2019activit\u00e9 2025<\/strong>.<\/p>\n\n\n\n<h3 class=\"wp-block-heading\">Une technopole comme tiers de confiance<\/h3>\n\n\n\n<p>\u00catre une technopole, ce n\u2019est pas simplement accueillir des entreprises technologiques.<br>C\u2019est <strong>structurer un territoire d\u2019innovation<\/strong>, cr\u00e9er des passerelles durables entre <strong>enseignement sup\u00e9rieur, recherche et industrie<\/strong>, et agir comme <strong>tiers de confiance<\/strong> entre les acteurs publics, acad\u00e9miques et \u00e9conomiques.<\/p>\n\n\n\n<p>En 2025, Inovall\u00e9e a ainsi acc\u00e9l\u00e9r\u00e9 sa mission d\u2019animation de l\u2019\u00e9cosyst\u00e8me grenoblois, en s\u2019impliquant au c\u0153ur des gouvernances acad\u00e9miques, des dispositifs de transfert, de l\u2019entrepreneuriat \u00e9tudiant et des dynamiques French Tech.<br>Car La diversit\u00e9 des \u00e9changes est un moteur cl\u00e9 de l\u2019innovation: elle se nourrit du <strong>dialogue<\/strong>, de la confrontation des visions, et de la capacit\u00e9 \u00e0 faire travailler ensemble des mondes qui ne se parlent pas toujours spontan\u00e9ment.<\/p>\n\n\n\n<h3 class=\"wp-block-heading\">Attractivit\u00e9, oui \u2014 mais durable<\/h3>\n\n\n\n<p>Dans un contexte \u00e9conomique contrast\u00e9, notre territoire a continu\u00e9 \u00e0 faire preuve de r\u00e9silience.<br>Avec 37 nouvelles implantations en 2025, un taux de rotation historiquement faible et pr\u00e8s de 12 000 emplois technologiques, Inovall\u00e9e reste un <strong>territoire attractif<\/strong>.<\/p>\n\n\n\n<p>Mais l\u00e0 encore, la question n\u2019est pas uniquement quantitative. L\u2019enjeu n\u2019est pas \u201cd\u2019attirer \u00e0 tout prix\u201d, mais de <strong>construire un d\u00e9veloppement \u00e9conomique soutenable<\/strong>, compatible avec les mutations du march\u00e9 du travail, les contraintes fonci\u00e8res, les enjeux de mobilit\u00e9 et d\u2019acceptabilit\u00e9 sociale.<\/p>\n\n\n\n<p>C\u2019est pourquoi nous avons poursuivi un travail de fond avec les collectivit\u00e9s sur l\u2019immobilier \u00e9conomique, le foncier, les transports et l\u2019ancrage territorial des entreprises. Parce que l\u2019attractivit\u00e9 ne se d\u00e9cr\u00e8te pas : elle se <strong>pr\u00e9pare dans la dur\u00e9e<\/strong>.<\/p>\n\n\n\n<h3 class=\"wp-block-heading\">Accompagner l\u2019entreprise r\u00e9elle, \u00e0 chaque \u00e9tape<\/h3>\n\n\n\n<p>L\u2019une des \u00e9volutions majeures d\u2019Inovall\u00e9e ces derni\u00e8res ann\u00e9es est la mont\u00e9e en puissance de l\u2019accompagnement des entreprises et des entrepreneurs.<br>En 2025, cette activit\u00e9 repr\u00e9sente pr\u00e8s de <strong>50 % de notre mod\u00e8le \u00e9conomique<\/strong>.<\/p>\n\n\n\n<p>Avec le <strong>Tarmac<\/strong>, nous accompagnons les startups technologiques et deeptech, de l\u2019id\u00e9ation \u00e0 l\u2019acc\u00e9l\u00e9ration, avec des r\u00e9sultats concrets : croissance du chiffre d\u2019affaires, financements lev\u00e9s, emplois cr\u00e9\u00e9s, forte p\u00e9rennit\u00e9 des entreprises accompagn\u00e9es.<\/p>\n\n\n\n<p>Mais notre r\u00f4le ne s\u2019arr\u00eate pas \u00e0 la start\u2011up. Les <strong>dirigeants de PME, d\u2019ETI et de grands groupes<\/strong> ont eux aussi besoin de lieux pour prendre de la hauteur, anticiper, partager entre pairs.<\/p>\n\n\n\n<p><br>Clubs m\u00e9tiers, formations, services mutualis\u00e9s, accompagnement RH, financier ou RSE : en 2025, Inovall\u00e9e a renforc\u00e9 son positionnement comme <strong>outil op\u00e9rationnel au service de l\u2019entreprise r\u00e9elle<\/strong> \u2014 celle qui fait face aux contraintes du quotidien autant qu\u2019aux grands d\u00e9fis de demain.<\/p>\n\n\n\n<h3 class=\"wp-block-heading\">L\u2019innovation n\u2019a de sens que si elle est responsable<\/h3>\n\n\n\n<p>Enfin, 2025 a confirm\u00e9 ce qui fait l\u2019ADN d\u2019Inovall\u00e9e depuis plus de vingt ans :&nbsp; <strong>l\u2019innovation n\u2019a de valeur que si elle est utile, responsable et humaine<\/strong>.<\/p>\n\n\n\n<p>Mobilit\u00e9s, climat, qualit\u00e9 de vie au travail, RSE, solidarit\u00e9 : bien avant que ces sujets ne deviennent des obligations r\u00e9glementaires ou des \u00e9l\u00e9ments de langage, Inovall\u00e9e a choisi de les traiter comme des <strong>enjeux collectifs<\/strong>, \u00e0 l\u2019\u00e9chelle de l\u2019\u00e9cosyst\u00e8me.<\/p>\n\n\n\n<p>Le lancement de l\u2019<strong>ino\u2019PACTE<\/strong>, notre plan d\u2019actions collectives pour la transition des entreprises, s\u2019inscrit dans cette continuit\u00e9 : donner aux entreprises les moyens d\u2019agir, ensemble, sans \u00eatre seules face \u00e0 la complexit\u00e9 des transitions.<\/p>\n\n\n\n<h3 class=\"wp-block-heading\">Regarder 2025 pour mieux construire la suite<\/h3>\n\n\n\n<p>Le rapport d\u2019activit\u00e9 2025 n\u2019est pas un aboutissement.<br>C\u2019est une <strong>photographie<\/strong> d\u2019un mod\u00e8le en mouvement, d\u2019une technopole qui ajuste ses leviers, fait des choix, renonce parfois, mais reste fid\u00e8le \u00e0 sa vocation : <strong>contribuer au d\u00e9veloppement \u00e9conomique par une innovation exigeante et porteuse de sens<\/strong>.<\/p>\n\n\n\n<p>Dans un monde incertain, nous sommes convaincus que les territoires qui r\u00e9ussiront seront ceux capables de <strong>faire collectif<\/strong>, d\u2019assumer leurs choix et de placer l\u2019humain au c\u0153ur de la technologie.<\/p>\n\n\n\n<p>C\u2019est ce chemin qu\u2019inovall\u00e9e continue de tracer, avec ses entreprises, ses partenaires\u2026 et ses convictions.<\/p>\n\n\n\n<h3 class=\"wp-block-heading\">T\u00e9l\u00e9charger le rapport d\u2019activit\u00e9 complet, chiffres \u00e0 l\u2019appui<\/h3>\n\n\n\n<p><a href=\"https:\/\/www.inovallee.com\/wp-content\/uploads\/2026\/04\/RAPPORT_ACTIVITE_inovallee_2025_web.pdf\">https:\/\/www.inovallee.com\/wp-content\/uploads\/2026\/04\/RAPPORT_ACTIVITE_inovallee_2025_web.pdf<\/a><\/p>\n\n\n\n<p><\/p>","protected":false},"excerpt":{"rendered":"<p>\u00c0 Inovall\u00e9e, nous accompagnons l\u2019innovation depuis plus de cinquante ans.Et pourtant, en 2025 peut\u2011\u00eatre plus que jamais, une question s\u2019est impos\u00e9e \u00e0 nous : innover, oui\u2026 mais dans quel sens ? Dans un contexte de forte acc\u00e9l\u00e9ration technologique, de tensions \u00e9conomiques, de transitions multiples \u2014 environnementales, soci\u00e9tales, industrielles \u2014 l\u2019innovation ne peut plus \u00eatre consid\u00e9r\u00e9e [&hellip;]<\/p>\n","protected":false},"author":4,"featured_media":63902,"comment_status":"closed","ping_status":"open","sticky":false,"template":"","format":"standard","meta":{"footnotes":""},"categories":[29,31],"tags":[],"class_list":["post-63901","post","type-post","status-publish","format-standard","has-post-thumbnail","hentry","category-evenements","category-vie-technopole-inovallee"],"yoast_head":"<!-- This site is optimized with the Yoast SEO plugin v27.4 - https:\/\/yoast.com\/product\/yoast-seo-wordpress\/ -->\n<title>Innover, oui. Mais dans quel sens ? La tribune de Laurent Monge, Pr\u00e9sident d\u2019Inovall\u00e9e - inovall\u00e9e<\/title>\n<meta name=\"description\" content=\"Dans un contexte de transitions multiples, le Pr\u00e9sident revient sur les temps forts de l\u2019ann\u00e9e et les actions men\u00e9es pour une innovation responsable et collective.\" \/>\n<meta name=\"robots\" content=\"index, follow, max-snippet:-1, max-image-preview:large, max-video-preview:-1\" \/>\n<link rel=\"canonical\" href=\"https:\/\/www.inovallee.com\/en\/rapport-moral-president-innovation-technopole\/\" \/>\n<meta property=\"og:locale\" content=\"en_GB\" \/>\n<meta property=\"og:type\" content=\"article\" \/>\n<meta property=\"og:title\" content=\"Innover, oui. Mais dans quel sens ? La tribune de Laurent Monge, Pr\u00e9sident d\u2019Inovall\u00e9e - inovall\u00e9e\" \/>\n<meta property=\"og:description\" content=\"Dans un contexte de transitions multiples, le Pr\u00e9sident revient sur les temps forts de l\u2019ann\u00e9e et les actions men\u00e9es pour une innovation responsable et collective.\" \/>\n<meta property=\"og:url\" content=\"https:\/\/www.inovallee.com\/en\/rapport-moral-president-innovation-technopole\/\" \/>\n<meta property=\"og:site_name\" content=\"inovall\u00e9e\" \/>\n<meta property=\"article:publisher\" content=\"https:\/\/www.facebook.com\/technopoleinovallee\/\" \/>\n<meta property=\"article:published_time\" content=\"2026-04-29T23:01:06+00:00\" \/>\n<meta property=\"article:modified_time\" content=\"2026-04-29T23:01:09+00:00\" \/>\n<meta property=\"og:image\" content=\"https:\/\/www.inovallee.com\/wp-content\/uploads\/2026\/04\/image-10.jpeg\" \/>\n\t<meta property=\"og:image:width\" content=\"757\" \/>\n\t<meta property=\"og:image:height\" content=\"504\" \/>\n\t<meta property=\"og:image:type\" content=\"image\/jpeg\" \/>\n<meta name=\"author\" content=\"Claire Chanterelle\" \/>\n<meta name=\"twitter:card\" content=\"summary_large_image\" \/>\n<meta name=\"twitter:creator\" content=\"@inovallee\" \/>\n<meta name=\"twitter:site\" content=\"@inovallee\" \/>\n<meta name=\"twitter:label1\" content=\"Written by\" \/>\n\t<meta name=\"twitter:data1\" content=\"Claire Chanterelle\" \/>\n\t<meta name=\"twitter:label2\" content=\"Estimated reading time\" \/>\n\t<meta name=\"twitter:data2\" content=\"4 minutes\" \/>\n<script type=\"application\/ld+json\" class=\"yoast-schema-graph\">{\"@context\":\"https:\\\/\\\/schema.org\",\"@graph\":[{\"@type\":\"Article\",\"@id\":\"https:\\\/\\\/www.inovallee.com\\\/rapport-moral-president-innovation-technopole\\\/#article\",\"isPartOf\":{\"@id\":\"https:\\\/\\\/www.inovallee.com\\\/rapport-moral-president-innovation-technopole\\\/\"},\"author\":{\"name\":\"Claire Chanterelle\",\"@id\":\"https:\\\/\\\/www.inovallee.com\\\/#\\\/schema\\\/person\\\/6cdcf0ed58ac3e1ef08041bdf7815902\"},\"headline\":\"Innover, oui. Mais dans quel sens ? La tribune de Laurent Monge, Pr\u00e9sident d\u2019Inovall\u00e9e\",\"datePublished\":\"2026-04-29T23:01:06+00:00\",\"dateModified\":\"2026-04-29T23:01:09+00:00\",\"mainEntityOfPage\":{\"@id\":\"https:\\\/\\\/www.inovallee.com\\\/rapport-moral-president-innovation-technopole\\\/\"},\"wordCount\":795,\"publisher\":{\"@id\":\"https:\\\/\\\/www.inovallee.com\\\/#organization\"},\"image\":{\"@id\":\"https:\\\/\\\/www.inovallee.com\\\/rapport-moral-president-innovation-technopole\\\/#primaryimage\"},\"thumbnailUrl\":\"https:\\\/\\\/www.inovallee.com\\\/wp-content\\\/uploads\\\/2026\\\/04\\\/image-10.jpeg\",\"articleSection\":[\"Technopole inovall\u00e9e\",\"Vie de la technopole inovall\u00e9e\"],\"inLanguage\":\"en-GB\"},{\"@type\":\"WebPage\",\"@id\":\"https:\\\/\\\/www.inovallee.com\\\/rapport-moral-president-innovation-technopole\\\/\",\"url\":\"https:\\\/\\\/www.inovallee.com\\\/rapport-moral-president-innovation-technopole\\\/\",\"name\":\"Innover, oui. Mais dans quel sens ? La tribune de Laurent Monge, Pr\u00e9sident d\u2019Inovall\u00e9e - inovall\u00e9e\",\"isPartOf\":{\"@id\":\"https:\\\/\\\/www.inovallee.com\\\/#website\"},\"primaryImageOfPage\":{\"@id\":\"https:\\\/\\\/www.inovallee.com\\\/rapport-moral-president-innovation-technopole\\\/#primaryimage\"},\"image\":{\"@id\":\"https:\\\/\\\/www.inovallee.com\\\/rapport-moral-president-innovation-technopole\\\/#primaryimage\"},\"thumbnailUrl\":\"https:\\\/\\\/www.inovallee.com\\\/wp-content\\\/uploads\\\/2026\\\/04\\\/image-10.jpeg\",\"datePublished\":\"2026-04-29T23:01:06+00:00\",\"dateModified\":\"2026-04-29T23:01:09+00:00\",\"description\":\"Dans un contexte de transitions multiples, le Pr\u00e9sident revient sur les temps forts de l\u2019ann\u00e9e et les actions men\u00e9es pour une innovation responsable et collective.\",\"breadcrumb\":{\"@id\":\"https:\\\/\\\/www.inovallee.com\\\/rapport-moral-president-innovation-technopole\\\/#breadcrumb\"},\"inLanguage\":\"en-GB\",\"potentialAction\":[{\"@type\":\"ReadAction\",\"target\":[\"https:\\\/\\\/www.inovallee.com\\\/rapport-moral-president-innovation-technopole\\\/\"]}]},{\"@type\":\"ImageObject\",\"inLanguage\":\"en-GB\",\"@id\":\"https:\\\/\\\/www.inovallee.com\\\/rapport-moral-president-innovation-technopole\\\/#primaryimage\",\"url\":\"https:\\\/\\\/www.inovallee.com\\\/wp-content\\\/uploads\\\/2026\\\/04\\\/image-10.jpeg\",\"contentUrl\":\"https:\\\/\\\/www.inovallee.com\\\/wp-content\\\/uploads\\\/2026\\\/04\\\/image-10.jpeg\",\"width\":757,\"height\":504},{\"@type\":\"BreadcrumbList\",\"@id\":\"https:\\\/\\\/www.inovallee.com\\\/rapport-moral-president-innovation-technopole\\\/#breadcrumb\",\"itemListElement\":[{\"@type\":\"ListItem\",\"position\":1,\"name\":\"Accueil\",\"item\":\"https:\\\/\\\/www.inovallee.com\\\/\"},{\"@type\":\"ListItem\",\"position\":2,\"name\":\"Innover, oui. Mais dans quel sens ? La tribune de Laurent Monge, Pr\u00e9sident d\u2019Inovall\u00e9e\"}]},{\"@type\":\"WebSite\",\"@id\":\"https:\\\/\\\/www.inovallee.com\\\/#website\",\"url\":\"https:\\\/\\\/www.inovallee.com\\\/\",\"name\":\"inovall\u00e9e technopole, Home to software & smart technologies\",\"description\":\"Home to software &amp; smart technologies\",\"publisher\":{\"@id\":\"https:\\\/\\\/www.inovallee.com\\\/#organization\"},\"potentialAction\":[{\"@type\":\"SearchAction\",\"target\":{\"@type\":\"EntryPoint\",\"urlTemplate\":\"https:\\\/\\\/www.inovallee.com\\\/?s={search_term_string}\"},\"query-input\":{\"@type\":\"PropertyValueSpecification\",\"valueRequired\":true,\"valueName\":\"search_term_string\"}}],\"inLanguage\":\"en-GB\"},{\"@type\":\"Organization\",\"@id\":\"https:\\\/\\\/www.inovallee.com\\\/#organization\",\"name\":\"inovall\u00e9e\",\"url\":\"https:\\\/\\\/www.inovallee.com\\\/\",\"logo\":{\"@type\":\"ImageObject\",\"inLanguage\":\"en-GB\",\"@id\":\"https:\\\/\\\/www.inovallee.com\\\/#\\\/schema\\\/logo\\\/image\\\/\",\"url\":\"https:\\\/\\\/www.inovallee.com\\\/wp-content\\\/uploads\\\/2023\\\/08\\\/inovallee_2022_GrenobleAlpes.png\",\"contentUrl\":\"https:\\\/\\\/www.inovallee.com\\\/wp-content\\\/uploads\\\/2023\\\/08\\\/inovallee_2022_GrenobleAlpes.png\",\"width\":945,\"height\":369,\"caption\":\"inovall\u00e9e\"},\"image\":{\"@id\":\"https:\\\/\\\/www.inovallee.com\\\/#\\\/schema\\\/logo\\\/image\\\/\"},\"sameAs\":[\"https:\\\/\\\/www.facebook.com\\\/technopoleinovallee\\\/\",\"https:\\\/\\\/x.com\\\/inovallee\",\"https:\\\/\\\/www.linkedin.com\\\/company\\\/inovall-e\\\/\",\"https:\\\/\\\/www.youtube.com\\\/user\\\/inovallee?reload=9\"]},{\"@type\":\"Person\",\"@id\":\"https:\\\/\\\/www.inovallee.com\\\/#\\\/schema\\\/person\\\/6cdcf0ed58ac3e1ef08041bdf7815902\",\"name\":\"Claire Chanterelle\"}]}<\/script>\n<!-- \/ Yoast SEO plugin. -->","yoast_head_json":{"title":"Innover, oui. Mais dans quel sens ? La tribune de Laurent Monge, Pr\u00e9sident d\u2019Inovall\u00e9e - inovall\u00e9e","description":"Dans un contexte de transitions multiples, le Pr\u00e9sident revient sur les temps forts de l\u2019ann\u00e9e et les actions men\u00e9es pour une innovation responsable et collective.","robots":{"index":"index","follow":"follow","max-snippet":"max-snippet:-1","max-image-preview":"max-image-preview:large","max-video-preview":"max-video-preview:-1"},"canonical":"https:\/\/www.inovallee.com\/en\/rapport-moral-president-innovation-technopole\/","og_locale":"en_GB","og_type":"article","og_title":"Innover, oui. Mais dans quel sens ? La tribune de Laurent Monge, Pr\u00e9sident d\u2019Inovall\u00e9e - inovall\u00e9e","og_description":"Dans un contexte de transitions multiples, le Pr\u00e9sident revient sur les temps forts de l\u2019ann\u00e9e et les actions men\u00e9es pour une innovation responsable et collective.","og_url":"https:\/\/www.inovallee.com\/en\/rapport-moral-president-innovation-technopole\/","og_site_name":"inovall\u00e9e","article_publisher":"https:\/\/www.facebook.com\/technopoleinovallee\/","article_published_time":"2026-04-29T23:01:06+00:00","article_modified_time":"2026-04-29T23:01:09+00:00","og_image":[{"width":757,"height":504,"url":"https:\/\/www.inovallee.com\/wp-content\/uploads\/2026\/04\/image-10.jpeg","type":"image\/jpeg"}],"author":"Claire Chanterelle","twitter_card":"summary_large_image","twitter_creator":"@inovallee","twitter_site":"@inovallee","twitter_misc":{"Written by":"Claire Chanterelle","Estimated reading time":"4 minutes"},"schema":{"@context":"https:\/\/schema.org","@graph":[{"@type":"Article","@id":"https:\/\/www.inovallee.com\/rapport-moral-president-innovation-technopole\/#article","isPartOf":{"@id":"https:\/\/www.inovallee.com\/rapport-moral-president-innovation-technopole\/"},"author":{"name":"Claire Chanterelle","@id":"https:\/\/www.inovallee.com\/#\/schema\/person\/6cdcf0ed58ac3e1ef08041bdf7815902"},"headline":"Innover, oui. Mais dans quel sens ? La tribune de Laurent Monge, Pr\u00e9sident d\u2019Inovall\u00e9e","datePublished":"2026-04-29T23:01:06+00:00","dateModified":"2026-04-29T23:01:09+00:00","mainEntityOfPage":{"@id":"https:\/\/www.inovallee.com\/rapport-moral-president-innovation-technopole\/"},"wordCount":795,"publisher":{"@id":"https:\/\/www.inovallee.com\/#organization"},"image":{"@id":"https:\/\/www.inovallee.com\/rapport-moral-president-innovation-technopole\/#primaryimage"},"thumbnailUrl":"https:\/\/www.inovallee.com\/wp-content\/uploads\/2026\/04\/image-10.jpeg","articleSection":["Technopole inovall\u00e9e","Vie de la technopole inovall\u00e9e"],"inLanguage":"en-GB"},{"@type":"WebPage","@id":"https:\/\/www.inovallee.com\/rapport-moral-president-innovation-technopole\/","url":"https:\/\/www.inovallee.com\/rapport-moral-president-innovation-technopole\/","name":"Innover, oui. Mais dans quel sens ? La tribune de Laurent Monge, Pr\u00e9sident d\u2019Inovall\u00e9e - inovall\u00e9e","isPartOf":{"@id":"https:\/\/www.inovallee.com\/#website"},"primaryImageOfPage":{"@id":"https:\/\/www.inovallee.com\/rapport-moral-president-innovation-technopole\/#primaryimage"},"image":{"@id":"https:\/\/www.inovallee.com\/rapport-moral-president-innovation-technopole\/#primaryimage"},"thumbnailUrl":"https:\/\/www.inovallee.com\/wp-content\/uploads\/2026\/04\/image-10.jpeg","datePublished":"2026-04-29T23:01:06+00:00","dateModified":"2026-04-29T23:01:09+00:00","description":"Dans un contexte de transitions multiples, le Pr\u00e9sident revient sur les temps forts de l\u2019ann\u00e9e et les actions men\u00e9es pour une innovation responsable et collective.","breadcrumb":{"@id":"https:\/\/www.inovallee.com\/rapport-moral-president-innovation-technopole\/#breadcrumb"},"inLanguage":"en-GB","potentialAction":[{"@type":"ReadAction","target":["https:\/\/www.inovallee.com\/rapport-moral-president-innovation-technopole\/"]}]},{"@type":"ImageObject","inLanguage":"en-GB","@id":"https:\/\/www.inovallee.com\/rapport-moral-president-innovation-technopole\/#primaryimage","url":"https:\/\/www.inovallee.com\/wp-content\/uploads\/2026\/04\/image-10.jpeg","contentUrl":"https:\/\/www.inovallee.com\/wp-content\/uploads\/2026\/04\/image-10.jpeg","width":757,"height":504},{"@type":"BreadcrumbList","@id":"https:\/\/www.inovallee.com\/rapport-moral-president-innovation-technopole\/#breadcrumb","itemListElement":[{"@type":"ListItem","position":1,"name":"Accueil","item":"https:\/\/www.inovallee.com\/"},{"@type":"ListItem","position":2,"name":"Innover, oui. Mais dans quel sens ? La tribune de Laurent Monge, Pr\u00e9sident d\u2019Inovall\u00e9e"}]},{"@type":"WebSite","@id":"https:\/\/www.inovallee.com\/#website","url":"https:\/\/www.inovallee.com\/","name":"inovall\u00e9e technopole, Home to software & smart technologies","description":"Home to software &amp; smart technologies","publisher":{"@id":"https:\/\/www.inovallee.com\/#organization"},"potentialAction":[{"@type":"SearchAction","target":{"@type":"EntryPoint","urlTemplate":"https:\/\/www.inovallee.com\/?s={search_term_string}"},"query-input":{"@type":"PropertyValueSpecification","valueRequired":true,"valueName":"search_term_string"}}],"inLanguage":"en-GB"},{"@type":"Organization","@id":"https:\/\/www.inovallee.com\/#organization","name":"inovall\u00e9e","url":"https:\/\/www.inovallee.com\/","logo":{"@type":"ImageObject","inLanguage":"en-GB","@id":"https:\/\/www.inovallee.com\/#\/schema\/logo\/image\/","url":"https:\/\/www.inovallee.com\/wp-content\/uploads\/2023\/08\/inovallee_2022_GrenobleAlpes.png","contentUrl":"https:\/\/www.inovallee.com\/wp-content\/uploads\/2023\/08\/inovallee_2022_GrenobleAlpes.png","width":945,"height":369,"caption":"inovall\u00e9e"},"image":{"@id":"https:\/\/www.inovallee.com\/#\/schema\/logo\/image\/"},"sameAs":["https:\/\/www.facebook.com\/technopoleinovallee\/","https:\/\/x.com\/inovallee","https:\/\/www.linkedin.com\/company\/inovall-e\/","https:\/\/www.youtube.com\/user\/inovallee?reload=9"]},{"@type":"Person","@id":"https:\/\/www.inovallee.com\/#\/schema\/person\/6cdcf0ed58ac3e1ef08041bdf7815902","name":"Claire Chanterelle"}]}},"_links":{"self":[{"href":"https:\/\/www.inovallee.com\/en\/wp-json\/wp\/v2\/posts\/63901","targetHints":{"allow":["GET"]}}],"collection":[{"href":"https:\/\/www.inovallee.com\/en\/wp-json\/wp\/v2\/posts"}],"about":[{"href":"https:\/\/www.inovallee.com\/en\/wp-json\/wp\/v2\/types\/post"}],"author":[{"embeddable":true,"href":"https:\/\/www.inovallee.com\/en\/wp-json\/wp\/v2\/users\/4"}],"replies":[{"embeddable":true,"href":"https:\/\/www.inovallee.com\/en\/wp-json\/wp\/v2\/comments?post=63901"}],"version-history":[{"count":1,"href":"https:\/\/www.inovallee.com\/en\/wp-json\/wp\/v2\/posts\/63901\/revisions"}],"predecessor-version":[{"id":63904,"href":"https:\/\/www.inovallee.com\/en\/wp-json\/wp\/v2\/posts\/63901\/revisions\/63904"}],"wp:featuredmedia":[{"embeddable":true,"href":"https:\/\/www.inovallee.com\/en\/wp-json\/wp\/v2\/media\/63902"}],"wp:attachment":[{"href":"https:\/\/www.inovallee.com\/en\/wp-json\/wp\/v2\/media?parent=63901"}],"wp:term":[{"taxonomy":"category","embeddable":true,"href":"https:\/\/www.inovallee.com\/en\/wp-json\/wp\/v2\/categories?post=63901"},{"taxonomy":"post_tag","embeddable":true,"href":"https:\/\/www.inovallee.com\/en\/wp-json\/wp\/v2\/tags?post=63901"}],"curies":[{"name":"wp","href":"https:\/\/api.w.org\/{rel}","templated":true}]}}