{"id":63905,"date":"2026-04-30T01:21:40","date_gmt":"2026-04-29T23:21:40","guid":{"rendered":"https:\/\/www.inovallee.com\/?p=63905"},"modified":"2026-04-30T01:21:41","modified_gmt":"2026-04-29T23:21:41","slug":"inauguration-kercia-croissance","status":"publish","type":"post","link":"https:\/\/www.inovallee.com\/en\/inauguration-kercia-croissance\/","title":{"rendered":"Kercia inaugure ses nouveaux locaux au Bin\u00f4me et affirme ses ambitions de croissance sur Inovall\u00e9e\u00a0: devenir le num\u00e9ro un du vote \u00e9lectronique en France, en restant fid\u00e8le \u00e0 ses valeurs d\u2019une entreprise o\u00f9 il fait bon vivre"},"content":{"rendered":"<p>Jeudi 23 avril, <a href=\"https:\/\/www.kercia.com\/\">Kercia <\/a>inaugurait ses nouveaux locaux au Bin\u00f4me, programme immobilier neuf fra\u00eechement livr\u00e9 sur Inovall\u00e9e, en pr\u00e9sence d\u2019une centaine d\u2019invit\u00e9s \u2013 partenaires, clients, \u00e9lus et acteurs de l\u2019\u00e9cosyst\u00e8me. Une \u00e9tape symbolique pour cette entreprise sp\u00e9cialiste du vote \u00e9lectronique, qui accompagne depuis bient\u00f4t vingt ans les organisations fran\u00e7aises dans leurs enjeux d\u00e9mocratiques et de gouvernance.<\/p>\n\n\n\n<p>Kercia est d\u00e9sormais install\u00e9e sur 800 m\u00b2 de bureaux neufs \u00e9coresponsables au 5\u1d49 \u00e9tage du b\u00e2timent, avec une vue imprenable sur les montagnes depuis son rooftop ! Les espaces ont \u00e9t\u00e9 pens\u00e9s pour accompagner la croissance de l\u2019entreprise, tout en restant fid\u00e8le \u00e0 ce qui fait son ADN : un cadre de travail collaboratif, durable et ouvert. Deux tiers des locaux sont aujourd\u2019hui occup\u00e9s par Kercia, le dernier tiers \u00e9tant propos\u00e9 \u00e0 la location, dont une partie d\u00e9j\u00e0 investie par Tknoweb.<\/p>\n\n\n\n<h3 class=\"wp-block-heading\">Une entreprise en croissance, sans renoncer \u00e0 son esprit<\/h3>\n\n\n\n<p>Kercia compte aujourd\u2019hui 70 collaborateurs, dont 59 bas\u00e9s \u00e0 Meylan et une \u00e9quipe d\u2019une vingtaine de personnes \u00e0 Paris. Une \u00e9quipe soud\u00e9e, engag\u00e9e, et fid\u00e8le : certains collaborateurs sont pr\u00e9sents depuis plus de quinze ans, signe d\u2019une culture d\u2019entreprise forte et durable.<br>L\u2019an prochain, Kercia c\u00e9l\u00e8brera d\u2019ailleurs ses 20 ans, avec une ambition claire : continuer \u00e0 grandir sans perdre \u201cl\u2019esprit kercien\u201d, fait d\u2019engagement, de sens et de confiance.<\/p>\n\n\n\n<p>Avec 5 000 clients en France, un taux de 98 % de satisfaction et une fid\u00e9lit\u00e9 client exceptionnelle, l\u2019entreprise confirme la solidit\u00e9 de son mod\u00e8le. Sa gouvernance repose sur 15 associ\u00e9s, m\u00ealant dirigeants, salari\u00e9s et partenaires financiers, dont Siparex et BNP Paribas D\u00e9veloppement, engag\u00e9s dans la dur\u00e9e aux c\u00f4t\u00e9s de l\u2019entreprise.<\/p>\n\n\n\n<h3 class=\"wp-block-heading\">S\u00e9curit\u00e9, innovation et diff\u00e9renciation<\/h3>\n\n\n\n<p>Dans un contexte d\u2019exigences r\u00e9glementaires et de cybers\u00e9curit\u00e9 de plus en plus fortes, Kercia se distingue clairement sur son march\u00e9. Elle est aujourd\u2019hui le seul prestataire de vote \u00e9lectronique en France certifi\u00e9 ISO 27001, faisant de la s\u00e9curit\u00e9 un axe central de diff\u00e9renciation. Un crit\u00e8re d\u00e9sormais d\u00e9terminant pour ses clients, confront\u00e9s \u00e0 des attentes croissantes en mati\u00e8re de protection des donn\u00e9es et de fiabilit\u00e9 des processus.<\/p>\n\n\n\n<p>Cette exigence se traduit aussi dans les d\u00e9marches RSE de l\u2019entreprise. Engag\u00e9e dans une trajectoire Ecovadis ambitieuse, Kercia affiche d\u00e9j\u00e0 une m\u00e9daille Argent, apr\u00e8s plusieurs Bronze, et vise clairement l\u2019Or d\u2019ici juin.<\/p>\n\n\n\n<figure class=\"wp-block-image size-full\"><img fetchpriority=\"high\" decoding=\"async\" width=\"756\" height=\"567\" src=\"https:\/\/www.inovallee.com\/wp-content\/uploads\/2026\/04\/image-12.jpeg\" alt=\"\" class=\"wp-image-63907\" srcset=\"https:\/\/www.inovallee.com\/wp-content\/uploads\/2026\/04\/image-12.jpeg 756w, https:\/\/www.inovallee.com\/wp-content\/uploads\/2026\/04\/image-12-300x225.jpeg 300w, https:\/\/www.inovallee.com\/wp-content\/uploads\/2026\/04\/image-12-16x12.jpeg 16w\" sizes=\"(max-width: 756px) 100vw, 756px\" \/><\/figure>\n\n\n\n<h3 class=\"wp-block-heading\">Cap sur les 10 millions d\u2019euros et 100 collaborateurs<\/h3>\n\n\n\n<p>L\u2019inauguration a \u00e9galement \u00e9t\u00e9 l\u2019occasion de partager les ambitions \u00e0 moyen terme. Kercia pr\u00e9voit 20 recrutements, dont 10 d\u00e9j\u00e0 r\u00e9alis\u00e9s cette ann\u00e9e, et affiche un objectif de 10 millions d\u2019euros de chiffre d\u2019affaires.<br>Autre temps fort r\u00e9cent : le lancement du nouveau site web, mis en ligne le mardi 26 avril, fruit d\u2019un travail de fond mobilisant largement les \u00e9quipes.<\/p>\n\n\n\n<p>Enfin, les regards sont d\u00e9j\u00e0 tourn\u00e9s vers l\u2019avenir avec le d\u00e9veloppement de Privilege 2, nouvelle version de la plateforme historique de Kercia, pr\u00e9vue pour 2027. Ce projet structurant, port\u00e9 depuis deux ans, int\u00e9grera les derni\u00e8res innovations technologiques, les meilleures recommandations en cybers\u00e9curit\u00e9 et une exp\u00e9rience utilisateur repens\u00e9e, aussi bien pour les clients que pour l\u2019efficacit\u00e9 interne. Les premi\u00e8res d\u00e9monstrations sont prometteuses et annoncent une \u00e9volution majeure du march\u00e9.<\/p>\n\n\n\n<p>\u00ab\u202fNotre objectif est simple\u202f\u00bb, r\u00e9sume l\u2019\u00e9quipe dirigeante : devenir le num\u00e9ro un du vote \u00e9lectronique en France, au sein d\u2019une entreprise o\u00f9 il fait bon vivre, capable d\u2019atteindre 100 collaborateurs sans renier ses valeurs fondatrices.<\/p>","protected":false},"excerpt":{"rendered":"<p>Jeudi 23 avril, Kercia inaugurait ses nouveaux locaux au Bin\u00f4me, programme immobilier neuf fra\u00eechement livr\u00e9 sur Inovall\u00e9e, en pr\u00e9sence d\u2019une centaine d\u2019invit\u00e9s \u2013 partenaires, clients, \u00e9lus et acteurs de l\u2019\u00e9cosyst\u00e8me. Une \u00e9tape symbolique pour cette entreprise sp\u00e9cialiste du vote \u00e9lectronique, qui accompagne depuis bient\u00f4t vingt ans les organisations fran\u00e7aises dans leurs enjeux d\u00e9mocratiques et de [&hellip;]<\/p>\n","protected":false},"author":4,"featured_media":63906,"comment_status":"closed","ping_status":"open","sticky":false,"template":"","format":"standard","meta":{"footnotes":""},"categories":[28,29],"tags":[],"class_list":["post-63905","post","type-post","status-publish","format-standard","has-post-thumbnail","hentry","category-actus-entreprises","category-evenements"],"yoast_head":"<!-- This site is optimized with the Yoast SEO plugin v27.4 - https:\/\/yoast.com\/product\/yoast-seo-wordpress\/ -->\n<title>Kercia inaugure ses nouveaux locaux au Bin\u00f4me et affirme ses ambitions de croissance sur Inovall\u00e9e\u00a0: devenir le num\u00e9ro un du vote \u00e9lectronique en France, en restant fid\u00e8le \u00e0 ses valeurs d\u2019une entreprise o\u00f9 il fait bon vivre - inovall\u00e9e<\/title>\n<meta name=\"description\" content=\"Kercia profite de l&#039;inauguration de ses nouveaux bureaux sur inovall\u00e9e pour partager ses ambitions : devenir leader du vote \u00e9lectronique en France\" \/>\n<meta name=\"robots\" content=\"index, follow, max-snippet:-1, max-image-preview:large, max-video-preview:-1\" \/>\n<link rel=\"canonical\" href=\"https:\/\/www.inovallee.com\/en\/inauguration-kercia-croissance\/\" \/>\n<meta property=\"og:locale\" content=\"en_GB\" \/>\n<meta property=\"og:type\" content=\"article\" \/>\n<meta property=\"og:title\" content=\"Kercia inaugure ses nouveaux locaux au Bin\u00f4me et affirme ses ambitions de croissance sur Inovall\u00e9e\u00a0: devenir le num\u00e9ro un du vote \u00e9lectronique en France, en restant fid\u00e8le \u00e0 ses valeurs d\u2019une entreprise o\u00f9 il fait bon vivre - inovall\u00e9e\" \/>\n<meta property=\"og:description\" content=\"Kercia profite de l&#039;inauguration de ses nouveaux bureaux sur inovall\u00e9e pour partager ses ambitions : devenir leader du vote \u00e9lectronique en France\" \/>\n<meta property=\"og:url\" content=\"https:\/\/www.inovallee.com\/en\/inauguration-kercia-croissance\/\" \/>\n<meta property=\"og:site_name\" content=\"inovall\u00e9e\" \/>\n<meta property=\"article:publisher\" content=\"https:\/\/www.facebook.com\/technopoleinovallee\/\" \/>\n<meta property=\"article:published_time\" content=\"2026-04-29T23:21:40+00:00\" \/>\n<meta property=\"article:modified_time\" content=\"2026-04-29T23:21:41+00:00\" \/>\n<meta property=\"og:image\" content=\"https:\/\/www.inovallee.com\/wp-content\/uploads\/2026\/04\/image-11.jpeg\" \/>\n\t<meta property=\"og:image:width\" content=\"756\" \/>\n\t<meta property=\"og:image:height\" content=\"567\" \/>\n\t<meta property=\"og:image:type\" content=\"image\/jpeg\" \/>\n<meta name=\"author\" content=\"Claire Chanterelle\" \/>\n<meta name=\"twitter:card\" content=\"summary_large_image\" \/>\n<meta name=\"twitter:creator\" content=\"@inovallee\" \/>\n<meta name=\"twitter:site\" content=\"@inovallee\" \/>\n<meta name=\"twitter:label1\" content=\"Written by\" \/>\n\t<meta name=\"twitter:data1\" content=\"Claire Chanterelle\" \/>\n\t<meta name=\"twitter:label2\" content=\"Estimated reading time\" \/>\n\t<meta name=\"twitter:data2\" content=\"4 minutes\" \/>\n<script type=\"application\/ld+json\" class=\"yoast-schema-graph\">{\"@context\":\"https:\\\/\\\/schema.org\",\"@graph\":[{\"@type\":\"Article\",\"@id\":\"https:\\\/\\\/www.inovallee.com\\\/inauguration-kercia-croissance\\\/#article\",\"isPartOf\":{\"@id\":\"https:\\\/\\\/www.inovallee.com\\\/inauguration-kercia-croissance\\\/\"},\"author\":{\"name\":\"Claire Chanterelle\",\"@id\":\"https:\\\/\\\/www.inovallee.com\\\/#\\\/schema\\\/person\\\/6cdcf0ed58ac3e1ef08041bdf7815902\"},\"headline\":\"Kercia inaugure ses nouveaux locaux au Bin\u00f4me et affirme ses ambitions de croissance sur Inovall\u00e9e\u00a0: devenir le num\u00e9ro un du vote \u00e9lectronique en France, en restant fid\u00e8le \u00e0 ses valeurs d\u2019une entreprise o\u00f9 il fait bon vivre\",\"datePublished\":\"2026-04-29T23:21:40+00:00\",\"dateModified\":\"2026-04-29T23:21:41+00:00\",\"mainEntityOfPage\":{\"@id\":\"https:\\\/\\\/www.inovallee.com\\\/inauguration-kercia-croissance\\\/\"},\"wordCount\":646,\"publisher\":{\"@id\":\"https:\\\/\\\/www.inovallee.com\\\/#organization\"},\"image\":{\"@id\":\"https:\\\/\\\/www.inovallee.com\\\/inauguration-kercia-croissance\\\/#primaryimage\"},\"thumbnailUrl\":\"https:\\\/\\\/www.inovallee.com\\\/wp-content\\\/uploads\\\/2026\\\/04\\\/image-11.jpeg\",\"articleSection\":[\"Sucess stories des entreprises d'inovall\u00e9e\",\"Technopole inovall\u00e9e\"],\"inLanguage\":\"en-GB\"},{\"@type\":\"WebPage\",\"@id\":\"https:\\\/\\\/www.inovallee.com\\\/inauguration-kercia-croissance\\\/\",\"url\":\"https:\\\/\\\/www.inovallee.com\\\/inauguration-kercia-croissance\\\/\",\"name\":\"Kercia inaugure ses nouveaux locaux au Bin\u00f4me et affirme ses ambitions de croissance sur Inovall\u00e9e\u00a0: devenir le num\u00e9ro un du vote \u00e9lectronique en France, en restant fid\u00e8le \u00e0 ses valeurs d\u2019une entreprise o\u00f9 il fait bon vivre - inovall\u00e9e\",\"isPartOf\":{\"@id\":\"https:\\\/\\\/www.inovallee.com\\\/#website\"},\"primaryImageOfPage\":{\"@id\":\"https:\\\/\\\/www.inovallee.com\\\/inauguration-kercia-croissance\\\/#primaryimage\"},\"image\":{\"@id\":\"https:\\\/\\\/www.inovallee.com\\\/inauguration-kercia-croissance\\\/#primaryimage\"},\"thumbnailUrl\":\"https:\\\/\\\/www.inovallee.com\\\/wp-content\\\/uploads\\\/2026\\\/04\\\/image-11.jpeg\",\"datePublished\":\"2026-04-29T23:21:40+00:00\",\"dateModified\":\"2026-04-29T23:21:41+00:00\",\"description\":\"Kercia profite de l'inauguration de ses nouveaux bureaux sur inovall\u00e9e pour partager ses ambitions : devenir leader du vote \u00e9lectronique en France\",\"breadcrumb\":{\"@id\":\"https:\\\/\\\/www.inovallee.com\\\/inauguration-kercia-croissance\\\/#breadcrumb\"},\"inLanguage\":\"en-GB\",\"potentialAction\":[{\"@type\":\"ReadAction\",\"target\":[\"https:\\\/\\\/www.inovallee.com\\\/inauguration-kercia-croissance\\\/\"]}]},{\"@type\":\"ImageObject\",\"inLanguage\":\"en-GB\",\"@id\":\"https:\\\/\\\/www.inovallee.com\\\/inauguration-kercia-croissance\\\/#primaryimage\",\"url\":\"https:\\\/\\\/www.inovallee.com\\\/wp-content\\\/uploads\\\/2026\\\/04\\\/image-11.jpeg\",\"contentUrl\":\"https:\\\/\\\/www.inovallee.com\\\/wp-content\\\/uploads\\\/2026\\\/04\\\/image-11.jpeg\",\"width\":756,\"height\":567},{\"@type\":\"BreadcrumbList\",\"@id\":\"https:\\\/\\\/www.inovallee.com\\\/inauguration-kercia-croissance\\\/#breadcrumb\",\"itemListElement\":[{\"@type\":\"ListItem\",\"position\":1,\"name\":\"Accueil\",\"item\":\"https:\\\/\\\/www.inovallee.com\\\/\"},{\"@type\":\"ListItem\",\"position\":2,\"name\":\"Kercia inaugure ses nouveaux locaux au Bin\u00f4me et affirme ses ambitions de croissance sur Inovall\u00e9e\u00a0: devenir le num\u00e9ro un du vote \u00e9lectronique en France, en restant fid\u00e8le \u00e0 ses valeurs d\u2019une entreprise o\u00f9 il fait bon vivre\"}]},{\"@type\":\"WebSite\",\"@id\":\"https:\\\/\\\/www.inovallee.com\\\/#website\",\"url\":\"https:\\\/\\\/www.inovallee.com\\\/\",\"name\":\"inovall\u00e9e technopole, Home to software & smart technologies\",\"description\":\"Home to software &amp; smart technologies\",\"publisher\":{\"@id\":\"https:\\\/\\\/www.inovallee.com\\\/#organization\"},\"potentialAction\":[{\"@type\":\"SearchAction\",\"target\":{\"@type\":\"EntryPoint\",\"urlTemplate\":\"https:\\\/\\\/www.inovallee.com\\\/?s={search_term_string}\"},\"query-input\":{\"@type\":\"PropertyValueSpecification\",\"valueRequired\":true,\"valueName\":\"search_term_string\"}}],\"inLanguage\":\"en-GB\"},{\"@type\":\"Organization\",\"@id\":\"https:\\\/\\\/www.inovallee.com\\\/#organization\",\"name\":\"inovall\u00e9e\",\"url\":\"https:\\\/\\\/www.inovallee.com\\\/\",\"logo\":{\"@type\":\"ImageObject\",\"inLanguage\":\"en-GB\",\"@id\":\"https:\\\/\\\/www.inovallee.com\\\/#\\\/schema\\\/logo\\\/image\\\/\",\"url\":\"https:\\\/\\\/www.inovallee.com\\\/wp-content\\\/uploads\\\/2023\\\/08\\\/inovallee_2022_GrenobleAlpes.png\",\"contentUrl\":\"https:\\\/\\\/www.inovallee.com\\\/wp-content\\\/uploads\\\/2023\\\/08\\\/inovallee_2022_GrenobleAlpes.png\",\"width\":945,\"height\":369,\"caption\":\"inovall\u00e9e\"},\"image\":{\"@id\":\"https:\\\/\\\/www.inovallee.com\\\/#\\\/schema\\\/logo\\\/image\\\/\"},\"sameAs\":[\"https:\\\/\\\/www.facebook.com\\\/technopoleinovallee\\\/\",\"https:\\\/\\\/x.com\\\/inovallee\",\"https:\\\/\\\/www.linkedin.com\\\/company\\\/inovall-e\\\/\",\"https:\\\/\\\/www.youtube.com\\\/user\\\/inovallee?reload=9\"]},{\"@type\":\"Person\",\"@id\":\"https:\\\/\\\/www.inovallee.com\\\/#\\\/schema\\\/person\\\/6cdcf0ed58ac3e1ef08041bdf7815902\",\"name\":\"Claire Chanterelle\"}]}<\/script>\n<!-- \/ Yoast SEO plugin. -->","yoast_head_json":{"title":"Kercia inaugure ses nouveaux locaux au Bin\u00f4me et affirme ses ambitions de croissance sur Inovall\u00e9e\u00a0: devenir le num\u00e9ro un du vote \u00e9lectronique en France, en restant fid\u00e8le \u00e0 ses valeurs d\u2019une entreprise o\u00f9 il fait bon vivre - inovall\u00e9e","description":"Kercia profite de l'inauguration de ses nouveaux bureaux sur inovall\u00e9e pour partager ses ambitions : devenir leader du vote \u00e9lectronique en France","robots":{"index":"index","follow":"follow","max-snippet":"max-snippet:-1","max-image-preview":"max-image-preview:large","max-video-preview":"max-video-preview:-1"},"canonical":"https:\/\/www.inovallee.com\/en\/inauguration-kercia-croissance\/","og_locale":"en_GB","og_type":"article","og_title":"Kercia inaugure ses nouveaux locaux au Bin\u00f4me et affirme ses ambitions de croissance sur Inovall\u00e9e\u00a0: devenir le num\u00e9ro un du vote \u00e9lectronique en France, en restant fid\u00e8le \u00e0 ses valeurs d\u2019une entreprise o\u00f9 il fait bon vivre - inovall\u00e9e","og_description":"Kercia profite de l'inauguration de ses nouveaux bureaux sur inovall\u00e9e pour partager ses ambitions : devenir leader du vote \u00e9lectronique en France","og_url":"https:\/\/www.inovallee.com\/en\/inauguration-kercia-croissance\/","og_site_name":"inovall\u00e9e","article_publisher":"https:\/\/www.facebook.com\/technopoleinovallee\/","article_published_time":"2026-04-29T23:21:40+00:00","article_modified_time":"2026-04-29T23:21:41+00:00","og_image":[{"width":756,"height":567,"url":"https:\/\/www.inovallee.com\/wp-content\/uploads\/2026\/04\/image-11.jpeg","type":"image\/jpeg"}],"author":"Claire Chanterelle","twitter_card":"summary_large_image","twitter_creator":"@inovallee","twitter_site":"@inovallee","twitter_misc":{"Written by":"Claire Chanterelle","Estimated reading time":"4 minutes"},"schema":{"@context":"https:\/\/schema.org","@graph":[{"@type":"Article","@id":"https:\/\/www.inovallee.com\/inauguration-kercia-croissance\/#article","isPartOf":{"@id":"https:\/\/www.inovallee.com\/inauguration-kercia-croissance\/"},"author":{"name":"Claire Chanterelle","@id":"https:\/\/www.inovallee.com\/#\/schema\/person\/6cdcf0ed58ac3e1ef08041bdf7815902"},"headline":"Kercia inaugure ses nouveaux locaux au Bin\u00f4me et affirme ses ambitions de croissance sur Inovall\u00e9e\u00a0: devenir le num\u00e9ro un du vote \u00e9lectronique en France, en restant fid\u00e8le \u00e0 ses valeurs d\u2019une entreprise o\u00f9 il fait bon vivre","datePublished":"2026-04-29T23:21:40+00:00","dateModified":"2026-04-29T23:21:41+00:00","mainEntityOfPage":{"@id":"https:\/\/www.inovallee.com\/inauguration-kercia-croissance\/"},"wordCount":646,"publisher":{"@id":"https:\/\/www.inovallee.com\/#organization"},"image":{"@id":"https:\/\/www.inovallee.com\/inauguration-kercia-croissance\/#primaryimage"},"thumbnailUrl":"https:\/\/www.inovallee.com\/wp-content\/uploads\/2026\/04\/image-11.jpeg","articleSection":["Sucess stories des entreprises d'inovall\u00e9e","Technopole inovall\u00e9e"],"inLanguage":"en-GB"},{"@type":"WebPage","@id":"https:\/\/www.inovallee.com\/inauguration-kercia-croissance\/","url":"https:\/\/www.inovallee.com\/inauguration-kercia-croissance\/","name":"Kercia inaugure ses nouveaux locaux au Bin\u00f4me et affirme ses ambitions de croissance sur Inovall\u00e9e\u00a0: devenir le num\u00e9ro un du vote \u00e9lectronique en France, en restant fid\u00e8le \u00e0 ses valeurs d\u2019une entreprise o\u00f9 il fait bon vivre - inovall\u00e9e","isPartOf":{"@id":"https:\/\/www.inovallee.com\/#website"},"primaryImageOfPage":{"@id":"https:\/\/www.inovallee.com\/inauguration-kercia-croissance\/#primaryimage"},"image":{"@id":"https:\/\/www.inovallee.com\/inauguration-kercia-croissance\/#primaryimage"},"thumbnailUrl":"https:\/\/www.inovallee.com\/wp-content\/uploads\/2026\/04\/image-11.jpeg","datePublished":"2026-04-29T23:21:40+00:00","dateModified":"2026-04-29T23:21:41+00:00","description":"Kercia profite de l'inauguration de ses nouveaux bureaux sur inovall\u00e9e pour partager ses ambitions : devenir leader du vote \u00e9lectronique en France","breadcrumb":{"@id":"https:\/\/www.inovallee.com\/inauguration-kercia-croissance\/#breadcrumb"},"inLanguage":"en-GB","potentialAction":[{"@type":"ReadAction","target":["https:\/\/www.inovallee.com\/inauguration-kercia-croissance\/"]}]},{"@type":"ImageObject","inLanguage":"en-GB","@id":"https:\/\/www.inovallee.com\/inauguration-kercia-croissance\/#primaryimage","url":"https:\/\/www.inovallee.com\/wp-content\/uploads\/2026\/04\/image-11.jpeg","contentUrl":"https:\/\/www.inovallee.com\/wp-content\/uploads\/2026\/04\/image-11.jpeg","width":756,"height":567},{"@type":"BreadcrumbList","@id":"https:\/\/www.inovallee.com\/inauguration-kercia-croissance\/#breadcrumb","itemListElement":[{"@type":"ListItem","position":1,"name":"Accueil","item":"https:\/\/www.inovallee.com\/"},{"@type":"ListItem","position":2,"name":"Kercia inaugure ses nouveaux locaux au Bin\u00f4me et affirme ses ambitions de croissance sur Inovall\u00e9e\u00a0: devenir le num\u00e9ro un du vote \u00e9lectronique en France, en restant fid\u00e8le \u00e0 ses valeurs d\u2019une entreprise o\u00f9 il fait bon vivre"}]},{"@type":"WebSite","@id":"https:\/\/www.inovallee.com\/#website","url":"https:\/\/www.inovallee.com\/","name":"inovall\u00e9e technopole, Home to software & smart technologies","description":"Home to software &amp; smart technologies","publisher":{"@id":"https:\/\/www.inovallee.com\/#organization"},"potentialAction":[{"@type":"SearchAction","target":{"@type":"EntryPoint","urlTemplate":"https:\/\/www.inovallee.com\/?s={search_term_string}"},"query-input":{"@type":"PropertyValueSpecification","valueRequired":true,"valueName":"search_term_string"}}],"inLanguage":"en-GB"},{"@type":"Organization","@id":"https:\/\/www.inovallee.com\/#organization","name":"inovall\u00e9e","url":"https:\/\/www.inovallee.com\/","logo":{"@type":"ImageObject","inLanguage":"en-GB","@id":"https:\/\/www.inovallee.com\/#\/schema\/logo\/image\/","url":"https:\/\/www.inovallee.com\/wp-content\/uploads\/2023\/08\/inovallee_2022_GrenobleAlpes.png","contentUrl":"https:\/\/www.inovallee.com\/wp-content\/uploads\/2023\/08\/inovallee_2022_GrenobleAlpes.png","width":945,"height":369,"caption":"inovall\u00e9e"},"image":{"@id":"https:\/\/www.inovallee.com\/#\/schema\/logo\/image\/"},"sameAs":["https:\/\/www.facebook.com\/technopoleinovallee\/","https:\/\/x.com\/inovallee","https:\/\/www.linkedin.com\/company\/inovall-e\/","https:\/\/www.youtube.com\/user\/inovallee?reload=9"]},{"@type":"Person","@id":"https:\/\/www.inovallee.com\/#\/schema\/person\/6cdcf0ed58ac3e1ef08041bdf7815902","name":"Claire Chanterelle"}]}},"_links":{"self":[{"href":"https:\/\/www.inovallee.com\/en\/wp-json\/wp\/v2\/posts\/63905","targetHints":{"allow":["GET"]}}],"collection":[{"href":"https:\/\/www.inovallee.com\/en\/wp-json\/wp\/v2\/posts"}],"about":[{"href":"https:\/\/www.inovallee.com\/en\/wp-json\/wp\/v2\/types\/post"}],"author":[{"embeddable":true,"href":"https:\/\/www.inovallee.com\/en\/wp-json\/wp\/v2\/users\/4"}],"replies":[{"embeddable":true,"href":"https:\/\/www.inovallee.com\/en\/wp-json\/wp\/v2\/comments?post=63905"}],"version-history":[{"count":1,"href":"https:\/\/www.inovallee.com\/en\/wp-json\/wp\/v2\/posts\/63905\/revisions"}],"predecessor-version":[{"id":63908,"href":"https:\/\/www.inovallee.com\/en\/wp-json\/wp\/v2\/posts\/63905\/revisions\/63908"}],"wp:featuredmedia":[{"embeddable":true,"href":"https:\/\/www.inovallee.com\/en\/wp-json\/wp\/v2\/media\/63906"}],"wp:attachment":[{"href":"https:\/\/www.inovallee.com\/en\/wp-json\/wp\/v2\/media?parent=63905"}],"wp:term":[{"taxonomy":"category","embeddable":true,"href":"https:\/\/www.inovallee.com\/en\/wp-json\/wp\/v2\/categories?post=63905"},{"taxonomy":"post_tag","embeddable":true,"href":"https:\/\/www.inovallee.com\/en\/wp-json\/wp\/v2\/tags?post=63905"}],"curies":[{"name":"wp","href":"https:\/\/api.w.org\/{rel}","templated":true}]}}