{"id":7124,"date":"2016-05-19T10:59:49","date_gmt":"2016-05-19T09:59:49","guid":{"rendered":"https:\/\/www.inovallee.com\/?p=7124"},"modified":"2021-04-09T12:39:07","modified_gmt":"2021-04-09T10:39:07","slug":"rencontre-avec-liborio-panzarella-president-dactoll","status":"publish","type":"post","link":"https:\/\/www.inovallee.com\/en\/rencontre-avec-liborio-panzarella-president-dactoll\/","title":{"rendered":"Rencontre avec Liborio Panzarella, Pr\u00e9sident d&rsquo;ACTOLL"},"content":{"rendered":"<p><a href=\"https:\/\/www.inovallee.com\/wp-content\/uploads\/2016\/05\/blog_une-article-ITV-Liborio-Panzarella.png\"><img fetchpriority=\"high\" decoding=\"async\" class=\"alignleft size-thumbnail wp-image-7125\" src=\"https:\/\/www.inovallee.com\/wp-content\/uploads\/2016\/05\/blog_une-article-ITV-Liborio-Panzarella-300x202.png\" alt=\"blog_une-article ITV Liborio Panzarella\" width=\"300\" height=\"202\" srcset=\"https:\/\/www.inovallee.com\/wp-content\/uploads\/2016\/05\/blog_une-article-ITV-Liborio-Panzarella-300x202.png 300w, https:\/\/www.inovallee.com\/wp-content\/uploads\/2016\/05\/blog_une-article-ITV-Liborio-Panzarella.png 305w\" sizes=\"(max-width: 300px) 100vw, 300px\" \/><\/a><\/p>\n<ul>\n<li style=\"text-align: justify;\"><strong>Comment a d\u00e9marr\u00e9 l\u2019histoire d\u2019ACTOLL\u00a0?<\/strong><\/li>\n<\/ul>\n<p style=\"text-align: justify;\">L\u2019entreprise a vu le jour en 1996 mais nous n\u2019en avons fait l\u2019acquisition, avec mes associ\u00e9s, qu\u2019en 2003.\u00a0 Aujourd\u2019hui, l\u2019entreprise Actoll compte 55 salari\u00e9s dont une vingtaine de collaborateurs qui sont r\u00e9partis en r\u00e9gion dans l\u2019administration et l\u2019exploitation de syst\u00e8mes de billettiques pour les transports publics.<\/p>\n<ul style=\"text-align: justify;\">\n<li><strong>3 mots pour pr\u00e9senter votre activit\u00e9 \u2026<\/strong><\/li>\n<\/ul>\n<p style=\"text-align: justify;\">L\u2019entreprise d\u00e9veloppe des solutions logicielles et mat\u00e9rielles ainsi que les services associ\u00e9s dans les domaines du transport public, du p\u00e9age autoroutier et de la mon\u00e9tique. Historiquement, Actoll \u00e9laborait des syst\u00e8mes d\u2019information pour des soci\u00e9t\u00e9s d\u2019autoroutes. Ce n\u2019est que plus tard que les activit\u00e9s se sont \u00e9largies \u00e0 la billettique (billetterie informatis\u00e9e) et \u00e0 l\u2019activit\u00e9 de mon\u00e9tique.<\/p>\n<ul style=\"text-align: justify;\">\n<li><strong>\u00c9tait-ce le m\u00e9tier dont vous r\u00eaviez plus jeune\u00a0?<\/strong><\/li>\n<\/ul>\n<p style=\"text-align: justify;\">J\u2019ai toujours eu envie d\u2019ind\u00e9pendance et d\u2019autonomie. M\u00eame si au d\u00e9part j\u2019ai fait des \u00e9tudes d\u2019ing\u00e9nieur (th\u00e8se de docteur \u00e8s Sciences Automatiques) \u2026 tr\u00e8s loin donc du profil d\u2019entrepreneur. A mes d\u00e9buts, j\u2019ai int\u00e9gr\u00e9 une grande entreprise p\u00e9troli\u00e8re (SHELL France). J\u2019y ai d\u00e9velopp\u00e9 des syst\u00e8mes de simulation pour former les op\u00e9rateurs et pour de l\u2019aide \u00e0 la d\u00e9cision. Ensuite, j\u2019ai eu l\u2019opportunit\u00e9 de reprendre l\u2019entreprise RSI (install\u00e9e sur inovall\u00e9e), que j\u2019ai pilot\u00e9e jusqu\u2019en 2002. Finalement, ce dont je r\u00eavais \u00e9tant plus jeune c\u2019\u00e9tait surtout d\u2019\u00eatre \u00ab\u00a0ma\u00eetre de mon destin\u00a0\u00bb.<\/p>\n<ul style=\"text-align: justify;\">\n<li><strong>Qu\u2019est-ce qui vous pla\u00eet le plus dans votre m\u00e9tier\u00a0?<\/strong><\/li>\n<\/ul>\n<p style=\"text-align: justify;\">Ce qui m\u2019int\u00e9resse c\u2019est de voir l\u2019aboutissement d\u2019un projet, au sens propre du terme. J\u2019aime me dire que nous d\u00e9veloppons quelque chose de concret. Aujourd\u2019hui, avec Actoll nous d\u00e9veloppons des solutions innovantes au service de la performance. C\u2019est notamment l\u2019aboutissement avec \u00ab\u00a0PayBill\u00a0\u00bb et \u00ab\u00a0T-Smart\u00a0\u00bb d\u2019un travail qui a d\u00e9marr\u00e9 il y a quelques ann\u00e9es et qui permet de faciliter la mobilit\u00e9 gr\u00e2ce \u00e0 un ensemble d\u2019\u00e9quipements connect\u00e9s (valideur, portable de contr\u00f4le, pupitre de vente etc.). Finalement, mon m\u00e9tier c\u2019est de faciliter la vie des gens\u00a0!<\/p>\n<ul style=\"text-align: justify;\">\n<li><strong>Justement, pourriez-vous nous parler de ce nouveau proc\u00e9d\u00e9\u00a0?<\/strong><\/li>\n<\/ul>\n<p style=\"text-align: justify;\">Nous venons de d\u00e9velopper un proc\u00e9d\u00e9 exp\u00e9rimental, en partenariat avec la SMTC \/ \u00a0TAG \/ VISA EUROPE \/ TRANSDEV et la CERA, qui est un syst\u00e8me billettique innovant permettant d\u2019acheter son titre de transport dans les bus via un \u00e9quipement de paiement sans contact. Cette nouvelle technologie r\u00e9sulte d\u2019un constat qui a \u00e9t\u00e9 fait il y a environ 4 ans et qui mettait en lumi\u00e8re les freins rencontr\u00e9s par les usagers face aux proc\u00e9dures existantes d\u2019achat de titre de transport (contraignant, perte de temps etc.). \u00a0Tr\u00e8s s\u00e9curis\u00e9, le terminal \u00e0 bord repr\u00e9sente un vrai avantage pour le voyageur occasionnel.<\/p>\n<ul style=\"text-align: justify;\">\n<li><strong>Pourriez-vous nous parler d\u2019un \u00e9v\u00e8nement en particulier qui vous a marqu\u00e9 pendant votre carri\u00e8re ?<\/strong><\/li>\n<\/ul>\n<p style=\"text-align: justify;\">Le dernier fait marquant remonte \u00e0 octobre dernier avec le lancement inaugural de PayBill \u2026 qui va \u00eatre exp\u00e9riment\u00e9 pendant un an dans 25 bus de la ligne Chrono 1. Unique en France, j\u2019esp\u00e8re que ce syst\u00e8me innovant r\u00e9pondra aux nouveaux besoins de mobilit\u00e9. D\u2019ailleurs, il me pla\u00eet d\u2019imaginer que dans le futur nous pourrons d\u00e9velopper davantage de proc\u00e9d\u00e9s avec un syst\u00e8me global de mobilit\u00e9, et qui puisse r\u00e9pondre aussi bien \u00e0 des probl\u00e9matiques de transport public, qu\u2019\u00e0 celles de p\u00e9age urbain et de stationnement via une seule et m\u00eame application \u2026<\/p>\n<ul style=\"text-align: justify;\">\n<li><strong>Quelles sont les perspectives d\u2019avenir pour Actoll\u00a0?<\/strong><\/li>\n<\/ul>\n<p style=\"text-align: justify;\">En lien avec l\u2019industrialisation du terminal, nous venons de lancer un appel d\u2019offres pour d\u00e9ployer nos syst\u00e8mes (PayBill et T-Smart) \u00e0 l\u2019\u00e9chelle nationale et internationale. Nous sommes \u00e9galement \u00e0 ce jour la seule soci\u00e9t\u00e9 qui propose une solution int\u00e9gr\u00e9e de paiement par CB dans le domaine autoroutier et souhaitons continuer \u00e0 maintenir ce niveau d\u2019expertise.<\/p>\n<ul style=\"text-align: justify;\">\n<li><strong>Que conseilleriez-vous \u00e0 de jeunes cr\u00e9ateurs\u00a0?<\/strong><\/li>\n<\/ul>\n<p style=\"text-align: justify;\">Surtout de ne pas se d\u00e9courager\u00a0!\u00a0 Le parcours est difficile, sem\u00e9 d\u2019embuches mais il faut croire en son projet et tout faire pour y arriver. Dans notre syst\u00e8me actuel, les repreneurs sont rarement encourag\u00e9s, il faut donc faire preuve de pugnacit\u00e9 et mettre les \u00ab\u00a0bonnes ressources\u00a0\u00bb en face \u2026 en travaillant dur\u00a0!<\/p>\n<p style=\"text-align: justify;\"><a href=\"http:\/\/www.actoll.com\/\" target=\"_blank\" rel=\"noopener noreferrer\">Pour en savoir + sur ACTOLL<\/a><\/p>","protected":false},"excerpt":{"rendered":"<p>Comment a d\u00e9marr\u00e9 l\u2019histoire d\u2019ACTOLL\u00a0? L\u2019entreprise a vu le jour en 1996 mais nous n\u2019en avons fait l\u2019acquisition, avec mes associ\u00e9s, qu\u2019en 2003.\u00a0 Aujourd\u2019hui, l\u2019entreprise Actoll compte 55 salari\u00e9s dont une vingtaine de collaborateurs qui sont r\u00e9partis en r\u00e9gion dans l\u2019administration et l\u2019exploitation de syst\u00e8mes de billettiques pour les transports publics. 3 mots pour pr\u00e9senter [&hellip;]<\/p>\n","protected":false},"author":6,"featured_media":7125,"comment_status":"closed","ping_status":"open","sticky":false,"template":"","format":"standard","meta":{"footnotes":""},"categories":[62,40],"tags":[401],"class_list":["post-7124","post","type-post","status-publish","format-standard","has-post-thumbnail","hentry","category-paroles-de-dirigeants","category-rh-recrutement","tag-actoll"],"yoast_head":"<!-- This site is optimized with the Yoast SEO plugin v27.4 - https:\/\/yoast.com\/product\/yoast-seo-wordpress\/ -->\n<title>Rencontre avec Liborio Panzarella, Pr\u00e9sident d&#039;ACTOLL - inovall\u00e9e<\/title>\n<meta name=\"robots\" content=\"index, follow, max-snippet:-1, max-image-preview:large, max-video-preview:-1\" \/>\n<link rel=\"canonical\" href=\"https:\/\/www.inovallee.com\/en\/rencontre-avec-liborio-panzarella-president-dactoll\/\" \/>\n<meta property=\"og:locale\" content=\"en_GB\" \/>\n<meta property=\"og:type\" content=\"article\" \/>\n<meta property=\"og:title\" content=\"Rencontre avec Liborio Panzarella, Pr\u00e9sident d&#039;ACTOLL - inovall\u00e9e\" \/>\n<meta property=\"og:description\" content=\"Comment a d\u00e9marr\u00e9 l\u2019histoire d\u2019ACTOLL\u00a0? L\u2019entreprise a vu le jour en 1996 mais nous n\u2019en avons fait l\u2019acquisition, avec mes associ\u00e9s, qu\u2019en 2003.\u00a0 Aujourd\u2019hui, l\u2019entreprise Actoll compte 55 salari\u00e9s dont une vingtaine de collaborateurs qui sont r\u00e9partis en r\u00e9gion dans l\u2019administration et l\u2019exploitation de syst\u00e8mes de billettiques pour les transports publics. 3 mots pour pr\u00e9senter [&hellip;]\" \/>\n<meta property=\"og:url\" content=\"https:\/\/www.inovallee.com\/en\/rencontre-avec-liborio-panzarella-president-dactoll\/\" \/>\n<meta property=\"og:site_name\" content=\"inovall\u00e9e\" \/>\n<meta property=\"article:publisher\" content=\"https:\/\/www.facebook.com\/technopoleinovallee\/\" \/>\n<meta property=\"article:published_time\" content=\"2016-05-19T09:59:49+00:00\" \/>\n<meta property=\"article:modified_time\" content=\"2021-04-09T10:39:07+00:00\" \/>\n<meta property=\"og:image\" content=\"https:\/\/www.inovallee.com\/wp-content\/uploads\/2016\/05\/blog_une-article-ITV-Liborio-Panzarella.png\" \/>\n\t<meta property=\"og:image:width\" content=\"305\" \/>\n\t<meta property=\"og:image:height\" content=\"205\" \/>\n\t<meta property=\"og:image:type\" content=\"image\/png\" \/>\n<meta name=\"author\" content=\"Inovallee\" \/>\n<meta name=\"twitter:card\" content=\"summary_large_image\" \/>\n<meta name=\"twitter:creator\" content=\"@inovallee\" \/>\n<meta name=\"twitter:site\" content=\"@inovallee\" \/>\n<meta name=\"twitter:label1\" content=\"Written by\" \/>\n\t<meta name=\"twitter:data1\" content=\"Inovallee\" \/>\n\t<meta name=\"twitter:label2\" content=\"Estimated reading time\" \/>\n\t<meta name=\"twitter:data2\" content=\"4 minutes\" \/>\n<script type=\"application\/ld+json\" class=\"yoast-schema-graph\">{\"@context\":\"https:\\\/\\\/schema.org\",\"@graph\":[{\"@type\":\"Article\",\"@id\":\"https:\\\/\\\/www.inovallee.com\\\/rencontre-avec-liborio-panzarella-president-dactoll\\\/#article\",\"isPartOf\":{\"@id\":\"https:\\\/\\\/www.inovallee.com\\\/rencontre-avec-liborio-panzarella-president-dactoll\\\/\"},\"author\":{\"name\":\"Inovallee\",\"@id\":\"https:\\\/\\\/www.inovallee.com\\\/#\\\/schema\\\/person\\\/a45b15518aad3111b2d61d257a3e023b\"},\"headline\":\"Rencontre avec Liborio Panzarella, Pr\u00e9sident d&rsquo;ACTOLL\",\"datePublished\":\"2016-05-19T09:59:49+00:00\",\"dateModified\":\"2021-04-09T10:39:07+00:00\",\"mainEntityOfPage\":{\"@id\":\"https:\\\/\\\/www.inovallee.com\\\/rencontre-avec-liborio-panzarella-president-dactoll\\\/\"},\"wordCount\":766,\"publisher\":{\"@id\":\"https:\\\/\\\/www.inovallee.com\\\/#organization\"},\"image\":{\"@id\":\"https:\\\/\\\/www.inovallee.com\\\/rencontre-avec-liborio-panzarella-president-dactoll\\\/#primaryimage\"},\"thumbnailUrl\":\"https:\\\/\\\/www.inovallee.com\\\/wp-content\\\/uploads\\\/2016\\\/05\\\/blog_une-article-ITV-Liborio-Panzarella.png\",\"keywords\":[\"ACTOLL\"],\"articleSection\":[\"Leaders inspirants\",\"RH \\\/ Recrutement\"],\"inLanguage\":\"en-GB\"},{\"@type\":\"WebPage\",\"@id\":\"https:\\\/\\\/www.inovallee.com\\\/rencontre-avec-liborio-panzarella-president-dactoll\\\/\",\"url\":\"https:\\\/\\\/www.inovallee.com\\\/rencontre-avec-liborio-panzarella-president-dactoll\\\/\",\"name\":\"Rencontre avec Liborio Panzarella, Pr\u00e9sident d'ACTOLL - inovall\u00e9e\",\"isPartOf\":{\"@id\":\"https:\\\/\\\/www.inovallee.com\\\/#website\"},\"primaryImageOfPage\":{\"@id\":\"https:\\\/\\\/www.inovallee.com\\\/rencontre-avec-liborio-panzarella-president-dactoll\\\/#primaryimage\"},\"image\":{\"@id\":\"https:\\\/\\\/www.inovallee.com\\\/rencontre-avec-liborio-panzarella-president-dactoll\\\/#primaryimage\"},\"thumbnailUrl\":\"https:\\\/\\\/www.inovallee.com\\\/wp-content\\\/uploads\\\/2016\\\/05\\\/blog_une-article-ITV-Liborio-Panzarella.png\",\"datePublished\":\"2016-05-19T09:59:49+00:00\",\"dateModified\":\"2021-04-09T10:39:07+00:00\",\"breadcrumb\":{\"@id\":\"https:\\\/\\\/www.inovallee.com\\\/rencontre-avec-liborio-panzarella-president-dactoll\\\/#breadcrumb\"},\"inLanguage\":\"en-GB\",\"potentialAction\":[{\"@type\":\"ReadAction\",\"target\":[\"https:\\\/\\\/www.inovallee.com\\\/rencontre-avec-liborio-panzarella-president-dactoll\\\/\"]}]},{\"@type\":\"ImageObject\",\"inLanguage\":\"en-GB\",\"@id\":\"https:\\\/\\\/www.inovallee.com\\\/rencontre-avec-liborio-panzarella-president-dactoll\\\/#primaryimage\",\"url\":\"https:\\\/\\\/www.inovallee.com\\\/wp-content\\\/uploads\\\/2016\\\/05\\\/blog_une-article-ITV-Liborio-Panzarella.png\",\"contentUrl\":\"https:\\\/\\\/www.inovallee.com\\\/wp-content\\\/uploads\\\/2016\\\/05\\\/blog_une-article-ITV-Liborio-Panzarella.png\",\"width\":305,\"height\":205},{\"@type\":\"BreadcrumbList\",\"@id\":\"https:\\\/\\\/www.inovallee.com\\\/rencontre-avec-liborio-panzarella-president-dactoll\\\/#breadcrumb\",\"itemListElement\":[{\"@type\":\"ListItem\",\"position\":1,\"name\":\"Accueil\",\"item\":\"https:\\\/\\\/www.inovallee.com\\\/\"},{\"@type\":\"ListItem\",\"position\":2,\"name\":\"Rencontre avec Liborio Panzarella, Pr\u00e9sident d&rsquo;ACTOLL\"}]},{\"@type\":\"WebSite\",\"@id\":\"https:\\\/\\\/www.inovallee.com\\\/#website\",\"url\":\"https:\\\/\\\/www.inovallee.com\\\/\",\"name\":\"inovall\u00e9e technopole, Home to software & smart technologies\",\"description\":\"Home to software &amp; smart technologies\",\"publisher\":{\"@id\":\"https:\\\/\\\/www.inovallee.com\\\/#organization\"},\"potentialAction\":[{\"@type\":\"SearchAction\",\"target\":{\"@type\":\"EntryPoint\",\"urlTemplate\":\"https:\\\/\\\/www.inovallee.com\\\/?s={search_term_string}\"},\"query-input\":{\"@type\":\"PropertyValueSpecification\",\"valueRequired\":true,\"valueName\":\"search_term_string\"}}],\"inLanguage\":\"en-GB\"},{\"@type\":\"Organization\",\"@id\":\"https:\\\/\\\/www.inovallee.com\\\/#organization\",\"name\":\"inovall\u00e9e\",\"url\":\"https:\\\/\\\/www.inovallee.com\\\/\",\"logo\":{\"@type\":\"ImageObject\",\"inLanguage\":\"en-GB\",\"@id\":\"https:\\\/\\\/www.inovallee.com\\\/#\\\/schema\\\/logo\\\/image\\\/\",\"url\":\"https:\\\/\\\/www.inovallee.com\\\/wp-content\\\/uploads\\\/2023\\\/08\\\/inovallee_2022_GrenobleAlpes.png\",\"contentUrl\":\"https:\\\/\\\/www.inovallee.com\\\/wp-content\\\/uploads\\\/2023\\\/08\\\/inovallee_2022_GrenobleAlpes.png\",\"width\":945,\"height\":369,\"caption\":\"inovall\u00e9e\"},\"image\":{\"@id\":\"https:\\\/\\\/www.inovallee.com\\\/#\\\/schema\\\/logo\\\/image\\\/\"},\"sameAs\":[\"https:\\\/\\\/www.facebook.com\\\/technopoleinovallee\\\/\",\"https:\\\/\\\/x.com\\\/inovallee\",\"https:\\\/\\\/www.linkedin.com\\\/company\\\/inovall-e\\\/\",\"https:\\\/\\\/www.youtube.com\\\/user\\\/inovallee?reload=9\"]},{\"@type\":\"Person\",\"@id\":\"https:\\\/\\\/www.inovallee.com\\\/#\\\/schema\\\/person\\\/a45b15518aad3111b2d61d257a3e023b\",\"name\":\"Inovallee\"}]}<\/script>\n<!-- \/ Yoast SEO plugin. -->","yoast_head_json":{"title":"Rencontre avec Liborio Panzarella, Pr\u00e9sident d'ACTOLL - inovall\u00e9e","robots":{"index":"index","follow":"follow","max-snippet":"max-snippet:-1","max-image-preview":"max-image-preview:large","max-video-preview":"max-video-preview:-1"},"canonical":"https:\/\/www.inovallee.com\/en\/rencontre-avec-liborio-panzarella-president-dactoll\/","og_locale":"en_GB","og_type":"article","og_title":"Rencontre avec Liborio Panzarella, Pr\u00e9sident d'ACTOLL - inovall\u00e9e","og_description":"Comment a d\u00e9marr\u00e9 l\u2019histoire d\u2019ACTOLL\u00a0? L\u2019entreprise a vu le jour en 1996 mais nous n\u2019en avons fait l\u2019acquisition, avec mes associ\u00e9s, qu\u2019en 2003.\u00a0 Aujourd\u2019hui, l\u2019entreprise Actoll compte 55 salari\u00e9s dont une vingtaine de collaborateurs qui sont r\u00e9partis en r\u00e9gion dans l\u2019administration et l\u2019exploitation de syst\u00e8mes de billettiques pour les transports publics. 3 mots pour pr\u00e9senter [&hellip;]","og_url":"https:\/\/www.inovallee.com\/en\/rencontre-avec-liborio-panzarella-president-dactoll\/","og_site_name":"inovall\u00e9e","article_publisher":"https:\/\/www.facebook.com\/technopoleinovallee\/","article_published_time":"2016-05-19T09:59:49+00:00","article_modified_time":"2021-04-09T10:39:07+00:00","og_image":[{"width":305,"height":205,"url":"https:\/\/www.inovallee.com\/wp-content\/uploads\/2016\/05\/blog_une-article-ITV-Liborio-Panzarella.png","type":"image\/png"}],"author":"Inovallee","twitter_card":"summary_large_image","twitter_creator":"@inovallee","twitter_site":"@inovallee","twitter_misc":{"Written by":"Inovallee","Estimated reading time":"4 minutes"},"schema":{"@context":"https:\/\/schema.org","@graph":[{"@type":"Article","@id":"https:\/\/www.inovallee.com\/rencontre-avec-liborio-panzarella-president-dactoll\/#article","isPartOf":{"@id":"https:\/\/www.inovallee.com\/rencontre-avec-liborio-panzarella-president-dactoll\/"},"author":{"name":"Inovallee","@id":"https:\/\/www.inovallee.com\/#\/schema\/person\/a45b15518aad3111b2d61d257a3e023b"},"headline":"Rencontre avec Liborio Panzarella, Pr\u00e9sident d&rsquo;ACTOLL","datePublished":"2016-05-19T09:59:49+00:00","dateModified":"2021-04-09T10:39:07+00:00","mainEntityOfPage":{"@id":"https:\/\/www.inovallee.com\/rencontre-avec-liborio-panzarella-president-dactoll\/"},"wordCount":766,"publisher":{"@id":"https:\/\/www.inovallee.com\/#organization"},"image":{"@id":"https:\/\/www.inovallee.com\/rencontre-avec-liborio-panzarella-president-dactoll\/#primaryimage"},"thumbnailUrl":"https:\/\/www.inovallee.com\/wp-content\/uploads\/2016\/05\/blog_une-article-ITV-Liborio-Panzarella.png","keywords":["ACTOLL"],"articleSection":["Leaders inspirants","RH \/ Recrutement"],"inLanguage":"en-GB"},{"@type":"WebPage","@id":"https:\/\/www.inovallee.com\/rencontre-avec-liborio-panzarella-president-dactoll\/","url":"https:\/\/www.inovallee.com\/rencontre-avec-liborio-panzarella-president-dactoll\/","name":"Rencontre avec Liborio Panzarella, Pr\u00e9sident d'ACTOLL - inovall\u00e9e","isPartOf":{"@id":"https:\/\/www.inovallee.com\/#website"},"primaryImageOfPage":{"@id":"https:\/\/www.inovallee.com\/rencontre-avec-liborio-panzarella-president-dactoll\/#primaryimage"},"image":{"@id":"https:\/\/www.inovallee.com\/rencontre-avec-liborio-panzarella-president-dactoll\/#primaryimage"},"thumbnailUrl":"https:\/\/www.inovallee.com\/wp-content\/uploads\/2016\/05\/blog_une-article-ITV-Liborio-Panzarella.png","datePublished":"2016-05-19T09:59:49+00:00","dateModified":"2021-04-09T10:39:07+00:00","breadcrumb":{"@id":"https:\/\/www.inovallee.com\/rencontre-avec-liborio-panzarella-president-dactoll\/#breadcrumb"},"inLanguage":"en-GB","potentialAction":[{"@type":"ReadAction","target":["https:\/\/www.inovallee.com\/rencontre-avec-liborio-panzarella-president-dactoll\/"]}]},{"@type":"ImageObject","inLanguage":"en-GB","@id":"https:\/\/www.inovallee.com\/rencontre-avec-liborio-panzarella-president-dactoll\/#primaryimage","url":"https:\/\/www.inovallee.com\/wp-content\/uploads\/2016\/05\/blog_une-article-ITV-Liborio-Panzarella.png","contentUrl":"https:\/\/www.inovallee.com\/wp-content\/uploads\/2016\/05\/blog_une-article-ITV-Liborio-Panzarella.png","width":305,"height":205},{"@type":"BreadcrumbList","@id":"https:\/\/www.inovallee.com\/rencontre-avec-liborio-panzarella-president-dactoll\/#breadcrumb","itemListElement":[{"@type":"ListItem","position":1,"name":"Accueil","item":"https:\/\/www.inovallee.com\/"},{"@type":"ListItem","position":2,"name":"Rencontre avec Liborio Panzarella, Pr\u00e9sident d&rsquo;ACTOLL"}]},{"@type":"WebSite","@id":"https:\/\/www.inovallee.com\/#website","url":"https:\/\/www.inovallee.com\/","name":"inovall\u00e9e technopole, Home to software & smart technologies","description":"Home to software &amp; smart technologies","publisher":{"@id":"https:\/\/www.inovallee.com\/#organization"},"potentialAction":[{"@type":"SearchAction","target":{"@type":"EntryPoint","urlTemplate":"https:\/\/www.inovallee.com\/?s={search_term_string}"},"query-input":{"@type":"PropertyValueSpecification","valueRequired":true,"valueName":"search_term_string"}}],"inLanguage":"en-GB"},{"@type":"Organization","@id":"https:\/\/www.inovallee.com\/#organization","name":"inovall\u00e9e","url":"https:\/\/www.inovallee.com\/","logo":{"@type":"ImageObject","inLanguage":"en-GB","@id":"https:\/\/www.inovallee.com\/#\/schema\/logo\/image\/","url":"https:\/\/www.inovallee.com\/wp-content\/uploads\/2023\/08\/inovallee_2022_GrenobleAlpes.png","contentUrl":"https:\/\/www.inovallee.com\/wp-content\/uploads\/2023\/08\/inovallee_2022_GrenobleAlpes.png","width":945,"height":369,"caption":"inovall\u00e9e"},"image":{"@id":"https:\/\/www.inovallee.com\/#\/schema\/logo\/image\/"},"sameAs":["https:\/\/www.facebook.com\/technopoleinovallee\/","https:\/\/x.com\/inovallee","https:\/\/www.linkedin.com\/company\/inovall-e\/","https:\/\/www.youtube.com\/user\/inovallee?reload=9"]},{"@type":"Person","@id":"https:\/\/www.inovallee.com\/#\/schema\/person\/a45b15518aad3111b2d61d257a3e023b","name":"Inovallee"}]}},"_links":{"self":[{"href":"https:\/\/www.inovallee.com\/en\/wp-json\/wp\/v2\/posts\/7124","targetHints":{"allow":["GET"]}}],"collection":[{"href":"https:\/\/www.inovallee.com\/en\/wp-json\/wp\/v2\/posts"}],"about":[{"href":"https:\/\/www.inovallee.com\/en\/wp-json\/wp\/v2\/types\/post"}],"author":[{"embeddable":true,"href":"https:\/\/www.inovallee.com\/en\/wp-json\/wp\/v2\/users\/6"}],"replies":[{"embeddable":true,"href":"https:\/\/www.inovallee.com\/en\/wp-json\/wp\/v2\/comments?post=7124"}],"version-history":[{"count":0,"href":"https:\/\/www.inovallee.com\/en\/wp-json\/wp\/v2\/posts\/7124\/revisions"}],"wp:featuredmedia":[{"embeddable":true,"href":"https:\/\/www.inovallee.com\/en\/wp-json\/wp\/v2\/media\/7125"}],"wp:attachment":[{"href":"https:\/\/www.inovallee.com\/en\/wp-json\/wp\/v2\/media?parent=7124"}],"wp:term":[{"taxonomy":"category","embeddable":true,"href":"https:\/\/www.inovallee.com\/en\/wp-json\/wp\/v2\/categories?post=7124"},{"taxonomy":"post_tag","embeddable":true,"href":"https:\/\/www.inovallee.com\/en\/wp-json\/wp\/v2\/tags?post=7124"}],"curies":[{"name":"wp","href":"https:\/\/api.w.org\/{rel}","templated":true}]}}