{"id":9561,"date":"2016-10-10T21:16:14","date_gmt":"2016-10-10T20:16:14","guid":{"rendered":"https:\/\/www.inovallee.com\/?p=9561"},"modified":"2016-10-10T21:16:14","modified_gmt":"2016-10-10T20:16:14","slug":"du-25-au-27-ocotbre-eumetrys-sera-present-sur-le-semicon-europa-aux-cotes-dinspectrology","status":"publish","type":"post","link":"https:\/\/www.inovallee.com\/en\/du-25-au-27-ocotbre-eumetrys-sera-present-sur-le-semicon-europa-aux-cotes-dinspectrology\/","title":{"rendered":"Du 25 au 27 octobre, Eumetrys sera pr\u00e9sent sur le SEMICON Europa aux c\u00f4t\u00e9s d\u2019Inspectrology"},"content":{"rendered":"<p><strong><a href=\"https:\/\/www.inovallee.com\/wp-content\/uploads\/2016\/10\/sceuropa_1.png\"><img decoding=\"async\" class=\"alignleft size-full wp-image-9563\" src=\"https:\/\/www.inovallee.com\/wp-content\/uploads\/2016\/10\/sceuropa_1.png\" alt=\"sceuropa_1\" width=\"225\" height=\"72\" \/><\/a>Expert d\u2019un domaine tr\u00e8s pointu dans le secteur des semi-conducteurs, Eumetrys (Europe METRologie sYStems) repr\u00e9sente en Europe, mais \u00e9galement en Asie et aux USA, le fabricant d\u2019instruments de mesure pour photolithographie, Inspectrology. C\u2019est d\u2019ailleurs sous la marque de ce partenaire que l\u2019\u00e9quipe d\u2019Eumetrys sera pr\u00e9sente lors du SEMICON Europa, le plus grand \u00e9v\u00e9nement de la micro\u00e9lectronique en Europe, qui se d\u00e9roule \u00e0 Grenoble du 25 au 27 octobre, \u00e0 l\u2019Alpexpo (STAND 457).<\/strong><br \/>\nSp\u00e9cialis\u00e9e dans les \u00e9quipements qui traitent les mesures d\u2019\u00e9paisseurs et d\u2019alignement de diff\u00e9rents mat\u00e9riaux constitutifs des semi-conducteurs, la PME install\u00e9e au Tarmac effectue aupr\u00e8s de ses clients l\u2019installation et la qualification des machines, mais \u00e9galement des op\u00e9rations de formation et de maintenance.<br \/>\n<strong><a href=\"https:\/\/www.inovallee.com\/wp-content\/uploads\/2016\/04\/eumetrys2.png\"><img fetchpriority=\"high\" decoding=\"async\" class=\"wp-image-6588 size-thumbnail alignright\" src=\"https:\/\/www.inovallee.com\/wp-content\/uploads\/2016\/04\/eumetrys2-300x225.png\" alt=\"eumetrys\" width=\"300\" height=\"225\" srcset=\"https:\/\/www.inovallee.com\/wp-content\/uploads\/2016\/04\/eumetrys2-300x225.png 300w, https:\/\/www.inovallee.com\/wp-content\/uploads\/2016\/04\/eumetrys2-768x576.png 768w, https:\/\/www.inovallee.com\/wp-content\/uploads\/2016\/04\/eumetrys2.png 800w\" sizes=\"(max-width: 300px) 100vw, 300px\" \/><\/a>Allonger le cycle de vie des \u00e9quipements et r\u00e9duire les co\u00fbts <\/strong><br \/>\nL\u2019expertise dont dispose Eumetrys vient de 15 ann\u00e9es pass\u00e9es dans de grosses structures d\u2019\u00e9quipementiers de la micro\u00e9lectronique. Sa singularit\u00e9 repose sur sa capacit\u00e9 \u00e0 <strong>assurer une maintenance irr\u00e9prochable sur des lignes de produits d\u2019ancienne g\u00e9n\u00e9ration<\/strong>, d\u00e9laiss\u00e9es par les entreprises conceptrices. La valeur ajout\u00e9e de la PME est en effet d\u2019allonger le cycle de vie des \u00e9quipements, tout en r\u00e9duisant les co\u00fbts de fabrication de ses clients.<\/p>\n<h4><strong>La customisation des \u00e9quipements\u00a0: une strat\u00e9gie pour l\u2019avenir<\/strong><\/h4>\n<p><a href=\"https:\/\/www.inovallee.com\/wp-content\/uploads\/2016\/10\/kevin.jpg\"><img decoding=\"async\" class=\"alignleft  wp-image-9562\" src=\"https:\/\/www.inovallee.com\/wp-content\/uploads\/2016\/10\/kevin.jpg\" alt=\"kevin\" width=\"241\" height=\"245\" \/><\/a>Cr\u00e9\u00e9e en 2012 par Yannick Bedin, un expert ayant travaill\u00e9 de longues ann\u00e9es chez Nanometrics, fabricant am\u00e9ricain d\u2019outils de mesure, Eumetrys compte aujourd\u2019hui 3 personnes, avec l\u2019arriv\u00e9 en 2014 de Fabrice Diasparra, \u00e9galement sp\u00e9cialiste de ce domaine, et le recrutement ces derni\u00e8res semaines de Kevin Lepinay, un ing\u00e9nieur issu du CEA. Avec un chiffre d\u2019affaires de 285 K\u20ac en 2015 et 305 K\u20ac attendu en 2016, la PME meylannaise est actuellement en phase de stabilisation avant d\u2019attaquer une mont\u00e9e en puissance d\u2019ici quelques mois.<br \/>\nCar avec l\u2019arriv\u00e9e de K\u00e9vin dans l\u2019\u00e9quipe, Eumetrys a l\u2019ambition de d\u00e9velopper des \u00e9quipements sur mesure, en customisant la partie soft en fonction des besoins sp\u00e9cifiques de ses clients, non couverts par la spectrologie. Affaire \u00e0 suivre\u2026<\/p>","protected":false},"excerpt":{"rendered":"<p>Expert d\u2019un domaine tr\u00e8s pointu dans le secteur des semi-conducteurs, Eumetrys (Europe METRologie sYStems) repr\u00e9sente en Europe, mais \u00e9galement en Asie et aux USA, le fabricant d\u2019instruments de mesure pour photolithographie, Inspectrology. C\u2019est d\u2019ailleurs sous la marque de ce partenaire que l\u2019\u00e9quipe d\u2019Eumetrys sera pr\u00e9sente lors du SEMICON Europa, le plus grand \u00e9v\u00e9nement de la [&hellip;]<\/p>\n","protected":false},"author":6,"featured_media":6588,"comment_status":"closed","ping_status":"open","sticky":false,"template":"","format":"standard","meta":{"footnotes":""},"categories":[54,44],"tags":[],"class_list":["post-9561","post","type-post","status-publish","format-standard","has-post-thumbnail","hentry","category-ils-sont-passes-par-le-tarmac","category-tarmac-incubator"],"yoast_head":"<!-- This site is optimized with the Yoast SEO plugin v27.4 - https:\/\/yoast.com\/product\/yoast-seo-wordpress\/ -->\n<title>Du 25 au 27 octobre, Eumetrys sera pr\u00e9sent sur le SEMICON Europa aux c\u00f4t\u00e9s d\u2019Inspectrology - inovall\u00e9e<\/title>\n<meta name=\"description\" content=\"Expert d\u2019un domaine tr\u00e8s pointu dans le secteur des semi-conducteurs, Eumetrys sera sur SEMICON Europa, grand \u00e9v\u00e9nement europ\u00e9en de la micro\u00e9lectronique.\" \/>\n<meta name=\"robots\" content=\"index, follow, max-snippet:-1, max-image-preview:large, max-video-preview:-1\" \/>\n<link rel=\"canonical\" href=\"https:\/\/www.inovallee.com\/en\/du-25-au-27-ocotbre-eumetrys-sera-present-sur-le-semicon-europa-aux-cotes-dinspectrology\/\" \/>\n<meta property=\"og:locale\" content=\"en_GB\" \/>\n<meta property=\"og:type\" content=\"article\" \/>\n<meta property=\"og:title\" content=\"Du 25 au 27 octobre, Eumetrys sera pr\u00e9sent sur le SEMICON Europa aux c\u00f4t\u00e9s d\u2019Inspectrology - inovall\u00e9e\" \/>\n<meta property=\"og:description\" content=\"Expert d\u2019un domaine tr\u00e8s pointu dans le secteur des semi-conducteurs, Eumetrys sera sur SEMICON Europa, grand \u00e9v\u00e9nement europ\u00e9en de la micro\u00e9lectronique.\" \/>\n<meta property=\"og:url\" content=\"https:\/\/www.inovallee.com\/en\/du-25-au-27-ocotbre-eumetrys-sera-present-sur-le-semicon-europa-aux-cotes-dinspectrology\/\" \/>\n<meta property=\"og:site_name\" content=\"inovall\u00e9e\" \/>\n<meta property=\"article:publisher\" content=\"https:\/\/www.facebook.com\/technopoleinovallee\/\" \/>\n<meta property=\"article:published_time\" content=\"2016-10-10T20:16:14+00:00\" \/>\n<meta property=\"og:image\" content=\"https:\/\/www.inovallee.com\/wp-content\/uploads\/2016\/04\/eumetrys2.png\" \/>\n\t<meta property=\"og:image:width\" content=\"800\" \/>\n\t<meta property=\"og:image:height\" content=\"600\" \/>\n\t<meta property=\"og:image:type\" content=\"image\/png\" \/>\n<meta name=\"author\" content=\"Inovallee\" \/>\n<meta name=\"twitter:card\" content=\"summary_large_image\" \/>\n<meta name=\"twitter:creator\" content=\"@inovallee\" \/>\n<meta name=\"twitter:site\" content=\"@inovallee\" \/>\n<meta name=\"twitter:label1\" content=\"Written by\" \/>\n\t<meta name=\"twitter:data1\" content=\"Inovallee\" \/>\n\t<meta name=\"twitter:label2\" content=\"Estimated reading time\" \/>\n\t<meta name=\"twitter:data2\" content=\"2 minutes\" \/>\n<script type=\"application\/ld+json\" class=\"yoast-schema-graph\">{\"@context\":\"https:\\\/\\\/schema.org\",\"@graph\":[{\"@type\":\"Article\",\"@id\":\"https:\\\/\\\/www.inovallee.com\\\/du-25-au-27-ocotbre-eumetrys-sera-present-sur-le-semicon-europa-aux-cotes-dinspectrology\\\/#article\",\"isPartOf\":{\"@id\":\"https:\\\/\\\/www.inovallee.com\\\/du-25-au-27-ocotbre-eumetrys-sera-present-sur-le-semicon-europa-aux-cotes-dinspectrology\\\/\"},\"author\":{\"name\":\"Inovallee\",\"@id\":\"https:\\\/\\\/www.inovallee.com\\\/#\\\/schema\\\/person\\\/a45b15518aad3111b2d61d257a3e023b\"},\"headline\":\"Du 25 au 27 octobre, Eumetrys sera pr\u00e9sent sur le SEMICON Europa aux c\u00f4t\u00e9s d\u2019Inspectrology\",\"datePublished\":\"2016-10-10T20:16:14+00:00\",\"mainEntityOfPage\":{\"@id\":\"https:\\\/\\\/www.inovallee.com\\\/du-25-au-27-ocotbre-eumetrys-sera-present-sur-le-semicon-europa-aux-cotes-dinspectrology\\\/\"},\"wordCount\":384,\"publisher\":{\"@id\":\"https:\\\/\\\/www.inovallee.com\\\/#organization\"},\"image\":{\"@id\":\"https:\\\/\\\/www.inovallee.com\\\/du-25-au-27-ocotbre-eumetrys-sera-present-sur-le-semicon-europa-aux-cotes-dinspectrology\\\/#primaryimage\"},\"thumbnailUrl\":\"https:\\\/\\\/www.inovallee.com\\\/wp-content\\\/uploads\\\/2016\\\/04\\\/eumetrys2.png\",\"articleSection\":[\"Ils sont pass\u00e9s par le Tarmac\",\"Tarmac incubator\"],\"inLanguage\":\"en-GB\"},{\"@type\":\"WebPage\",\"@id\":\"https:\\\/\\\/www.inovallee.com\\\/du-25-au-27-ocotbre-eumetrys-sera-present-sur-le-semicon-europa-aux-cotes-dinspectrology\\\/\",\"url\":\"https:\\\/\\\/www.inovallee.com\\\/du-25-au-27-ocotbre-eumetrys-sera-present-sur-le-semicon-europa-aux-cotes-dinspectrology\\\/\",\"name\":\"Du 25 au 27 octobre, Eumetrys sera pr\u00e9sent sur le SEMICON Europa aux c\u00f4t\u00e9s d\u2019Inspectrology - inovall\u00e9e\",\"isPartOf\":{\"@id\":\"https:\\\/\\\/www.inovallee.com\\\/#website\"},\"primaryImageOfPage\":{\"@id\":\"https:\\\/\\\/www.inovallee.com\\\/du-25-au-27-ocotbre-eumetrys-sera-present-sur-le-semicon-europa-aux-cotes-dinspectrology\\\/#primaryimage\"},\"image\":{\"@id\":\"https:\\\/\\\/www.inovallee.com\\\/du-25-au-27-ocotbre-eumetrys-sera-present-sur-le-semicon-europa-aux-cotes-dinspectrology\\\/#primaryimage\"},\"thumbnailUrl\":\"https:\\\/\\\/www.inovallee.com\\\/wp-content\\\/uploads\\\/2016\\\/04\\\/eumetrys2.png\",\"datePublished\":\"2016-10-10T20:16:14+00:00\",\"description\":\"Expert d\u2019un domaine tr\u00e8s pointu dans le secteur des semi-conducteurs, Eumetrys sera sur SEMICON Europa, grand \u00e9v\u00e9nement europ\u00e9en de la micro\u00e9lectronique.\",\"breadcrumb\":{\"@id\":\"https:\\\/\\\/www.inovallee.com\\\/du-25-au-27-ocotbre-eumetrys-sera-present-sur-le-semicon-europa-aux-cotes-dinspectrology\\\/#breadcrumb\"},\"inLanguage\":\"en-GB\",\"potentialAction\":[{\"@type\":\"ReadAction\",\"target\":[\"https:\\\/\\\/www.inovallee.com\\\/du-25-au-27-ocotbre-eumetrys-sera-present-sur-le-semicon-europa-aux-cotes-dinspectrology\\\/\"]}]},{\"@type\":\"ImageObject\",\"inLanguage\":\"en-GB\",\"@id\":\"https:\\\/\\\/www.inovallee.com\\\/du-25-au-27-ocotbre-eumetrys-sera-present-sur-le-semicon-europa-aux-cotes-dinspectrology\\\/#primaryimage\",\"url\":\"https:\\\/\\\/www.inovallee.com\\\/wp-content\\\/uploads\\\/2016\\\/04\\\/eumetrys2.png\",\"contentUrl\":\"https:\\\/\\\/www.inovallee.com\\\/wp-content\\\/uploads\\\/2016\\\/04\\\/eumetrys2.png\",\"width\":800,\"height\":600},{\"@type\":\"BreadcrumbList\",\"@id\":\"https:\\\/\\\/www.inovallee.com\\\/du-25-au-27-ocotbre-eumetrys-sera-present-sur-le-semicon-europa-aux-cotes-dinspectrology\\\/#breadcrumb\",\"itemListElement\":[{\"@type\":\"ListItem\",\"position\":1,\"name\":\"Accueil\",\"item\":\"https:\\\/\\\/www.inovallee.com\\\/\"},{\"@type\":\"ListItem\",\"position\":2,\"name\":\"Du 25 au 27 octobre, Eumetrys sera pr\u00e9sent sur le SEMICON Europa aux c\u00f4t\u00e9s d\u2019Inspectrology\"}]},{\"@type\":\"WebSite\",\"@id\":\"https:\\\/\\\/www.inovallee.com\\\/#website\",\"url\":\"https:\\\/\\\/www.inovallee.com\\\/\",\"name\":\"inovall\u00e9e technopole, Home to software & smart technologies\",\"description\":\"Home to software &amp; smart technologies\",\"publisher\":{\"@id\":\"https:\\\/\\\/www.inovallee.com\\\/#organization\"},\"potentialAction\":[{\"@type\":\"SearchAction\",\"target\":{\"@type\":\"EntryPoint\",\"urlTemplate\":\"https:\\\/\\\/www.inovallee.com\\\/?s={search_term_string}\"},\"query-input\":{\"@type\":\"PropertyValueSpecification\",\"valueRequired\":true,\"valueName\":\"search_term_string\"}}],\"inLanguage\":\"en-GB\"},{\"@type\":\"Organization\",\"@id\":\"https:\\\/\\\/www.inovallee.com\\\/#organization\",\"name\":\"inovall\u00e9e\",\"url\":\"https:\\\/\\\/www.inovallee.com\\\/\",\"logo\":{\"@type\":\"ImageObject\",\"inLanguage\":\"en-GB\",\"@id\":\"https:\\\/\\\/www.inovallee.com\\\/#\\\/schema\\\/logo\\\/image\\\/\",\"url\":\"https:\\\/\\\/www.inovallee.com\\\/wp-content\\\/uploads\\\/2023\\\/08\\\/inovallee_2022_GrenobleAlpes.png\",\"contentUrl\":\"https:\\\/\\\/www.inovallee.com\\\/wp-content\\\/uploads\\\/2023\\\/08\\\/inovallee_2022_GrenobleAlpes.png\",\"width\":945,\"height\":369,\"caption\":\"inovall\u00e9e\"},\"image\":{\"@id\":\"https:\\\/\\\/www.inovallee.com\\\/#\\\/schema\\\/logo\\\/image\\\/\"},\"sameAs\":[\"https:\\\/\\\/www.facebook.com\\\/technopoleinovallee\\\/\",\"https:\\\/\\\/x.com\\\/inovallee\",\"https:\\\/\\\/www.linkedin.com\\\/company\\\/inovall-e\\\/\",\"https:\\\/\\\/www.youtube.com\\\/user\\\/inovallee?reload=9\"]},{\"@type\":\"Person\",\"@id\":\"https:\\\/\\\/www.inovallee.com\\\/#\\\/schema\\\/person\\\/a45b15518aad3111b2d61d257a3e023b\",\"name\":\"Inovallee\"}]}<\/script>\n<!-- \/ Yoast SEO plugin. -->","yoast_head_json":{"title":"Du 25 au 27 octobre, Eumetrys sera pr\u00e9sent sur le SEMICON Europa aux c\u00f4t\u00e9s d\u2019Inspectrology - inovall\u00e9e","description":"Expert d\u2019un domaine tr\u00e8s pointu dans le secteur des semi-conducteurs, Eumetrys sera sur SEMICON Europa, grand \u00e9v\u00e9nement europ\u00e9en de la micro\u00e9lectronique.","robots":{"index":"index","follow":"follow","max-snippet":"max-snippet:-1","max-image-preview":"max-image-preview:large","max-video-preview":"max-video-preview:-1"},"canonical":"https:\/\/www.inovallee.com\/en\/du-25-au-27-ocotbre-eumetrys-sera-present-sur-le-semicon-europa-aux-cotes-dinspectrology\/","og_locale":"en_GB","og_type":"article","og_title":"Du 25 au 27 octobre, Eumetrys sera pr\u00e9sent sur le SEMICON Europa aux c\u00f4t\u00e9s d\u2019Inspectrology - inovall\u00e9e","og_description":"Expert d\u2019un domaine tr\u00e8s pointu dans le secteur des semi-conducteurs, Eumetrys sera sur SEMICON Europa, grand \u00e9v\u00e9nement europ\u00e9en de la micro\u00e9lectronique.","og_url":"https:\/\/www.inovallee.com\/en\/du-25-au-27-ocotbre-eumetrys-sera-present-sur-le-semicon-europa-aux-cotes-dinspectrology\/","og_site_name":"inovall\u00e9e","article_publisher":"https:\/\/www.facebook.com\/technopoleinovallee\/","article_published_time":"2016-10-10T20:16:14+00:00","og_image":[{"width":800,"height":600,"url":"https:\/\/www.inovallee.com\/wp-content\/uploads\/2016\/04\/eumetrys2.png","type":"image\/png"}],"author":"Inovallee","twitter_card":"summary_large_image","twitter_creator":"@inovallee","twitter_site":"@inovallee","twitter_misc":{"Written by":"Inovallee","Estimated reading time":"2 minutes"},"schema":{"@context":"https:\/\/schema.org","@graph":[{"@type":"Article","@id":"https:\/\/www.inovallee.com\/du-25-au-27-ocotbre-eumetrys-sera-present-sur-le-semicon-europa-aux-cotes-dinspectrology\/#article","isPartOf":{"@id":"https:\/\/www.inovallee.com\/du-25-au-27-ocotbre-eumetrys-sera-present-sur-le-semicon-europa-aux-cotes-dinspectrology\/"},"author":{"name":"Inovallee","@id":"https:\/\/www.inovallee.com\/#\/schema\/person\/a45b15518aad3111b2d61d257a3e023b"},"headline":"Du 25 au 27 octobre, Eumetrys sera pr\u00e9sent sur le SEMICON Europa aux c\u00f4t\u00e9s d\u2019Inspectrology","datePublished":"2016-10-10T20:16:14+00:00","mainEntityOfPage":{"@id":"https:\/\/www.inovallee.com\/du-25-au-27-ocotbre-eumetrys-sera-present-sur-le-semicon-europa-aux-cotes-dinspectrology\/"},"wordCount":384,"publisher":{"@id":"https:\/\/www.inovallee.com\/#organization"},"image":{"@id":"https:\/\/www.inovallee.com\/du-25-au-27-ocotbre-eumetrys-sera-present-sur-le-semicon-europa-aux-cotes-dinspectrology\/#primaryimage"},"thumbnailUrl":"https:\/\/www.inovallee.com\/wp-content\/uploads\/2016\/04\/eumetrys2.png","articleSection":["Ils sont pass\u00e9s par le Tarmac","Tarmac incubator"],"inLanguage":"en-GB"},{"@type":"WebPage","@id":"https:\/\/www.inovallee.com\/du-25-au-27-ocotbre-eumetrys-sera-present-sur-le-semicon-europa-aux-cotes-dinspectrology\/","url":"https:\/\/www.inovallee.com\/du-25-au-27-ocotbre-eumetrys-sera-present-sur-le-semicon-europa-aux-cotes-dinspectrology\/","name":"Du 25 au 27 octobre, Eumetrys sera pr\u00e9sent sur le SEMICON Europa aux c\u00f4t\u00e9s d\u2019Inspectrology - inovall\u00e9e","isPartOf":{"@id":"https:\/\/www.inovallee.com\/#website"},"primaryImageOfPage":{"@id":"https:\/\/www.inovallee.com\/du-25-au-27-ocotbre-eumetrys-sera-present-sur-le-semicon-europa-aux-cotes-dinspectrology\/#primaryimage"},"image":{"@id":"https:\/\/www.inovallee.com\/du-25-au-27-ocotbre-eumetrys-sera-present-sur-le-semicon-europa-aux-cotes-dinspectrology\/#primaryimage"},"thumbnailUrl":"https:\/\/www.inovallee.com\/wp-content\/uploads\/2016\/04\/eumetrys2.png","datePublished":"2016-10-10T20:16:14+00:00","description":"Expert d\u2019un domaine tr\u00e8s pointu dans le secteur des semi-conducteurs, Eumetrys sera sur SEMICON Europa, grand \u00e9v\u00e9nement europ\u00e9en de la micro\u00e9lectronique.","breadcrumb":{"@id":"https:\/\/www.inovallee.com\/du-25-au-27-ocotbre-eumetrys-sera-present-sur-le-semicon-europa-aux-cotes-dinspectrology\/#breadcrumb"},"inLanguage":"en-GB","potentialAction":[{"@type":"ReadAction","target":["https:\/\/www.inovallee.com\/du-25-au-27-ocotbre-eumetrys-sera-present-sur-le-semicon-europa-aux-cotes-dinspectrology\/"]}]},{"@type":"ImageObject","inLanguage":"en-GB","@id":"https:\/\/www.inovallee.com\/du-25-au-27-ocotbre-eumetrys-sera-present-sur-le-semicon-europa-aux-cotes-dinspectrology\/#primaryimage","url":"https:\/\/www.inovallee.com\/wp-content\/uploads\/2016\/04\/eumetrys2.png","contentUrl":"https:\/\/www.inovallee.com\/wp-content\/uploads\/2016\/04\/eumetrys2.png","width":800,"height":600},{"@type":"BreadcrumbList","@id":"https:\/\/www.inovallee.com\/du-25-au-27-ocotbre-eumetrys-sera-present-sur-le-semicon-europa-aux-cotes-dinspectrology\/#breadcrumb","itemListElement":[{"@type":"ListItem","position":1,"name":"Accueil","item":"https:\/\/www.inovallee.com\/"},{"@type":"ListItem","position":2,"name":"Du 25 au 27 octobre, Eumetrys sera pr\u00e9sent sur le SEMICON Europa aux c\u00f4t\u00e9s d\u2019Inspectrology"}]},{"@type":"WebSite","@id":"https:\/\/www.inovallee.com\/#website","url":"https:\/\/www.inovallee.com\/","name":"inovall\u00e9e technopole, Home to software & smart technologies","description":"Home to software &amp; smart technologies","publisher":{"@id":"https:\/\/www.inovallee.com\/#organization"},"potentialAction":[{"@type":"SearchAction","target":{"@type":"EntryPoint","urlTemplate":"https:\/\/www.inovallee.com\/?s={search_term_string}"},"query-input":{"@type":"PropertyValueSpecification","valueRequired":true,"valueName":"search_term_string"}}],"inLanguage":"en-GB"},{"@type":"Organization","@id":"https:\/\/www.inovallee.com\/#organization","name":"inovall\u00e9e","url":"https:\/\/www.inovallee.com\/","logo":{"@type":"ImageObject","inLanguage":"en-GB","@id":"https:\/\/www.inovallee.com\/#\/schema\/logo\/image\/","url":"https:\/\/www.inovallee.com\/wp-content\/uploads\/2023\/08\/inovallee_2022_GrenobleAlpes.png","contentUrl":"https:\/\/www.inovallee.com\/wp-content\/uploads\/2023\/08\/inovallee_2022_GrenobleAlpes.png","width":945,"height":369,"caption":"inovall\u00e9e"},"image":{"@id":"https:\/\/www.inovallee.com\/#\/schema\/logo\/image\/"},"sameAs":["https:\/\/www.facebook.com\/technopoleinovallee\/","https:\/\/x.com\/inovallee","https:\/\/www.linkedin.com\/company\/inovall-e\/","https:\/\/www.youtube.com\/user\/inovallee?reload=9"]},{"@type":"Person","@id":"https:\/\/www.inovallee.com\/#\/schema\/person\/a45b15518aad3111b2d61d257a3e023b","name":"Inovallee"}]}},"_links":{"self":[{"href":"https:\/\/www.inovallee.com\/en\/wp-json\/wp\/v2\/posts\/9561","targetHints":{"allow":["GET"]}}],"collection":[{"href":"https:\/\/www.inovallee.com\/en\/wp-json\/wp\/v2\/posts"}],"about":[{"href":"https:\/\/www.inovallee.com\/en\/wp-json\/wp\/v2\/types\/post"}],"author":[{"embeddable":true,"href":"https:\/\/www.inovallee.com\/en\/wp-json\/wp\/v2\/users\/6"}],"replies":[{"embeddable":true,"href":"https:\/\/www.inovallee.com\/en\/wp-json\/wp\/v2\/comments?post=9561"}],"version-history":[{"count":0,"href":"https:\/\/www.inovallee.com\/en\/wp-json\/wp\/v2\/posts\/9561\/revisions"}],"wp:featuredmedia":[{"embeddable":true,"href":"https:\/\/www.inovallee.com\/en\/wp-json\/wp\/v2\/media\/6588"}],"wp:attachment":[{"href":"https:\/\/www.inovallee.com\/en\/wp-json\/wp\/v2\/media?parent=9561"}],"wp:term":[{"taxonomy":"category","embeddable":true,"href":"https:\/\/www.inovallee.com\/en\/wp-json\/wp\/v2\/categories?post=9561"},{"taxonomy":"post_tag","embeddable":true,"href":"https:\/\/www.inovallee.com\/en\/wp-json\/wp\/v2\/tags?post=9561"}],"curies":[{"name":"wp","href":"https:\/\/api.w.org\/{rel}","templated":true}]}}