{"id":9666,"date":"2016-10-14T11:48:54","date_gmt":"2016-10-14T10:48:54","guid":{"rendered":"https:\/\/www.inovallee.com\/?p=9666"},"modified":"2016-10-14T11:48:54","modified_gmt":"2016-10-14T10:48:54","slug":"loi-travail-du-mythe-a-la-realite-ce-qui-change-vraiment-pour-les-entreprises","status":"publish","type":"post","link":"https:\/\/www.inovallee.com\/en\/loi-travail-du-mythe-a-la-realite-ce-qui-change-vraiment-pour-les-entreprises\/","title":{"rendered":"Loi travail : du mythe \u00e0 la r\u00e9alit\u00e9, ce qui change vraiment pour les entreprises"},"content":{"rendered":"<p><a href=\"https:\/\/www.inovallee.com\/wp-content\/uploads\/2016\/10\/blog_une_loitravail.png\"><img fetchpriority=\"high\" decoding=\"async\" class=\"size-thumbnail wp-image-9681 alignleft\" src=\"https:\/\/www.inovallee.com\/wp-content\/uploads\/2016\/10\/blog_une_loitravail-300x225.png\" alt=\"blog_une_loitravail\" width=\"300\" height=\"225\" srcset=\"https:\/\/www.inovallee.com\/wp-content\/uploads\/2016\/10\/blog_une_loitravail-300x225.png 300w, https:\/\/www.inovallee.com\/wp-content\/uploads\/2016\/10\/blog_une_loitravail-768x576.png 768w, https:\/\/www.inovallee.com\/wp-content\/uploads\/2016\/10\/blog_une_loitravail.png 800w\" sizes=\"(max-width: 300px) 100vw, 300px\" \/><\/a>Elle a fait parler d&rsquo;elle, suscit\u00e9 de nombreuses pol\u00e9miques de part et d&rsquo;autres, mais au final, qu&rsquo;en est-il de cette fameuse loi travail publi\u00e9e le 8 ao\u00fbt dernier dont certaines dispositions sont applicables d\u00e8s aujourd\u2019hui et comment impacte-t-elle concr\u00e8tement les entreprises et salari\u00e9s fran\u00e7ais ? C&rsquo;est pour faire le point sur les mythes et r\u00e9alit\u00e9s de la loi travail, et surtout de ces cons\u00e9quences au quotidien qu&rsquo;inovall\u00e9e organisait le 11 octobre dernier un petit d\u00e9jeuner anim\u00e9 par Karine Pellisier, avocate en droit social et fondatrice du cabinet KP Social.<br \/>\nLe v\u00e9ritable apport de la loi est l&rsquo;opportunit\u00e9 qu&rsquo;elle offre d\u00e9sormais \u00e0 toute entreprise quelle que soit sa taille de n\u00e9gocier collectivement des accords d&rsquo;entreprises qui priment sur les accords de branche, et d&rsquo;une mani\u00e8re simplifi\u00e9e. Concr\u00e8tement, tout employeur peut d\u00e9sormais n\u00e9gocier avec un repr\u00e9sentant du personnel sans passer par la la commission paritaire de branche, ou avec un salari\u00e9 mandat\u00e9 par un syndicat \u00e0 sa demande, et ce pour n\u00e9gocier un accord collectif qui peut porter sur divers points comme le passage en forfait jours. Et l&rsquo;accord n\u00e9goci\u00e9 est applicable d\u00e8s lors qu&rsquo;il recueille au moins 50% des suffrages.<br \/>\nAutre nouveaut\u00e9 de la loi : les petites structures (- de 50) d\u2019appliquer directement les accords types de branche (convention collective), sur tous les th\u00e8mes, et y acc\u00e9der directement, en formalisant sa d\u00e9cision par un document unilat\u00e9ral d&rsquo;information des salari\u00e9s.<br \/>\nPlusieurs dispositions sont n\u00e9gociables par accord :<br \/>\n1) la dur\u00e9e du travail<br \/>\nEn la mati\u00e8re, c&rsquo;est l&rsquo;accord qui pr\u00e9vaut sur la convention collective qui pr\u00e9vaut sur la loi du travail (en cas d&rsquo;absence des deux), et les \u00e9l\u00e9ments n\u00e9gociables sont les heures suppl\u00e9mentaires (le taux ne de majoration ne peut \u00eatre inf\u00e9rieur \u00e0 10% mais sans accord ce sont les 25% de majoration l\u00e9gale pour les 8 premi\u00e8res et 50% pour les autres qui s&rsquo;appliquent), la dur\u00e9e maximum du travail de nuit, la r\u00e9mun\u00e9ration des temps de pause et de restauration, etc.<br \/>\nCe qu&rsquo;il faut retenir :<\/p>\n<ul>\n<li>La dur\u00e9e maximale du travail en France EST de 35h hebdomadaire pour tous les salari\u00e9s, cadres ou non cadres (comptabilis\u00e9es sur la semaine : \u00e0 savoir que sans accord, un salari\u00e9 qui fait 33h la semaine 1 et 37 la seconde sera pay\u00e9 35 la 1\u00e8re et 37 la seconde avec 2h sups major\u00e9es \u00e0 25% &#8230;), avec une dur\u00e9e maximale de 10h sur une journ\u00e9e.<\/li>\n<li>La dur\u00e9e minimale du travail \u00e0 temps partiel est de 24h<\/li>\n<li>N\u00e9anmoins, et c&rsquo;est nouveau on peut sans accord mais par simple avenant au contrat de travail et de mani\u00e8re unilat\u00e9rale am\u00e9nager le temps de travail jusqu&rsquo;\u00e0 9 semaines pour les moins de 50 salari\u00e9s, et 4 semaines pour les plus de 50, afin de r\u00e9guler les fluctuation hebdomadaires tout en erspectant les 35h de moyenne sur la dur\u00e9e choisie.<\/li>\n<li>Pour les forfaits annuels (en jours ou en heures), un accord collectif est indispensable, sachant qu&rsquo;il doit respecter les contraintes suivantes sous peine de faire tomber le forfait jours et de devoir reverser les heures suppl\u00e9mentaires major\u00e9es sur les 3 derni\u00e8res ann\u00e9es :\n<ul>\n<li>ne pas exc\u00e9der 218 jours de travail (365 jours &#8211; 104 week-ends &#8211; 25 jours de cong\u00e9s &#8211; 8 \u00e0 10 jours f\u00e9ri\u00e9s = 228 auxquels il faut donc retirer une dizaine de jours non travaill\u00e9s),<\/li>\n<li>pr\u00e9ciser la p\u00e9riode de r\u00e9f\u00e9rence,et la prise en compte des absences \/ arriv\u00e9es \/ d\u00e9part en cours de p\u00e9riode,<\/li>\n<li>pr\u00e9ciser la cat\u00e9gorie de salari\u00e9s concern\u00e9s<\/li>\n<li>fixer les modalit\u00e9s selon lesquelles employeur assure l&rsquo;\u00e9valuation et le suivi de charge du travail des salari\u00e9s,<\/li>\n<li>mettre en place un d\u00e9compte mensuel des jours travaill\u00e9s, de cong\u00e9s et non travaill\u00e9s<\/li>\n<li>et nouveaut\u00e9 de la loi applicable d\u00e8s \u00e0 pr\u00e9sent : fixer les modalit\u00e9s d&rsquo;exercice du droit \u00e0 la d\u00e9connexion (ce qui signifie que l&#8217;employeur doit restreindre l&rsquo;usage professionnel des smartphones pour respecter des obligations de sant\u00e9 \/ s\u00e9curit\u00e9)<\/li>\n<\/ul>\n<\/li>\n<\/ul>\n<p>2) Cong\u00e9s et jours f\u00e9ri\u00e9s<br \/>\nOn peut adapter par accord\u00a0:<\/p>\n<ul>\n<li>la p\u00e9riode de prise des cong\u00e9s (normalement du 1er mai au 31 octobre\u00a0: obligation de prendre 10 jours minimum cons\u00e9cutifs, 4 semaines maximum (sauf contraintes g\u00e9ographiques). Si le salari\u00e9 prend +10 jours et moins 4 semaines, l&#8217;employeur lui doit des jours de fractionnement en plus, sauf si cela r\u00e9sulte d&rsquo;un souhait du salari\u00e9). On peut passer \u00e0 l\u2019ann\u00e9e civile par accord.<\/li>\n<li>l&rsquo;ordre des d\u00e9parts en cong\u00e9s<\/li>\n<li>les d\u00e9lais \u00e0 respecter par l&#8217;employeur pour modifier l&rsquo;ordre et les dates de d\u00e9part (sinon le d\u00e9lai l\u00e9gal est de 1 mois, sauf conditions exceptionnelles valides)<\/li>\n<li>le fractionnement : tout en gardant l&rsquo;obligation de 2 semaines cons\u00e9cutives, les modalit\u00e9s de prise du reliquat sont n\u00e9gociables.<\/li>\n<\/ul>\n<p>Nouveaut\u00e9s de la loi :<\/p>\n<ul>\n<li>l&rsquo;accord des salari\u00e9s si l\u2019entreprise ferme n\u2019est plus n\u00e9cessaire pendant la p\u00e9riode cong\u00e9s n\u00e9cessaires.<\/li>\n<li>les salari\u00e9s nouvellement embauch\u00e9s sont en droit de prendre leurs cong\u00e9s acquis d\u00e8s l\u2019embauche, sous r\u00e9serve d&rsquo;en garder assez pour prendre leurs 10 jours cons\u00e9cutifs obligatoires entre le 1 mai et le 31 octobre.<\/li>\n<\/ul>\n<p>3) sant\u00e9 au travail<br \/>\nLa visite m\u00e9dicale embauche par un m\u00e9decin va \u00eatre remplac\u00e9e par une visite d\u2019information et de pr\u00e9vention assur\u00e9e par une infirmi\u00e8re. La p\u00e9riodicit\u00e9 des visites m\u00e9dicales sera d\u00e9finie par d\u00e9cret et d\u00e9pendra des conditions de travail et des risques.<br \/>\nEn cas d&rsquo;inaptitude, le m\u00e9decin devra d\u00e9sormais assortir son avis de pr\u00e9conisations relatives au reclassement, qui doit remplir plusieurs crit\u00e8res : \u00eatre appropri\u00e9 aux capacit\u00e9s du salari\u00e9, tenir compte de avis des DP, \u00eatre conforme aux conclusions \u00e9crites m\u00e9decin travail, \u00eatre aussi comparable que possible \u00e0 emploi pr\u00e9alablement occup\u00e9. Toute proposition de reclassement doit obtenir l&rsquo;aval du d\u00e9l\u00e9gu\u00e9 du personnel, et en cas d&rsquo;impossibilit\u00e9 de l&#8217;employeur de proposer un reclassement, il doit informer par LRAC le salari\u00e9 des motifs qui s&rsquo;opposent \u00e0 son reclassement.<br \/>\n4) s\u00e9curisation des parcours professionnels<br \/>\nNouveaut\u00e9 de la loi : le bilan de comp\u00e9tences et les formations cr\u00e9ateurs \/ repreneurs sont d\u00e9sormais \u00e9ligibles au CPF<br \/>\nGlobalement, pas de grands changements donc, et pour toute question relatives au droit du travail dans votre entreprises, n&rsquo;h\u00e9sitez pas \u00e0 prendre RDV avec Karine Pellissier qui anime des permanences conseils gratuites chaque mois \u00e0 inovall\u00e9e&#8230;<\/p>","protected":false},"excerpt":{"rendered":"<p>Elle a fait parler d&rsquo;elle, suscit\u00e9 de nombreuses pol\u00e9miques de part et d&rsquo;autres, mais au final, qu&rsquo;en est-il de cette fameuse loi travail publi\u00e9e le 8 ao\u00fbt dernier dont certaines dispositions sont applicables d\u00e8s aujourd\u2019hui et comment impacte-t-elle concr\u00e8tement les entreprises et salari\u00e9s fran\u00e7ais ? C&rsquo;est pour faire le point sur les mythes et r\u00e9alit\u00e9s [&hellip;]<\/p>\n","protected":false},"author":6,"featured_media":9681,"comment_status":"closed","ping_status":"open","sticky":false,"template":"","format":"standard","meta":{"footnotes":""},"categories":[41,55,44,29],"tags":[],"class_list":["post-9666","post","type-post","status-publish","format-standard","has-post-thumbnail","hentry","category-entrepreneur-competences","category-reglementation-juridique-pi","category-tarmac-incubator","category-evenements"],"yoast_head":"<!-- This site is optimized with the Yoast SEO plugin v27.4 - https:\/\/yoast.com\/product\/yoast-seo-wordpress\/ -->\n<title>Loi travail : du mythe \u00e0 la r\u00e9alit\u00e9, ce qui change vraiment pour les entreprises - inovall\u00e9e<\/title>\n<meta name=\"robots\" content=\"index, follow, max-snippet:-1, max-image-preview:large, max-video-preview:-1\" \/>\n<link rel=\"canonical\" href=\"https:\/\/www.inovallee.com\/en\/loi-travail-du-mythe-a-la-realite-ce-qui-change-vraiment-pour-les-entreprises\/\" \/>\n<meta property=\"og:locale\" content=\"en_GB\" \/>\n<meta property=\"og:type\" content=\"article\" \/>\n<meta property=\"og:title\" content=\"Loi travail : du mythe \u00e0 la r\u00e9alit\u00e9, ce qui change vraiment pour les entreprises - inovall\u00e9e\" \/>\n<meta property=\"og:description\" content=\"Elle a fait parler d&rsquo;elle, suscit\u00e9 de nombreuses pol\u00e9miques de part et d&rsquo;autres, mais au final, qu&rsquo;en est-il de cette fameuse loi travail publi\u00e9e le 8 ao\u00fbt dernier dont certaines dispositions sont applicables d\u00e8s aujourd\u2019hui et comment impacte-t-elle concr\u00e8tement les entreprises et salari\u00e9s fran\u00e7ais ? C&rsquo;est pour faire le point sur les mythes et r\u00e9alit\u00e9s [&hellip;]\" \/>\n<meta property=\"og:url\" content=\"https:\/\/www.inovallee.com\/en\/loi-travail-du-mythe-a-la-realite-ce-qui-change-vraiment-pour-les-entreprises\/\" \/>\n<meta property=\"og:site_name\" content=\"inovall\u00e9e\" \/>\n<meta property=\"article:publisher\" content=\"https:\/\/www.facebook.com\/technopoleinovallee\/\" \/>\n<meta property=\"article:published_time\" content=\"2016-10-14T10:48:54+00:00\" \/>\n<meta property=\"og:image\" content=\"https:\/\/www.inovallee.com\/wp-content\/uploads\/2016\/10\/blog_une_loitravail.png\" \/>\n\t<meta property=\"og:image:width\" content=\"800\" \/>\n\t<meta property=\"og:image:height\" content=\"600\" \/>\n\t<meta property=\"og:image:type\" content=\"image\/png\" \/>\n<meta name=\"author\" content=\"Inovallee\" \/>\n<meta name=\"twitter:card\" content=\"summary_large_image\" \/>\n<meta name=\"twitter:creator\" content=\"@inovallee\" \/>\n<meta name=\"twitter:site\" content=\"@inovallee\" \/>\n<meta name=\"twitter:label1\" content=\"Written by\" \/>\n\t<meta name=\"twitter:data1\" content=\"Inovallee\" \/>\n\t<meta name=\"twitter:label2\" content=\"Estimated reading time\" \/>\n\t<meta name=\"twitter:data2\" content=\"5 minutes\" \/>\n<script type=\"application\/ld+json\" class=\"yoast-schema-graph\">{\"@context\":\"https:\\\/\\\/schema.org\",\"@graph\":[{\"@type\":\"Article\",\"@id\":\"https:\\\/\\\/www.inovallee.com\\\/loi-travail-du-mythe-a-la-realite-ce-qui-change-vraiment-pour-les-entreprises\\\/#article\",\"isPartOf\":{\"@id\":\"https:\\\/\\\/www.inovallee.com\\\/loi-travail-du-mythe-a-la-realite-ce-qui-change-vraiment-pour-les-entreprises\\\/\"},\"author\":{\"name\":\"Inovallee\",\"@id\":\"https:\\\/\\\/www.inovallee.com\\\/#\\\/schema\\\/person\\\/a45b15518aad3111b2d61d257a3e023b\"},\"headline\":\"Loi travail : du mythe \u00e0 la r\u00e9alit\u00e9, ce qui change vraiment pour les entreprises\",\"datePublished\":\"2016-10-14T10:48:54+00:00\",\"mainEntityOfPage\":{\"@id\":\"https:\\\/\\\/www.inovallee.com\\\/loi-travail-du-mythe-a-la-realite-ce-qui-change-vraiment-pour-les-entreprises\\\/\"},\"wordCount\":1129,\"publisher\":{\"@id\":\"https:\\\/\\\/www.inovallee.com\\\/#organization\"},\"image\":{\"@id\":\"https:\\\/\\\/www.inovallee.com\\\/loi-travail-du-mythe-a-la-realite-ce-qui-change-vraiment-pour-les-entreprises\\\/#primaryimage\"},\"thumbnailUrl\":\"https:\\\/\\\/www.inovallee.com\\\/wp-content\\\/uploads\\\/2016\\\/10\\\/blog_une_loitravail.png\",\"articleSection\":[\"Entreprendre et d\u00e9velopper ses comp\u00e9tences\",\"R\u00e9glementaire et Juridique \\\/ Propri\u00e9t\u00e9 Intellectuelle\",\"Tarmac incubator\",\"Technopole inovall\u00e9e\"],\"inLanguage\":\"en-GB\"},{\"@type\":\"WebPage\",\"@id\":\"https:\\\/\\\/www.inovallee.com\\\/loi-travail-du-mythe-a-la-realite-ce-qui-change-vraiment-pour-les-entreprises\\\/\",\"url\":\"https:\\\/\\\/www.inovallee.com\\\/loi-travail-du-mythe-a-la-realite-ce-qui-change-vraiment-pour-les-entreprises\\\/\",\"name\":\"Loi travail : du mythe \u00e0 la r\u00e9alit\u00e9, ce qui change vraiment pour les entreprises - inovall\u00e9e\",\"isPartOf\":{\"@id\":\"https:\\\/\\\/www.inovallee.com\\\/#website\"},\"primaryImageOfPage\":{\"@id\":\"https:\\\/\\\/www.inovallee.com\\\/loi-travail-du-mythe-a-la-realite-ce-qui-change-vraiment-pour-les-entreprises\\\/#primaryimage\"},\"image\":{\"@id\":\"https:\\\/\\\/www.inovallee.com\\\/loi-travail-du-mythe-a-la-realite-ce-qui-change-vraiment-pour-les-entreprises\\\/#primaryimage\"},\"thumbnailUrl\":\"https:\\\/\\\/www.inovallee.com\\\/wp-content\\\/uploads\\\/2016\\\/10\\\/blog_une_loitravail.png\",\"datePublished\":\"2016-10-14T10:48:54+00:00\",\"breadcrumb\":{\"@id\":\"https:\\\/\\\/www.inovallee.com\\\/loi-travail-du-mythe-a-la-realite-ce-qui-change-vraiment-pour-les-entreprises\\\/#breadcrumb\"},\"inLanguage\":\"en-GB\",\"potentialAction\":[{\"@type\":\"ReadAction\",\"target\":[\"https:\\\/\\\/www.inovallee.com\\\/loi-travail-du-mythe-a-la-realite-ce-qui-change-vraiment-pour-les-entreprises\\\/\"]}]},{\"@type\":\"ImageObject\",\"inLanguage\":\"en-GB\",\"@id\":\"https:\\\/\\\/www.inovallee.com\\\/loi-travail-du-mythe-a-la-realite-ce-qui-change-vraiment-pour-les-entreprises\\\/#primaryimage\",\"url\":\"https:\\\/\\\/www.inovallee.com\\\/wp-content\\\/uploads\\\/2016\\\/10\\\/blog_une_loitravail.png\",\"contentUrl\":\"https:\\\/\\\/www.inovallee.com\\\/wp-content\\\/uploads\\\/2016\\\/10\\\/blog_une_loitravail.png\",\"width\":800,\"height\":600},{\"@type\":\"BreadcrumbList\",\"@id\":\"https:\\\/\\\/www.inovallee.com\\\/loi-travail-du-mythe-a-la-realite-ce-qui-change-vraiment-pour-les-entreprises\\\/#breadcrumb\",\"itemListElement\":[{\"@type\":\"ListItem\",\"position\":1,\"name\":\"Accueil\",\"item\":\"https:\\\/\\\/www.inovallee.com\\\/\"},{\"@type\":\"ListItem\",\"position\":2,\"name\":\"Loi travail : du mythe \u00e0 la r\u00e9alit\u00e9, ce qui change vraiment pour les entreprises\"}]},{\"@type\":\"WebSite\",\"@id\":\"https:\\\/\\\/www.inovallee.com\\\/#website\",\"url\":\"https:\\\/\\\/www.inovallee.com\\\/\",\"name\":\"inovall\u00e9e technopole, Home to software & smart technologies\",\"description\":\"Home to software &amp; smart technologies\",\"publisher\":{\"@id\":\"https:\\\/\\\/www.inovallee.com\\\/#organization\"},\"potentialAction\":[{\"@type\":\"SearchAction\",\"target\":{\"@type\":\"EntryPoint\",\"urlTemplate\":\"https:\\\/\\\/www.inovallee.com\\\/?s={search_term_string}\"},\"query-input\":{\"@type\":\"PropertyValueSpecification\",\"valueRequired\":true,\"valueName\":\"search_term_string\"}}],\"inLanguage\":\"en-GB\"},{\"@type\":\"Organization\",\"@id\":\"https:\\\/\\\/www.inovallee.com\\\/#organization\",\"name\":\"inovall\u00e9e\",\"url\":\"https:\\\/\\\/www.inovallee.com\\\/\",\"logo\":{\"@type\":\"ImageObject\",\"inLanguage\":\"en-GB\",\"@id\":\"https:\\\/\\\/www.inovallee.com\\\/#\\\/schema\\\/logo\\\/image\\\/\",\"url\":\"https:\\\/\\\/www.inovallee.com\\\/wp-content\\\/uploads\\\/2023\\\/08\\\/inovallee_2022_GrenobleAlpes.png\",\"contentUrl\":\"https:\\\/\\\/www.inovallee.com\\\/wp-content\\\/uploads\\\/2023\\\/08\\\/inovallee_2022_GrenobleAlpes.png\",\"width\":945,\"height\":369,\"caption\":\"inovall\u00e9e\"},\"image\":{\"@id\":\"https:\\\/\\\/www.inovallee.com\\\/#\\\/schema\\\/logo\\\/image\\\/\"},\"sameAs\":[\"https:\\\/\\\/www.facebook.com\\\/technopoleinovallee\\\/\",\"https:\\\/\\\/x.com\\\/inovallee\",\"https:\\\/\\\/www.linkedin.com\\\/company\\\/inovall-e\\\/\",\"https:\\\/\\\/www.youtube.com\\\/user\\\/inovallee?reload=9\"]},{\"@type\":\"Person\",\"@id\":\"https:\\\/\\\/www.inovallee.com\\\/#\\\/schema\\\/person\\\/a45b15518aad3111b2d61d257a3e023b\",\"name\":\"Inovallee\"}]}<\/script>\n<!-- \/ Yoast SEO plugin. -->","yoast_head_json":{"title":"Loi travail : du mythe \u00e0 la r\u00e9alit\u00e9, ce qui change vraiment pour les entreprises - inovall\u00e9e","robots":{"index":"index","follow":"follow","max-snippet":"max-snippet:-1","max-image-preview":"max-image-preview:large","max-video-preview":"max-video-preview:-1"},"canonical":"https:\/\/www.inovallee.com\/en\/loi-travail-du-mythe-a-la-realite-ce-qui-change-vraiment-pour-les-entreprises\/","og_locale":"en_GB","og_type":"article","og_title":"Loi travail : du mythe \u00e0 la r\u00e9alit\u00e9, ce qui change vraiment pour les entreprises - inovall\u00e9e","og_description":"Elle a fait parler d&rsquo;elle, suscit\u00e9 de nombreuses pol\u00e9miques de part et d&rsquo;autres, mais au final, qu&rsquo;en est-il de cette fameuse loi travail publi\u00e9e le 8 ao\u00fbt dernier dont certaines dispositions sont applicables d\u00e8s aujourd\u2019hui et comment impacte-t-elle concr\u00e8tement les entreprises et salari\u00e9s fran\u00e7ais ? C&rsquo;est pour faire le point sur les mythes et r\u00e9alit\u00e9s [&hellip;]","og_url":"https:\/\/www.inovallee.com\/en\/loi-travail-du-mythe-a-la-realite-ce-qui-change-vraiment-pour-les-entreprises\/","og_site_name":"inovall\u00e9e","article_publisher":"https:\/\/www.facebook.com\/technopoleinovallee\/","article_published_time":"2016-10-14T10:48:54+00:00","og_image":[{"width":800,"height":600,"url":"https:\/\/www.inovallee.com\/wp-content\/uploads\/2016\/10\/blog_une_loitravail.png","type":"image\/png"}],"author":"Inovallee","twitter_card":"summary_large_image","twitter_creator":"@inovallee","twitter_site":"@inovallee","twitter_misc":{"Written by":"Inovallee","Estimated reading time":"5 minutes"},"schema":{"@context":"https:\/\/schema.org","@graph":[{"@type":"Article","@id":"https:\/\/www.inovallee.com\/loi-travail-du-mythe-a-la-realite-ce-qui-change-vraiment-pour-les-entreprises\/#article","isPartOf":{"@id":"https:\/\/www.inovallee.com\/loi-travail-du-mythe-a-la-realite-ce-qui-change-vraiment-pour-les-entreprises\/"},"author":{"name":"Inovallee","@id":"https:\/\/www.inovallee.com\/#\/schema\/person\/a45b15518aad3111b2d61d257a3e023b"},"headline":"Loi travail : du mythe \u00e0 la r\u00e9alit\u00e9, ce qui change vraiment pour les entreprises","datePublished":"2016-10-14T10:48:54+00:00","mainEntityOfPage":{"@id":"https:\/\/www.inovallee.com\/loi-travail-du-mythe-a-la-realite-ce-qui-change-vraiment-pour-les-entreprises\/"},"wordCount":1129,"publisher":{"@id":"https:\/\/www.inovallee.com\/#organization"},"image":{"@id":"https:\/\/www.inovallee.com\/loi-travail-du-mythe-a-la-realite-ce-qui-change-vraiment-pour-les-entreprises\/#primaryimage"},"thumbnailUrl":"https:\/\/www.inovallee.com\/wp-content\/uploads\/2016\/10\/blog_une_loitravail.png","articleSection":["Entreprendre et d\u00e9velopper ses comp\u00e9tences","R\u00e9glementaire et Juridique \/ Propri\u00e9t\u00e9 Intellectuelle","Tarmac incubator","Technopole inovall\u00e9e"],"inLanguage":"en-GB"},{"@type":"WebPage","@id":"https:\/\/www.inovallee.com\/loi-travail-du-mythe-a-la-realite-ce-qui-change-vraiment-pour-les-entreprises\/","url":"https:\/\/www.inovallee.com\/loi-travail-du-mythe-a-la-realite-ce-qui-change-vraiment-pour-les-entreprises\/","name":"Loi travail : du mythe \u00e0 la r\u00e9alit\u00e9, ce qui change vraiment pour les entreprises - inovall\u00e9e","isPartOf":{"@id":"https:\/\/www.inovallee.com\/#website"},"primaryImageOfPage":{"@id":"https:\/\/www.inovallee.com\/loi-travail-du-mythe-a-la-realite-ce-qui-change-vraiment-pour-les-entreprises\/#primaryimage"},"image":{"@id":"https:\/\/www.inovallee.com\/loi-travail-du-mythe-a-la-realite-ce-qui-change-vraiment-pour-les-entreprises\/#primaryimage"},"thumbnailUrl":"https:\/\/www.inovallee.com\/wp-content\/uploads\/2016\/10\/blog_une_loitravail.png","datePublished":"2016-10-14T10:48:54+00:00","breadcrumb":{"@id":"https:\/\/www.inovallee.com\/loi-travail-du-mythe-a-la-realite-ce-qui-change-vraiment-pour-les-entreprises\/#breadcrumb"},"inLanguage":"en-GB","potentialAction":[{"@type":"ReadAction","target":["https:\/\/www.inovallee.com\/loi-travail-du-mythe-a-la-realite-ce-qui-change-vraiment-pour-les-entreprises\/"]}]},{"@type":"ImageObject","inLanguage":"en-GB","@id":"https:\/\/www.inovallee.com\/loi-travail-du-mythe-a-la-realite-ce-qui-change-vraiment-pour-les-entreprises\/#primaryimage","url":"https:\/\/www.inovallee.com\/wp-content\/uploads\/2016\/10\/blog_une_loitravail.png","contentUrl":"https:\/\/www.inovallee.com\/wp-content\/uploads\/2016\/10\/blog_une_loitravail.png","width":800,"height":600},{"@type":"BreadcrumbList","@id":"https:\/\/www.inovallee.com\/loi-travail-du-mythe-a-la-realite-ce-qui-change-vraiment-pour-les-entreprises\/#breadcrumb","itemListElement":[{"@type":"ListItem","position":1,"name":"Accueil","item":"https:\/\/www.inovallee.com\/"},{"@type":"ListItem","position":2,"name":"Loi travail : du mythe \u00e0 la r\u00e9alit\u00e9, ce qui change vraiment pour les entreprises"}]},{"@type":"WebSite","@id":"https:\/\/www.inovallee.com\/#website","url":"https:\/\/www.inovallee.com\/","name":"inovall\u00e9e technopole, Home to software & smart technologies","description":"Home to software &amp; smart technologies","publisher":{"@id":"https:\/\/www.inovallee.com\/#organization"},"potentialAction":[{"@type":"SearchAction","target":{"@type":"EntryPoint","urlTemplate":"https:\/\/www.inovallee.com\/?s={search_term_string}"},"query-input":{"@type":"PropertyValueSpecification","valueRequired":true,"valueName":"search_term_string"}}],"inLanguage":"en-GB"},{"@type":"Organization","@id":"https:\/\/www.inovallee.com\/#organization","name":"inovall\u00e9e","url":"https:\/\/www.inovallee.com\/","logo":{"@type":"ImageObject","inLanguage":"en-GB","@id":"https:\/\/www.inovallee.com\/#\/schema\/logo\/image\/","url":"https:\/\/www.inovallee.com\/wp-content\/uploads\/2023\/08\/inovallee_2022_GrenobleAlpes.png","contentUrl":"https:\/\/www.inovallee.com\/wp-content\/uploads\/2023\/08\/inovallee_2022_GrenobleAlpes.png","width":945,"height":369,"caption":"inovall\u00e9e"},"image":{"@id":"https:\/\/www.inovallee.com\/#\/schema\/logo\/image\/"},"sameAs":["https:\/\/www.facebook.com\/technopoleinovallee\/","https:\/\/x.com\/inovallee","https:\/\/www.linkedin.com\/company\/inovall-e\/","https:\/\/www.youtube.com\/user\/inovallee?reload=9"]},{"@type":"Person","@id":"https:\/\/www.inovallee.com\/#\/schema\/person\/a45b15518aad3111b2d61d257a3e023b","name":"Inovallee"}]}},"_links":{"self":[{"href":"https:\/\/www.inovallee.com\/en\/wp-json\/wp\/v2\/posts\/9666","targetHints":{"allow":["GET"]}}],"collection":[{"href":"https:\/\/www.inovallee.com\/en\/wp-json\/wp\/v2\/posts"}],"about":[{"href":"https:\/\/www.inovallee.com\/en\/wp-json\/wp\/v2\/types\/post"}],"author":[{"embeddable":true,"href":"https:\/\/www.inovallee.com\/en\/wp-json\/wp\/v2\/users\/6"}],"replies":[{"embeddable":true,"href":"https:\/\/www.inovallee.com\/en\/wp-json\/wp\/v2\/comments?post=9666"}],"version-history":[{"count":0,"href":"https:\/\/www.inovallee.com\/en\/wp-json\/wp\/v2\/posts\/9666\/revisions"}],"wp:featuredmedia":[{"embeddable":true,"href":"https:\/\/www.inovallee.com\/en\/wp-json\/wp\/v2\/media\/9681"}],"wp:attachment":[{"href":"https:\/\/www.inovallee.com\/en\/wp-json\/wp\/v2\/media?parent=9666"}],"wp:term":[{"taxonomy":"category","embeddable":true,"href":"https:\/\/www.inovallee.com\/en\/wp-json\/wp\/v2\/categories?post=9666"},{"taxonomy":"post_tag","embeddable":true,"href":"https:\/\/www.inovallee.com\/en\/wp-json\/wp\/v2\/tags?post=9666"}],"curies":[{"name":"wp","href":"https:\/\/api.w.org\/{rel}","templated":true}]}}